{"id":49322,"date":"2020-05-10T12:00:14","date_gmt":"2020-05-10T17:00:14","guid":{"rendered":"http:\/\/www.grieta.org.mx\/?p=49322"},"modified":"2020-05-16T12:14:00","modified_gmt":"2020-05-16T17:14:00","slug":"en-riesgo-trabajadores-suplentes-del-issste-nayarit","status":"publish","type":"post","link":"https:\/\/www.grieta.org.mx\/index.php\/2020\/05\/10\/en-riesgo-trabajadores-suplentes-del-issste-nayarit\/","title":{"rendered":"En riesgo trabajadores suplentes del ISSSTE (Nayarit)"},"content":{"rendered":"<p><img loading=\"lazy\" decoding=\"async\" data-attachment-id=\"49323\" data-permalink=\"https:\/\/www.grieta.org.mx\/index.php\/2020\/05\/10\/en-riesgo-trabajadores-suplentes-del-issste-nayarit\/issste-tepic-768x576\/\" data-orig-file=\"https:\/\/www.grieta.org.mx\/wp-content\/uploads\/2020\/05\/ISSSTE-Tepic-768x576.jpg\" data-orig-size=\"768,576\" data-comments-opened=\"0\" data-image-meta=\"{&quot;aperture&quot;:&quot;0&quot;,&quot;credit&quot;:&quot;&quot;,&quot;camera&quot;:&quot;&quot;,&quot;caption&quot;:&quot;&quot;,&quot;created_timestamp&quot;:&quot;0&quot;,&quot;copyright&quot;:&quot;&quot;,&quot;focal_length&quot;:&quot;0&quot;,&quot;iso&quot;:&quot;0&quot;,&quot;shutter_speed&quot;:&quot;0&quot;,&quot;title&quot;:&quot;&quot;,&quot;orientation&quot;:&quot;0&quot;}\" data-image-title=\"ISSSTE-Tepic-768&amp;#215;576\" data-image-description=\"\" data-image-caption=\"\" data-medium-file=\"https:\/\/www.grieta.org.mx\/wp-content\/uploads\/2020\/05\/ISSSTE-Tepic-768x576-300x225.jpg\" data-large-file=\"https:\/\/www.grieta.org.mx\/wp-content\/uploads\/2020\/05\/ISSSTE-Tepic-768x576.jpg\" class=\"aligncenter wp-image-49323\" src=\"http:\/\/www.grieta.org.mx\/wp-content\/uploads\/2020\/05\/ISSSTE-Tepic-768x576.jpg\" alt=\"\" width=\"802\" height=\"602\" srcset=\"https:\/\/www.grieta.org.mx\/wp-content\/uploads\/2020\/05\/ISSSTE-Tepic-768x576.jpg 768w, https:\/\/www.grieta.org.mx\/wp-content\/uploads\/2020\/05\/ISSSTE-Tepic-768x576-300x225.jpg 300w, https:\/\/www.grieta.org.mx\/wp-content\/uploads\/2020\/05\/ISSSTE-Tepic-768x576-667x500.jpg 667w\" sizes=\"auto, (max-width: 802px) 100vw, 802px\" \/><\/p>\n<p>Foto: Realidades de Nayarit<\/p>\n<p><em>Denuncian que los mandan a trabajar sin ninguna protecci\u00f3n a lugares donde hay m\u00e1s riesgo de contraer el COVID-19 y adem\u00e1s, no cuentan con ninguna prestaci\u00f3n de Ley, vaya, ni siquiera tienen ISSSTE y les fallan con el pago de sus quincenas<\/em><\/p>\n<p>Arcelia Garc\u00eda Ortega \/ Realidades de Nayarit<\/p>\n<p>Tepic, Nayarit.- Domingo 10 de mayo del 2020.- El encargado de la delegaci\u00f3n estatal del ISSSTE pone en riesgo a suplentes envi\u00e1ndolos a puestos de vacunaci\u00f3n sin ninguna protecci\u00f3n, as\u00ed lo denunciaron los mismos trabajadores del sector salud.<\/p>\n<p>Se\u00f1alan que se aprovechan de ellos, mientras que los trabajadores de base laboran sin exponerse a contraer el mortal virus y no s\u00f3lo eso, \u00e9stos reciben un 20% m\u00e1s de su sueldo. Y lo que es peor, hay quienes ni siquiera se presentan a trabajar por temor a contraer el mortal virus, pero como son protegidos por el encargado de la delegaci\u00f3n estatal del ISSSTE y el sindicato, nadie les dice nada.<\/p>\n<p>Los trabajadores suplentes aseguran que no cuentan con seguridad social ni prestaciones econ\u00f3micas como s\u00ed las tienen los trabajadores de base. Pidieron el anonimato por temor a ser despedidos y aseguraron que no s\u00f3lo ellos est\u00e1n en riesgo, sino tambi\u00e9n sus compa\u00f1eros que est\u00e1n en los filtros de la Unidad Familiar CATRA con horario de 1:30 a 8 pm.<\/p>\n<p>\u201cNos utilizan como mano de obra barata sin importar los riesgos que tenemos solo por ser suplentes\u201d, afirmaron los denunciantes.<\/p>\n<p>No s\u00f3lo no les dan ISSSTE a ellos y a sus familias, ni ninguna otra prestaci\u00f3n social o econ\u00f3mica, sino que tampoco les cumplen con el pago puntual de sus quincenas, hay ocasiones en que no se las pagan, terminaron diciendo los denunciantes desesperados, quienes hacen un llamado al delegado federal en Nayarit, Manuel Peraza Segovia para que atienda su denuncia.<\/p>\n<p><a href=\"http:\/\/realidadesperiodico.com\/tepic\/en-riesgo-trabajadores-suplentes-del-issste\/\">http:\/\/realidadesperiodico.com\/tepic\/en-riesgo-trabajadores-suplentes-del-issste\/<\/a><\/p>\n","protected":false},"excerpt":{"rendered":"<p>Foto: Realidades de Nayarit Denuncian que los mandan a trabajar sin ninguna protecci\u00f3n a lugares donde hay m\u00e1s riesgo de contraer el COVID-19 y adem\u00e1s, no cuentan con ninguna prestaci\u00f3n &hellip; <a href=\"https:\/\/www.grieta.org.mx\/index.php\/2020\/05\/10\/en-riesgo-trabajadores-suplentes-del-issste-nayarit\/\" class=\"more-link\">Leer m\u00e1s<\/a><\/p>\n","protected":false},"author":2,"featured_media":49323,"comment_status":"closed","ping_status":"closed","sticky":false,"template":"","format":"standard","meta":{"ngg_post_thumbnail":0,"_jetpack_newsletter_access":"","_jetpack_dont_email_post_to_subs":false,"_jetpack_newsletter_tier_id":0,"_jetpack_memberships_contains_paywalled_content":false,"_jetpack_memberships_contains_paid_content":false,"footnotes":""},"categories":[80,3306,918,2573,1025,911,23,2,83],"tags":[2841,1290,3222],"class_list":["post-49322","post","type-post","status-publish","format-standard","has-post-thumbnail","hentry","category-cintillo","category-covid-19-en-nayarit","category-privatizacion-del-sector-salud","category-crisis-del-sector-salud-en-nayarit","category-explotacion-laboral-en-nayarit","category-explotacion-y-precariedad-laboral-analisis","category-nayarit","category-noticias-nacionales","category-temas-nacionales","tag-explotacion-y-precariedad-laboral","tag-precariedad-laboral","tag-trabajo-precario","entry"],"jetpack_featured_media_url":"https:\/\/www.grieta.org.mx\/wp-content\/uploads\/2020\/05\/ISSSTE-Tepic-768x576.jpg","jetpack_sharing_enabled":true,"jetpack_shortlink":"https:\/\/wp.me\/p7ZJR4-cPw","jetpack_likes_enabled":false,"jetpack-related-posts":[{"id":56632,"url":"https:\/\/www.grieta.org.mx\/index.php\/2021\/01\/29\/denuncia-trabajadores-issste-adscritos-a-la-clinica-catra-que-no-son-tomados-en-cuenta-para-vacuna-contra-el-covid-19-nayarit\/","url_meta":{"origin":49322,"position":0},"title":"Denuncia trabajadores ISSSTE adscritos a la Cl\u00ednica Catra que no son tomados en cuenta para vacuna contra el Covid-19 (Nayarit)","author":"grieta","date":"29 enero, 2021","format":false,"excerpt":"Foto: Realidades de Nayarit Al llegar la vacuna, fueron relegados\u2026\u2026. Y privilegiaron gente del Hospital, pero muchos de ellos confinados, sin tener contacto con pacientes del Instituto, otros con trabajo eventual, otros comisionados al sindicato sin tener el contacto a diario con pacientes que han sido infectados por la enfermedad\u2026","rel":"","context":"En &quot;CINTILLO&quot;","block_context":{"text":"CINTILLO","link":"https:\/\/www.grieta.org.mx\/index.php\/category\/cintillo\/"},"img":{"alt_text":"","src":"https:\/\/i0.wp.com\/www.grieta.org.mx\/wp-content\/uploads\/2021\/02\/CATRA-2.jpg?resize=350%2C200&ssl=1","width":350,"height":200,"srcset":"https:\/\/i0.wp.com\/www.grieta.org.mx\/wp-content\/uploads\/2021\/02\/CATRA-2.jpg?resize=350%2C200&ssl=1 1x, https:\/\/i0.wp.com\/www.grieta.org.mx\/wp-content\/uploads\/2021\/02\/CATRA-2.jpg?resize=525%2C300&ssl=1 1.5x, https:\/\/i0.wp.com\/www.grieta.org.mx\/wp-content\/uploads\/2021\/02\/CATRA-2.jpg?resize=700%2C400&ssl=1 2x"},"classes":[]},{"id":53003,"url":"https:\/\/www.grieta.org.mx\/index.php\/2020\/09\/04\/cierran-el-nuevo-hospital-del-issste-nayarit\/","url_meta":{"origin":49322,"position":1},"title":"Cierran el nuevo hospital del ISSSTE (Nayarit)","author":"grieta","date":"4 septiembre, 2020","format":false,"excerpt":"Foto: Realidades de Nayarit Durante 5 d\u00edas no funcionar\u00e1 porque culminaron los contratos del personal m\u00e9dico que laboran all\u00ed Mildra Ben\u00edtez Robledo \/ Realidades de Nayarit Tepic, Nayarit.- Viernes 04 de septiembre del 2020.- El hospital del ISSSTE ubicado en la zona de La Cantera, Tepic, mismo que atiende a\u2026","rel":"","context":"En &quot;CINTILLO&quot;","block_context":{"text":"CINTILLO","link":"https:\/\/www.grieta.org.mx\/index.php\/category\/cintillo\/"},"img":{"alt_text":"","src":"https:\/\/i0.wp.com\/www.grieta.org.mx\/wp-content\/uploads\/2020\/09\/hospital.jpg?resize=350%2C200&ssl=1","width":350,"height":200,"srcset":"https:\/\/i0.wp.com\/www.grieta.org.mx\/wp-content\/uploads\/2020\/09\/hospital.jpg?resize=350%2C200&ssl=1 1x, https:\/\/i0.wp.com\/www.grieta.org.mx\/wp-content\/uploads\/2020\/09\/hospital.jpg?resize=525%2C300&ssl=1 1.5x, https:\/\/i0.wp.com\/www.grieta.org.mx\/wp-content\/uploads\/2020\/09\/hospital.jpg?resize=700%2C400&ssl=1 2x"},"classes":[]},{"id":47902,"url":"https:\/\/www.grieta.org.mx\/index.php\/2020\/04\/13\/rebelion-en-el-issste-nayarit\/","url_meta":{"origin":49322,"position":2},"title":"Rebeli\u00f3n en el ISSSTE (Nayarit)","author":"grieta","date":"13 abril, 2020","format":false,"excerpt":"Foto: Realidades de Nayarit Trabajadores del sector salud denuncian falta de equipo, insumos y protocolos para enfrentar la pandemia del COVID-19 Ver\u00f3nica Ram\u00edrez \/ Realidades de Nayarit Tepic, Nayarit. Lunes 13 de abril del 2020.- Se manifiesta personal de salud del \u00e1rea de urgencias del ISSSTE, exigen equipo de protecci\u00f3n,\u2026","rel":"","context":"En &quot;CINTILLO&quot;","block_context":{"text":"CINTILLO","link":"https:\/\/www.grieta.org.mx\/index.php\/category\/cintillo\/"},"img":{"alt_text":"","src":"https:\/\/i0.wp.com\/www.grieta.org.mx\/wp-content\/uploads\/2020\/04\/1-768x395.jpg?resize=350%2C200&ssl=1","width":350,"height":200,"srcset":"https:\/\/i0.wp.com\/www.grieta.org.mx\/wp-content\/uploads\/2020\/04\/1-768x395.jpg?resize=350%2C200&ssl=1 1x, https:\/\/i0.wp.com\/www.grieta.org.mx\/wp-content\/uploads\/2020\/04\/1-768x395.jpg?resize=525%2C300&ssl=1 1.5x, https:\/\/i0.wp.com\/www.grieta.org.mx\/wp-content\/uploads\/2020\/04\/1-768x395.jpg?resize=700%2C400&ssl=1 2x"},"classes":[]},{"id":47193,"url":"https:\/\/www.grieta.org.mx\/index.php\/2020\/03\/27\/empresas-del-gobernador-de-nayarit-ponen-en-riesgo-a-trabajadores-ante-el-covid-19\/","url_meta":{"origin":49322,"position":3},"title":"Empresas del Gobernador de Nayarit ponen en riesgo a trabajadores ante el Covid-19","author":"grieta","date":"27 marzo, 2020","format":false,"excerpt":"Foto: Realidades de Nayarit Denuncian\u00a0trabajadores de la\u00a0\u201cEmbotelladora del\u00a0Nayar\u201d,\u00a0que por temor a represalias omitieron sus nombres, que las empresas del gobernador panista Antonio Echevarr\u00eda Garc\u00eda siguen funcionado bajo la orden de redoblar esfuerzos no importando que se ponga en riesgo a los m\u00e1s de 5 mil trabajadores de contagio del COVID-19\u2026","rel":"","context":"En &quot;CINTILLO&quot;","block_context":{"text":"CINTILLO","link":"https:\/\/www.grieta.org.mx\/index.php\/category\/cintillo\/"},"img":{"alt_text":"","src":"https:\/\/i0.wp.com\/www.grieta.org.mx\/wp-content\/uploads\/2018\/03\/14524434_1106112876131411_958039263622046936_o.jpg?resize=350%2C200&ssl=1","width":350,"height":200,"srcset":"https:\/\/i0.wp.com\/www.grieta.org.mx\/wp-content\/uploads\/2018\/03\/14524434_1106112876131411_958039263622046936_o.jpg?resize=350%2C200&ssl=1 1x, https:\/\/i0.wp.com\/www.grieta.org.mx\/wp-content\/uploads\/2018\/03\/14524434_1106112876131411_958039263622046936_o.jpg?resize=525%2C300&ssl=1 1.5x, https:\/\/i0.wp.com\/www.grieta.org.mx\/wp-content\/uploads\/2018\/03\/14524434_1106112876131411_958039263622046936_o.jpg?resize=700%2C400&ssl=1 2x"},"classes":[]},{"id":47890,"url":"https:\/\/www.grieta.org.mx\/index.php\/2020\/04\/13\/8-mil-empleos-perdidos-en-nayarit-por-covid\/","url_meta":{"origin":49322,"position":4},"title":"8 mil empleos perdidos en Nayarit por Covid","author":"grieta","date":"13 abril, 2020","format":false,"excerpt":"Imagen: Realidades de Nayarit Mildra Ben\u00edtez Robledo \/ Realidades de Nayarit Tepic, Nayarit.- Lunes 13 de abril del 2020.- El Covid-19 , ya est\u00e1 provocando serios da\u00f1os econ\u00f3micos a Nayarit, pues a\u00fan cuando la Entidad tiene muy pocos empleos formales, estos comienza a perderse ante la contingencia. El titular del\u2026","rel":"","context":"En &quot;CINTILLO&quot;","block_context":{"text":"CINTILLO","link":"https:\/\/www.grieta.org.mx\/index.php\/category\/cintillo\/"},"img":{"alt_text":"","src":"https:\/\/i0.wp.com\/www.grieta.org.mx\/wp-content\/uploads\/2020\/04\/des-768x405.jpg?resize=350%2C200&ssl=1","width":350,"height":200,"srcset":"https:\/\/i0.wp.com\/www.grieta.org.mx\/wp-content\/uploads\/2020\/04\/des-768x405.jpg?resize=350%2C200&ssl=1 1x, https:\/\/i0.wp.com\/www.grieta.org.mx\/wp-content\/uploads\/2020\/04\/des-768x405.jpg?resize=525%2C300&ssl=1 1.5x, https:\/\/i0.wp.com\/www.grieta.org.mx\/wp-content\/uploads\/2020\/04\/des-768x405.jpg?resize=700%2C400&ssl=1 2x"},"classes":[]},{"id":49728,"url":"https:\/\/www.grieta.org.mx\/index.php\/2020\/05\/19\/gobernador-incumplio-con-la-entrega-de-despensas-a-choferes-de-urbanos-nayarit\/","url_meta":{"origin":49322,"position":5},"title":"Gobernador incumpli\u00f3 con la entrega de despensas a choferes de urbanos (Nayarit)","author":"grieta","date":"19 mayo, 2020","format":false,"excerpt":"Foto: Realidades de Nayarit Prometi\u00f3 que cada semana les iba a entregar una y desde que inici\u00f3 la contingencia s\u00f3lo les dio una vez Javier Rojo Fregoso \/ Realidades de Nayarit Tepic, Nayarit.- Martes 19 de mayo del 2020.- Son cientos de trabajadores del volante secci\u00f3n urbanos que dicen estar\u2026","rel":"","context":"En &quot;CINTILLO&quot;","block_context":{"text":"CINTILLO","link":"https:\/\/www.grieta.org.mx\/index.php\/category\/cintillo\/"},"img":{"alt_text":"","src":"https:\/\/i0.wp.com\/www.grieta.org.mx\/wp-content\/uploads\/2020\/05\/camion-753x420.jpg?resize=350%2C200&ssl=1","width":350,"height":200,"srcset":"https:\/\/i0.wp.com\/www.grieta.org.mx\/wp-content\/uploads\/2020\/05\/camion-753x420.jpg?resize=350%2C200&ssl=1 1x, https:\/\/i0.wp.com\/www.grieta.org.mx\/wp-content\/uploads\/2020\/05\/camion-753x420.jpg?resize=525%2C300&ssl=1 1.5x, https:\/\/i0.wp.com\/www.grieta.org.mx\/wp-content\/uploads\/2020\/05\/camion-753x420.jpg?resize=700%2C400&ssl=1 2x"},"classes":[]}],"_links":{"self":[{"href":"https:\/\/www.grieta.org.mx\/index.php\/wp-json\/wp\/v2\/posts\/49322","targetHints":{"allow":["GET"]}}],"collection":[{"href":"https:\/\/www.grieta.org.mx\/index.php\/wp-json\/wp\/v2\/posts"}],"about":[{"href":"https:\/\/www.grieta.org.mx\/index.php\/wp-json\/wp\/v2\/types\/post"}],"author":[{"embeddable":true,"href":"https:\/\/www.grieta.org.mx\/index.php\/wp-json\/wp\/v2\/users\/2"}],"replies":[{"embeddable":true,"href":"https:\/\/www.grieta.org.mx\/index.php\/wp-json\/wp\/v2\/comments?post=49322"}],"version-history":[{"count":1,"href":"https:\/\/www.grieta.org.mx\/index.php\/wp-json\/wp\/v2\/posts\/49322\/revisions"}],"predecessor-version":[{"id":49325,"href":"https:\/\/www.grieta.org.mx\/index.php\/wp-json\/wp\/v2\/posts\/49322\/revisions\/49325"}],"wp:featuredmedia":[{"embeddable":true,"href":"https:\/\/www.grieta.org.mx\/index.php\/wp-json\/wp\/v2\/media\/49323"}],"wp:attachment":[{"href":"https:\/\/www.grieta.org.mx\/index.php\/wp-json\/wp\/v2\/media?parent=49322"}],"wp:term":[{"taxonomy":"category","embeddable":true,"href":"https:\/\/www.grieta.org.mx\/index.php\/wp-json\/wp\/v2\/categories?post=49322"},{"taxonomy":"post_tag","embeddable":true,"href":"https:\/\/www.grieta.org.mx\/index.php\/wp-json\/wp\/v2\/tags?post=49322"}],"curies":[{"name":"wp","href":"https:\/\/api.w.org\/{rel}","templated":true}]}}