{"id":49316,"date":"2020-05-10T11:31:50","date_gmt":"2020-05-10T16:31:50","guid":{"rendered":"http:\/\/www.grieta.org.mx\/?p=49316"},"modified":"2020-05-16T11:47:53","modified_gmt":"2020-05-16T16:47:53","slug":"este-10-de-mayo-la-busqueda-no-debe-parar-guerreras-en-busca-de-nuestros-tesoros-en-nayarit","status":"publish","type":"post","link":"https:\/\/www.grieta.org.mx\/index.php\/2020\/05\/10\/este-10-de-mayo-la-busqueda-no-debe-parar-guerreras-en-busca-de-nuestros-tesoros-en-nayarit\/","title":{"rendered":"Este 10 de mayo \u201cla b\u00fasqueda no debe parar\u201d: guerreras en busca de nuestros tesoros en Nayarit"},"content":{"rendered":"<p><img loading=\"lazy\" decoding=\"async\" data-attachment-id=\"49317\" data-permalink=\"https:\/\/www.grieta.org.mx\/index.php\/2020\/05\/10\/este-10-de-mayo-la-busqueda-no-debe-parar-guerreras-en-busca-de-nuestros-tesoros-en-nayarit\/photo5026433495781714084-956x640\/\" data-orig-file=\"https:\/\/www.grieta.org.mx\/wp-content\/uploads\/2020\/05\/photo5026433495781714084-956x640.jpg\" data-orig-size=\"956,640\" data-comments-opened=\"0\" data-image-meta=\"{&quot;aperture&quot;:&quot;0&quot;,&quot;credit&quot;:&quot;&quot;,&quot;camera&quot;:&quot;&quot;,&quot;caption&quot;:&quot;&quot;,&quot;created_timestamp&quot;:&quot;0&quot;,&quot;copyright&quot;:&quot;&quot;,&quot;focal_length&quot;:&quot;0&quot;,&quot;iso&quot;:&quot;0&quot;,&quot;shutter_speed&quot;:&quot;0&quot;,&quot;title&quot;:&quot;&quot;,&quot;orientation&quot;:&quot;0&quot;}\" data-image-title=\"photo5026433495781714084-956&amp;#215;640\" data-image-description=\"\" data-image-caption=\"\" data-medium-file=\"https:\/\/www.grieta.org.mx\/wp-content\/uploads\/2020\/05\/photo5026433495781714084-956x640-300x201.jpg\" data-large-file=\"https:\/\/www.grieta.org.mx\/wp-content\/uploads\/2020\/05\/photo5026433495781714084-956x640.jpg\" class=\"aligncenter wp-image-49317\" src=\"http:\/\/www.grieta.org.mx\/wp-content\/uploads\/2020\/05\/photo5026433495781714084-956x640.jpg\" alt=\"\" width=\"800\" height=\"535\" srcset=\"https:\/\/www.grieta.org.mx\/wp-content\/uploads\/2020\/05\/photo5026433495781714084-956x640.jpg 956w, https:\/\/www.grieta.org.mx\/wp-content\/uploads\/2020\/05\/photo5026433495781714084-956x640-300x201.jpg 300w, https:\/\/www.grieta.org.mx\/wp-content\/uploads\/2020\/05\/photo5026433495781714084-956x640-768x514.jpg 768w, https:\/\/www.grieta.org.mx\/wp-content\/uploads\/2020\/05\/photo5026433495781714084-956x640-747x500.jpg 747w\" sizes=\"auto, (max-width: 800px) 100vw, 800px\" \/><\/p>\n<p>Foto: Zona Docs<\/p>\n<p><em>A trav\u00e9s de un comunicado la organizaci\u00f3n de familiares de personas desaparecidas en Nayarit,\u00a0Guerreras en Busca de Nuestros Tesoros A.C.\u00a0anunciaron que en medio de la emergencia sanitaria por COVID-19 y en el marco del 10 de mayo \u201cD\u00eda de las madres\u201d, no dejar\u00e1n de sumar sus voces y de pronunciarse en cada rinc\u00f3n del pa\u00eds \u201cpara seguir exigiendo el regreso a casa de todas las personas desaparecidas, verdad, justicia y garant\u00eda de no repetici\u00f3n\u201d.<\/em><\/p>\n<p><em>La agrupaci\u00f3n de familiares ha organizado en sus redes sociales una campa\u00f1a para visibilizar las acciones de b\u00fasqueda que cotidianamente realizan por sus seres queridos desaparecidos en medio de la contingencia y en el marco del 10 de mayo.<\/em><\/p>\n<p>Dalia Souza \/ Zona Docs<\/p>\n<p>A trav\u00e9s de un comunicado la organizaci\u00f3n de familiares de personas desaparecidas en Nayarit,\u00a0<i>Guerreras en Busca de Nuestros Tesoros A.C.\u00a0<\/i>anunciaron que en medio de la emergencia sanitaria por COVID-19 y en el marco del 10 de mayo \u201cD\u00eda de las madres\u201d, no dejar\u00e1n de sumar sus voces y de pronunciarse en cada rinc\u00f3n del pa\u00eds \u201cpara seguir exigiendo el regreso a casa de todas las personas desaparecidas, verdad, justicia y garant\u00eda de no repetici\u00f3n\u201d.<\/p>\n<p>La agrupaci\u00f3n de familiares ha organizado en sus redes sociales una campa\u00f1a para visibilizar las acciones de b\u00fasqueda que cotidianamente realizan por sus seres queridos desaparecidos en medio de la contingencia y en el marco del 10 de mayo.<\/p>\n<p>Y es que, en medio de la\u00a0<strong>emergencia sanitaria por la pandemia del COVID-19<\/strong>\u00a0y en el marco de la \u201ccelebraci\u00f3n\u201d del\u00a0<strong>10 de mayo \u201cD\u00eda de las madres\u201d<\/strong>, la agrupaci\u00f3n de familiares de personas desaparecidas en Nayarit,\u00a0<strong><em>Guerreras en Busca de Nuestros Tesoros<\/em><\/strong>, han advertido que no dejaran de sumar sus voces y de pronunciarse en todo el territorio nacional para\u00a0<strong>\u201cseguir exigiendo el regreso a casa de todas las personas desaparecidas, verdad, justicia y garant\u00eda de no repetici\u00f3n\u201d.<\/strong><\/p>\n<p>Si bien, ahora mismo el pa\u00eds se encuentra en medio de esta contingencia sanitaria, se\u00f1alaron que\u00a0<strong>\u201cdesde hace muchos a\u00f1os enfrenta otra grav\u00edsima emergencia\u201d<\/strong>: \u201clas m\u00e1s\u00a0<strong>de 61 mil personas desaparecidas<\/strong>, los m\u00e1s de\u00a0<strong>37 mil cuerpos sin identificar<\/strong>\u00a0y u<strong>na din\u00e1mica de desaparici\u00f3n que contin\u00faa cotidianamente\u201d<\/strong><\/p>\n<p>Por ello, instaron a las autoridades del Gobierno federal y de los estados a \u201c<strong>no dejar de lado la importancia de continuar la b\u00fasqueda para regresar a casa a todas nuestras personas desaparecidas\u201d<\/strong>, a\u00fan con la priorizaci\u00f3n de las medidas para contener la pandemia. Adem\u00e1s, precisaron que tanto la b\u00fasqueda como la investigaci\u00f3n para su localizaci\u00f3n, tendr\u00e1 que ser declarada\u00a0<strong>una actividad esencial en todo el pa\u00eds<\/strong>.<\/p>\n<p>Por lo anterior y reconociendo\u00a0<strong>que la b\u00fasqueda de sus amores desaparecidos debe conllevar diversas acciones para garantizar su pronta localizaci\u00f3n, la verdad y la justicia<\/strong>, han exigido al Estado mexicano lo siguiente:<\/p>\n<ol>\n<li>Se garantice una efectiva b\u00fasqueda inmediata.<\/li>\n<li>La Fiscal\u00eda General de la Rep\u00fablica, en su unidad de investigaci\u00f3n de Desaparici\u00f3n Forzada, y las Fiscal\u00edas Estatales,\u00a0<strong>intensifiquen la revisi\u00f3n de expedientes y an\u00e1lisis de contexto y fortalezca todas las bases de datos<\/strong>. Tambi\u00e9n, que se realice\u00a0<strong>un mapeo geogr\u00e1fico de fosas y hallazgos\u00a0<\/strong>para establecer rutas de b\u00fasqueda intermedias y la confronta de perfiles con hallazgos estatales y nacionales, entre otras labores necesarias.<\/li>\n<li>Avanzar sustantivamente en la\u00a0<strong>implementaci\u00f3n de la Ley General de Desaparici\u00f3n en los estados.<\/strong><\/li>\n<li>La Comisi\u00f3n Nacional de B\u00fasqueda de Personas y Comisiones Estatales avancen en los diversos procesos de\u00a0<strong>armonizaci\u00f3n legislativa nacional y local<\/strong>.<\/li>\n<li>Se presente a la brevedad el\u00a0<strong>Registro Nacional de Personas desaparecidas<\/strong>.<\/li>\n<li>Se resuelvan ya las condiciones para el funcionamiento del\u00a0<strong>Mecanismo Extraordinario de Identificaci\u00f3n Forense.<\/strong><\/li>\n<\/ol>\n<p>Al respecto, han se\u00f1alado que cada una de sus demandas\u00a0<strong>\u201cdeben cumplirse con un enfoque de derechos humanos, con la participaci\u00f3n real y efectiva de las familias, la debida coordinaci\u00f3n interinstitucional y la disponibilidad de todos recursos necesarios\u201d<\/strong>.<\/p>\n<p><em>\u201cEl coraz\u00f3n de nuestra lucha ha sido la exigencia de buscar a las personas desaparecidas desde los a\u00f1os 60 en M\u00e9xico y Centroam\u00e9rica, y hoy desde nuestras distintas trincheras, dentro y fuera del pa\u00eds, caminamos de otras maneras, con los corazones en marcha alzando la voz, porque no estamos completas y la b\u00fasqueda no puede parar\u201d<\/em>, finalizaron.<\/p>\n<p>Guerreras en Busca de Nuestros Tesoros, junto con decenas de colectivos en el pa\u00eds,\u00a0<strong>han organizado en sus redes sociales una campa\u00f1a para visibilizar las acciones de b\u00fasqueda que cotidianamente realizan por sus seres queridos desaparecidos<\/strong> en medio de la contingencia y en el marco del 10 de mayo.<\/p>\n<p><a href=\"https:\/\/www.zonadocs.mx\/2020\/05\/10\/este-10-de-mayo-la-busqueda-no-debe-parar-guerreras-en-busca-de-nuestros-tesoros-en-nayarit\/\">https:\/\/www.zonadocs.mx\/2020\/05\/10\/este-10-de-mayo-la-busqueda-no-debe-parar-guerreras-en-busca-de-nuestros-tesoros-en-nayarit\/<\/a><\/p>\n","protected":false},"excerpt":{"rendered":"<p>Foto: Zona Docs A trav\u00e9s de un comunicado la organizaci\u00f3n de familiares de personas desaparecidas en Nayarit,\u00a0Guerreras en Busca de Nuestros Tesoros A.C.\u00a0anunciaron que en medio de la emergencia sanitaria &hellip; <a href=\"https:\/\/www.grieta.org.mx\/index.php\/2020\/05\/10\/este-10-de-mayo-la-busqueda-no-debe-parar-guerreras-en-busca-de-nuestros-tesoros-en-nayarit\/\" class=\"more-link\">Leer m\u00e1s<\/a><\/p>\n","protected":false},"author":2,"featured_media":49317,"comment_status":"closed","ping_status":"closed","sticky":false,"template":"","format":"standard","meta":{"ngg_post_thumbnail":0,"_jetpack_newsletter_access":"","_jetpack_dont_email_post_to_subs":false,"_jetpack_newsletter_tier_id":0,"_jetpack_memberships_contains_paywalled_content":false,"_jetpack_memberships_contains_paid_content":false,"footnotes":""},"categories":[80,3306,87,2267,23,2,83],"tags":[3018,121,1668],"class_list":["post-49316","post","type-post","status-publish","format-standard","has-post-thumbnail","hentry","category-cintillo","category-covid-19-en-nayarit","category-desaparecidos","category-desaparecidos-en-nayarit","category-nayarit","category-noticias-nacionales","category-temas-nacionales","tag-colectivos-de-busqueda-de-desaparecidos","tag-desaparecidos","tag-familiares-de-desaparecidos","entry"],"jetpack_featured_media_url":"https:\/\/www.grieta.org.mx\/wp-content\/uploads\/2020\/05\/photo5026433495781714084-956x640.jpg","jetpack_sharing_enabled":true,"jetpack_shortlink":"https:\/\/wp.me\/p7ZJR4-cPq","jetpack_likes_enabled":false,"jetpack-related-posts":[{"id":53921,"url":"https:\/\/www.grieta.org.mx\/index.php\/2020\/10\/01\/crecen-los-levantones-nayarit\/","url_meta":{"origin":49316,"position":0},"title":"Crecen los \u201clevantones\u201d (Nayarit)","author":"grieta","date":"1 octubre, 2020","format":false,"excerpt":"Foto: Realidades de Nayarit Colectivos de familiares de desaparecidos se\u00f1alan que en el gobierno de Antonio Echevarr\u00eda Garc\u00eda sigue habiendo muchos \u201clevantones\u201d y no hay avances de parte de la Fiscal\u00eda de Nayarit a cargo de Petronilo D\u00edaz Ponce, para la localizaci\u00f3n de los desaparecidos Ver\u00f3nica Ram\u00edrez \/ Realidades de\u2026","rel":"","context":"En &quot;CINTILLO&quot;","block_context":{"text":"CINTILLO","link":"https:\/\/www.grieta.org.mx\/index.php\/category\/cintillo\/"},"img":{"alt_text":"","src":"https:\/\/i0.wp.com\/www.grieta.org.mx\/wp-content\/uploads\/2020\/10\/marcha-3.jpg?resize=350%2C200&ssl=1","width":350,"height":200,"srcset":"https:\/\/i0.wp.com\/www.grieta.org.mx\/wp-content\/uploads\/2020\/10\/marcha-3.jpg?resize=350%2C200&ssl=1 1x, https:\/\/i0.wp.com\/www.grieta.org.mx\/wp-content\/uploads\/2020\/10\/marcha-3.jpg?resize=525%2C300&ssl=1 1.5x, https:\/\/i0.wp.com\/www.grieta.org.mx\/wp-content\/uploads\/2020\/10\/marcha-3.jpg?resize=700%2C400&ssl=1 2x"},"classes":[]},{"id":47939,"url":"https:\/\/www.grieta.org.mx\/index.php\/2020\/04\/02\/familiares-de-desaparecidos-en-nayarit-detienen-sus-labores-de-busqueda-en-campo-por-la-contingencia-sanitaria\/","url_meta":{"origin":49316,"position":1},"title":"Familiares de desaparecidos en Nayarit detienen sus labores de b\u00fasqueda en campo por la contingencia sanitaria","author":"grieta","date":"2 abril, 2020","format":false,"excerpt":"Imagen: Zona DOcs La organizaci\u00f3n Guerreras en Busca de Nuestros Tesoros A.C. en Nayarit, se ha manifestado respecto a la situaci\u00f3n en la que permanece el equipo de buscadoras, luego del inicio de la contingencia sanitaria por el coronavirus; y es que seg\u00fan han se\u00f1alado las familias de desaparecidos y\u2026","rel":"","context":"En &quot;CINTILLO&quot;","block_context":{"text":"CINTILLO","link":"https:\/\/www.grieta.org.mx\/index.php\/category\/cintillo\/"},"img":{"alt_text":"","src":"https:\/\/i0.wp.com\/www.grieta.org.mx\/wp-content\/uploads\/2020\/04\/83472662_970669479995929_734615127612981248_o.png?resize=350%2C200&ssl=1","width":350,"height":200,"srcset":"https:\/\/i0.wp.com\/www.grieta.org.mx\/wp-content\/uploads\/2020\/04\/83472662_970669479995929_734615127612981248_o.png?resize=350%2C200&ssl=1 1x, https:\/\/i0.wp.com\/www.grieta.org.mx\/wp-content\/uploads\/2020\/04\/83472662_970669479995929_734615127612981248_o.png?resize=525%2C300&ssl=1 1.5x, https:\/\/i0.wp.com\/www.grieta.org.mx\/wp-content\/uploads\/2020\/04\/83472662_970669479995929_734615127612981248_o.png?resize=700%2C400&ssl=1 2x"},"classes":[]},{"id":68446,"url":"https:\/\/www.grieta.org.mx\/index.php\/2023\/12\/18\/nayarit-colectivos-desaprueban-censo-de-personas-desaparecidas\/","url_meta":{"origin":49316,"position":2},"title":"Nayarit: Colectivos desaprueban Censo de Personas Desaparecidas","author":"grieta","date":"18 diciembre, 2023","format":false,"excerpt":"Imagen: Aurelio Maga\u00f1a Crys Ben\u00edtez \/ El Occidental TEPIC, Nayarit (OEM-Informex).- Tras presentarse por parte de la titular de la Secretar\u00eda de Gobernaci\u00f3n, Luisa Alcalde Lujan, el\u00a0Censo de Personas Desaparecidas, diversos colectivos del pa\u00eds se pronunciaron en contra de las cifras arrojadas por este, puesto que, de las poco mas\u2026","rel":"","context":"En &quot;CINTILLO&quot;","block_context":{"text":"CINTILLO","link":"https:\/\/www.grieta.org.mx\/index.php\/category\/cintillo\/"},"img":{"alt_text":"","src":"https:\/\/i0.wp.com\/www.grieta.org.mx\/wp-content\/uploads\/2024\/02\/Aurelio-Magana-El-Occidental.jpg?resize=350%2C200&ssl=1","width":350,"height":200,"srcset":"https:\/\/i0.wp.com\/www.grieta.org.mx\/wp-content\/uploads\/2024\/02\/Aurelio-Magana-El-Occidental.jpg?resize=350%2C200&ssl=1 1x, https:\/\/i0.wp.com\/www.grieta.org.mx\/wp-content\/uploads\/2024\/02\/Aurelio-Magana-El-Occidental.jpg?resize=525%2C300&ssl=1 1.5x, https:\/\/i0.wp.com\/www.grieta.org.mx\/wp-content\/uploads\/2024\/02\/Aurelio-Magana-El-Occidental.jpg?resize=700%2C400&ssl=1 2x"},"classes":[]},{"id":40340,"url":"https:\/\/www.grieta.org.mx\/index.php\/2019\/09\/28\/no-solo-son-43-nuestras-hijas-e-hijos-desaparecidos-en-nayarit-tambien-nos-faltan\/","url_meta":{"origin":49316,"position":3},"title":"\u201cNo s\u00f3lo son 43, nuestras hijas e hijos desaparecidos en Nayarit tambi\u00e9n nos faltan\u201d","author":"grieta","date":"28 septiembre, 2019","format":false,"excerpt":"Foto: Cortes\u00eda Guerreras en busca de Nuestros Tesoros, Nayarit \u201cYo quise ir a gritar que en Nayarit tambi\u00e9n tenemos desaparecidos, tambi\u00e9n tenemos muchos hijos que buscamos y estamos esperando que tambi\u00e9n nos ayuden a nosotros\u201d expresa la se\u00f1ora Vicky fundadora del grupo Guerreras en busca de nuestros tesoros, Nayarit. A\u2026","rel":"","context":"En &quot;CINTILLO&quot;","block_context":{"text":"CINTILLO","link":"https:\/\/www.grieta.org.mx\/index.php\/category\/cintillo\/"},"img":{"alt_text":"","src":"https:\/\/i0.wp.com\/www.grieta.org.mx\/wp-content\/uploads\/2019\/10\/WhatsApp-Image-2019-09-27-at-7.12.14-PM-1280x640.jpeg?resize=350%2C200&ssl=1","width":350,"height":200,"srcset":"https:\/\/i0.wp.com\/www.grieta.org.mx\/wp-content\/uploads\/2019\/10\/WhatsApp-Image-2019-09-27-at-7.12.14-PM-1280x640.jpeg?resize=350%2C200&ssl=1 1x, https:\/\/i0.wp.com\/www.grieta.org.mx\/wp-content\/uploads\/2019\/10\/WhatsApp-Image-2019-09-27-at-7.12.14-PM-1280x640.jpeg?resize=525%2C300&ssl=1 1.5x, https:\/\/i0.wp.com\/www.grieta.org.mx\/wp-content\/uploads\/2019\/10\/WhatsApp-Image-2019-09-27-at-7.12.14-PM-1280x640.jpeg?resize=700%2C400&ssl=1 2x, https:\/\/i0.wp.com\/www.grieta.org.mx\/wp-content\/uploads\/2019\/10\/WhatsApp-Image-2019-09-27-at-7.12.14-PM-1280x640.jpeg?resize=1050%2C600&ssl=1 3x"},"classes":[]},{"id":67747,"url":"https:\/\/www.grieta.org.mx\/index.php\/2023\/09\/14\/nayarit-colectivos-de-familiares-de-desaparecidos-temen-represalias-tras-liberacion-de-fiscal\/","url_meta":{"origin":49316,"position":4},"title":"Nayarit: Colectivos de familiares de desaparecidos temen represalias tras liberaci\u00f3n de fiscal","author":"grieta","date":"14 septiembre, 2023","format":false,"excerpt":"Imagen: Crys Ben\u00edtez Crys Ben\u00edtez \/ El Occidental TEPIC, Nayarit (OEM-Informex).- A ra\u00edz de que el juez de control ordenara la liberaci\u00f3n de la fiscal de Desaparecidos de la Fiscal\u00eda General del Estado, quien fue detenida el pasado jueves en las instalaciones de la dependencia,\u00a0los colectivos temen represalias\u00a0en su contra.\u2026","rel":"","context":"En &quot;CINTILLO&quot;","block_context":{"text":"CINTILLO","link":"https:\/\/www.grieta.org.mx\/index.php\/category\/cintillo\/"},"img":{"alt_text":"","src":"https:\/\/i0.wp.com\/www.grieta.org.mx\/wp-content\/uploads\/2023\/09\/Foto.-Por-Crys-Benitez.jpeg?resize=350%2C200&ssl=1","width":350,"height":200,"srcset":"https:\/\/i0.wp.com\/www.grieta.org.mx\/wp-content\/uploads\/2023\/09\/Foto.-Por-Crys-Benitez.jpeg?resize=350%2C200&ssl=1 1x, https:\/\/i0.wp.com\/www.grieta.org.mx\/wp-content\/uploads\/2023\/09\/Foto.-Por-Crys-Benitez.jpeg?resize=525%2C300&ssl=1 1.5x, https:\/\/i0.wp.com\/www.grieta.org.mx\/wp-content\/uploads\/2023\/09\/Foto.-Por-Crys-Benitez.jpeg?resize=700%2C400&ssl=1 2x"},"classes":[]},{"id":64115,"url":"https:\/\/www.grieta.org.mx\/index.php\/2022\/04\/25\/familiares-de-personas-desaparecidas-realizan-busqueda-nayarti\/","url_meta":{"origin":49316,"position":5},"title":"Familiares de personas desaparecidas realizan b\u00fasqueda (Nayarit)","author":"grieta","date":"25 abril, 2022","format":false,"excerpt":"Foto: Tribuna de la Bah\u00eda Israel Torres \/ Tribuna de la Bab\u00eda Familiares y padres de unas siete a ocho personas desaparecidas, realizaron labores de b\u00fasqueda la tarde de este s\u00e1bado en los poblados El Guam\u00fachil, San Quint\u00edn, San Ignacio y Sayulita con el objetivo de recabar m\u00e1s informaci\u00f3n del\u2026","rel":"","context":"En &quot;CINTILLO&quot;","block_context":{"text":"CINTILLO","link":"https:\/\/www.grieta.org.mx\/index.php\/category\/cintillo\/"},"img":{"alt_text":"","src":"https:\/\/i0.wp.com\/www.grieta.org.mx\/wp-content\/uploads\/2022\/05\/busqueda-de-personas-deaparecidas-cover.jpg?resize=350%2C200&ssl=1","width":350,"height":200,"srcset":"https:\/\/i0.wp.com\/www.grieta.org.mx\/wp-content\/uploads\/2022\/05\/busqueda-de-personas-deaparecidas-cover.jpg?resize=350%2C200&ssl=1 1x, https:\/\/i0.wp.com\/www.grieta.org.mx\/wp-content\/uploads\/2022\/05\/busqueda-de-personas-deaparecidas-cover.jpg?resize=525%2C300&ssl=1 1.5x, https:\/\/i0.wp.com\/www.grieta.org.mx\/wp-content\/uploads\/2022\/05\/busqueda-de-personas-deaparecidas-cover.jpg?resize=700%2C400&ssl=1 2x"},"classes":[]}],"_links":{"self":[{"href":"https:\/\/www.grieta.org.mx\/index.php\/wp-json\/wp\/v2\/posts\/49316","targetHints":{"allow":["GET"]}}],"collection":[{"href":"https:\/\/www.grieta.org.mx\/index.php\/wp-json\/wp\/v2\/posts"}],"about":[{"href":"https:\/\/www.grieta.org.mx\/index.php\/wp-json\/wp\/v2\/types\/post"}],"author":[{"embeddable":true,"href":"https:\/\/www.grieta.org.mx\/index.php\/wp-json\/wp\/v2\/users\/2"}],"replies":[{"embeddable":true,"href":"https:\/\/www.grieta.org.mx\/index.php\/wp-json\/wp\/v2\/comments?post=49316"}],"version-history":[{"count":1,"href":"https:\/\/www.grieta.org.mx\/index.php\/wp-json\/wp\/v2\/posts\/49316\/revisions"}],"predecessor-version":[{"id":49318,"href":"https:\/\/www.grieta.org.mx\/index.php\/wp-json\/wp\/v2\/posts\/49316\/revisions\/49318"}],"wp:featuredmedia":[{"embeddable":true,"href":"https:\/\/www.grieta.org.mx\/index.php\/wp-json\/wp\/v2\/media\/49317"}],"wp:attachment":[{"href":"https:\/\/www.grieta.org.mx\/index.php\/wp-json\/wp\/v2\/media?parent=49316"}],"wp:term":[{"taxonomy":"category","embeddable":true,"href":"https:\/\/www.grieta.org.mx\/index.php\/wp-json\/wp\/v2\/categories?post=49316"},{"taxonomy":"post_tag","embeddable":true,"href":"https:\/\/www.grieta.org.mx\/index.php\/wp-json\/wp\/v2\/tags?post=49316"}],"curies":[{"name":"wp","href":"https:\/\/api.w.org\/{rel}","templated":true}]}}