{"id":49313,"date":"2020-05-15T01:41:39","date_gmt":"2020-05-15T06:41:39","guid":{"rendered":"http:\/\/www.grieta.org.mx\/?p=49313"},"modified":"2020-05-16T01:50:59","modified_gmt":"2020-05-16T06:50:59","slug":"medicos-residentes-de-hospital-del-issste-en-monterrey-estan-en-paro-por-falta-de-pago-nuevo-leon","status":"publish","type":"post","link":"https:\/\/www.grieta.org.mx\/index.php\/2020\/05\/15\/medicos-residentes-de-hospital-del-issste-en-monterrey-estan-en-paro-por-falta-de-pago-nuevo-leon\/","title":{"rendered":"M\u00e9dicos residentes de hospital del ISSSTE en Monterrey est\u00e1n en paro por falta de pago (Nuevo Le\u00f3n)"},"content":{"rendered":"<p><strong>Los m\u00e9dicos reportaron el problema desde la primera quincena de marzo, pero a la fecha sus demandas no han sido atendidas.<\/strong><\/p>\n<figure id=\"attachment_49314\" aria-describedby=\"caption-attachment-49314\" style=\"width: 800px\" class=\"wp-caption aligncenter\"><img loading=\"lazy\" decoding=\"async\" data-attachment-id=\"49314\" data-permalink=\"https:\/\/www.grieta.org.mx\/index.php\/2020\/05\/15\/medicos-residentes-de-hospital-del-issste-en-monterrey-estan-en-paro-por-falta-de-pago-nuevo-leon\/residentes-e1589563253742\/\" data-orig-file=\"https:\/\/www.grieta.org.mx\/wp-content\/uploads\/2020\/05\/residentes-e1589563253742.jpg\" data-orig-size=\"1143,596\" data-comments-opened=\"0\" data-image-meta=\"{&quot;aperture&quot;:&quot;0&quot;,&quot;credit&quot;:&quot;&quot;,&quot;camera&quot;:&quot;&quot;,&quot;caption&quot;:&quot;&quot;,&quot;created_timestamp&quot;:&quot;0&quot;,&quot;copyright&quot;:&quot;&quot;,&quot;focal_length&quot;:&quot;0&quot;,&quot;iso&quot;:&quot;0&quot;,&quot;shutter_speed&quot;:&quot;0&quot;,&quot;title&quot;:&quot;&quot;,&quot;orientation&quot;:&quot;0&quot;}\" data-image-title=\"residentes-e1589563253742\" data-image-description=\"\" data-image-caption=\"&lt;p&gt;@AResidentes&lt;\/p&gt;\n\" data-medium-file=\"https:\/\/www.grieta.org.mx\/wp-content\/uploads\/2020\/05\/residentes-e1589563253742-300x156.jpg\" data-large-file=\"https:\/\/www.grieta.org.mx\/wp-content\/uploads\/2020\/05\/residentes-e1589563253742-1024x534.jpg\" class=\"wp-image-49314\" src=\"http:\/\/www.grieta.org.mx\/wp-content\/uploads\/2020\/05\/residentes-e1589563253742.jpg\" alt=\"\" width=\"800\" height=\"417\" srcset=\"https:\/\/www.grieta.org.mx\/wp-content\/uploads\/2020\/05\/residentes-e1589563253742.jpg 1143w, https:\/\/www.grieta.org.mx\/wp-content\/uploads\/2020\/05\/residentes-e1589563253742-300x156.jpg 300w, https:\/\/www.grieta.org.mx\/wp-content\/uploads\/2020\/05\/residentes-e1589563253742-768x400.jpg 768w, https:\/\/www.grieta.org.mx\/wp-content\/uploads\/2020\/05\/residentes-e1589563253742-1024x534.jpg 1024w, https:\/\/www.grieta.org.mx\/wp-content\/uploads\/2020\/05\/residentes-e1589563253742-959x500.jpg 959w\" sizes=\"auto, (max-width: 800px) 100vw, 800px\" \/><figcaption id=\"caption-attachment-49314\" class=\"wp-caption-text\">@AResidentes<\/figcaption><\/figure>\n<p>ANIMAL POL\u00cdTICO<\/p>\n<p>Los m\u00e9dicos residentes del Hospital Regional ISSSTE Monterrey se encuentran en paro de labores debido a que no han recibido sus pagos desde marzo pasado.<\/p>\n<p>La Asamblea Nacional de M\u00e9dicos Residentes expres\u00f3 su apoyo a los compa\u00f1eros afectados y acus\u00f3 que sus denuncias no han sido atendidas por las autoridades correspondientes.<\/p>\n<p>A inicios de marzo, los m\u00e9dicos residentes del HR ISSSTE Monterrey reportaron el atraso de pagos, iniciaron una asamblea y el d\u00eda 17 tuvieron una reuni\u00f3n con la coordinadora de ense\u00f1anza, la doctora Sandra Medina.<\/p>\n<p>Seg\u00fan los m\u00e9dicos, en dicha reuni\u00f3n, la doctora les dijo que sus pagos se har\u00edan a m\u00e1s tardar el 18 de marzo, pero eso no sucedi\u00f3.<\/p>\n<p>Ante el incumplimiento, los m\u00e9dicos retomaron su asamblea y reiteraron sus exigencias.<\/p>\n<p>Este mi\u00e9rcoles, los residentes emitieron un nuevo comunicado con los nombres de los afectados as\u00ed como las quincenas que se les adeuda.<\/p>\n<p>El documento est\u00e1 dirigido a la jefa de Servicios de Ense\u00f1anza e Investigaci\u00f3n Nacional del ISSSTE, Dylan Luc\u00eda D\u00edaz; al jefe de Investigaci\u00f3n Nacional del ISSSTE, Fiacro Jim\u00e9nez; a la coordinadora de Ense\u00f1anza del HR ISSSTE Monterrey, Sandra Medina, y al director m\u00e9dico del hospital, Juan Guadalupe Garza.<\/p>\n<p>En \u00e9l, los m\u00e9dicos notifican que mantendr\u00e1n su asamblea hasta que se les cumplan tres puntos:<\/p>\n<p>Un oficio donde se especifique la fecha y hora del pago retroactivo, de las quincenas correspondientes y\/o el pago con el adeudo total de los residentes afectados.<br \/>\nAsegurar los pagos puntuales de las pr\u00f3ximas quincenas a todos los residentes de la instituci\u00f3n.<br \/>\nAsegurar que no habr\u00e1 represalias para los m\u00e9dicos residentes involucrados que solo exigen su derecho a recibir un apoyo econ\u00f3mico.<br \/>\nLa carta est\u00e1 firmada por los l\u00edderes de los m\u00e9dicos residentes y contiene el nombre de los 16 afectados por la falta de pago. El atraso var\u00eda en cada caso, para unos es de una quincena y para otros de cuatro.<\/p>\n<p><a href=\"https:\/\/www.animalpolitico.com\/2020\/05\/medicos-residentes-hospital-issste-monterrey-paro-falta-pago\/\" rel=\"noopener noreferrer\" target=\"_blank\">https:\/\/www.animalpolitico.com\/2020\/05\/medicos-residentes-hospital-issste-monterrey-paro-falta-pago\/<\/a><\/p>\n<p>&nbsp;<\/p>\n","protected":false},"excerpt":{"rendered":"<p>Los m\u00e9dicos reportaron el problema desde la primera quincena de marzo, pero a la fecha sus demandas no han sido atendidas. ANIMAL POL\u00cdTICO Los m\u00e9dicos residentes del Hospital Regional ISSSTE &hellip; <a href=\"https:\/\/www.grieta.org.mx\/index.php\/2020\/05\/15\/medicos-residentes-de-hospital-del-issste-en-monterrey-estan-en-paro-por-falta-de-pago-nuevo-leon\/\" class=\"more-link\">Leer m\u00e1s<\/a><\/p>\n","protected":false},"author":2,"featured_media":49314,"comment_status":"closed","ping_status":"closed","sticky":false,"template":"","format":"standard","meta":{"ngg_post_thumbnail":0,"_jetpack_newsletter_access":"","_jetpack_dont_email_post_to_subs":false,"_jetpack_newsletter_tier_id":0,"_jetpack_memberships_contains_paywalled_content":false,"_jetpack_memberships_contains_paid_content":false,"footnotes":""},"categories":[80,3266,2499,2,24],"tags":[3374,3198,2167,3373,880,3372],"class_list":["post-49313","post","type-post","status-publish","format-standard","has-post-thumbnail","hentry","category-cintillo","category-covid-19-en-nuevo-leon","category-crisis-del-sector-salud-en-nuevo-leon","category-noticias-nacionales","category-nuevo-leon","tag-asamblea-nacional-de-medicos-residentes","tag-covid19","tag-falta-de-pago","tag-isste","tag-protestas","tag-residentes","entry"],"jetpack_featured_media_url":"https:\/\/www.grieta.org.mx\/wp-content\/uploads\/2020\/05\/residentes-e1589563253742.jpg","jetpack_sharing_enabled":true,"jetpack_shortlink":"https:\/\/wp.me\/p7ZJR4-cPn","jetpack_likes_enabled":false,"jetpack-related-posts":[{"id":32348,"url":"https:\/\/www.grieta.org.mx\/index.php\/2019\/04\/16\/medicos-de-colima-se-suman-al-paro-nacional\/","url_meta":{"origin":49313,"position":0},"title":"M\u00e9dicos de Colima se suman al paro nacional .","author":"grieta","date":"16 abril, 2019","format":false,"excerpt":"16 de abril de 2019 Karla Gabriela G\u00f3mez Torres \/ Quadrat\u00edn Colima COLIMA, Col., 16 de abril de 2019.- M\u00e9dicos residentes de los Hospitales de Colima y Manzanillo (EL Regional y General, respectivamente) se sumaron al \u201cParo Nacional\u201d convocado para este lunes y en el que participaron m\u00e9dicos residentes de\u2026","rel":"","context":"En &quot;CINTILLO&quot;","block_context":{"text":"CINTILLO","link":"https:\/\/www.grieta.org.mx\/index.php\/category\/cintillo\/"},"img":{"alt_text":"","src":"https:\/\/i0.wp.com\/www.grieta.org.mx\/wp-content\/uploads\/2019\/04\/medicos-paro-nacional-1160x700.jpeg?resize=350%2C200&ssl=1","width":350,"height":200,"srcset":"https:\/\/i0.wp.com\/www.grieta.org.mx\/wp-content\/uploads\/2019\/04\/medicos-paro-nacional-1160x700.jpeg?resize=350%2C200&ssl=1 1x, https:\/\/i0.wp.com\/www.grieta.org.mx\/wp-content\/uploads\/2019\/04\/medicos-paro-nacional-1160x700.jpeg?resize=525%2C300&ssl=1 1.5x, https:\/\/i0.wp.com\/www.grieta.org.mx\/wp-content\/uploads\/2019\/04\/medicos-paro-nacional-1160x700.jpeg?resize=700%2C400&ssl=1 2x, https:\/\/i0.wp.com\/www.grieta.org.mx\/wp-content\/uploads\/2019\/04\/medicos-paro-nacional-1160x700.jpeg?resize=1050%2C600&ssl=1 3x"},"classes":[]},{"id":43143,"url":"https:\/\/www.grieta.org.mx\/index.php\/2020\/01\/17\/medicos-residentes-del-hospital-se-van-a-paro-por-impago-colima\/","url_meta":{"origin":49313,"position":1},"title":"M\u00e9dicos residentes del Hospital se van a paro por impago (Colima)","author":"grieta","date":"17 enero, 2020","format":false,"excerpt":"Imagen; Diario Avanzada Heidi de Le\u00f3n Guti\u00e9rrez \/ Diario Avanzada Colima, M\u00e9xico, Avanzada (17\/01\/2020).- M\u00e9dicos residentes del Hospital Regional Universitario se encuentran en paro de labores porque la autoridad estatal nos les ha cubierto el pago de la quincena y el aguinaldo que les corresponde. Los residentes son aquellos m\u00e9dicos\u2026","rel":"","context":"En &quot;CINTILLO&quot;","block_context":{"text":"CINTILLO","link":"https:\/\/www.grieta.org.mx\/index.php\/category\/cintillo\/"},"img":{"alt_text":"","src":"https:\/\/i0.wp.com\/www.grieta.org.mx\/wp-content\/uploads\/2020\/01\/Huelga-en-Salud.jpg?resize=350%2C200&ssl=1","width":350,"height":200,"srcset":"https:\/\/i0.wp.com\/www.grieta.org.mx\/wp-content\/uploads\/2020\/01\/Huelga-en-Salud.jpg?resize=350%2C200&ssl=1 1x, https:\/\/i0.wp.com\/www.grieta.org.mx\/wp-content\/uploads\/2020\/01\/Huelga-en-Salud.jpg?resize=525%2C300&ssl=1 1.5x, https:\/\/i0.wp.com\/www.grieta.org.mx\/wp-content\/uploads\/2020\/01\/Huelga-en-Salud.jpg?resize=700%2C400&ssl=1 2x"},"classes":[]},{"id":43550,"url":"https:\/\/www.grieta.org.mx\/index.php\/2020\/01\/23\/medicos-en-manzanillo-llevan-7-dias-en-paro-por-impago-colima\/","url_meta":{"origin":49313,"position":2},"title":"M\u00e9dicos en Manzanillo llevan 7 d\u00edas en paro por impago (Colima)","author":"grieta","date":"23 enero, 2020","format":false,"excerpt":"Foto: Ilustrativa Heidi de Le\u00f3n Guti\u00e9rrez \/ Diario Avanzada Colima, M\u00e9xico, Avanzada (23\/01\/2020).- Los m\u00e9dicos residentes del Hospital Civil de Manzanillo llevan siete d\u00edas en paro por la falta del pago de la quincena, misma que debi\u00f3 depositarse entre el 13 o 14 de enero. La misma situaci\u00f3n sucede en\u2026","rel":"","context":"En &quot;CINTILLO&quot;","block_context":{"text":"CINTILLO","link":"https:\/\/www.grieta.org.mx\/index.php\/category\/cintillo\/"},"img":{"alt_text":"","src":"https:\/\/i0.wp.com\/www.grieta.org.mx\/wp-content\/uploads\/2020\/01\/Hospital-Civil-manzanillo.jpg?resize=350%2C200&ssl=1","width":350,"height":200,"srcset":"https:\/\/i0.wp.com\/www.grieta.org.mx\/wp-content\/uploads\/2020\/01\/Hospital-Civil-manzanillo.jpg?resize=350%2C200&ssl=1 1x, https:\/\/i0.wp.com\/www.grieta.org.mx\/wp-content\/uploads\/2020\/01\/Hospital-Civil-manzanillo.jpg?resize=525%2C300&ssl=1 1.5x, https:\/\/i0.wp.com\/www.grieta.org.mx\/wp-content\/uploads\/2020\/01\/Hospital-Civil-manzanillo.jpg?resize=700%2C400&ssl=1 2x"},"classes":[]},{"id":31837,"url":"https:\/\/www.grieta.org.mx\/index.php\/2019\/04\/01\/paran-labores-medicos-residentes-del-hospital-psiquiatrico-e-instituto-nacional-de-rehabilitacion-ciudad-de-mexico\/","url_meta":{"origin":49313,"position":3},"title":"Paran labores m\u00e9dicos residentes del Hospital Psiqui\u00e1trico e Instituto Nacional de Rehabilitaci\u00f3n (Ciudad de M\u00e9xico)","author":"grieta","date":"1 abril, 2019","format":false,"excerpt":"Redacci\u00f3n\/Proceso CIUDAD DE M\u00c9XICO (apro).- La crisis en el sector salud se agrav\u00f3 este lunes al suspender sus labores de manera indefinida m\u00e9dicos residentes del Hospital Psiqui\u00e1trico Fray Bernardino \u00c1lvarez y del Instituto Nacional de Rehabilitaci\u00f3n \u201cLuis Guillermo Ibarra\u201d por el impago de becas de las dos \u00faltimas quincenas. El\u2026","rel":"","context":"En &quot;CINTILLO&quot;","block_context":{"text":"CINTILLO","link":"https:\/\/www.grieta.org.mx\/index.php\/category\/cintillo\/"},"img":{"alt_text":"","src":"https:\/\/i0.wp.com\/www.grieta.org.mx\/wp-content\/uploads\/2019\/04\/D3EiBmzUgAEfvOr-1078x808.jpg?resize=350%2C200&ssl=1","width":350,"height":200,"srcset":"https:\/\/i0.wp.com\/www.grieta.org.mx\/wp-content\/uploads\/2019\/04\/D3EiBmzUgAEfvOr-1078x808.jpg?resize=350%2C200&ssl=1 1x, https:\/\/i0.wp.com\/www.grieta.org.mx\/wp-content\/uploads\/2019\/04\/D3EiBmzUgAEfvOr-1078x808.jpg?resize=525%2C300&ssl=1 1.5x, https:\/\/i0.wp.com\/www.grieta.org.mx\/wp-content\/uploads\/2019\/04\/D3EiBmzUgAEfvOr-1078x808.jpg?resize=700%2C400&ssl=1 2x, https:\/\/i0.wp.com\/www.grieta.org.mx\/wp-content\/uploads\/2019\/04\/D3EiBmzUgAEfvOr-1078x808.jpg?resize=1050%2C600&ssl=1 3x"},"classes":[]},{"id":32342,"url":"https:\/\/www.grieta.org.mx\/index.php\/2019\/04\/15\/protestan-medicos-residentes-en-colima-por-falta-de-pagos-suman-ya-21-estados\/","url_meta":{"origin":49313,"position":4},"title":"Protestan m\u00e9dicos residentes en Colima por falta de pagos; suman ya 21 estados","author":"grieta","date":"15 abril, 2019","format":false,"excerpt":"Juan Carlos Flores|CN COLIMANOTICIAS, 15 de abril de 2019 Colima, Col.- Al igual que en 21 estados del pa\u00eds, m\u00e9dicos residentes de Colima y Manzanillo protestaron por falta de pagos. Los galenos contin\u00faan sus labores bajo protesta, algunos de ellos portando alg\u00fan distintivo. Reportes indican que los m\u00e9dicos se manifestaron\u2026","rel":"","context":"En &quot;CINTILLO&quot;","block_context":{"text":"CINTILLO","link":"https:\/\/www.grieta.org.mx\/index.php\/category\/cintillo\/"},"img":{"alt_text":"","src":"https:\/\/i0.wp.com\/www.grieta.org.mx\/wp-content\/uploads\/2018\/03\/14524434_1106112876131411_958039263622046936_o.jpg?resize=350%2C200&ssl=1","width":350,"height":200,"srcset":"https:\/\/i0.wp.com\/www.grieta.org.mx\/wp-content\/uploads\/2018\/03\/14524434_1106112876131411_958039263622046936_o.jpg?resize=350%2C200&ssl=1 1x, https:\/\/i0.wp.com\/www.grieta.org.mx\/wp-content\/uploads\/2018\/03\/14524434_1106112876131411_958039263622046936_o.jpg?resize=525%2C300&ssl=1 1.5x, https:\/\/i0.wp.com\/www.grieta.org.mx\/wp-content\/uploads\/2018\/03\/14524434_1106112876131411_958039263622046936_o.jpg?resize=700%2C400&ssl=1 2x"},"classes":[]},{"id":32339,"url":"https:\/\/www.grieta.org.mx\/index.php\/2019\/04\/16\/para-actividades-el-88-de-medicos-residentes-del-hospital-civil-de-oaxaca\/","url_meta":{"origin":49313,"position":5},"title":"Para actividades el 88% de m\u00e9dicos residentes del Hospital Civil de Oaxaca","author":"grieta","date":"16 abril, 2019","format":false,"excerpt":"Noticias. Nadia Altamirano, Oaxaca de Ju\u00e1rez, Oax.- S\u00f3lo diez de los 83 m\u00e9dicos residentes adscritos a las \u00e1reas de urgencias del Hospital General doctor Aurelio Valdivieso cumple con sus guardias, el resto se mantiene en asamblea permanente. La medida es parte del movimiento que en el pa\u00eds implementaron residentes de\u2026","rel":"","context":"En &quot;CINTILLO&quot;","block_context":{"text":"CINTILLO","link":"https:\/\/www.grieta.org.mx\/index.php\/category\/cintillo\/"},"img":{"alt_text":"","src":"https:\/\/i0.wp.com\/www.grieta.org.mx\/wp-content\/uploads\/2018\/03\/14524434_1106112876131411_958039263622046936_o.jpg?resize=350%2C200&ssl=1","width":350,"height":200,"srcset":"https:\/\/i0.wp.com\/www.grieta.org.mx\/wp-content\/uploads\/2018\/03\/14524434_1106112876131411_958039263622046936_o.jpg?resize=350%2C200&ssl=1 1x, https:\/\/i0.wp.com\/www.grieta.org.mx\/wp-content\/uploads\/2018\/03\/14524434_1106112876131411_958039263622046936_o.jpg?resize=525%2C300&ssl=1 1.5x, https:\/\/i0.wp.com\/www.grieta.org.mx\/wp-content\/uploads\/2018\/03\/14524434_1106112876131411_958039263622046936_o.jpg?resize=700%2C400&ssl=1 2x"},"classes":[]}],"_links":{"self":[{"href":"https:\/\/www.grieta.org.mx\/index.php\/wp-json\/wp\/v2\/posts\/49313","targetHints":{"allow":["GET"]}}],"collection":[{"href":"https:\/\/www.grieta.org.mx\/index.php\/wp-json\/wp\/v2\/posts"}],"about":[{"href":"https:\/\/www.grieta.org.mx\/index.php\/wp-json\/wp\/v2\/types\/post"}],"author":[{"embeddable":true,"href":"https:\/\/www.grieta.org.mx\/index.php\/wp-json\/wp\/v2\/users\/2"}],"replies":[{"embeddable":true,"href":"https:\/\/www.grieta.org.mx\/index.php\/wp-json\/wp\/v2\/comments?post=49313"}],"version-history":[{"count":1,"href":"https:\/\/www.grieta.org.mx\/index.php\/wp-json\/wp\/v2\/posts\/49313\/revisions"}],"predecessor-version":[{"id":49315,"href":"https:\/\/www.grieta.org.mx\/index.php\/wp-json\/wp\/v2\/posts\/49313\/revisions\/49315"}],"wp:featuredmedia":[{"embeddable":true,"href":"https:\/\/www.grieta.org.mx\/index.php\/wp-json\/wp\/v2\/media\/49314"}],"wp:attachment":[{"href":"https:\/\/www.grieta.org.mx\/index.php\/wp-json\/wp\/v2\/media?parent=49313"}],"wp:term":[{"taxonomy":"category","embeddable":true,"href":"https:\/\/www.grieta.org.mx\/index.php\/wp-json\/wp\/v2\/categories?post=49313"},{"taxonomy":"post_tag","embeddable":true,"href":"https:\/\/www.grieta.org.mx\/index.php\/wp-json\/wp\/v2\/tags?post=49313"}],"curies":[{"name":"wp","href":"https:\/\/api.w.org\/{rel}","templated":true}]}}