{"id":49301,"date":"2020-05-15T19:33:05","date_gmt":"2020-05-16T00:33:05","guid":{"rendered":"http:\/\/www.grieta.org.mx\/?p=49301"},"modified":"2020-05-15T23:48:00","modified_gmt":"2020-05-16T04:48:00","slug":"la-crisis-de-los-hospitales-covid-19-desabasto-de-medicinas-y-falta-de-camas-baja-california","status":"publish","type":"post","link":"https:\/\/www.grieta.org.mx\/index.php\/2020\/05\/15\/la-crisis-de-los-hospitales-covid-19-desabasto-de-medicinas-y-falta-de-camas-baja-california\/","title":{"rendered":"La crisis de los hospitales COVID-19: desabasto de medicinas y falta de camas (Baja California)"},"content":{"rendered":"<p>Zeta Tijuana \/ Isabel Mercado.<\/p>\n<p><img loading=\"lazy\" decoding=\"async\" data-attachment-id=\"49302\" data-permalink=\"https:\/\/www.grieta.org.mx\/index.php\/2020\/05\/15\/la-crisis-de-los-hospitales-covid-19-desabasto-de-medicinas-y-falta-de-camas-baja-california\/coronavirustijuanaenfermeras40b_01-639x500\/\" data-orig-file=\"https:\/\/www.grieta.org.mx\/wp-content\/uploads\/2020\/05\/coronavirustijuanaenfermeras40b_01-639x500.jpg\" data-orig-size=\"639,500\" data-comments-opened=\"0\" data-image-meta=\"{&quot;aperture&quot;:&quot;0&quot;,&quot;credit&quot;:&quot;&quot;,&quot;camera&quot;:&quot;&quot;,&quot;caption&quot;:&quot;&quot;,&quot;created_timestamp&quot;:&quot;0&quot;,&quot;copyright&quot;:&quot;&quot;,&quot;focal_length&quot;:&quot;0&quot;,&quot;iso&quot;:&quot;0&quot;,&quot;shutter_speed&quot;:&quot;0&quot;,&quot;title&quot;:&quot;&quot;,&quot;orientation&quot;:&quot;0&quot;}\" data-image-title=\"coronavirustijuanaenfermeras40b_01-639&amp;#215;500\" data-image-description=\"\" data-image-caption=\"\" data-medium-file=\"https:\/\/www.grieta.org.mx\/wp-content\/uploads\/2020\/05\/coronavirustijuanaenfermeras40b_01-639x500-300x235.jpg\" data-large-file=\"https:\/\/www.grieta.org.mx\/wp-content\/uploads\/2020\/05\/coronavirustijuanaenfermeras40b_01-639x500.jpg\" class=\"aligncenter wp-image-49302\" src=\"http:\/\/www.grieta.org.mx\/wp-content\/uploads\/2020\/05\/coronavirustijuanaenfermeras40b_01-639x500.jpg\" alt=\"\" width=\"800\" height=\"626\" srcset=\"https:\/\/www.grieta.org.mx\/wp-content\/uploads\/2020\/05\/coronavirustijuanaenfermeras40b_01-639x500.jpg 639w, https:\/\/www.grieta.org.mx\/wp-content\/uploads\/2020\/05\/coronavirustijuanaenfermeras40b_01-639x500-300x235.jpg 300w\" sizes=\"auto, (max-width: 800px) 100vw, 800px\" \/><br \/>\nFoto: Cortes\u00eda\/ Tercer piso, Hospital General de Tijuana.<\/p>\n<p>Atendidos durante d\u00edas en sillas por falta de camas, sin medicamento suficiente para mitigar la sintomatolog\u00eda del coronavirus y al lado de cad\u00e1veres, se observa a los pacientes en las salas de urgencias de los hospitales reconvertidos a COVID-19 en Tijuana. Mientras algunos cuentan con recursos econ\u00f3micos suficientes y pagan atenci\u00f3n m\u00e9dica privada, otros simplemente se resguardan en sus casas, donde perecen por falta de una atenci\u00f3n adecuada<\/p>\n<p>Entre cad\u00e1veres envueltos en bolsas, sentados en medio de pasillos o en cualquier rinc\u00f3n disponible, se observa a los pacientes en las salas de urgencias de los hospitales de Tijuana reconvertidos a COVID-19. En espera que se desocupe una cama, permanecen postrados dos, tres, cuatro d\u00edas o m\u00e1s en sillas de ruedas, de escritorio, bancas o, en el mejor de los casos, sillones hospitalarios.<\/p>\n<p>Ah\u00ed son atendidos por el personal m\u00e9dico de las altas fiebres, intensos dolores de cabeza y cuerpo, entre otra sintomatolog\u00eda propia del coronavirus; de tener dificultades para respirar, se les provee ox\u00edgeno.<\/p>\n<p>Aun as\u00ed, varios han muerto en el \u00e1rea de urgencias sentados en una silla y conectados a un tanque de ox\u00edgeno, antes de tener acceso a una cama.<\/p>\n<p>Los cuerpos de aquellos que perdieron la batalla contra el COVID-19 son guardados en bolsas y permanecen por horas en el \u00e1rea donde perecieron, antes de ser trasladados al mortuorio para ser entregados a sus familiares.<\/p>\n<p>Quienes siguen luchando por sobrevivir a la pandemia, ingieren sus alimentos, toman su medicina y se aferran a la vida al lado de un cad\u00e1ver.<\/p>\n<p>Aunque son espacios de transici\u00f3n en lo que se determina si los pacientes requieren o no ser hospitalizados, las salas de urgencia de los nosocomios COVID se han convertido en una extensi\u00f3n del \u00e1rea de hospitalizaci\u00f3n, pero sin la infraestructura para ello.<\/p>\n<p>La saturaci\u00f3n de ese espacio hace que anteceda una larga espera para ingresar al \u00e1rea que se supone, d\u00e9 valoraci\u00f3n de los pacientes; antes estos tienen que pasar un filtro, denominado triage, del cual muchos son enviados a casa por falta de camas en los hospitales o esperan a que se desocupe una silla para acceder al \u00e1rea de urgencias.<\/p>\n<p>Es en ese filtro en el que media decena de personas han fallecido en el Hospital General de Tijuana durante la pandemia.<\/p>\n<p>Ante ello, cansados de navegar con sus enfermos de un hospital p\u00fablico a otro sin lograr su ingreso hospitalario, algunos pacientes o las familias de estos, hacen un esfuerzo econ\u00f3mico para recurrir a m\u00e9dicos particulares, adquiriendo por cuenta propia el medicamento y tratamiento que puede fluctuar entre 5 mil y 40 mil pesos, dependiendo el estado del paciente.<\/p>\n<p>Los que carecen de recursos econ\u00f3micos no tienen m\u00e1s remedio que conformarse con esperar ser ingresados a un hospital p\u00fablico, para ser atendidos aunque sea sentados en una silla. Caso contrario, se resguardan en sus viviendas donde perecen, muestra de ello es que en el \u00faltimo mes se ha incrementado el n\u00famero de personas fallecidas en sus casas con s\u00edntomas asociados a coronavirus, registr\u00e1ndose un promedio semanal de 60 defunciones por esa causa.<\/p>\n<p><img loading=\"lazy\" decoding=\"async\" data-attachment-id=\"49303\" data-permalink=\"https:\/\/www.grieta.org.mx\/index.php\/2020\/05\/15\/la-crisis-de-los-hospitales-covid-19-desabasto-de-medicinas-y-falta-de-camas-baja-california\/tabla-bc-2048x701\/\" data-orig-file=\"https:\/\/www.grieta.org.mx\/wp-content\/uploads\/2020\/05\/Tabla-BC-2048x701.jpg\" data-orig-size=\"2048,701\" data-comments-opened=\"0\" data-image-meta=\"{&quot;aperture&quot;:&quot;0&quot;,&quot;credit&quot;:&quot;&quot;,&quot;camera&quot;:&quot;&quot;,&quot;caption&quot;:&quot;&quot;,&quot;created_timestamp&quot;:&quot;0&quot;,&quot;copyright&quot;:&quot;&quot;,&quot;focal_length&quot;:&quot;0&quot;,&quot;iso&quot;:&quot;0&quot;,&quot;shutter_speed&quot;:&quot;0&quot;,&quot;title&quot;:&quot;&quot;,&quot;orientation&quot;:&quot;0&quot;}\" data-image-title=\"Tabla-BC-2048&amp;#215;701\" data-image-description=\"\" data-image-caption=\"\" data-medium-file=\"https:\/\/www.grieta.org.mx\/wp-content\/uploads\/2020\/05\/Tabla-BC-2048x701-300x103.jpg\" data-large-file=\"https:\/\/www.grieta.org.mx\/wp-content\/uploads\/2020\/05\/Tabla-BC-2048x701-1024x351.jpg\" class=\"aligncenter wp-image-49303\" src=\"http:\/\/www.grieta.org.mx\/wp-content\/uploads\/2020\/05\/Tabla-BC-2048x701.jpg\" alt=\"\" width=\"800\" height=\"274\" srcset=\"https:\/\/www.grieta.org.mx\/wp-content\/uploads\/2020\/05\/Tabla-BC-2048x701.jpg 2048w, https:\/\/www.grieta.org.mx\/wp-content\/uploads\/2020\/05\/Tabla-BC-2048x701-300x103.jpg 300w, https:\/\/www.grieta.org.mx\/wp-content\/uploads\/2020\/05\/Tabla-BC-2048x701-768x263.jpg 768w, https:\/\/www.grieta.org.mx\/wp-content\/uploads\/2020\/05\/Tabla-BC-2048x701-1024x351.jpg 1024w, https:\/\/www.grieta.org.mx\/wp-content\/uploads\/2020\/05\/Tabla-BC-2048x701-1461x500.jpg 1461w\" sizes=\"auto, (max-width: 800px) 100vw, 800px\" \/><\/p>\n<p><img loading=\"lazy\" decoding=\"async\" data-attachment-id=\"49304\" data-permalink=\"https:\/\/www.grieta.org.mx\/index.php\/2020\/05\/15\/la-crisis-de-los-hospitales-covid-19-desabasto-de-medicinas-y-falta-de-camas-baja-california\/tabla-tijuana-2048x701\/\" data-orig-file=\"https:\/\/www.grieta.org.mx\/wp-content\/uploads\/2020\/05\/Tabla-Tijuana-2048x701.jpg\" data-orig-size=\"2048,701\" data-comments-opened=\"0\" data-image-meta=\"{&quot;aperture&quot;:&quot;0&quot;,&quot;credit&quot;:&quot;&quot;,&quot;camera&quot;:&quot;&quot;,&quot;caption&quot;:&quot;&quot;,&quot;created_timestamp&quot;:&quot;0&quot;,&quot;copyright&quot;:&quot;&quot;,&quot;focal_length&quot;:&quot;0&quot;,&quot;iso&quot;:&quot;0&quot;,&quot;shutter_speed&quot;:&quot;0&quot;,&quot;title&quot;:&quot;&quot;,&quot;orientation&quot;:&quot;0&quot;}\" data-image-title=\"Tabla-Tijuana-2048&amp;#215;701\" data-image-description=\"\" data-image-caption=\"\" data-medium-file=\"https:\/\/www.grieta.org.mx\/wp-content\/uploads\/2020\/05\/Tabla-Tijuana-2048x701-300x103.jpg\" data-large-file=\"https:\/\/www.grieta.org.mx\/wp-content\/uploads\/2020\/05\/Tabla-Tijuana-2048x701-1024x351.jpg\" class=\"aligncenter wp-image-49304\" src=\"http:\/\/www.grieta.org.mx\/wp-content\/uploads\/2020\/05\/Tabla-Tijuana-2048x701.jpg\" alt=\"\" width=\"800\" height=\"274\" srcset=\"https:\/\/www.grieta.org.mx\/wp-content\/uploads\/2020\/05\/Tabla-Tijuana-2048x701.jpg 2048w, https:\/\/www.grieta.org.mx\/wp-content\/uploads\/2020\/05\/Tabla-Tijuana-2048x701-300x103.jpg 300w, https:\/\/www.grieta.org.mx\/wp-content\/uploads\/2020\/05\/Tabla-Tijuana-2048x701-768x263.jpg 768w, https:\/\/www.grieta.org.mx\/wp-content\/uploads\/2020\/05\/Tabla-Tijuana-2048x701-1024x351.jpg 1024w, https:\/\/www.grieta.org.mx\/wp-content\/uploads\/2020\/05\/Tabla-Tijuana-2048x701-1461x500.jpg 1461w\" sizes=\"auto, (max-width: 800px) 100vw, 800px\" \/><\/p>\n<p>SOLO SILLAS DISPONIBLES<\/p>\n<p>Con temperatura de alrededor de 40 grados Cent\u00edgrados, dolores musculares intensos y dificultad para respirar cada vez m\u00e1s aguda, Ana acudi\u00f3 a la Unidad de Medicina Familiar N\u00famero 18 del Instituto Mexicano del Seguro Social (IMSS) en Tijuana el s\u00e1bado 9 de mayo.<\/p>\n<p>Por ser sintomatolog\u00eda asociada a COVID-19, fue canalizada al Hospital General Regional N\u00famero 1, donde le practicaron una prueba y la mantuvieron por horas sentada en una silla de la sala de urgencias, sin proveerle de ox\u00edgeno \u201cporque ya estaba agotado\u201d.<\/p>\n<p>Ante la advertencia del personal de que as\u00ed pod\u00eda permanecer por d\u00edas, al no haber camas disponibles para internarla, las hijas de Ana optaron por sacarla del nosocomio y llev\u00e1rsela a casa, donde fue atendida por un m\u00e9dico particular.<\/p>\n<p>Adem\u00e1s de comprar medicamentos, la familia de Ana tuvo que rentar un tanque de ox\u00edgeno en 4 mil 700 pesos, el cual solo le dur\u00f3 un d\u00eda y medio, teniendo que pagar 700 pesos m\u00e1s cada vez que se rellen\u00f3 durante los diez d\u00edas de tratamiento.<\/p>\n<p><a href=\"https:\/\/zetatijuana.com\/wp-content\/uploads\/2020\/05\/WhatsApp-Video-2020-05-15-at-10.11.16.mp4?_=1\">https:\/\/zetatijuana.com\/wp-content\/uploads\/2020\/05\/WhatsApp-Video-2020-05-15-at-10.11.16.mp4?_=1<\/a><\/p>\n<p>El estado de la mujer empeor\u00f3, al grado que el m\u00e9dico vaticin\u00f3 en una ocasi\u00f3n que no pasar\u00eda la noche. No fue as\u00ed, ella sobrevivi\u00f3 siendo atendida en su domicilio de El Laurel, al Este de Tijuana, por no alcanzar una cama en un hospital COVID-19.<\/p>\n<p>El viacrucis para acceder a una atenci\u00f3n hospitalaria digna, no se refleja en la estad\u00edstica del secretario de Salud de Baja California, Alonso P\u00e9rez Rico, con la que sostiene que la ocupaci\u00f3n hospitalaria de Tijuana es de 72%, lo que significa una disposici\u00f3n de por lo menos 350 camas para la atenci\u00f3n de los pacientes infectados de coronavirus, tanto en los hospitales reconvertidos a COVID-19, como las cl\u00ednicas de apoyo.<\/p>\n<p>Muestra de que los n\u00fameros que a diario presenta el funcionario son una falacia, es el hecho de que el caso de Ana no ha sido la \u00fanica paciente que se ha visto obligada a atenderse del coronavirus desde su casa, por falta de espacio en los hospitales.<\/p>\n<p>El 20 de abril, Miguel \u00c1ngel Jim\u00e9nez registr\u00f3 s\u00edntomas leves asociados a SARS-CoV-2, por lo que opt\u00f3 por resguardarse en casa, pero una semana despu\u00e9s, el 27 de abril, comenz\u00f3 a tener dificultades para respirar. Acudi\u00f3 al Hospital General de Tijuana, pero solo hab\u00eda espacio para ser atendido en sillas, aun cuando las autoridades de salud reportan una ocupaci\u00f3n hospitalaria del 76% en este nosocomio, lo que significa una disposici\u00f3n de 36 de las 150 camas con las que est\u00e1 habilitado.<\/p>\n<p>Opt\u00f3 por trasladarse al Hospital General Regional N\u00famero 20 del IMSS, siendo ingresado a la sala de urgencias, donde observ\u00f3 a una docena de pacientes tambi\u00e9n sentados en sillas, con tanques de ox\u00edgeno a un lado, esperando se desocupara una cama para ser hospitalizados.<\/p>\n<p><img loading=\"lazy\" decoding=\"async\" data-attachment-id=\"49305\" data-permalink=\"https:\/\/www.grieta.org.mx\/index.php\/2020\/05\/15\/la-crisis-de-los-hospitales-covid-19-desabasto-de-medicinas-y-falta-de-camas-baja-california\/coronavirustijuanaenfermeras41b_01-300x300\/\" data-orig-file=\"https:\/\/www.grieta.org.mx\/wp-content\/uploads\/2020\/05\/coronavirustijuanaenfermeras41b_01-300x300.jpg\" data-orig-size=\"300,300\" data-comments-opened=\"0\" data-image-meta=\"{&quot;aperture&quot;:&quot;0&quot;,&quot;credit&quot;:&quot;&quot;,&quot;camera&quot;:&quot;&quot;,&quot;caption&quot;:&quot;&quot;,&quot;created_timestamp&quot;:&quot;0&quot;,&quot;copyright&quot;:&quot;&quot;,&quot;focal_length&quot;:&quot;0&quot;,&quot;iso&quot;:&quot;0&quot;,&quot;shutter_speed&quot;:&quot;0&quot;,&quot;title&quot;:&quot;&quot;,&quot;orientation&quot;:&quot;0&quot;}\" data-image-title=\"coronavirustijuanaenfermeras41b_01-300&amp;#215;300\" data-image-description=\"\" data-image-caption=\"\" data-medium-file=\"https:\/\/www.grieta.org.mx\/wp-content\/uploads\/2020\/05\/coronavirustijuanaenfermeras41b_01-300x300.jpg\" data-large-file=\"https:\/\/www.grieta.org.mx\/wp-content\/uploads\/2020\/05\/coronavirustijuanaenfermeras41b_01-300x300.jpg\" class=\"aligncenter wp-image-49305\" src=\"http:\/\/www.grieta.org.mx\/wp-content\/uploads\/2020\/05\/coronavirustijuanaenfermeras41b_01-300x300.jpg\" alt=\"\" width=\"800\" height=\"800\" srcset=\"https:\/\/www.grieta.org.mx\/wp-content\/uploads\/2020\/05\/coronavirustijuanaenfermeras41b_01-300x300.jpg 300w, https:\/\/www.grieta.org.mx\/wp-content\/uploads\/2020\/05\/coronavirustijuanaenfermeras41b_01-300x300-150x150.jpg 150w, https:\/\/www.grieta.org.mx\/wp-content\/uploads\/2020\/05\/coronavirustijuanaenfermeras41b_01-300x300-130x130.jpg 130w\" sizes=\"auto, (max-width: 800px) 100vw, 800px\" \/><\/p>\n<p>La Cl\u00ednica 20 del IMSS es una unidad de apoyo que dispone de cien camas para atender a los pacientes COVID, de las cuales oficialmente se reporta la ocupaci\u00f3n del 52%.<\/p>\n<p>\u201cLes pregunt\u00e9 a esas personas cu\u00e1ntos d\u00edas ten\u00edan ah\u00ed, unos respondieron que tres, otros que cuatro d\u00edas ten\u00edan ah\u00ed esperando, sentados en una sillas duras, la verdad agarr\u00e9 mis cosas y me sal\u00ed\u201d, expuso.<\/p>\n<p>Entonces decidi\u00f3 acudir al Hospital \u00c1ngeles, donde se dispuso una carpa en el estacionamiento para la atenci\u00f3n de pacientes con sintomatolog\u00eda de coronavirus.<\/p>\n<p>Ah\u00ed lo atendi\u00f3 la doctora Michel Mart\u00ednez, quien adem\u00e1s de la Hidroxicloroquina que suministra a los enfermos atendidos en los hospitales p\u00fablicos, le recet\u00f3 Baricitinib, de un costo de 21 mil pesos, as\u00ed como Clexane y Prednisona, f\u00e1rmacos que en total le implicaron un desembolso mayor a 22 mil pesos. A ese gasto se sum\u00f3 la renta de un concentrado de ox\u00edgeno por 2 mil pesos a la semana.<\/p>\n<p>Con todo y que Miguel \u00c1ngel padece comorbilidades como diabetes, hipotiroidismo, adem\u00e1s de haber padecido un infarto en 2019, logr\u00f3 superar la etapa grave del coronavirus, y aunque permanece en resguardo en su casa, el 6 de mayo concluy\u00f3 el tratamiento.<\/p>\n<p>\u201cInclusive la doctora que me est\u00e1 tratando anda consiguiendo medicamentos que nos sobraron a los que ya estuvimos enfermos para ayudar a enfermeros y enfermeras que se est\u00e1n contagiando, yo le regal\u00e9 los medicamentos que me sobraron para una enfermera que estaba muy grave en el Hospital General; si tuvieran esos medicamentos en el Hospital General, la doctora no estar\u00eda consigui\u00e9ndolos\u201d, reflexion\u00f3.<\/p>\n<p>De su experiencia, Miguel \u00c1ngel comparti\u00f3: \u201cLa verdad es triste, me da mucho coraje que nuestras instituciones no tengan los medicamentos id\u00f3neos ni la capacidad para poder recibir a los enfermos. Es lamentable que la gente se est\u00e9 muriendo por falta de medicina y de hospitalizaci\u00f3n afuera de los hospitales\u201d.<\/p>\n<p>ENFERMOS PERMANECEN EN SILLAS SIN TIEMPO DETERMINADO<\/p>\n<p>Respecto a los pacientes atendidos en sillas en los hospitales reconvertidos a COVID-19, el secretario de Salud de Baja California, lo consider\u00f3 necesario para que puedan ser valorados por un m\u00e9dico.<\/p>\n<p>\u201cNo vamos a dar de alta a ning\u00fan paciente que est\u00e9 pendiente de, por decir, no te quiero aqu\u00ed m\u00e1s de dos d\u00edas, te voy a dar de alta, no; se van a quedar el tiempo que sea necesario para que un m\u00e9dico valores si se puede ir a su casa de forma segura o requiere hospitalizaci\u00f3n porque lo vamos a intubar\u201d.<\/p>\n<p>Cuestionado por cu\u00e1nto tiempo requiere esa valoraci\u00f3n, el funcionario anot\u00f3 que \u201cdependiendo el paciente, este\u2026 no te sabr\u00eda decir m\u00e1s de dos d\u00edas un caso en espec\u00edfico, lo que s\u00ed te comento es que urgencias es un \u00e1rea de transici\u00f3n para ver si el paciente requiere hospitalizaci\u00f3n o se requiere ir a su casa\u201d.<\/p>\n<p>En cambio, la delegada del IMSS en Baja California, Desir\u00e9e Sagarnaga, no reconoci\u00f3 la atenci\u00f3n a pacientes por m\u00e1s de un d\u00eda en sillas: \u201cEn Fase 3 estamos con camas a\u00fan, con personal y con ventiladores y una tasa de letalidad que no supera al promedio estatal, esas son las cifras que deben contar, al final uno debe contar si lo hiciste bien, si lo hiciste mal\u201d. La funcionaria subray\u00f3 que en ninguna cl\u00ednica del Instituto se ha tenido que rechazar a pacientes.<\/p>\n<p><img loading=\"lazy\" decoding=\"async\" data-attachment-id=\"49306\" data-permalink=\"https:\/\/www.grieta.org.mx\/index.php\/2020\/05\/15\/la-crisis-de-los-hospitales-covid-19-desabasto-de-medicinas-y-falta-de-camas-baja-california\/coronavirustijuanaenfermeras39b_01\/\" data-orig-file=\"https:\/\/www.grieta.org.mx\/wp-content\/uploads\/2020\/05\/coronavirustijuanaenfermeras39b_01.jpg\" data-orig-size=\"633,670\" data-comments-opened=\"0\" data-image-meta=\"{&quot;aperture&quot;:&quot;0&quot;,&quot;credit&quot;:&quot;&quot;,&quot;camera&quot;:&quot;&quot;,&quot;caption&quot;:&quot;&quot;,&quot;created_timestamp&quot;:&quot;0&quot;,&quot;copyright&quot;:&quot;&quot;,&quot;focal_length&quot;:&quot;0&quot;,&quot;iso&quot;:&quot;0&quot;,&quot;shutter_speed&quot;:&quot;0&quot;,&quot;title&quot;:&quot;&quot;,&quot;orientation&quot;:&quot;0&quot;}\" data-image-title=\"coronavirustijuanaenfermeras39b_01\" data-image-description=\"\" data-image-caption=\"\" data-medium-file=\"https:\/\/www.grieta.org.mx\/wp-content\/uploads\/2020\/05\/coronavirustijuanaenfermeras39b_01-283x300.jpg\" data-large-file=\"https:\/\/www.grieta.org.mx\/wp-content\/uploads\/2020\/05\/coronavirustijuanaenfermeras39b_01.jpg\" class=\"aligncenter wp-image-49306\" src=\"http:\/\/www.grieta.org.mx\/wp-content\/uploads\/2020\/05\/coronavirustijuanaenfermeras39b_01.jpg\" alt=\"\" width=\"800\" height=\"847\" srcset=\"https:\/\/www.grieta.org.mx\/wp-content\/uploads\/2020\/05\/coronavirustijuanaenfermeras39b_01.jpg 633w, https:\/\/www.grieta.org.mx\/wp-content\/uploads\/2020\/05\/coronavirustijuanaenfermeras39b_01-283x300.jpg 283w, https:\/\/www.grieta.org.mx\/wp-content\/uploads\/2020\/05\/coronavirustijuanaenfermeras39b_01-472x500.jpg 472w\" sizes=\"auto, (max-width: 800px) 100vw, 800px\" \/><\/p>\n<p>FALSA ESTAD\u00cdSTICA DE OCUPACI\u00d3N HOSPITALARIA<\/p>\n<p>En las \u00faltimas 48 horas, Baja California increment\u00f3 en 311 el n\u00famero de pacientes positivos a COVID-19, de los cuales 157 se registraron en Tijuana y que no se vio reflejado en la ocupaci\u00f3n hospitalaria, pues seg\u00fan la estad\u00edstica del secretario de Salud, Alonso P\u00e9rez Rico, se coloca en un 81.6%.<\/p>\n<p>En el caso del Hospital General de Tijuana, habilitado con 150 camas, el secretario report\u00f3 una ocupaci\u00f3n de 75%, con 46 camas disponibles, no obstante que los pacientes siguen siendo retenidos en la unidad de urgencias, al no haber cupo para su adecuada hospitalizaci\u00f3n. De hecho, m\u00e9dicos del General confiaron a ZETA que es mentira la disponibilidad de camas en esa unidad.<\/p>\n<p>De los hospitales del IMSS, el funcionario tambi\u00e9n presenta la misma estad\u00edstica de ocupaci\u00f3n irreal, como es el caso del Hospital General Regional N\u00famero 1, tambi\u00e9n ubicado en Tijuana, del que subray\u00f3 una ocupaci\u00f3n hospitalaria de 73.4%, con 42 camas desocupadas de las 194 que dispone.<\/p>\n<p>En ninguno de los reportes diarios presentado por P\u00e9rez Rico en los m\u00e1s de dos meses desde que se report\u00f3 el primer caso de coronavirus en BC, ha dado cuenta de una ocupaci\u00f3n hospitalaria arriba de ese porcentaje.<\/p>\n<p>Respecto a las condiciones en que operan los hospitales que atienden a personas infectadas con coronavirus, en los que se atiende a pacientes por falta de camas, se carece de medicamentos suficientes, entre otros insumos, expuso: \u201cHay d\u00e9ficit, por supuesto que s\u00ed, como en todos los hospitales, lo bueno del COVID es que nos est\u00e1 demostrando que debemos tener una preparaci\u00f3n de extensiva en cuanto a Equipo de Protecci\u00f3n Personal, medicamentos, disposici\u00f3n de camas, ventiladores; ser preventivos con relaci\u00f3n de los pacientes, el d\u00e9ficit de los medicamentos\u201d.<\/p>\n<p><a href=\"https:\/\/zetatijuana.com\/wp-content\/uploads\/2020\/05\/WhatsApp-Video-2020-05-15-at-10.11.15.mp4?_=2\">https:\/\/zetatijuana.com\/wp-content\/uploads\/2020\/05\/WhatsApp-Video-2020-05-15-at-10.11.15.mp4?_=2<\/a><\/p>\n<p>RECHAZADOS RECURREN A ATENCI\u00d3N PARTICULAR<\/p>\n<p>La realidad que le ha tocado atender a la doctora Michel Mart\u00ednez Franco, encargada de la unidad de evaluaci\u00f3n respiratoria del Hospital \u00c1ngeles, es distinta a las que describen las autoridades de salud.<\/p>\n<p>Indic\u00f3 que ha atendido a pacientes con neumon\u00eda que llegan a la carpa del nosocomio privado despu\u00e9s de haber recorrido hasta por tres ocasiones los filtros de los hospitales del IMSS o del General, sin ser atendidos cl\u00ednicamente. Despu\u00e9s de ser valorados en el nosocomio privado se les provee de tratamiento, el cual llevan desde sus viviendas.<\/p>\n<p>\u201cHe tomado la decisi\u00f3n de manejarlos en casa, les prescribo el medicamentos que hemos utilizado en los hospitalizados, ox\u00edgeno en casa para el que lo requiere, l\u00edquidos v\u00eda oral incluyendo electrolitos, solicito laboratorio espec\u00edficos para evaluar paciente con enfermedad de COVID, les recomiendo monitoreo en casa de pulso, oximetr\u00eda -para saber su nivel de oxigenaci\u00f3n-, temperatura y les proporciono gu\u00eda de aislamiento en casa\u201d, detall\u00f3.<\/p>\n<p>A trav\u00e9s de v\u00eddeollamada, se da continuidad a la atenci\u00f3n m\u00e9dica de los pacientes y cada enfermo que se atiende desde casa cuenta con un responsable que asegura su cuidado m\u00e9dico, sin importar si es de escasos recursos.<\/p>\n<p>\u201cCreo que hemos evitado muchos ingresos en los hospitales p\u00fablicos\u201d, dijo al precisar que a diario se atienden de 36 a 40 pacientes en esa unidad.<\/p>\n<p>Sin precisar una cantidad exacta de personas contagiadas de coronavirus que han sido atendidas con tratamientos desde sus casa, \u201cson cientos de pacientes y todos est\u00e1n vivos\u201d, solo uno requiri\u00f3 ser internado en hospital y ya se ha recuperado.<\/p>\n<p><img loading=\"lazy\" decoding=\"async\" data-attachment-id=\"49307\" data-permalink=\"https:\/\/www.grieta.org.mx\/index.php\/2020\/05\/15\/la-crisis-de-los-hospitales-covid-19-desabasto-de-medicinas-y-falta-de-camas-baja-california\/coronavirustijuanaclinica1-13b_01\/\" data-orig-file=\"https:\/\/www.grieta.org.mx\/wp-content\/uploads\/2020\/05\/coronavirustijuanaclinica1-13b_01.jpg\" data-orig-size=\"670,447\" data-comments-opened=\"0\" data-image-meta=\"{&quot;aperture&quot;:&quot;0&quot;,&quot;credit&quot;:&quot;&quot;,&quot;camera&quot;:&quot;&quot;,&quot;caption&quot;:&quot;&quot;,&quot;created_timestamp&quot;:&quot;0&quot;,&quot;copyright&quot;:&quot;&quot;,&quot;focal_length&quot;:&quot;0&quot;,&quot;iso&quot;:&quot;0&quot;,&quot;shutter_speed&quot;:&quot;0&quot;,&quot;title&quot;:&quot;&quot;,&quot;orientation&quot;:&quot;0&quot;}\" data-image-title=\"coronavirustijuanaclinica1-13b_01\" data-image-description=\"\" data-image-caption=\"\" data-medium-file=\"https:\/\/www.grieta.org.mx\/wp-content\/uploads\/2020\/05\/coronavirustijuanaclinica1-13b_01-300x200.jpg\" data-large-file=\"https:\/\/www.grieta.org.mx\/wp-content\/uploads\/2020\/05\/coronavirustijuanaclinica1-13b_01.jpg\" class=\"aligncenter wp-image-49307\" src=\"http:\/\/www.grieta.org.mx\/wp-content\/uploads\/2020\/05\/coronavirustijuanaclinica1-13b_01.jpg\" alt=\"\" width=\"800\" height=\"534\" srcset=\"https:\/\/www.grieta.org.mx\/wp-content\/uploads\/2020\/05\/coronavirustijuanaclinica1-13b_01.jpg 670w, https:\/\/www.grieta.org.mx\/wp-content\/uploads\/2020\/05\/coronavirustijuanaclinica1-13b_01-300x200.jpg 300w\" sizes=\"auto, (max-width: 800px) 100vw, 800px\" \/><br \/>\nFoto: Alejandro Guti\u00e9rrez Mora\/ZETA<\/p>\n<p>DESABASTO DE MEDICAMENTOS EN HOSPITALES COVID-19<\/p>\n<p>Improvisado en un inicio como unidad m\u00e9dica COVID-19, el Hospital General de Subzona N\u00famero 6, ubicado en Tecate, fue adecuado hace un par de semanas para recibir a los pacientes contagiados de coronavirus.<\/p>\n<p>El nosocomio h\u00edbrido fue ampliado para contar con 36 camas censables, por lo que ya no ha sido necesario atender a pacientes en sillas como sucedi\u00f3 en la segunda quincena de abril.<\/p>\n<p>Sin embargo, el personal m\u00e9dico contin\u00faa enfrentando penurias para brindar atenci\u00f3n a los pacientes que acuden con s\u00edntomas de coronavirus, como es la falta de f\u00e1rmacos, al agotarse desde hace una semana la Hidroxicloroquina, uno de los principales medicamentos que se suministra a los pacientes graves.<\/p>\n<p>El f\u00e1rmaco no ha sido reemplazado por ning\u00fan otro, \u201cel d\u00e9ficit no se cubre, no lo hay y no se le aplica al paciente, en tanto se siguen registrando defunciones\u201d, comparti\u00f3 a ZETA personal m\u00e9dico de ese nosocomio. En la \u00faltima semana el municipio de Tecate increment\u00f3 de 13 a 18 el n\u00famero de fallecimientos por COVID.<\/p>\n<p>Es tal la condici\u00f3n precaria que guarda esta unidad hospitalaria tanto por falta de medicamento como de personal m\u00e9dico especializado, que ante el estado cr\u00edtico que guardaba un chofer de ambulancia de esa cl\u00ednica que result\u00f3 contagiado, sus compa\u00f1eros optaron por enviarlo a la unidad de terapia intensiva del Hospital General Regional N\u00famero 1 de Tijuana, del que las autoridades reportan una ocupaci\u00f3n hospitalaria del 65%.<\/p>\n<p>La saturaci\u00f3n de ese hospital es tal que el paciente -quien tambi\u00e9n se desempe\u00f1a como voluntario del H. Cuerpo de Bomberos de Tecate- tuvo que esperar tres d\u00edas para que se desocupara una cama y poder ser internado la noche del lunes 11 de mayo.<\/p>\n<p>El Regional N\u00famero 1 no es el \u00fanico hospital que enfrenta la falta de tratamiento suficiente para atender la pandemia, el Hospital General de Tijuana tambi\u00e9n enfrenta falta de medicamentos para atender los pacientes, algo que no es nuevo en ese nosocomio, \u201ces nuestro tal\u00f3n de Aquiles\u201d, anot\u00f3 el director Alberto Reyes Escamilla.<\/p>\n<p>En su desesperaci\u00f3n por atender en forma adecuada a los pacientes, el galeno ha enfrentado a las autoridades de Salud al exigir el suministro adecuado de insumos, \u201ccuando me dicen que no tienen el recurso econ\u00f3mico o que no hay en existencia, les comento que el dinero es tambi\u00e9n para el pueblo, pues de ellos proviene\u201d, indic\u00f3 el director del Hospital General.<\/p>\n<p>No obstante a esta realidad que enfrentan los nosocomios que atienden a los infectados del pat\u00f3geno, el secretario P\u00e9rez Rico sostiene que se cuenta con 12 mil cajas de Hidroxicloroquina y otro tanto de Azitromicina, f\u00e1rmacos que se suministra a los pacientes en los hospitales p\u00fablicos. Adem\u00e1s, asegur\u00f3 que se cuenta con abasto suficiente de \u201canalg\u00e9sicos, antiinflamatorios, ox\u00edgeno, eso es lo que les podemos dar a los pacientes y, si hubiera un tratamiento espec\u00edfico, que le pudi\u00e9ramos dar para que ayudara, pues lo damos, pero no existe\u201d, reconoci\u00f3.<\/p>\n<p><img loading=\"lazy\" decoding=\"async\" data-attachment-id=\"49308\" data-permalink=\"https:\/\/www.grieta.org.mx\/index.php\/2020\/05\/15\/la-crisis-de-los-hospitales-covid-19-desabasto-de-medicinas-y-falta-de-camas-baja-california\/coronavirustijuanaclinica1-11b_01\/\" data-orig-file=\"https:\/\/www.grieta.org.mx\/wp-content\/uploads\/2020\/05\/coronavirustijuanaclinica1-11b_01.jpg\" data-orig-size=\"670,447\" data-comments-opened=\"0\" data-image-meta=\"{&quot;aperture&quot;:&quot;0&quot;,&quot;credit&quot;:&quot;&quot;,&quot;camera&quot;:&quot;&quot;,&quot;caption&quot;:&quot;&quot;,&quot;created_timestamp&quot;:&quot;0&quot;,&quot;copyright&quot;:&quot;&quot;,&quot;focal_length&quot;:&quot;0&quot;,&quot;iso&quot;:&quot;0&quot;,&quot;shutter_speed&quot;:&quot;0&quot;,&quot;title&quot;:&quot;&quot;,&quot;orientation&quot;:&quot;0&quot;}\" data-image-title=\"coronavirustijuanaclinica1-11b_01\" data-image-description=\"\" data-image-caption=\"\" data-medium-file=\"https:\/\/www.grieta.org.mx\/wp-content\/uploads\/2020\/05\/coronavirustijuanaclinica1-11b_01-300x200.jpg\" data-large-file=\"https:\/\/www.grieta.org.mx\/wp-content\/uploads\/2020\/05\/coronavirustijuanaclinica1-11b_01.jpg\" class=\"aligncenter wp-image-49308\" src=\"http:\/\/www.grieta.org.mx\/wp-content\/uploads\/2020\/05\/coronavirustijuanaclinica1-11b_01.jpg\" alt=\"\" width=\"800\" height=\"534\" srcset=\"https:\/\/www.grieta.org.mx\/wp-content\/uploads\/2020\/05\/coronavirustijuanaclinica1-11b_01.jpg 670w, https:\/\/www.grieta.org.mx\/wp-content\/uploads\/2020\/05\/coronavirustijuanaclinica1-11b_01-300x200.jpg 300w\" sizes=\"auto, (max-width: 800px) 100vw, 800px\" \/><br \/>\nFoto: Alejandro Guti\u00e9rrez Mora\/ZETA<\/p>\n<p>REACOMODO DE PERSONAL PARA CUBRIR D\u00c9FICIT<\/p>\n<p>En un turno, una sola enfermera de cualquiera de los hospitales del IMSS Tijuana, atiende hasta 20 pacientes de SARS-CoV-2, sobrecarga de trabajo que se registra desde que comenz\u00f3 el arribo de los primeros contagiados a la fecha.<\/p>\n<p>Pese a que a mediados de abril tanto las autoridades del IMSS como de la Secretar\u00eda de Salud dijeron tener abierta la convocatoria para la contrataci\u00f3n de m\u00e9dicos y enfermeras, ha sido poco el personal de nuevo ingreso contratado.<\/p>\n<p>En el caso del IMSS, la delegada regional Desir\u00e9e Sagarnaga Durante destac\u00f3 la autorizaci\u00f3n de 600 plazas, pero no supo determinar la cantidad de personal contratado para cubrir el d\u00e9ficit que enfrentan las unidades m\u00e9dicas del Instituto.<\/p>\n<p>En el caso de los hospitales del Sector Salud estatal, Alonso P\u00e9rez Rico, coment\u00f3: \u201cLlevamos m\u00e1s de 260 personas contratadas en el Estado, m\u00e1s de 80 m\u00e9dicos, una cantidad incre\u00edble para un periodo tan corto; much\u00edsimas enfermeras hemos contratado, m\u00e1s de 150 en contrataci\u00f3n activa\u201d.<\/p>\n<p>El secretario agreg\u00f3 que con la cantidad de personal contratado, solo se requerir\u00e1n 20 enfermeras m\u00e1s en Tijuana, 40 en Mexicali, 10 en Rosarito y 10 en Ensenada.<\/p>\n<p>Sin embargo, de acuerdo al d\u00e9ficit de personal reportado por el director del Hospital General de Tijuana, Alberto Reyes Escamilla, faltan 120 enfermeras y 60 m\u00e9dicos.<\/p>\n<p>Son pocos los que han sido contratados para ese nosocomio, y los de nuevo ingreso son m\u00e9dicos generales, cuando \u201cnecesitamos intensivistas, urgenci\u00f3logos, internistas, neum\u00f3logos, principalmente, adem\u00e1s de camilleros y personal de intendencia y mantenimiento\u201d.<\/p>\n<p>Para cubrir la carencia de personal, se ha visto obligado a efectuar un reacomodo, asignando a los espacios COVID personal de otras \u00e1reas; incluso \u201cped\u00ed ayuda de los m\u00e9dicos militares, y nada\u201d, concluy\u00f3 Reyes Escamilla.<\/p>\n<p>Por falta de trajes COVID, autoridades suspendieron operativos en funerarias<\/p>\n<p>Del 1 de mayo a la fecha, en Tijuana han perecido 157 personas por COVID-19, teniendo la mayor\u00eda de los deudos que pagar un sobreprecio en los servicios funerarios, al no respetar la mayor\u00eda de las empresas f\u00fanebres, el convenio firmado el 4 de mayo con la autoridad, de mantener a un costo de 7 mil pesos el precio de las cremaciones, sean o no decesos por coronavirus.<\/p>\n<p>A pesar de ello, despu\u00e9s del \u00faltimo operativo -de solo dos efectuados durante la pandemia-realizado el 30 de abril en funerarias, ninguna autoridad de los tres niveles de gobierno ha realizado una nueva inspecci\u00f3n, no obstante que suponen que estos negocios contin\u00faan incurriendo en irregularidades como el sobre cobro de los servicios funerarios y acumulando cad\u00e1veres en sus instalaciones al no contar con hornos crematorios, o de tenerlos, no darse abasto en la incineraci\u00f3n de cuerpos.<\/p>\n<p>Ante ello, el delegado \u00fanico federal Jes\u00fas Alejandro Ru\u00edz Uribe justific\u00f3 la inacci\u00f3n de las autoridades de Cofepris y Profeco ante la falta de equipo de protecci\u00f3n del personal que realiza la inspecci\u00f3n.<\/p>\n<p>\u201cVamos a seguir interviniendo, solo que ocupamos trajes COVID porque entran los muchachos y est\u00e1n los cuerpos ah\u00ed\u201d, dijo, adem\u00e1s de considerar la reanudaci\u00f3n de operativos en la semana que concluye.<\/p>\n<p>El funcionario agreg\u00f3 que a la fecha, 17 funerarias han firmado el convenio, pero no todas lo han respetado, siendo algunas obligadas al cobro de sobreprecio cuando los usuarios interponen quejas, pero sin realizarse una nueva inspecci\u00f3n. Isabel Mercado Ju\u00e1rez<\/p>\n<p><img loading=\"lazy\" decoding=\"async\" data-attachment-id=\"49309\" data-permalink=\"https:\/\/www.grieta.org.mx\/index.php\/2020\/05\/15\/la-crisis-de-los-hospitales-covid-19-desabasto-de-medicinas-y-falta-de-camas-baja-california\/coronavirustijuanaclinica1-10b_01\/\" data-orig-file=\"https:\/\/www.grieta.org.mx\/wp-content\/uploads\/2020\/05\/coronavirustijuanaclinica1-10b_01.jpg\" data-orig-size=\"670,447\" data-comments-opened=\"0\" data-image-meta=\"{&quot;aperture&quot;:&quot;0&quot;,&quot;credit&quot;:&quot;&quot;,&quot;camera&quot;:&quot;&quot;,&quot;caption&quot;:&quot;&quot;,&quot;created_timestamp&quot;:&quot;0&quot;,&quot;copyright&quot;:&quot;&quot;,&quot;focal_length&quot;:&quot;0&quot;,&quot;iso&quot;:&quot;0&quot;,&quot;shutter_speed&quot;:&quot;0&quot;,&quot;title&quot;:&quot;&quot;,&quot;orientation&quot;:&quot;0&quot;}\" data-image-title=\"coronavirustijuanaclinica1-10b_01\" data-image-description=\"\" data-image-caption=\"\" data-medium-file=\"https:\/\/www.grieta.org.mx\/wp-content\/uploads\/2020\/05\/coronavirustijuanaclinica1-10b_01-300x200.jpg\" data-large-file=\"https:\/\/www.grieta.org.mx\/wp-content\/uploads\/2020\/05\/coronavirustijuanaclinica1-10b_01.jpg\" class=\"aligncenter wp-image-49309\" src=\"http:\/\/www.grieta.org.mx\/wp-content\/uploads\/2020\/05\/coronavirustijuanaclinica1-10b_01.jpg\" alt=\"\" width=\"800\" height=\"534\" srcset=\"https:\/\/www.grieta.org.mx\/wp-content\/uploads\/2020\/05\/coronavirustijuanaclinica1-10b_01.jpg 670w, https:\/\/www.grieta.org.mx\/wp-content\/uploads\/2020\/05\/coronavirustijuanaclinica1-10b_01-300x200.jpg 300w\" sizes=\"auto, (max-width: 800px) 100vw, 800px\" \/><br \/>\nFoto: Alejandro Guti\u00e9rrez Mora\/ZETA<\/p>\n<p>BC, lejos de salir del sem\u00e1foro Rojo; contagios por COVID-19 aumentaron 72.23% en 14 d\u00edas<\/p>\n<p>El 18 de mayo es la fecha prevista para que algunos municipios en M\u00e9xico retomen sus actividades sociales y econ\u00f3micas a partir del modelo de semaforizaci\u00f3n que es parte de la \u201cNueva Normalidad\u201d, propuesta por autoridades sanitarias del Gobierno Federal.<\/p>\n<p>Sin embargo, en Baja California el camino se torna incierto para volver a esa normalidad, toda vez que en los primeros 14 d\u00edas del mes en curso, la cifra de contagios por coronavirus aument\u00f3 en 72.3%.<\/p>\n<p>De 160 casos confirmados registrados el martes 7 de abril -fecha en que la entidad ingres\u00f3 en los tres primeros estados con n\u00famero de contagios-, se lleg\u00f3 a 2 mil 835 pacientes el jueves 14 de mayo, aumentando mil 189 casos desde el viernes 1 de mayo.<\/p>\n<p>En estas dos semanas, solo un d\u00eda se dio la ilusi\u00f3n de que la cifra podr\u00eda ir en descenso cuando el 2 de mayo, la Secretar\u00eda de Salud estatal inform\u00f3 que solo hubo 10 casos nuevos, sin embargo, en los d\u00edas siguientes, por lo menos en tres ocasiones la cifra rebas\u00f3 los 100 contagios.<\/p>\n<p>Uno de esos d\u00edas fue el 6 de mayo, cuando se anunci\u00f3 que 100 personas dieron positivo a los ex\u00e1menes; un d\u00eda despu\u00e9s, el 7 de mayo, fue de 181, la m\u00e1s alta hasta entonces. Para el 9 de mayo se registrar\u00edan 121 nuevos contagios, y el mi\u00e9rcoles 13 se tendr\u00eda la cifra que romper\u00eda r\u00e9cord hasta la fecha: 238 nuevos casos de COVID-19.<\/p>\n<p>Los dem\u00e1s d\u00edas el n\u00famero de casos positivos ha variado entre 37 y 95, sin que la cifra se retraiga para disminuir la curva como el secretario de Salud, Alonso P\u00e9rez Rico, se empe\u00f1a en mencionar durante las videoconferencias matutinas que encabeza al lado del gobernador Jaime Bonilla Valdez.<\/p>\n<p>En cuanto a decesos, el n\u00famero tampoco desciende, por el contrario, ha llegado al doble del primer d\u00eda de mayo, pasando de 244 a 487 confirmados como COVID-19.<\/p>\n<p>La justificaci\u00f3n del aumento de contagios por parte de P\u00e9rez Rico se debe a que hab\u00eda pruebas sin procesar por parte del Instituto Mexicano del Seguro Social en la entidad, las cuales desde la semana pasada se analizan en los laboratorios del Estado, y por ello el rezago aument\u00f3 el n\u00famero de positivos.<\/p>\n<p>Mientras tanto, se pretende que para el 1 de junio, Baja California salga de la zona roja y se tenga listo un protocolo sanitario para el reinicio de actividades, inform\u00f3 el secretario de Salud.<\/p>\n<p>Por su parte, el mandatario Jaime Bonilla extern\u00f3 que \u201cse hizo lo que se pudo\u201d en cuanto al cierre de la frontera entre Tijuana y San Diego, situaci\u00f3n que en su opini\u00f3n, no est\u00e1 en dentro de sus facultades por ser una tema de car\u00e1cter federal, pero acept\u00f3 que de haber ocurrido el cierre, el n\u00famero de contagios se hubiera logrado contener. \u201cSon las caracter\u00edsticas de Tijuana, viene lo bueno con lo malo\u201d, agregar\u00eda. Uriel Saucedo Ram\u00edrez<\/p>\n<p><a href=\"https:\/\/zetatijuana.com\/2020\/05\/la-crisis-de-los-hospitales-covid-19-desabasto-de-medicinas-y-falta-de-camas\/\" target=\"_blank\" rel=\"noopener noreferrer\">https:\/\/zetatijuana.com\/2020\/05\/la-crisis-de-los-hospitales-covid-19-desabasto-de-medicinas-y-falta-de-camas\/<\/a><\/p>\n","protected":false},"excerpt":{"rendered":"<p>Zeta Tijuana \/ Isabel Mercado. Foto: Cortes\u00eda\/ Tercer piso, Hospital General de Tijuana. Atendidos durante d\u00edas en sillas por falta de camas, sin medicamento suficiente para mitigar la sintomatolog\u00eda del &hellip; <a href=\"https:\/\/www.grieta.org.mx\/index.php\/2020\/05\/15\/la-crisis-de-los-hospitales-covid-19-desabasto-de-medicinas-y-falta-de-camas-baja-california\/\" class=\"more-link\">Leer m\u00e1s<\/a><\/p>\n","protected":false},"author":2,"featured_media":49302,"comment_status":"closed","ping_status":"closed","sticky":false,"template":"","format":"standard","meta":{"ngg_post_thumbnail":0,"_jetpack_newsletter_access":"","_jetpack_dont_email_post_to_subs":false,"_jetpack_newsletter_tier_id":0,"_jetpack_memberships_contains_paywalled_content":false,"_jetpack_memberships_contains_paid_content":false,"footnotes":""},"categories":[5,80,3263,2438,2],"tags":[],"class_list":["post-49301","post","type-post","status-publish","format-standard","has-post-thumbnail","hentry","category-baja-california","category-cintillo","category-crisis-covid-19-en-baja-california","category-crisis-del-sector-salud-en-baja-california","category-noticias-nacionales","entry"],"jetpack_featured_media_url":"https:\/\/www.grieta.org.mx\/wp-content\/uploads\/2020\/05\/coronavirustijuanaenfermeras40b_01-639x500.jpg","jetpack_sharing_enabled":true,"jetpack_shortlink":"https:\/\/wp.me\/p7ZJR4-cPb","jetpack_likes_enabled":false,"jetpack-related-posts":[{"id":47974,"url":"https:\/\/www.grieta.org.mx\/index.php\/2020\/04\/11\/una-zona-de-guerra-hospitales-de-tijuana-abrumados-por-pacientes-con-coronavirus-baja-california\/","url_meta":{"origin":49301,"position":0},"title":"Una zona de guerra: hospitales de Tijuana abrumados por pacientes con coronavirus (Baja California)","author":"grieta","date":"11 abril, 2020","format":false,"excerpt":"Tomado de The San Diego Union-Tribune \/ Por Vanguardia Por WENDY FRY \/ ALEXANDRA MENDOZA","rel":"","context":"En &quot;CINTILLO&quot;","block_context":{"text":"CINTILLO","link":"https:\/\/www.grieta.org.mx\/index.php\/category\/cintillo\/"},"img":{"alt_text":"","src":"https:\/\/i0.wp.com\/www.grieta.org.mx\/wp-content\/uploads\/2018\/03\/14524434_1106112876131411_958039263622046936_o.jpg?resize=350%2C200&ssl=1","width":350,"height":200,"srcset":"https:\/\/i0.wp.com\/www.grieta.org.mx\/wp-content\/uploads\/2018\/03\/14524434_1106112876131411_958039263622046936_o.jpg?resize=350%2C200&ssl=1 1x, https:\/\/i0.wp.com\/www.grieta.org.mx\/wp-content\/uploads\/2018\/03\/14524434_1106112876131411_958039263622046936_o.jpg?resize=525%2C300&ssl=1 1.5x, https:\/\/i0.wp.com\/www.grieta.org.mx\/wp-content\/uploads\/2018\/03\/14524434_1106112876131411_958039263622046936_o.jpg?resize=700%2C400&ssl=1 2x"},"classes":[]},{"id":55942,"url":"https:\/\/www.grieta.org.mx\/index.php\/2020\/12\/22\/baja-california-8-muertes-afuera-de-hospitales-y-69-antes-de-que-llegara-la-ambulancia\/","url_meta":{"origin":49301,"position":1},"title":"Baja California: 8 muertes afuera de hospitales y 69 antes de que llegara la ambulancia","author":"grieta","date":"22 diciembre, 2020","format":false,"excerpt":"Proceso \/ Rosal\u00eda Vergara. \"Es inevitable que habremos de llegar a la situaci\u00f3n de que ya no hay camas porque est\u00e1n a reventar\", reconoci\u00f3 el secretario de Salud de Baja California, Alonso P\u00e9rez Rico. CIUDAD DE M\u00c9XICO (apro).- Despu\u00e9s de reportarse una ocupaci\u00f3n hospitalaria del 91% en Baja California, se\u2026","rel":"","context":"En &quot;Baja California&quot;","block_context":{"text":"Baja California","link":"https:\/\/www.grieta.org.mx\/index.php\/category\/noticias-nacionales\/baja-california\/"},"img":{"alt_text":"","src":"https:\/\/i0.wp.com\/www.grieta.org.mx\/wp-content\/uploads\/2020\/12\/I.jpg?resize=350%2C200&ssl=1","width":350,"height":200,"srcset":"https:\/\/i0.wp.com\/www.grieta.org.mx\/wp-content\/uploads\/2020\/12\/I.jpg?resize=350%2C200&ssl=1 1x, https:\/\/i0.wp.com\/www.grieta.org.mx\/wp-content\/uploads\/2020\/12\/I.jpg?resize=525%2C300&ssl=1 1.5x, https:\/\/i0.wp.com\/www.grieta.org.mx\/wp-content\/uploads\/2020\/12\/I.jpg?resize=700%2C400&ssl=1 2x"},"classes":[]},{"id":55915,"url":"https:\/\/www.grieta.org.mx\/index.php\/2020\/12\/19\/advierten-medicos-que-ya-no-hay-camas-covid19-en-hospital-general-de-tijuana-baja-california\/","url_meta":{"origin":49301,"position":2},"title":"Advierten m\u00e9dicos que ya no hay camas Covid19 en Hospital General de Tijuana (Baja California)","author":"grieta","date":"19 diciembre, 2020","format":false,"excerpt":"Lindero Norte \/ Antonio Heras *Qu\u00e9date en casa, piden Mexicali.- Personal m\u00e9dico y de enfermer\u00eda de la Secretar\u00eda de Salud de Baja California advirti\u00f3 la saturaci\u00f3n de hospitales p\u00fablicos de la entidad, en particular de Tijuana y Mexicali. Con leyendas en cartelones, expusieron la situaci\u00f3n que viven al interior de\u2026","rel":"","context":"En &quot;Baja California&quot;","block_context":{"text":"Baja California","link":"https:\/\/www.grieta.org.mx\/index.php\/category\/noticias-nacionales\/baja-california\/"},"img":{"alt_text":"","src":"https:\/\/i0.wp.com\/www.grieta.org.mx\/wp-content\/uploads\/2020\/12\/I.jpg?resize=350%2C200&ssl=1","width":350,"height":200,"srcset":"https:\/\/i0.wp.com\/www.grieta.org.mx\/wp-content\/uploads\/2020\/12\/I.jpg?resize=350%2C200&ssl=1 1x, https:\/\/i0.wp.com\/www.grieta.org.mx\/wp-content\/uploads\/2020\/12\/I.jpg?resize=525%2C300&ssl=1 1.5x, https:\/\/i0.wp.com\/www.grieta.org.mx\/wp-content\/uploads\/2020\/12\/I.jpg?resize=700%2C400&ssl=1 2x"},"classes":[]},{"id":49851,"url":"https:\/\/www.grieta.org.mx\/index.php\/2020\/05\/24\/los-hospitales-de-mexicali-estan-al-tope-reconoce-baja-california\/","url_meta":{"origin":49301,"position":3},"title":"Los hospitales de Mexicali est\u00e1n al tope, reconoce Baja California","author":"grieta","date":"24 mayo, 2020","format":false,"excerpt":"Proceso \/ Jesusa Cervantes. Alfonso P\u00e9rez Rico, secretario de Salud de Baja California en el gobierno de Jaime Bonilla. MEXICALI, BC.- Los hospitales de la capital bajacaliforniana est\u00e1n al tope y superan incluso a Tijuana en n\u00famero hospitalizaciones, as\u00ed como en casos acumulados y activos de covid-19, admiti\u00f3 el secretario\u2026","rel":"","context":"En &quot;Baja California&quot;","block_context":{"text":"Baja California","link":"https:\/\/www.grieta.org.mx\/index.php\/category\/noticias-nacionales\/baja-california\/"},"img":{"alt_text":"","src":"https:\/\/i0.wp.com\/www.grieta.org.mx\/wp-content\/uploads\/2020\/05\/baja_california_covid19_mexicali-870x522.jpg?resize=350%2C200&ssl=1","width":350,"height":200,"srcset":"https:\/\/i0.wp.com\/www.grieta.org.mx\/wp-content\/uploads\/2020\/05\/baja_california_covid19_mexicali-870x522.jpg?resize=350%2C200&ssl=1 1x, https:\/\/i0.wp.com\/www.grieta.org.mx\/wp-content\/uploads\/2020\/05\/baja_california_covid19_mexicali-870x522.jpg?resize=525%2C300&ssl=1 1.5x, https:\/\/i0.wp.com\/www.grieta.org.mx\/wp-content\/uploads\/2020\/05\/baja_california_covid19_mexicali-870x522.jpg?resize=700%2C400&ssl=1 2x"},"classes":[]},{"id":48132,"url":"https:\/\/www.grieta.org.mx\/index.php\/2020\/04\/22\/baja-california-suma-60-contagios-de-covid-19-en-trabajadores-de-maquilas-en-tijuana-baja-california\/","url_meta":{"origin":49301,"position":4},"title":"Baja California suma 60 contagios de COVID-19 en trabajadores de maquilas en Tijuana","author":"grieta","date":"22 abril, 2020","format":false,"excerpt":"Sin Embargo \/ Redacci\u00f3n. Las personas contagiadas laboran en empresas instaladas en Tijuana. Foto: Zeta. Los 60 trabajadores enfermos laboran en empresas instaladas en el municipio de Tijuana, mismas ya que son supervisadas. Por Isabel Mercado. Tijuana, Baja California, 22 de abril (Zeta).\u2013 El n\u00famero contagiaos por COVID-19 en m\u00e9dicos\u2026","rel":"","context":"En &quot;Baja California&quot;","block_context":{"text":"Baja California","link":"https:\/\/www.grieta.org.mx\/index.php\/category\/noticias-nacionales\/baja-california\/"},"img":{"alt_text":"","src":"https:\/\/i0.wp.com\/www.grieta.org.mx\/wp-content\/uploads\/2020\/04\/photo4974342478853417218-1.jpg?resize=350%2C200&ssl=1","width":350,"height":200,"srcset":"https:\/\/i0.wp.com\/www.grieta.org.mx\/wp-content\/uploads\/2020\/04\/photo4974342478853417218-1.jpg?resize=350%2C200&ssl=1 1x, https:\/\/i0.wp.com\/www.grieta.org.mx\/wp-content\/uploads\/2020\/04\/photo4974342478853417218-1.jpg?resize=525%2C300&ssl=1 1.5x, https:\/\/i0.wp.com\/www.grieta.org.mx\/wp-content\/uploads\/2020\/04\/photo4974342478853417218-1.jpg?resize=700%2C400&ssl=1 2x, https:\/\/i0.wp.com\/www.grieta.org.mx\/wp-content\/uploads\/2020\/04\/photo4974342478853417218-1.jpg?resize=1050%2C600&ssl=1 3x"},"classes":[]},{"id":54291,"url":"https:\/\/www.grieta.org.mx\/index.php\/2020\/10\/09\/improvisada-reconversion-de-hospitales-covid-en-baja-california\/","url_meta":{"origin":49301,"position":5},"title":"Improvisada reconversi\u00f3n de hospitales COVID en Baja California","author":"grieta","date":"9 octubre, 2020","format":false,"excerpt":"Zeta Tijuana \/ Uriel Saucedo. En quince d\u00edas, el secretario de Salud en Baja California, Alonso P\u00e9rez Rico, pretende iniciar la reconversi\u00f3n del Hospital General de Tijuana a hospital mixto para atender a pacientes No COVID. Sin embargo, el nosocomio no cuenta con infraestructura para evitar contagios cruzados. Sin un\u2026","rel":"","context":"En &quot;Baja California&quot;","block_context":{"text":"Baja California","link":"https:\/\/www.grieta.org.mx\/index.php\/category\/noticias-nacionales\/baja-california\/"},"img":{"alt_text":"","src":"https:\/\/i0.wp.com\/www.grieta.org.mx\/wp-content\/uploads\/2020\/10\/a-2.jpg?resize=350%2C200&ssl=1","width":350,"height":200,"srcset":"https:\/\/i0.wp.com\/www.grieta.org.mx\/wp-content\/uploads\/2020\/10\/a-2.jpg?resize=350%2C200&ssl=1 1x, https:\/\/i0.wp.com\/www.grieta.org.mx\/wp-content\/uploads\/2020\/10\/a-2.jpg?resize=525%2C300&ssl=1 1.5x"},"classes":[]}],"_links":{"self":[{"href":"https:\/\/www.grieta.org.mx\/index.php\/wp-json\/wp\/v2\/posts\/49301","targetHints":{"allow":["GET"]}}],"collection":[{"href":"https:\/\/www.grieta.org.mx\/index.php\/wp-json\/wp\/v2\/posts"}],"about":[{"href":"https:\/\/www.grieta.org.mx\/index.php\/wp-json\/wp\/v2\/types\/post"}],"author":[{"embeddable":true,"href":"https:\/\/www.grieta.org.mx\/index.php\/wp-json\/wp\/v2\/users\/2"}],"replies":[{"embeddable":true,"href":"https:\/\/www.grieta.org.mx\/index.php\/wp-json\/wp\/v2\/comments?post=49301"}],"version-history":[{"count":1,"href":"https:\/\/www.grieta.org.mx\/index.php\/wp-json\/wp\/v2\/posts\/49301\/revisions"}],"predecessor-version":[{"id":49310,"href":"https:\/\/www.grieta.org.mx\/index.php\/wp-json\/wp\/v2\/posts\/49301\/revisions\/49310"}],"wp:featuredmedia":[{"embeddable":true,"href":"https:\/\/www.grieta.org.mx\/index.php\/wp-json\/wp\/v2\/media\/49302"}],"wp:attachment":[{"href":"https:\/\/www.grieta.org.mx\/index.php\/wp-json\/wp\/v2\/media?parent=49301"}],"wp:term":[{"taxonomy":"category","embeddable":true,"href":"https:\/\/www.grieta.org.mx\/index.php\/wp-json\/wp\/v2\/categories?post=49301"},{"taxonomy":"post_tag","embeddable":true,"href":"https:\/\/www.grieta.org.mx\/index.php\/wp-json\/wp\/v2\/tags?post=49301"}],"curies":[{"name":"wp","href":"https:\/\/api.w.org\/{rel}","templated":true}]}}