{"id":49295,"date":"2020-05-15T09:34:17","date_gmt":"2020-05-15T14:34:17","guid":{"rendered":"http:\/\/www.grieta.org.mx\/?p=49295"},"modified":"2020-05-15T20:38:48","modified_gmt":"2020-05-16T01:38:48","slug":"reporta-salud-430-contagios-en-maquiladoras-de-baja-california-7-de-cada-10-en-hospitales","status":"publish","type":"post","link":"https:\/\/www.grieta.org.mx\/index.php\/2020\/05\/15\/reporta-salud-430-contagios-en-maquiladoras-de-baja-california-7-de-cada-10-en-hospitales\/","title":{"rendered":"Reporta Salud 430 contagios en maquiladoras de Baja California; 7 de cada 10 en hospitales"},"content":{"rendered":"<p>Lindero Norte \/ Antonio Heras y Jorge Heras.<\/p>\n<p><img loading=\"lazy\" decoding=\"async\" data-attachment-id=\"49296\" data-permalink=\"https:\/\/www.grieta.org.mx\/index.php\/2020\/05\/15\/reporta-salud-430-contagios-en-maquiladoras-de-baja-california-7-de-cada-10-en-hospitales\/images-2020-05-14t161807-465\/\" data-orig-file=\"https:\/\/www.grieta.org.mx\/wp-content\/uploads\/2020\/05\/images-2020-05-14T161807.465.jpeg\" data-orig-size=\"739,415\" data-comments-opened=\"0\" data-image-meta=\"{&quot;aperture&quot;:&quot;0&quot;,&quot;credit&quot;:&quot;&quot;,&quot;camera&quot;:&quot;&quot;,&quot;caption&quot;:&quot;&quot;,&quot;created_timestamp&quot;:&quot;0&quot;,&quot;copyright&quot;:&quot;&quot;,&quot;focal_length&quot;:&quot;0&quot;,&quot;iso&quot;:&quot;0&quot;,&quot;shutter_speed&quot;:&quot;0&quot;,&quot;title&quot;:&quot;&quot;,&quot;orientation&quot;:&quot;0&quot;}\" data-image-title=\"images-2020-05-14T161807.465\" data-image-description=\"\" data-image-caption=\"\" data-medium-file=\"https:\/\/www.grieta.org.mx\/wp-content\/uploads\/2020\/05\/images-2020-05-14T161807.465-300x168.jpeg\" data-large-file=\"https:\/\/www.grieta.org.mx\/wp-content\/uploads\/2020\/05\/images-2020-05-14T161807.465.jpeg\" class=\"aligncenter wp-image-49296\" src=\"http:\/\/www.grieta.org.mx\/wp-content\/uploads\/2020\/05\/images-2020-05-14T161807.465.jpeg\" alt=\"\" width=\"800\" height=\"449\" srcset=\"https:\/\/www.grieta.org.mx\/wp-content\/uploads\/2020\/05\/images-2020-05-14T161807.465.jpeg 739w, https:\/\/www.grieta.org.mx\/wp-content\/uploads\/2020\/05\/images-2020-05-14T161807.465-300x168.jpeg 300w\" sizes=\"auto, (max-width: 800px) 100vw, 800px\" \/><\/p>\n<p>*Me contagiaron en Breg M\u00e9xico, acusa trabajadora de maquila en parque industrial Palaco de Mexicali.<\/p>\n<p>Mexicali.- Una trabajadora de la empresa maquiladora Breg M\u00e9xico, madre de una ni\u00f1a de dos a\u00f1os, result\u00f3 contagiada de Covid 19 durante su turno laboral en la planta ubicada en el Parque Industrial Palaco, al oriente de Mexicali.<\/p>\n<p>\u00abPor su culpa sal\u00ed positiva por hacernos trabajar cuando ya no deb\u00edamos, yo trabaj\u00e9 con una persona infectada y cuando a ella la aislaron, a mi no me dijeron nada y as\u00ed me hicieron trabajar\u00bb, coment\u00f3 en una denuncia que present\u00f3 en la Organizaci\u00f3n Pol\u00edtica del Pueblo y de los Trabajadores (OPT).<\/p>\n<p>La trabajadora de la filial de la estadunidense Breg Inc., dedicada a la manufactura y ensamble de art\u00edculos m\u00e9dicos, narr\u00f3 que el lunes le hicieron la prueba y en la tarde del martes, alrededor de las 16:10 horas, le dieron a conocer los resultados de sus an\u00e1lisis.<\/p>\n<p>\u00abAh\u00ed mismo me aislaron en un cuarto chico, con una mesa como si los fuera infectar\u00bb, aunque les advirti\u00f3 que hab\u00eda trabajado ambos d\u00edas con otro empleado \u00abpero les vali\u00f3 y aun as\u00ed me hicieron trabajar. Desgraciadamente puede infectar a alguien m\u00e1s. Vivo con mi esposo y mi hija de dos a\u00f1os\u00bb pero tampoco les import\u00f3, dijo esta mujer que espera ayuda para enfrentar su contagio de coronavirus en su centro de trabajo.<\/p>\n<p>Esta mujer, cuya identidad se mantiene bajo reserva, es una de los 435 obreros del sector maquilador y de manufactura de productos y partes de exportaci\u00f3n que la Secretar\u00eda de Salud de Baja California reconoce como casos atendidos de contagio.<\/p>\n<p>Al menos 2 trabajadores del mismo turno matutino de la empresa Clover Wireless murieron por Covid19.<\/p>\n<p>Se trata de un hombre y una mujer que laboraban en el \u00e1rea de ensamble, quien fallecieron en el mes de abril.<\/p>\n<p>Compa\u00f1eros de los empleados de la misma empresa, cuya plantilla laboral es una de las m\u00e1s grandes en la capital del Estado, denunciaron que al principio de la pandemia los contagios no fueron tomados en cuenta por la compa\u00f1\u00eda internacional.<\/p>\n<p>Desde el anonimato por temor a represalias, refieren que hubo un brote al interior que solamente se control\u00f3 medianamente cuando fueron suspendidas la labores por casi una semana al no ser considerada una empresa con actividad esencial.<\/p>\n<p>Este jueves, la empresa Clover don\u00f3 2 mil kits de protecci\u00f3n sanitaria a la Secretar\u00eda de Econom\u00eda de Baja California en un evento al interior de la planta, 3 semanas despu\u00e9s de que la misma dependencia estatal autoriz\u00f3 su reanudaci\u00f3n de labores.<\/p>\n<p>Contagiados de Covid-19 en maquilas<\/p>\n<p>Hay 430 trabajadores de maquiladoras e industrias de manufactura de exportaci\u00f3n de Baja California que resultaron positivos de contagio de Covid 19.<\/p>\n<p>De esta cifra de obreros, que a nivel gubernamental se convierte solo en estad\u00edstica de casos positivos, 303 han sido hospitalizados en las principales ciudades de la entidad y 129 son pacientes ambulatorios<\/p>\n<p>Los trabajadores de la maquila contagiados 272 son de Tijuana, 138 de Ensenada, 130 de Mexicali, 17 de Tecate y cuatro de Playas de Rosarito.<\/p>\n<p>El secretario de Salud, Alonso P\u00e9rez Rico, precis\u00f3 que los trabajadores que requirieron hospitalizaci\u00f3n 219 son de empresas maquiladoras de Tijuana, 72 de Mexicali, 10 de Tecate y dos de Rosarito.<\/p>\n<p>El doctor P\u00e9rez Rico que hay 70 casos sospechosos de los 2 mil 328 internos del Centro de Reinserci\u00f3n Social de Mexicali, adem\u00e1s que nueve empleados del Sistema Penitenciario adscrito a esa c\u00e1rcel resultaron positivos de Covid 19 de un universo de 11 pruebas a personas que presentaron esa sintomatolog\u00eda.<\/p>\n<p>A pesar de que durante los primeros d\u00edas de mayo iniciaron las semanas cr\u00edticas de contagio de COVID-19 en el pa\u00eds durante, en Baja California que ocupa el segundo lugar en defunciones y el tercero en casos positivos, cerca de 50 miles trabajadores de un centenar de industrias maquiladoras de manufactura de exportaci\u00f3n de Tijuana y Mexicali reanudaron actividades el 3 de mayo con turnos de 12 horas de trabajo luego que la Secretar\u00eda de Salud del Estado retir\u00f3 los sellos de suspensi\u00f3n.<\/p>\n<p>La autoridad sanitaria no ha precisado el n\u00famero de trabajadores de maquiladora que han fallecido por COVID-19.<\/p>\n<p><a href=\"https:\/\/linderonorte.com\/2020\/05\/14\/reporta-salud-430-contagios-en-maquiladoras-de-bc-7-de-cada-10-en-hospitales\/\" target=\"_blank\" rel=\"noopener noreferrer\">https:\/\/linderonorte.com\/2020\/05\/14\/reporta-salud-430-contagios-en-maquiladoras-de-bc-7-de-cada-10-en-hospitales\/<\/a><\/p>\n","protected":false},"excerpt":{"rendered":"<p>Lindero Norte \/ Antonio Heras y Jorge Heras. *Me contagiaron en Breg M\u00e9xico, acusa trabajadora de maquila en parque industrial Palaco de Mexicali. Mexicali.- Una trabajadora de la empresa maquiladora &hellip; <a href=\"https:\/\/www.grieta.org.mx\/index.php\/2020\/05\/15\/reporta-salud-430-contagios-en-maquiladoras-de-baja-california-7-de-cada-10-en-hospitales\/\" class=\"more-link\">Leer m\u00e1s<\/a><\/p>\n","protected":false},"author":2,"featured_media":21928,"comment_status":"closed","ping_status":"closed","sticky":false,"template":"","format":"standard","meta":{"ngg_post_thumbnail":0,"_jetpack_newsletter_access":"","_jetpack_dont_email_post_to_subs":false,"_jetpack_newsletter_tier_id":0,"_jetpack_memberships_contains_paywalled_content":false,"_jetpack_memberships_contains_paid_content":false,"footnotes":""},"categories":[5,80,1207,3263,2438,2],"tags":[],"class_list":["post-49295","post","type-post","status-publish","format-standard","has-post-thumbnail","hentry","category-baja-california","category-cintillo","category-conflictos-laborales-en-baja-california","category-crisis-covid-19-en-baja-california","category-crisis-del-sector-salud-en-baja-california","category-noticias-nacionales","entry"],"jetpack_featured_media_url":"https:\/\/www.grieta.org.mx\/wp-content\/uploads\/2018\/03\/14524434_1106112876131411_958039263622046936_o.jpg","jetpack_sharing_enabled":true,"jetpack_shortlink":"https:\/\/wp.me\/p7ZJR4-cP5","jetpack_likes_enabled":false,"jetpack-related-posts":[{"id":50110,"url":"https:\/\/www.grieta.org.mx\/index.php\/2020\/05\/28\/atienden-a-100-pacientes-covid-19-a-38-grados-en-hospital-general-de-mexicali-baja-california\/","url_meta":{"origin":49295,"position":0},"title":"Atienden a 100 pacientes Covid-19 a 38 grados en Hospital General de Mexicali (Baja California)","author":"grieta","date":"28 mayo, 2020","format":false,"excerpt":"Lindero Norte \/ Antonio Heras *Protesta personal de salud por falla en sistema de aire acondicionado Mexicali.- Con una temperatura de 38 grados cent\u00edgrados, personal cl\u00ednico del Hospital General de Mexicali trabaj\u00f3 bajo protesta por desperfectos del equipo de aire acondicionado. En este nosocomio de la capital de Baja California\u2026","rel":"","context":"En &quot;Baja California&quot;","block_context":{"text":"Baja California","link":"https:\/\/www.grieta.org.mx\/index.php\/category\/noticias-nacionales\/baja-california\/"},"img":{"alt_text":"","src":"https:\/\/i0.wp.com\/www.grieta.org.mx\/wp-content\/uploads\/2018\/03\/14524434_1106112876131411_958039263622046936_o.jpg?resize=350%2C200&ssl=1","width":350,"height":200,"srcset":"https:\/\/i0.wp.com\/www.grieta.org.mx\/wp-content\/uploads\/2018\/03\/14524434_1106112876131411_958039263622046936_o.jpg?resize=350%2C200&ssl=1 1x, https:\/\/i0.wp.com\/www.grieta.org.mx\/wp-content\/uploads\/2018\/03\/14524434_1106112876131411_958039263622046936_o.jpg?resize=525%2C300&ssl=1 1.5x, https:\/\/i0.wp.com\/www.grieta.org.mx\/wp-content\/uploads\/2018\/03\/14524434_1106112876131411_958039263622046936_o.jpg?resize=700%2C400&ssl=1 2x"},"classes":[]},{"id":46796,"url":"https:\/\/www.grieta.org.mx\/index.php\/2020\/03\/21\/denuncian-enfermeras-de-mexicali-que-trabajan-sin-material-de-proteccion-sanitaria-baja-california\/","url_meta":{"origin":49295,"position":1},"title":"Denuncian enfermeras de Mexicali que trabajan sin material de protecci\u00f3n sanitaria (Baja California)","author":"grieta","date":"21 marzo, 2020","format":false,"excerpt":"Lindero Norte \/ Antonio Heras. Mexicali.- Personal de enfermer\u00eda de Baja California denunciaron que carecen de insumos y material para atender a pacientes de hospitales del sector Salud. Enfermeras del Hospital Materno Infantil de Isesalud y de la cl\u00ednica 30 del Instituto Mexicano del Seguro Social coincidieron en se\u00f1alar que\u2026","rel":"","context":"En &quot;Baja California&quot;","block_context":{"text":"Baja California","link":"https:\/\/www.grieta.org.mx\/index.php\/category\/noticias-nacionales\/baja-california\/"},"img":{"alt_text":"","src":"https:\/\/i0.wp.com\/www.grieta.org.mx\/wp-content\/uploads\/2020\/03\/images-2020-03-20T081423.884.jpeg?resize=350%2C200&ssl=1","width":350,"height":200,"srcset":"https:\/\/i0.wp.com\/www.grieta.org.mx\/wp-content\/uploads\/2020\/03\/images-2020-03-20T081423.884.jpeg?resize=350%2C200&ssl=1 1x, https:\/\/i0.wp.com\/www.grieta.org.mx\/wp-content\/uploads\/2020\/03\/images-2020-03-20T081423.884.jpeg?resize=525%2C300&ssl=1 1.5x, https:\/\/i0.wp.com\/www.grieta.org.mx\/wp-content\/uploads\/2020\/03\/images-2020-03-20T081423.884.jpeg?resize=700%2C400&ssl=1 2x"},"classes":[]},{"id":56241,"url":"https:\/\/www.grieta.org.mx\/index.php\/2021\/01\/02\/denuncian-muerte-de-haitiana-por-covid-19-sin-atencion-medica-en-mexicali-baja-california\/","url_meta":{"origin":49295,"position":2},"title":"Denuncian muerte de haitiana por Covid 19 sin atenci\u00f3n m\u00e9dica en Mexicali (Baja California)","author":"grieta","date":"2 enero, 2021","format":false,"excerpt":"Lindero Norte \/ Antonio Heras. Mexicali.-Una mujer haitiana falleci\u00f3 en el estacionamiento de una cl\u00ednica de la Cruz Roja de Mexicali en espera de ser atendida por s\u00edntomas de covid 19. El deceso se produjo durante la tarde de este viernes en las instalaciones de la Cruz Roja en la\u2026","rel":"","context":"En &quot;Baja California&quot;","block_context":{"text":"Baja California","link":"https:\/\/www.grieta.org.mx\/index.php\/category\/noticias-nacionales\/baja-california\/"},"img":{"alt_text":"","src":"https:\/\/i0.wp.com\/www.grieta.org.mx\/wp-content\/uploads\/2018\/03\/14524434_1106112876131411_958039263622046936_o.jpg?resize=350%2C200&ssl=1","width":350,"height":200,"srcset":"https:\/\/i0.wp.com\/www.grieta.org.mx\/wp-content\/uploads\/2018\/03\/14524434_1106112876131411_958039263622046936_o.jpg?resize=350%2C200&ssl=1 1x, https:\/\/i0.wp.com\/www.grieta.org.mx\/wp-content\/uploads\/2018\/03\/14524434_1106112876131411_958039263622046936_o.jpg?resize=525%2C300&ssl=1 1.5x, https:\/\/i0.wp.com\/www.grieta.org.mx\/wp-content\/uploads\/2018\/03\/14524434_1106112876131411_958039263622046936_o.jpg?resize=700%2C400&ssl=1 2x"},"classes":[]},{"id":47596,"url":"https:\/\/www.grieta.org.mx\/index.php\/2020\/04\/03\/mexicali-el-mas-afectado-por-covid19-en-bc-curva-de-contagio-similar-a-la-de-wuhan-china-isesalud-baja-california\/","url_meta":{"origin":49295,"position":3},"title":"Mexicali, el m\u00e1s afectado por COVID19 en BC; curva de contagio similar a la de Wuhan, China: Isesalud (Baja California)","author":"grieta","date":"3 abril, 2020","format":false,"excerpt":"Lindero Norte \/ Jorge Heras. Mexicali.- Con 2 muertos y 32 personas contagiadas por COVID-19, el municipio de Mexicali es el que representa mayor problema y preocupaci\u00f3n para las autoridades sanitarias de Baja California. En la video conferencia matutina del Gobierno del Estado, el secretario de Salud, Alonso P\u00e9rez Rico\u2026","rel":"","context":"En &quot;Baja California&quot;","block_context":{"text":"Baja California","link":"https:\/\/www.grieta.org.mx\/index.php\/category\/noticias-nacionales\/baja-california\/"},"img":{"alt_text":"","src":"https:\/\/i0.wp.com\/www.grieta.org.mx\/wp-content\/uploads\/2018\/03\/14524434_1106112876131411_958039263622046936_o.jpg?resize=350%2C200&ssl=1","width":350,"height":200,"srcset":"https:\/\/i0.wp.com\/www.grieta.org.mx\/wp-content\/uploads\/2018\/03\/14524434_1106112876131411_958039263622046936_o.jpg?resize=350%2C200&ssl=1 1x, https:\/\/i0.wp.com\/www.grieta.org.mx\/wp-content\/uploads\/2018\/03\/14524434_1106112876131411_958039263622046936_o.jpg?resize=525%2C300&ssl=1 1.5x, https:\/\/i0.wp.com\/www.grieta.org.mx\/wp-content\/uploads\/2018\/03\/14524434_1106112876131411_958039263622046936_o.jpg?resize=700%2C400&ssl=1 2x"},"classes":[]},{"id":48140,"url":"https:\/\/www.grieta.org.mx\/index.php\/2020\/04\/23\/pruebas-de-covid-19-son-insuficientes-en-mexicali-y-no-hay-equipo-para-afrontar-el-virus-colegios-de-medicos-baja-california\/","url_meta":{"origin":49295,"position":4},"title":"Pruebas de COVID-19 son insuficientes en Mexicali y no hay equipo para afrontar el virus: Colegios de M\u00e9dicos (Baja California)","author":"grieta","date":"23 abril, 2020","format":false,"excerpt":"Animal Pol\u00edtico \/ Luis Arellano (Pregonero Baja California) Colegios de M\u00e9dicos en Mexicali enviaron un documento al gobierno de Baja California y al federal, para que se les de equipo de seguridad para trabajar en el combate al COVID-19. Cuartoscuro. Presidentes y representantes de Colegios de M\u00e9dicos en Mexicali, mediante\u2026","rel":"","context":"En &quot;Baja California&quot;","block_context":{"text":"Baja California","link":"https:\/\/www.grieta.org.mx\/index.php\/category\/noticias-nacionales\/baja-california\/"},"img":{"alt_text":"","src":"https:\/\/i0.wp.com\/www.grieta.org.mx\/wp-content\/uploads\/2020\/04\/a-1.jpeg?resize=350%2C200&ssl=1","width":350,"height":200,"srcset":"https:\/\/i0.wp.com\/www.grieta.org.mx\/wp-content\/uploads\/2020\/04\/a-1.jpeg?resize=350%2C200&ssl=1 1x, https:\/\/i0.wp.com\/www.grieta.org.mx\/wp-content\/uploads\/2020\/04\/a-1.jpeg?resize=525%2C300&ssl=1 1.5x, https:\/\/i0.wp.com\/www.grieta.org.mx\/wp-content\/uploads\/2020\/04\/a-1.jpeg?resize=700%2C400&ssl=1 2x, https:\/\/i0.wp.com\/www.grieta.org.mx\/wp-content\/uploads\/2020\/04\/a-1.jpeg?resize=1050%2C600&ssl=1 3x"},"classes":[]},{"id":49292,"url":"https:\/\/www.grieta.org.mx\/index.php\/2020\/05\/15\/aumentan-denuncias-por-contagio-de-covid-19-en-maquiladoras-de-mexicali-baja-california\/","url_meta":{"origin":49295,"position":5},"title":"Aumentan denuncias por contagio de covid 19 en maquiladoras de Mexicali (Baja California)","author":"grieta","date":"15 mayo, 2020","format":false,"excerpt":"Lindero Norte \/ Antonio Heras. *Subregistro de casos confirmados por rezago de pruebas en pacientes del IMSS. Reconoce Salud que reporta 3 mil casos aunque en realidad son 3 mil 296. Mexicali.- Una serie de contagios de Covid-19 entre trabajadores de f\u00e1bricas instaladas en parques de la industria maquiladoras y\u2026","rel":"","context":"En &quot;Baja California&quot;","block_context":{"text":"Baja California","link":"https:\/\/www.grieta.org.mx\/index.php\/category\/noticias-nacionales\/baja-california\/"},"img":{"alt_text":"","src":"https:\/\/i0.wp.com\/www.grieta.org.mx\/wp-content\/uploads\/2018\/03\/14524434_1106112876131411_958039263622046936_o.jpg?resize=350%2C200&ssl=1","width":350,"height":200,"srcset":"https:\/\/i0.wp.com\/www.grieta.org.mx\/wp-content\/uploads\/2018\/03\/14524434_1106112876131411_958039263622046936_o.jpg?resize=350%2C200&ssl=1 1x, https:\/\/i0.wp.com\/www.grieta.org.mx\/wp-content\/uploads\/2018\/03\/14524434_1106112876131411_958039263622046936_o.jpg?resize=525%2C300&ssl=1 1.5x, https:\/\/i0.wp.com\/www.grieta.org.mx\/wp-content\/uploads\/2018\/03\/14524434_1106112876131411_958039263622046936_o.jpg?resize=700%2C400&ssl=1 2x"},"classes":[]}],"_links":{"self":[{"href":"https:\/\/www.grieta.org.mx\/index.php\/wp-json\/wp\/v2\/posts\/49295","targetHints":{"allow":["GET"]}}],"collection":[{"href":"https:\/\/www.grieta.org.mx\/index.php\/wp-json\/wp\/v2\/posts"}],"about":[{"href":"https:\/\/www.grieta.org.mx\/index.php\/wp-json\/wp\/v2\/types\/post"}],"author":[{"embeddable":true,"href":"https:\/\/www.grieta.org.mx\/index.php\/wp-json\/wp\/v2\/users\/2"}],"replies":[{"embeddable":true,"href":"https:\/\/www.grieta.org.mx\/index.php\/wp-json\/wp\/v2\/comments?post=49295"}],"version-history":[{"count":1,"href":"https:\/\/www.grieta.org.mx\/index.php\/wp-json\/wp\/v2\/posts\/49295\/revisions"}],"predecessor-version":[{"id":49297,"href":"https:\/\/www.grieta.org.mx\/index.php\/wp-json\/wp\/v2\/posts\/49295\/revisions\/49297"}],"wp:featuredmedia":[{"embeddable":true,"href":"https:\/\/www.grieta.org.mx\/index.php\/wp-json\/wp\/v2\/media\/21928"}],"wp:attachment":[{"href":"https:\/\/www.grieta.org.mx\/index.php\/wp-json\/wp\/v2\/media?parent=49295"}],"wp:term":[{"taxonomy":"category","embeddable":true,"href":"https:\/\/www.grieta.org.mx\/index.php\/wp-json\/wp\/v2\/categories?post=49295"},{"taxonomy":"post_tag","embeddable":true,"href":"https:\/\/www.grieta.org.mx\/index.php\/wp-json\/wp\/v2\/tags?post=49295"}],"curies":[{"name":"wp","href":"https:\/\/api.w.org\/{rel}","templated":true}]}}