{"id":4928,"date":"2016-03-18T00:30:26","date_gmt":"2016-03-18T00:30:26","guid":{"rendered":"http:\/\/50.22.11.12\/~grietaor\/?p=4928"},"modified":"2016-03-26T00:36:07","modified_gmt":"2016-03-26T00:36:07","slug":"exige-steuaq-modificaciones-a-propuesta-de-la-uaq","status":"publish","type":"post","link":"https:\/\/www.grieta.org.mx\/index.php\/2016\/03\/18\/exige-steuaq-modificaciones-a-propuesta-de-la-uaq\/","title":{"rendered":"Exige STEUAQ modificaciones a propuesta de la UAQ"},"content":{"rendered":"<p>Esmeralda Trueba\/AM Quer\u00e9taro<\/p>\n<blockquote><p>Laura Leyva Saavedra, dirigente del STEUAQ consider\u00f3 que la propuesta que present\u00f3 la UAQ a\u00fan no es factible<\/p><\/blockquote>\n<p>\u201cLa propuesta de la Universidad no est\u00e1 factible a\u00fan\u201d, as\u00ed lo indic\u00f3, Laura Leyva Saavedra, dirigente del Sindicato de Trabajadores y Empleados de la Universidad Aut\u00f3noma de Quer\u00e9taro (STEUAQ); quien la ma\u00f1ana del viernes en audiencia de conciliaci\u00f3n con la Autoridad Universitaria, exigi\u00f3 modificaciones a la propuesta que la UAQ present\u00f3 ante la Junta de Conciliaci\u00f3n y Arbitraje, ya que dijo, este \u00faltimo planteamiento sigue violando el Contrato Colectivo de trabajo.<\/p>\n<p>Sobre el otorgamiento de bases, en donde la Universidad propone formar una comisi\u00f3n paritaria para el otorgamiento al personal sindicalizado eventual, con ciertas particularidades, tales como: de los miembros de dicha comisi\u00f3n que correspondan al sindicato, dos ser\u00e1n nombrados por la Asamblea y uno m\u00e1s ser\u00e1 miembro del comit\u00e9 ejecutivo, a propuesta del STEUAQ, quienes deber\u00e1n contar con un perfil m\u00ednimo de objetividad, imparcialidad, transparencia y con 7 a\u00f1os sin reportes; el STEUAQ pidi\u00f3 que quiten el punto de los 7 a\u00f1os sin reportes.<\/p>\n<p>En lo relacionado con las promociones, la Universidad plante\u00f3 que todos los trabajadores sindicalizados de base que re\u00fanan los requisitos establecidos en la convocatoria podr\u00e1n participar en el otorgamiento de las promociones. Adem\u00e1s de la antig\u00fcedad, se considerar\u00e1 la responsabilidad, no tener reportes en los \u00faltimos tres a\u00f1os, el conocimiento y la evaluaci\u00f3n del desempe\u00f1o administrativo que realizar\u00e1 la Universidad, a trav\u00e9s del director de la unidad acad\u00e9mica o dependencia administrativa correspondiente, bajo los criterios de objetividad, imparcialidad y transparencia. Sin embargo, el Sindicato pidi\u00f3 que se redujera el plazo de reportes de tres a\u00f1os a un a\u00f1o, justificando que de lo contrario se viola directamente al Contrato Colectivo.<\/p>\n<p>Sobre los descuentos de cuotas v\u00eda n\u00f3mina, el STEUAQ insisti\u00f3 en que est\u00e1n establecidos en el Contrato Colectivo y en la Ley Federal del Trabajo; por lo que este punto no habr\u00eda acuerdo.<\/p>\n<p>Cabe precisar que la propuesta de la autoridad fue que de acuerdo con el art\u00edculo 110 de la Ley Federal del Trabajo, no se har\u00e1n descuentos por sanciones sindicales; por lo que la Universidad entregar\u00e1 los recursos econ\u00f3micos al comit\u00e9 del sindicato una vez realizada la comprobaci\u00f3n que el STEUAQ tiene pendiente en la Secretar\u00eda de la Contralor\u00eda de esta Instituci\u00f3n.<\/p>\n<p>Por ello, de manera temporal se propuso: respecto de las cuotas ordinarias, en primera opci\u00f3n, que sean entregadas en cheque al trabajador, a efecto de que lo entregue al Tesorero del STEUAQ. O bien, como segunda opci\u00f3n, que el trabajador solicite por escrito a la Universidad el descuento respectivo, en donde autorice que ese recurso sea entregado directamente al Tesorero del Sindicato.<\/p>\n<p>En la mesa, la dirigente sindical, tambi\u00e9n solicit\u00f3 el pago del 100 por ciento de salarios ca\u00eddos m\u00e1s el incremento del 3.15 por ciento directo al salario, m\u00e1s el 1.1 por ciento en prestaciones no ligadas al salario. Mientras que el resto de la propuesta, afirm\u00f3, violenta el Contrato Colectivo, planteado en una reuni\u00f3n de conciliaci\u00f3n unas horas previas, donde Leyva Saavedra catalog\u00f3 como una burla esta propuesta.<\/p>\n<p>Ante esta exposici\u00f3n, la dirigente sindical pidi\u00f3 que bajaran de la mesa puntos que no han estado en la negociaci\u00f3n, como la adquisici\u00f3n de los uniformes y la celebraci\u00f3n del aniversario; los cuales no forman parte del emplazamiento.<\/p>\n<p>Y es que en esta conciliaci\u00f3n, la autoridad laboral pidi\u00f3 a las partes (UAQ\/STEUAQ), enfocarse \u00fanicamente en los puntos por los que se emplaz\u00f3 a huelga a la universidad, y no en otros temas que incluidos en la propuesta que present\u00f3 la autoridad universitaria.<\/p>\n<p>En su intervenci\u00f3n, el abogado General, Oscar Guerra, ratific\u00f3 la propuesta hecha y record\u00f3 que los planteamientos hechos por la Universidad, y que desde agosto se han venido manejando, referente a los uniformes y celebraci\u00f3n, son con el objetivo de no se tenga pr\u00f3ximamente un emplazamiento a huelga.<\/p>\n<p>As\u00ed tambi\u00e9n, pidi\u00f3 al sindicato que previo a una decisi\u00f3n de la dirigencia, pudieran someter ante la asamblea los nuevos planteamientos.<\/p>\n<p>Ante esta esta petici\u00f3n, Leyva Saavedra, dijo al abogado que la Universidad no tiene ninguna injerencia en la vida sindical, por lo tanto es decisi\u00f3n del comit\u00e9 ejecutivo el convocar a asamblea, ya que justific\u00f3, tiene la consigna de que hasta que no se tengan resueltas las peticiones, no puede convocar.<\/p>\n<p>\u201cNo vamos a llevar a cabo asamblea, hasta que la autoridad respete el Contrato Colectivo de trabajo\u201d indic\u00f3.<\/p>\n<p>As\u00ed, la autoridad laboral dej\u00f3 audiencia abierta a que las partes (UAQ\/STEUAQ) dispongan.<\/p>\n<p><a href=\"http:\/\/amqueretaro.com\/queretaro\/2016\/03\/18\/exige-steuaq-modificaciones-a-propuesta-de-la-uaq\" target=\"_blank\">amqueretaro.com\/queretaro\/2016\/03\/18\/exige-steuaq-modificaciones-a-propuesta-de-la-uaq<\/a><\/p>\n","protected":false},"excerpt":{"rendered":"<p>Esmeralda Trueba\/AM Quer\u00e9taro Laura Leyva Saavedra, dirigente del STEUAQ consider\u00f3 que la propuesta que present\u00f3 la UAQ a\u00fan no es factible \u201cLa propuesta de la Universidad no est\u00e1 factible a\u00fan\u201d, &hellip; <a href=\"https:\/\/www.grieta.org.mx\/index.php\/2016\/03\/18\/exige-steuaq-modificaciones-a-propuesta-de-la-uaq\/\" class=\"more-link\">Leer m\u00e1s<\/a><\/p>\n","protected":false},"author":2,"featured_media":21928,"comment_status":"closed","ping_status":"open","sticky":false,"template":"","format":"standard","meta":{"ngg_post_thumbnail":0,"_jetpack_newsletter_access":"","_jetpack_dont_email_post_to_subs":false,"_jetpack_newsletter_tier_id":0,"_jetpack_memberships_contains_paywalled_content":false,"_jetpack_memberships_contains_paid_content":false,"footnotes":""},"categories":[80,359],"tags":[113,378],"class_list":["post-4928","post","type-post","status-publish","format-standard","has-post-thumbnail","hentry","category-cintillo","category-queretaro","tag-conflictos-laborales","tag-sindicatos","entry"],"jetpack_featured_media_url":"https:\/\/www.grieta.org.mx\/wp-content\/uploads\/2018\/03\/14524434_1106112876131411_958039263622046936_o.jpg","jetpack_sharing_enabled":true,"jetpack_shortlink":"https:\/\/wp.me\/p7ZJR4-1hu","jetpack_likes_enabled":false,"jetpack-related-posts":[{"id":4929,"url":"https:\/\/www.grieta.org.mx\/index.php\/2016\/03\/23\/conflictos-en-la-universidad-autonoma-de-queretaro\/","url_meta":{"origin":4928,"position":0},"title":"Conflictos en la Universidad Aut\u00f3noma de Quer\u00e9taro","author":"grieta","date":"23 marzo, 2016","format":false,"excerpt":"23\/03\/16. Levantan huelga en UAQ; no se presentaron autoridades universitarias Quadrat\u00edn 22\/03\/16. Junta de Conciliaci\u00f3n y Arbitraje resuelve levantamiento de la huelga en la UAQ AM Quer\u00e9taro 18\/03\/16. Exige STEUAQ modificaciones a propuesta de la UAQ AM Quer\u00e9taro 15\/03\/16. Insistir\u00e1 UAQ en declarar inexistente la huelga; preparan amparo Quadrat\u00edn 15\/03\/16.\u2026","rel":"","context":"En &quot;NOTICIAS NACIONALES&quot;","block_context":{"text":"NOTICIAS NACIONALES","link":"https:\/\/www.grieta.org.mx\/index.php\/category\/noticias-nacionales\/"},"img":{"alt_text":"","src":"https:\/\/i0.wp.com\/www.grieta.org.mx\/wp-content\/uploads\/2018\/03\/14524434_1106112876131411_958039263622046936_o.jpg?resize=350%2C200&ssl=1","width":350,"height":200,"srcset":"https:\/\/i0.wp.com\/www.grieta.org.mx\/wp-content\/uploads\/2018\/03\/14524434_1106112876131411_958039263622046936_o.jpg?resize=350%2C200&ssl=1 1x, https:\/\/i0.wp.com\/www.grieta.org.mx\/wp-content\/uploads\/2018\/03\/14524434_1106112876131411_958039263622046936_o.jpg?resize=525%2C300&ssl=1 1.5x, https:\/\/i0.wp.com\/www.grieta.org.mx\/wp-content\/uploads\/2018\/03\/14524434_1106112876131411_958039263622046936_o.jpg?resize=700%2C400&ssl=1 2x"},"classes":[]},{"id":10250,"url":"https:\/\/www.grieta.org.mx\/index.php\/2016\/03\/23\/levantan-huelga-en-uaq-no-se-presentaron-autoridades-universitarias\/","url_meta":{"origin":4928,"position":1},"title":"Levantan huelga en UAQ; no se presentaron autoridades universitarias","author":"grieta","date":"23 marzo, 2016","format":false,"excerpt":"Mariana Villalobos\/Quadratin QUER\u00c9TARO, Qro., 23 de marzo 2016.- Ninguna de las autoridades de la Universidad Aut\u00f3noma de Quer\u00e9taro se present\u00f3 al acto de retiro de banderas rojinegras, sin embargo, el actuario y la l\u00edder sindical Laura Leyva Saavedra se acercaron a personal de la casa de estudios que se encontraban\u2026","rel":"","context":"En &quot;CINTILLO&quot;","block_context":{"text":"CINTILLO","link":"https:\/\/www.grieta.org.mx\/index.php\/category\/cintillo\/"},"img":{"alt_text":"","src":"https:\/\/i0.wp.com\/www.grieta.org.mx\/wp-content\/uploads\/2018\/03\/14524434_1106112876131411_958039263622046936_o.jpg?resize=350%2C200&ssl=1","width":350,"height":200,"srcset":"https:\/\/i0.wp.com\/www.grieta.org.mx\/wp-content\/uploads\/2018\/03\/14524434_1106112876131411_958039263622046936_o.jpg?resize=350%2C200&ssl=1 1x, https:\/\/i0.wp.com\/www.grieta.org.mx\/wp-content\/uploads\/2018\/03\/14524434_1106112876131411_958039263622046936_o.jpg?resize=525%2C300&ssl=1 1.5x, https:\/\/i0.wp.com\/www.grieta.org.mx\/wp-content\/uploads\/2018\/03\/14524434_1106112876131411_958039263622046936_o.jpg?resize=700%2C400&ssl=1 2x"},"classes":[]},{"id":10240,"url":"https:\/\/www.grieta.org.mx\/index.php\/2016\/03\/22\/junta-de-conciliacion-y-arbitraje-resuelve-levantamiento-de-la-huelga-en-la-uaq\/","url_meta":{"origin":4928,"position":2},"title":"Junta de Conciliaci\u00f3n y Arbitraje resuelve levantamiento de la huelga en la UAQ","author":"grieta","date":"22 marzo, 2016","format":false,"excerpt":"Diego Armando Rivera\/AM Quer\u00e9taro A trav\u00e9s de un comunicado, el gobierno estatal inform\u00f3 que \u201ceste 22 de marzo, la Junta de Conciliaci\u00f3n y Arbitraje (JCA) de la Secretar\u00eda del Trabajo resolvi\u00f3, a petici\u00f3n de parte del Sindicato de Trabajadores y Empleados de la Universidad Aut\u00f3noma de Quer\u00e9taro (STEUAQ), levantar la\u2026","rel":"","context":"En &quot;CINTILLO&quot;","block_context":{"text":"CINTILLO","link":"https:\/\/www.grieta.org.mx\/index.php\/category\/cintillo\/"},"img":{"alt_text":"","src":"https:\/\/i0.wp.com\/www.grieta.org.mx\/wp-content\/uploads\/2018\/03\/14524434_1106112876131411_958039263622046936_o.jpg?resize=350%2C200&ssl=1","width":350,"height":200,"srcset":"https:\/\/i0.wp.com\/www.grieta.org.mx\/wp-content\/uploads\/2018\/03\/14524434_1106112876131411_958039263622046936_o.jpg?resize=350%2C200&ssl=1 1x, https:\/\/i0.wp.com\/www.grieta.org.mx\/wp-content\/uploads\/2018\/03\/14524434_1106112876131411_958039263622046936_o.jpg?resize=525%2C300&ssl=1 1.5x, https:\/\/i0.wp.com\/www.grieta.org.mx\/wp-content\/uploads\/2018\/03\/14524434_1106112876131411_958039263622046936_o.jpg?resize=700%2C400&ssl=1 2x"},"classes":[]},{"id":4931,"url":"https:\/\/www.grieta.org.mx\/index.php\/2016\/03\/14\/conciliacion-y-arbitraje-declara-validez-de-huelga-en-la-uaq\/","url_meta":{"origin":4928,"position":3},"title":"Conciliaci\u00f3n y arbitraje declara validez de huelga en la UAQ","author":"grieta","date":"14 marzo, 2016","format":false,"excerpt":"Esmeralda Trueba\/AM Quer\u00e9taro Conciliaci\u00f3n y arbitraje declara validez de huelga en la UAQ Varios sindicatos a nivel nacional han expresado su apoyo al STEUAQ\/ La Junta Local de Conciliaci\u00f3n y Arbitraje declar\u00f3 legalmente existente la huelga que estall\u00f3 el STEUAQ el pasado 4 de marzo en la UAQ La Junta\u2026","rel":"","context":"En &quot;CINTILLO&quot;","block_context":{"text":"CINTILLO","link":"https:\/\/www.grieta.org.mx\/index.php\/category\/cintillo\/"},"img":{"alt_text":"","src":"https:\/\/i0.wp.com\/www.grieta.org.mx\/wp-content\/uploads\/2018\/03\/14524434_1106112876131411_958039263622046936_o.jpg?resize=350%2C200&ssl=1","width":350,"height":200,"srcset":"https:\/\/i0.wp.com\/www.grieta.org.mx\/wp-content\/uploads\/2018\/03\/14524434_1106112876131411_958039263622046936_o.jpg?resize=350%2C200&ssl=1 1x, https:\/\/i0.wp.com\/www.grieta.org.mx\/wp-content\/uploads\/2018\/03\/14524434_1106112876131411_958039263622046936_o.jpg?resize=525%2C300&ssl=1 1.5x, https:\/\/i0.wp.com\/www.grieta.org.mx\/wp-content\/uploads\/2018\/03\/14524434_1106112876131411_958039263622046936_o.jpg?resize=700%2C400&ssl=1 2x"},"classes":[]},{"id":10247,"url":"https:\/\/www.grieta.org.mx\/index.php\/2016\/03\/03\/sindicato-de-uaq-vota-por-irse-a-huelga\/","url_meta":{"origin":4928,"position":4},"title":"Sindicato de UAQ vota por irse a huelga","author":"grieta","date":"3 marzo, 2016","format":false,"excerpt":"Ulises Villar\/Quadratin QUER\u00c9TARO, Qro., 3 de marzo 2016.- Con 537 votos a favor, 157 en contra y 30 abstenciones, fue aprobado en asamblea el estallamiento a huelga por parte de los trabajadores administrativos agremiados al STEUAQ. El estallamiento est\u00e1 previsto para este viernes al medio d\u00eda, pero se dej\u00f3 abierta\u2026","rel":"","context":"En &quot;CINTILLO&quot;","block_context":{"text":"CINTILLO","link":"https:\/\/www.grieta.org.mx\/index.php\/category\/cintillo\/"},"img":{"alt_text":"","src":"https:\/\/i0.wp.com\/www.grieta.org.mx\/wp-content\/uploads\/2018\/03\/14524434_1106112876131411_958039263622046936_o.jpg?resize=350%2C200&ssl=1","width":350,"height":200,"srcset":"https:\/\/i0.wp.com\/www.grieta.org.mx\/wp-content\/uploads\/2018\/03\/14524434_1106112876131411_958039263622046936_o.jpg?resize=350%2C200&ssl=1 1x, https:\/\/i0.wp.com\/www.grieta.org.mx\/wp-content\/uploads\/2018\/03\/14524434_1106112876131411_958039263622046936_o.jpg?resize=525%2C300&ssl=1 1.5x, https:\/\/i0.wp.com\/www.grieta.org.mx\/wp-content\/uploads\/2018\/03\/14524434_1106112876131411_958039263622046936_o.jpg?resize=700%2C400&ssl=1 2x"},"classes":[]},{"id":4932,"url":"https:\/\/www.grieta.org.mx\/index.php\/2016\/03\/11\/no-se-presenta-la-uaq-a-reunion-convocada-por-la-autoridad-laboral\/","url_meta":{"origin":4928,"position":5},"title":"No se presenta la UAQ a reuni\u00f3n convocada por la autoridad laboral","author":"grieta","date":"11 marzo, 2016","format":false,"excerpt":"Esmeralda Trueba\/AM Quer\u00e9taro Luego de que la Junta de Conciliaci\u00f3n y Arbitraje de la Secretaria del Trabajo convocara este viernes a las dos de la tarde a una audiencia p\u00fablica; la autoridad universitaria (UAQ) no se present\u00f3 a la reuni\u00f3n, por lo que la audiencia se desarroll\u00f3 solo con la\u2026","rel":"","context":"En &quot;CINTILLO&quot;","block_context":{"text":"CINTILLO","link":"https:\/\/www.grieta.org.mx\/index.php\/category\/cintillo\/"},"img":{"alt_text":"","src":"https:\/\/i0.wp.com\/www.grieta.org.mx\/wp-content\/uploads\/2018\/03\/14524434_1106112876131411_958039263622046936_o.jpg?resize=350%2C200&ssl=1","width":350,"height":200,"srcset":"https:\/\/i0.wp.com\/www.grieta.org.mx\/wp-content\/uploads\/2018\/03\/14524434_1106112876131411_958039263622046936_o.jpg?resize=350%2C200&ssl=1 1x, https:\/\/i0.wp.com\/www.grieta.org.mx\/wp-content\/uploads\/2018\/03\/14524434_1106112876131411_958039263622046936_o.jpg?resize=525%2C300&ssl=1 1.5x, https:\/\/i0.wp.com\/www.grieta.org.mx\/wp-content\/uploads\/2018\/03\/14524434_1106112876131411_958039263622046936_o.jpg?resize=700%2C400&ssl=1 2x"},"classes":[]}],"_links":{"self":[{"href":"https:\/\/www.grieta.org.mx\/index.php\/wp-json\/wp\/v2\/posts\/4928","targetHints":{"allow":["GET"]}}],"collection":[{"href":"https:\/\/www.grieta.org.mx\/index.php\/wp-json\/wp\/v2\/posts"}],"about":[{"href":"https:\/\/www.grieta.org.mx\/index.php\/wp-json\/wp\/v2\/types\/post"}],"author":[{"embeddable":true,"href":"https:\/\/www.grieta.org.mx\/index.php\/wp-json\/wp\/v2\/users\/2"}],"replies":[{"embeddable":true,"href":"https:\/\/www.grieta.org.mx\/index.php\/wp-json\/wp\/v2\/comments?post=4928"}],"version-history":[{"count":1,"href":"https:\/\/www.grieta.org.mx\/index.php\/wp-json\/wp\/v2\/posts\/4928\/revisions"}],"predecessor-version":[{"id":4935,"href":"https:\/\/www.grieta.org.mx\/index.php\/wp-json\/wp\/v2\/posts\/4928\/revisions\/4935"}],"wp:featuredmedia":[{"embeddable":true,"href":"https:\/\/www.grieta.org.mx\/index.php\/wp-json\/wp\/v2\/media\/21928"}],"wp:attachment":[{"href":"https:\/\/www.grieta.org.mx\/index.php\/wp-json\/wp\/v2\/media?parent=4928"}],"wp:term":[{"taxonomy":"category","embeddable":true,"href":"https:\/\/www.grieta.org.mx\/index.php\/wp-json\/wp\/v2\/categories?post=4928"},{"taxonomy":"post_tag","embeddable":true,"href":"https:\/\/www.grieta.org.mx\/index.php\/wp-json\/wp\/v2\/tags?post=4928"}],"curies":[{"name":"wp","href":"https:\/\/api.w.org\/{rel}","templated":true}]}}