{"id":49253,"date":"2020-04-22T16:32:23","date_gmt":"2020-04-22T21:32:23","guid":{"rendered":"http:\/\/www.grieta.org.mx\/?p=49253"},"modified":"2020-05-15T16:38:01","modified_gmt":"2020-05-15T21:38:01","slug":"pide-tamaulipas-a-albergues-no-recibir-a-mas-inmigrantes","status":"publish","type":"post","link":"https:\/\/www.grieta.org.mx\/index.php\/2020\/04\/22\/pide-tamaulipas-a-albergues-no-recibir-a-mas-inmigrantes\/","title":{"rendered":"Pide Tamaulipas a albergues no recibir a m\u00e1s inmigrantes"},"content":{"rendered":"<p>Benito L\u00f3pez Agencia Reforma\/El Nuevo Heraldo<br \/>\n22 abril 2020<\/p>\n<p><img loading=\"lazy\" decoding=\"async\" data-attachment-id=\"49254\" data-permalink=\"https:\/\/www.grieta.org.mx\/index.php\/2020\/04\/22\/pide-tamaulipas-a-albergues-no-recibir-a-mas-inmigrantes\/5ea0c47f2fb9f-image\/\" data-orig-file=\"https:\/\/www.grieta.org.mx\/wp-content\/uploads\/2020\/05\/5ea0c47f2fb9f.image_.jpg\" data-orig-size=\"300,197\" data-comments-opened=\"0\" data-image-meta=\"{&quot;aperture&quot;:&quot;0&quot;,&quot;credit&quot;:&quot;&quot;,&quot;camera&quot;:&quot;&quot;,&quot;caption&quot;:&quot;&quot;,&quot;created_timestamp&quot;:&quot;0&quot;,&quot;copyright&quot;:&quot;&quot;,&quot;focal_length&quot;:&quot;0&quot;,&quot;iso&quot;:&quot;0&quot;,&quot;shutter_speed&quot;:&quot;0&quot;,&quot;title&quot;:&quot;&quot;,&quot;orientation&quot;:&quot;0&quot;}\" data-image-title=\"5ea0c47f2fb9f.image\" data-image-description=\"\" data-image-caption=\"\" data-medium-file=\"https:\/\/www.grieta.org.mx\/wp-content\/uploads\/2020\/05\/5ea0c47f2fb9f.image_-300x197.jpg\" data-large-file=\"https:\/\/www.grieta.org.mx\/wp-content\/uploads\/2020\/05\/5ea0c47f2fb9f.image_.jpg\" src=\"http:\/\/www.grieta.org.mx\/wp-content\/uploads\/2020\/05\/5ea0c47f2fb9f.image_.jpg\" alt=\"\" width=\"300\" height=\"197\" class=\"aligncenter size-full wp-image-49254\" \/><br \/>\nAgencia Reforma<\/p>\n<p>CIUDAD VICTORIA, Tamaulipas \u2014 La Secretar\u00eda General de Gobierno exhort\u00f3 a los albergues de la frontera de Tamaulipas a no recibir a m\u00e1s migrantes mientras dure la cuarentena por el COVID-19 para evitar nuevos contagios.<\/p>\n<p>El lunes en Tamaulipas se confirm\u00f3 que 14 migrantes, de un total de 16, adquirieron el contagio en un mismo albergue de Nuevo Laredo.<\/p>\n<p>\u201cVale la pena en el contexto se les pide a las casas que tienen esta labor altruista que ya no reciban a los migrantes, al menos en lo que est\u00e1 la contingencia (del coronavirus) porque el riesgo, la verdad, es que sigue siendo alto\u201d, manifest\u00f3 la Subsecretaria de Legalidad y Servicios Gubernamentales, Gloria Garza Jim\u00e9nez.<\/p>\n<p>El lunes, autoridades tamaulipecas reportaron los primeros casos de cepa en migrantes, en un albergue de Nuevo Laredo.<\/p>\n<p>Garza precis\u00f3 que se trata de seis migrantes originarios de Honduras; cuatro mexicanos, ninguno de la entidad; tres cubanos; as\u00ed como una persona proveniente de Camer\u00fan y una m\u00e1s de Guatemala.<\/p>\n<p>Dijo que por medio de la Secretar\u00eda de Salud se notific\u00f3 a las embajadas de sus pa\u00edses.<\/p>\n<p>Sin embargo, precis\u00f3, no se ha tenido contacto con gente de la embajada de Camer\u00fan.<\/p>\n<p>La funcionaria de la Secretar\u00eda General de Gobierno mencion\u00f3 que los migrantes positivos se encuentran aislados en el albergue, de acuerdo a los protocolos sanitarios y est\u00e1ndares internacionales para su atenci\u00f3n.<\/p>\n<p>Las personas est\u00e1n al cuidado del sacerdote Mario L\u00f3pez, que dirige el refugio de la frontera, a la espera de que pase la cuarentena, y decidan trasladarlos a su lugar de origen.<\/p>\n<p>\u201cEl Estado a trav\u00e9s de Coepris y de la Secretar\u00eda de Salud tomaron las medidas necesarias para evitar que se siga propagando entre la comunidad del migrante o entre los habitantes de Nuevo Laredo, que es donde est\u00e1 la casa del migrante\u201d, se\u00f1al\u00f3.<\/p>\n<p>En tanto, rechaz\u00f3 que el albergue haya sido clausurado, cuyo espacio permite el aislamiento de los migrantes hasta que transcurra el per\u00edodo de la cuarentena obligatoria.<\/p>\n<p>\u201cY el tama\u00f1o de ese albergue da para que esas personas pueden estar ah\u00ed mismo, vale la pena repetir que es un albergue que es de personas altruistas y ah\u00ed se encuentran aisladas\u201d, subray\u00f3.<\/p>\n<p>Otras 58 personas entre migrantes y personal que cohabit\u00f3 con los migrantes contagiados, dijo, resultaron negativos luego de las pruebas del virus.<\/p>\n<p><a href=\"http:\/\/www.elnuevoheraldo.com\/noticias\/mexico\/pide-tamaulipas-a-albergues-no-recibir-a-m-s-inmigrantes\/article_0ce862ae-84e8-11ea-9fd5-7758724ba28d.html\" rel=\"noopener noreferrer\" target=\"_blank\">http:\/\/www.elnuevoheraldo.com\/noticias\/mexico\/pide-tamaulipas-a-albergues-no-recibir-a-m-s-inmigrantes\/article_0ce862ae-84e8-11ea-9fd5-7758724ba28d.html<\/a><\/p>\n","protected":false},"excerpt":{"rendered":"<p>Benito L\u00f3pez Agencia Reforma\/El Nuevo Heraldo 22 abril 2020 Agencia Reforma CIUDAD VICTORIA, Tamaulipas \u2014 La Secretar\u00eda General de Gobierno exhort\u00f3 a los albergues de la frontera de Tamaulipas a &hellip; <a href=\"https:\/\/www.grieta.org.mx\/index.php\/2020\/04\/22\/pide-tamaulipas-a-albergues-no-recibir-a-mas-inmigrantes\/\" class=\"more-link\">Leer m\u00e1s<\/a><\/p>\n","protected":false},"author":2,"featured_media":49254,"comment_status":"closed","ping_status":"closed","sticky":false,"template":"","format":"standard","meta":{"ngg_post_thumbnail":0,"_jetpack_newsletter_access":"","_jetpack_dont_email_post_to_subs":false,"_jetpack_newsletter_tier_id":0,"_jetpack_memberships_contains_paywalled_content":false,"_jetpack_memberships_contains_paid_content":false,"footnotes":""},"categories":[80,3269,86,2124,2,33,83],"tags":[3241,158],"class_list":["post-49253","post","type-post","status-publish","format-standard","has-post-thumbnail","hentry","category-cintillo","category-covid-19-en-tamaulipas","category-migrantes","category-migrantes-en-tamaulipas","category-noticias-nacionales","category-tamaulipas","category-temas-nacionales","tag-covid-19","tag-migrantes","entry"],"jetpack_featured_media_url":"https:\/\/www.grieta.org.mx\/wp-content\/uploads\/2020\/05\/5ea0c47f2fb9f.image_.jpg","jetpack_sharing_enabled":true,"jetpack_shortlink":"https:\/\/wp.me\/p7ZJR4-cOp","jetpack_likes_enabled":false,"jetpack-related-posts":[{"id":47767,"url":"https:\/\/www.grieta.org.mx\/index.php\/2020\/04\/10\/migrantes-estan-en-riesgo-en-frontera-de-tamaulipas\/","url_meta":{"origin":49253,"position":0},"title":"Migrantes est\u00e1n en riesgo en frontera de Tamaulipas","author":"grieta","date":"10 abril, 2020","format":false,"excerpt":"Jacqueline Ponce Le\u00f3n\/Conexi\u00f3n Migrante 10 abril 2020 El Instituto Nacional de Migraci\u00f3n est\u00e1 trasladando migrantes de las estaciones migratorias a ciudades fronterizas del sur y los abandona a su suerte. La Comisi\u00f3n Nacional de Derechos Humanos (CNDH) admiti\u00f3 que los derechos fundamentales de los migrantes varados en la frontera son\u2026","rel":"","context":"En &quot;CINTILLO&quot;","block_context":{"text":"CINTILLO","link":"https:\/\/www.grieta.org.mx\/index.php\/category\/cintillo\/"},"img":{"alt_text":"","src":"https:\/\/i0.wp.com\/www.grieta.org.mx\/wp-content\/uploads\/2020\/04\/Migrantes-en-fronteras-est%C3%A1n-en-riesgo-ante-emergencia-sanitaria.jpg?resize=350%2C200&ssl=1","width":350,"height":200,"srcset":"https:\/\/i0.wp.com\/www.grieta.org.mx\/wp-content\/uploads\/2020\/04\/Migrantes-en-fronteras-est%C3%A1n-en-riesgo-ante-emergencia-sanitaria.jpg?resize=350%2C200&ssl=1 1x, https:\/\/i0.wp.com\/www.grieta.org.mx\/wp-content\/uploads\/2020\/04\/Migrantes-en-fronteras-est%C3%A1n-en-riesgo-ante-emergencia-sanitaria.jpg?resize=525%2C300&ssl=1 1.5x, https:\/\/i0.wp.com\/www.grieta.org.mx\/wp-content\/uploads\/2020\/04\/Migrantes-en-fronteras-est%C3%A1n-en-riesgo-ante-emergencia-sanitaria.jpg?resize=700%2C400&ssl=1 2x, https:\/\/i0.wp.com\/www.grieta.org.mx\/wp-content\/uploads\/2020\/04\/Migrantes-en-fronteras-est%C3%A1n-en-riesgo-ante-emergencia-sanitaria.jpg?resize=1050%2C600&ssl=1 3x"},"classes":[]},{"id":35910,"url":"https:\/\/www.grieta.org.mx\/index.php\/2019\/07\/03\/en-nuevo-laredo-esperan-a-miles-de-migrantes-tamaulipas\/","url_meta":{"origin":49253,"position":1},"title":"En Nuevo Laredo esperan a miles de migrantes (Tamaulipas)","author":"grieta","date":"3 julio, 2019","format":false,"excerpt":"El Bravo El pr\u00f3ximo 8 de julio a m\u00e1s tardar, el Gobierno de Estados Unidos va deportar y retornar\u00e1 a cerca de 3 mil migrantes por la frontera con Nuevo Laredo y no hay recursos p\u00fablicos federales o una estrategia para enfrentar este fen\u00f3meno social. Con lo anterior se espera\u2026","rel":"","context":"En &quot;CINTILLO&quot;","block_context":{"text":"CINTILLO","link":"https:\/\/www.grieta.org.mx\/index.php\/category\/cintillo\/"},"img":{"alt_text":"","src":"https:\/\/i0.wp.com\/www.grieta.org.mx\/wp-content\/uploads\/2019\/07\/En-Nuevo-Laredo-esperan-a-miles-de-migrantes-tama-jul.jpg?resize=350%2C200&ssl=1","width":350,"height":200,"srcset":"https:\/\/i0.wp.com\/www.grieta.org.mx\/wp-content\/uploads\/2019\/07\/En-Nuevo-Laredo-esperan-a-miles-de-migrantes-tama-jul.jpg?resize=350%2C200&ssl=1 1x, https:\/\/i0.wp.com\/www.grieta.org.mx\/wp-content\/uploads\/2019\/07\/En-Nuevo-Laredo-esperan-a-miles-de-migrantes-tama-jul.jpg?resize=525%2C300&ssl=1 1.5x"},"classes":[]},{"id":35898,"url":"https:\/\/www.grieta.org.mx\/index.php\/2019\/06\/26\/alertan-crisis-fronteriza-por-devolucion-tamaulipas\/","url_meta":{"origin":49253,"position":2},"title":"Alertan crisis fronteriza por devoluci\u00f3n (Tamaulipas)","author":"grieta","date":"26 junio, 2019","format":false,"excerpt":"Alertan crisis fronteriza por devoluci\u00f3n . | AP Reforma Los solicitantes de asilo ser\u00e1n enviados de Estados Unidos a las ciudades de Nogales y San Luis R\u00edo Colorado, en Sonora, y Nuevo Laredo en Tamaulipas Cd. de M\u00e9xico, M\u00e9xico.-Como parte del acuerdo con Estados Unidos, se enviar\u00e1n a solicitantes de\u2026","rel":"","context":"En &quot;CINTILLO&quot;","block_context":{"text":"CINTILLO","link":"https:\/\/www.grieta.org.mx\/index.php\/category\/cintillo\/"},"img":{"alt_text":"","src":"https:\/\/i0.wp.com\/www.grieta.org.mx\/wp-content\/uploads\/2019\/07\/Alertan-crisis-fronteriza-por-devoluci%C3%B3n-tama-jul-300x168.jpg?resize=350%2C200","width":350,"height":200,"srcset":"https:\/\/i0.wp.com\/www.grieta.org.mx\/wp-content\/uploads\/2019\/07\/Alertan-crisis-fronteriza-por-devoluci%C3%B3n-tama-jul-300x168.jpg?resize=350%2C200 1x, https:\/\/i0.wp.com\/www.grieta.org.mx\/wp-content\/uploads\/2019\/07\/Alertan-crisis-fronteriza-por-devoluci%C3%B3n-tama-jul-300x168.jpg?resize=525%2C300 1.5x, https:\/\/i0.wp.com\/www.grieta.org.mx\/wp-content\/uploads\/2019\/07\/Alertan-crisis-fronteriza-por-devoluci%C3%B3n-tama-jul-300x168.jpg?resize=700%2C400 2x"},"classes":[]},{"id":51386,"url":"https:\/\/www.grieta.org.mx\/index.php\/2020\/06\/23\/protestan-migrantes-y-provocan-cierre-de-puente-en-matamoros-tamaulipas\/","url_meta":{"origin":49253,"position":3},"title":"Protestan migrantes y provocan cierre de puente en Matamoros (Tamaulipas)","author":"grieta","date":"23 junio, 2020","format":false,"excerpt":"Jaime Jim\u00e9nez\/El Sol de Tampico 23 junio 2020 Fue cerrado por espacio de horas despu\u00e9s que un grupo de migrantes intent\u00f3 cruzar a los Estados Unidos de manera forzosa El puente nuevo internacional de Matamoros, Tamaulipas fue cerrado por algunas horas | Jaime Jim\u00e9nez | El Sol de Tampico Reynosa,\u2026","rel":"","context":"En &quot;CINTILLO&quot;","block_context":{"text":"CINTILLO","link":"https:\/\/www.grieta.org.mx\/index.php\/category\/cintillo\/"},"img":{"alt_text":"","src":"https:\/\/i0.wp.com\/www.grieta.org.mx\/wp-content\/uploads\/2020\/06\/WhatsApp-Image-2020-06-23-at-11.38.34.jpeg?resize=350%2C200&ssl=1","width":350,"height":200,"srcset":"https:\/\/i0.wp.com\/www.grieta.org.mx\/wp-content\/uploads\/2020\/06\/WhatsApp-Image-2020-06-23-at-11.38.34.jpeg?resize=350%2C200&ssl=1 1x, https:\/\/i0.wp.com\/www.grieta.org.mx\/wp-content\/uploads\/2020\/06\/WhatsApp-Image-2020-06-23-at-11.38.34.jpeg?resize=525%2C300&ssl=1 1.5x, https:\/\/i0.wp.com\/www.grieta.org.mx\/wp-content\/uploads\/2020\/06\/WhatsApp-Image-2020-06-23-at-11.38.34.jpeg?resize=700%2C400&ssl=1 2x"},"classes":[]},{"id":31589,"url":"https:\/\/www.grieta.org.mx\/index.php\/2019\/03\/29\/se-quedan-850-migrantes-varados-en-nuevo-laredo-tamaulipas\/","url_meta":{"origin":49253,"position":4},"title":"Se quedan 850 migrantes varados en Nuevo Laredo (Tamaulipas)","author":"grieta","date":"29 marzo, 2019","format":false,"excerpt":"El Bravo M\u00e1s de 850 migrantes, entre cubanos, africanos y centroamericanos, se encuentran varados en el municipio fronterizo de Nuevo Laredo, en espera de que el gobierno de Estados Unidos les d\u00e9 asilo pol\u00edtico. En entrevista, el edil de Nuevo Laredo, Enrique Rivas Cu\u00e9llar, refiri\u00f3 que es constante el flujo\u2026","rel":"","context":"En &quot;CINTILLO&quot;","block_context":{"text":"CINTILLO","link":"https:\/\/www.grieta.org.mx\/index.php\/category\/cintillo\/"},"img":{"alt_text":"","src":"https:\/\/i0.wp.com\/www.grieta.org.mx\/wp-content\/uploads\/2019\/04\/Se-quedan-850-migrantes-varados-en-Nuevo-Laredo-tama-abr.jpg?resize=350%2C200&ssl=1","width":350,"height":200,"srcset":"https:\/\/i0.wp.com\/www.grieta.org.mx\/wp-content\/uploads\/2019\/04\/Se-quedan-850-migrantes-varados-en-Nuevo-Laredo-tama-abr.jpg?resize=350%2C200&ssl=1 1x, https:\/\/i0.wp.com\/www.grieta.org.mx\/wp-content\/uploads\/2019\/04\/Se-quedan-850-migrantes-varados-en-Nuevo-Laredo-tama-abr.jpg?resize=525%2C300&ssl=1 1.5x"},"classes":[]},{"id":32454,"url":"https:\/\/www.grieta.org.mx\/index.php\/2019\/04\/23\/por-saturacion-cierran-albergue-senda-de-vida-a-mas-migrantes-en-reynosa-tamaulipas\/","url_meta":{"origin":49253,"position":5},"title":"Por saturaci\u00f3n, cierran albergue Senda de Vida a m\u00e1s migrantes en Reynosa (Tamaulipas)","author":"grieta","date":"23 abril, 2019","format":false,"excerpt":"Viviana Cervantes \/ El Ma\u00f1ana Siguen llegando y les niegan acceso; les piden se vayan a Nuevo Laredo Reynosa, Tam.- Debido a la saturaci\u00f3n del albergue \"Senda de Vida\" los directivos han decidido no recibir a m\u00e1s migrantes. Llegan migrantes y les niegan el acceso por falta de espacio; les\u2026","rel":"","context":"En &quot;CINTILLO&quot;","block_context":{"text":"CINTILLO","link":"https:\/\/www.grieta.org.mx\/index.php\/category\/cintillo\/"},"img":{"alt_text":"","src":"https:\/\/i0.wp.com\/www.grieta.org.mx\/wp-content\/uploads\/2019\/04\/Por-saturaci%C3%B3n-cierran-albergue-Senda-de-Vida-a-m%C3%A1s-migrantes-en-Reynosa-tama-abr.jpg?resize=350%2C200&ssl=1","width":350,"height":200,"srcset":"https:\/\/i0.wp.com\/www.grieta.org.mx\/wp-content\/uploads\/2019\/04\/Por-saturaci%C3%B3n-cierran-albergue-Senda-de-Vida-a-m%C3%A1s-migrantes-en-Reynosa-tama-abr.jpg?resize=350%2C200&ssl=1 1x, https:\/\/i0.wp.com\/www.grieta.org.mx\/wp-content\/uploads\/2019\/04\/Por-saturaci%C3%B3n-cierran-albergue-Senda-de-Vida-a-m%C3%A1s-migrantes-en-Reynosa-tama-abr.jpg?resize=525%2C300&ssl=1 1.5x"},"classes":[]}],"_links":{"self":[{"href":"https:\/\/www.grieta.org.mx\/index.php\/wp-json\/wp\/v2\/posts\/49253","targetHints":{"allow":["GET"]}}],"collection":[{"href":"https:\/\/www.grieta.org.mx\/index.php\/wp-json\/wp\/v2\/posts"}],"about":[{"href":"https:\/\/www.grieta.org.mx\/index.php\/wp-json\/wp\/v2\/types\/post"}],"author":[{"embeddable":true,"href":"https:\/\/www.grieta.org.mx\/index.php\/wp-json\/wp\/v2\/users\/2"}],"replies":[{"embeddable":true,"href":"https:\/\/www.grieta.org.mx\/index.php\/wp-json\/wp\/v2\/comments?post=49253"}],"version-history":[{"count":1,"href":"https:\/\/www.grieta.org.mx\/index.php\/wp-json\/wp\/v2\/posts\/49253\/revisions"}],"predecessor-version":[{"id":49255,"href":"https:\/\/www.grieta.org.mx\/index.php\/wp-json\/wp\/v2\/posts\/49253\/revisions\/49255"}],"wp:featuredmedia":[{"embeddable":true,"href":"https:\/\/www.grieta.org.mx\/index.php\/wp-json\/wp\/v2\/media\/49254"}],"wp:attachment":[{"href":"https:\/\/www.grieta.org.mx\/index.php\/wp-json\/wp\/v2\/media?parent=49253"}],"wp:term":[{"taxonomy":"category","embeddable":true,"href":"https:\/\/www.grieta.org.mx\/index.php\/wp-json\/wp\/v2\/categories?post=49253"},{"taxonomy":"post_tag","embeddable":true,"href":"https:\/\/www.grieta.org.mx\/index.php\/wp-json\/wp\/v2\/tags?post=49253"}],"curies":[{"name":"wp","href":"https:\/\/api.w.org\/{rel}","templated":true}]}}