{"id":49243,"date":"2020-05-08T14:47:58","date_gmt":"2020-05-08T19:47:58","guid":{"rendered":"http:\/\/www.grieta.org.mx\/?p=49243"},"modified":"2020-05-15T14:51:06","modified_gmt":"2020-05-15T19:51:06","slug":"oaxaca-de-los-estados-con-mas-muertes-por-covid-19-del-pais","status":"publish","type":"post","link":"https:\/\/www.grieta.org.mx\/index.php\/2020\/05\/08\/oaxaca-de-los-estados-con-mas-muertes-por-covid-19-del-pais\/","title":{"rendered":"Oaxaca, de los estados con m\u00e1s muertes por COVID-19 del pa\u00eds"},"content":{"rendered":"<p>Noticias \/ Citlalli Luciana.<\/p>\n<p>Es de las 7 entidades del pa\u00eds con mayor tasa de defunci\u00f3n<\/p>\n<p><img loading=\"lazy\" decoding=\"async\" src=\"http:\/\/www.nvinoticias.com\/sites\/default\/files\/styles\/node\/public\/notas\/2020\/05\/08\/nvi-noticias-4.jpg?itok=lPvbtgQ-\" width=\"1144\" height=\"645\" class=\"alignnone size-full\" \/><\/p>\n<p>Oaxaca se ubica entre los siete estados con mayor tasa de defunci\u00f3n por cada 100 casos positivos del virus SARS-COV-2 (COVID-19) registrados hasta el pasado 5 de mayo. La lista la integran Chihuahua, Campeche, Colima, Quintana Roo, Zacatecas, Guerrero y Oaxaca.<\/p>\n<p>Seg\u00fan cifras de la Direcci\u00f3n General de Epidemiolog\u00eda de la Secretar\u00eda de Salud con corte a las 16:32 horas, en Oaxaca hab\u00edan ocurrido 27 defunciones de un total de 185 personas confirmadas por COVID 19  y 95 sospechosos.<\/p>\n<p>El ejercicio realizado con asesor\u00eda de un experto en estad\u00edsticas, detalla que la tasa de letalidad global en Oaxaca es de 14.6%, lo que la ubica por arriba del promedio nacional que es de 9.6%, incluso es superior a la de Ciudad de M\u00e9xico con 6.5% en donde se concentra el mayor n\u00famero de contagios en el pa\u00eds.<\/p>\n<p>En contraparte, la tasa m\u00e1s baja la tiene Aguascalientes con 3.1%, Chiapas con 5.0%, Yucat\u00e1n, Nuevo Le\u00f3n y Baja California Sur con 5.1%, mientras que San Luis Potos\u00ed 6.0%.<\/p>\n<p>De los 185 casos confirmados acumulados en Oaxaca por sexo, el 58.4% corresponde a hombres y 41.6% a mujeres con una edad promedio de 47 a\u00f1os.<\/p>\n<p>En todos los casos confirmados como positivos en el 49.2% (91) tuvieron un tratamiento ambulatorio, en el 50.8% (94) requirieron hospitalizaci\u00f3n, de los cuales 18 fueron intubados.<\/p>\n<p>De las 27 personas que fallecieron por COVID-19, el mayor n\u00famero ocurri\u00f3 en San Juan Bautista Tuxtepec con seis, seguido por Oaxaca de Ju\u00e1rez con cuatro, Juchit\u00e1n de Zaragoza con tres y Santiago Juxtlahuaca con dos. Con un caso cada uno, Huajuapan de Le\u00f3n, San Antonio de la Cal, San Jacinto Amilpas, San Jos\u00e9 Tenango, San Miguel Tequixtepec, San Pedro Molinos, San Pedro Pochutla, Santa Cruz Xoxocotl\u00e1n, Santa Mar\u00eda Atzompa, Santa Mar\u00eda Huatulco, Santiago Juxtlahuaca, Santiago Suchilquitongo y Zimatl\u00e1n de \u00c1lvarez.<\/p>\n<p>De acuerdo con las estimaciones del subsecretario de Salud del Gobierno Federal, Hugo L\u00f3pez-Gatell, este 8 de mayo M\u00e9xico alcanzar\u00e1 el pico m\u00e1s alto en la curva de contagio; sin embargo, se estima que el n\u00famero de contagios es mayor al reportado, ya que un buen n\u00famero de personas portadoras del virus no fueron a consulta, son asint\u00f3maticas o no se les diagnostic\u00f3 correctamente.<\/p>\n<p><a href=\"http:\/\/www.nvinoticias.com\/nota\/145214\/oaxaca-de-los-estados-con-mas-muertes-por-covid-19-del-pais\" rel=\"noopener noreferrer\" target=\"_blank\">http:\/\/www.nvinoticias.com\/nota\/145214\/oaxaca-de-los-estados-con-mas-muertes-por-covid-19-del-pais<\/a><\/p>\n","protected":false},"excerpt":{"rendered":"<p>Noticias \/ Citlalli Luciana. Es de las 7 entidades del pa\u00eds con mayor tasa de defunci\u00f3n Oaxaca se ubica entre los siete estados con mayor tasa de defunci\u00f3n por cada &hellip; <a href=\"https:\/\/www.grieta.org.mx\/index.php\/2020\/05\/08\/oaxaca-de-los-estados-con-mas-muertes-por-covid-19-del-pais\/\" class=\"more-link\">Leer m\u00e1s<\/a><\/p>\n","protected":false},"author":2,"featured_media":21928,"comment_status":"closed","ping_status":"closed","sticky":false,"template":"","format":"standard","meta":{"ngg_post_thumbnail":0,"_jetpack_newsletter_access":"","_jetpack_dont_email_post_to_subs":false,"_jetpack_newsletter_tier_id":0,"_jetpack_memberships_contains_paywalled_content":false,"_jetpack_memberships_contains_paid_content":false,"footnotes":""},"categories":[80,3262,1728,2,25],"tags":[],"class_list":["post-49243","post","type-post","status-publish","format-standard","has-post-thumbnail","hentry","category-cintillo","category-crisis-covid-19-en-oaxaca","category-crisis-del-sector-salud-en-oaxaca","category-noticias-nacionales","category-oaxaca","entry"],"jetpack_featured_media_url":"https:\/\/www.grieta.org.mx\/wp-content\/uploads\/2018\/03\/14524434_1106112876131411_958039263622046936_o.jpg","jetpack_sharing_enabled":true,"jetpack_shortlink":"https:\/\/wp.me\/p7ZJR4-cOf","jetpack_likes_enabled":false,"jetpack-related-posts":[{"id":49283,"url":"https:\/\/www.grieta.org.mx\/index.php\/2020\/05\/14\/cifras-maquilladas-en-oaxaca-personal-medico-solo-certifica-19-muertes-por-covid-19\/","url_meta":{"origin":49243,"position":0},"title":"\u00bfCifras maquilladas? En Oaxaca, personal m\u00e9dico solo certifica 19 muertes por Covid-19","author":"grieta","date":"14 mayo, 2020","format":false,"excerpt":"P\u00e1gina 3 \/ Paulina R\u00edos Olivera. *Solo 19 actas de defunci\u00f3n tienen como causa de muerte la enfermedad del coronavirus; personal m\u00e9dico anota neumon\u00edas at\u00edpicas u otros padecimientos en los certificados m\u00e9dicos de fallecimiento. | *Ocultar la causa puede generar violaci\u00f3n a derechos humanos: Abogado. En Oaxaca, el n\u00famero de\u2026","rel":"","context":"En &quot;CINTILLO&quot;","block_context":{"text":"CINTILLO","link":"https:\/\/www.grieta.org.mx\/index.php\/category\/cintillo\/"},"img":{"alt_text":"","src":"https:\/\/i0.wp.com\/www.grieta.org.mx\/wp-content\/uploads\/2020\/05\/Formato-certificado-de-defuncion-por-covid-19-de-paciente-de-68-anos-con-diabetes.jpg?resize=350%2C200&ssl=1","width":350,"height":200,"srcset":"https:\/\/i0.wp.com\/www.grieta.org.mx\/wp-content\/uploads\/2020\/05\/Formato-certificado-de-defuncion-por-covid-19-de-paciente-de-68-anos-con-diabetes.jpg?resize=350%2C200&ssl=1 1x, https:\/\/i0.wp.com\/www.grieta.org.mx\/wp-content\/uploads\/2020\/05\/Formato-certificado-de-defuncion-por-covid-19-de-paciente-de-68-anos-con-diabetes.jpg?resize=525%2C300&ssl=1 1.5x, https:\/\/i0.wp.com\/www.grieta.org.mx\/wp-content\/uploads\/2020\/05\/Formato-certificado-de-defuncion-por-covid-19-de-paciente-de-68-anos-con-diabetes.jpg?resize=700%2C400&ssl=1 2x"},"classes":[]},{"id":49235,"url":"https:\/\/www.grieta.org.mx\/index.php\/2020\/05\/14\/al-tope-hospital-de-especialidades-por-covid-19-oaxaca\/","url_meta":{"origin":49243,"position":1},"title":"Al tope Hospital de Especialidades por COVID-19 (Oaxaca)","author":"grieta","date":"14 mayo, 2020","format":false,"excerpt":"Noticias \/ Nadia Altamirano. Foto: Mario Jim\u00e9nez Cuando en Oaxaca se asegura que el 35 por ciento de sus 570 municipios est\u00e1n libres de COVID-19, el Hospital Regional de Alta Especialidad de Oaxaca evidencia una realidad que aparentaba estar lejana, su capacidad de atenci\u00f3n lleg\u00f3 al tope. En un comunicado\u2026","rel":"","context":"En &quot;CINTILLO&quot;","block_context":{"text":"CINTILLO","link":"https:\/\/www.grieta.org.mx\/index.php\/category\/cintillo\/"},"img":{"alt_text":"","src":"https:\/\/i0.wp.com\/www.grieta.org.mx\/wp-content\/uploads\/2018\/03\/14524434_1106112876131411_958039263622046936_o.jpg?resize=350%2C200&ssl=1","width":350,"height":200,"srcset":"https:\/\/i0.wp.com\/www.grieta.org.mx\/wp-content\/uploads\/2018\/03\/14524434_1106112876131411_958039263622046936_o.jpg?resize=350%2C200&ssl=1 1x, https:\/\/i0.wp.com\/www.grieta.org.mx\/wp-content\/uploads\/2018\/03\/14524434_1106112876131411_958039263622046936_o.jpg?resize=525%2C300&ssl=1 1.5x, https:\/\/i0.wp.com\/www.grieta.org.mx\/wp-content\/uploads\/2018\/03\/14524434_1106112876131411_958039263622046936_o.jpg?resize=700%2C400&ssl=1 2x"},"classes":[]},{"id":49278,"url":"https:\/\/www.grieta.org.mx\/index.php\/2020\/05\/15\/hay-60-trabajadores-de-salud-en-oaxaca-con-covid-19\/","url_meta":{"origin":49243,"position":2},"title":"Hay 60 trabajadores de Salud en Oaxaca con COVID-19","author":"grieta","date":"15 mayo, 2020","format":false,"excerpt":"Noticias \/ Nadia Altamirano. Hay nueve trabajadores del Hospital B\u00e1sico Comunitario de 12 camas de Tamazulapam del Esp\u00edritu Santo, contagiados. De los 329 casos de COVID-19 confirmados en Oaxaca, el 18% corresponde a personal de la salud, en los que se incluyen dos defunciones y nueve trabajadores del Hospital B\u00e1sico\u2026","rel":"","context":"En &quot;CINTILLO&quot;","block_context":{"text":"CINTILLO","link":"https:\/\/www.grieta.org.mx\/index.php\/category\/cintillo\/"},"img":{"alt_text":"","src":"https:\/\/i0.wp.com\/www.grieta.org.mx\/wp-content\/uploads\/2018\/03\/14524434_1106112876131411_958039263622046936_o.jpg?resize=350%2C200&ssl=1","width":350,"height":200,"srcset":"https:\/\/i0.wp.com\/www.grieta.org.mx\/wp-content\/uploads\/2018\/03\/14524434_1106112876131411_958039263622046936_o.jpg?resize=350%2C200&ssl=1 1x, https:\/\/i0.wp.com\/www.grieta.org.mx\/wp-content\/uploads\/2018\/03\/14524434_1106112876131411_958039263622046936_o.jpg?resize=525%2C300&ssl=1 1.5x, https:\/\/i0.wp.com\/www.grieta.org.mx\/wp-content\/uploads\/2018\/03\/14524434_1106112876131411_958039263622046936_o.jpg?resize=700%2C400&ssl=1 2x"},"classes":[]},{"id":57320,"url":"https:\/\/www.grieta.org.mx\/index.php\/2021\/03\/05\/trabajadores-de-la-salud-de-oaxaca-bloquean-vias-para-exigir-vacuna-contra-covid-19\/","url_meta":{"origin":49243,"position":3},"title":"Trabajadores de la salud de Oaxaca bloquean v\u00edas para exigir vacuna contra covid-19","author":"grieta","date":"5 marzo, 2021","format":false,"excerpt":"Proceso \/ Pedro Mat\u00edas. Integrantes del Sindicato Nacional de Trabajadores de la Secretar\u00eda de Salud bloquearon seis v\u00edas para exigir que se aplique la vacuna contra el covid-19 a personal administrativo. OAXACA, Oax. (apro).- Con seis bloqueos carreteros en la regi\u00f3n del Istmo de Tehuantepec, integrantes del Sindicato Nacional de\u2026","rel":"","context":"En &quot;CINTILLO&quot;","block_context":{"text":"CINTILLO","link":"https:\/\/www.grieta.org.mx\/index.php\/category\/cintillo\/"},"img":{"alt_text":"","src":"https:\/\/i0.wp.com\/www.grieta.org.mx\/wp-content\/uploads\/2021\/03\/1.jpg?resize=350%2C200&ssl=1","width":350,"height":200,"srcset":"https:\/\/i0.wp.com\/www.grieta.org.mx\/wp-content\/uploads\/2021\/03\/1.jpg?resize=350%2C200&ssl=1 1x, https:\/\/i0.wp.com\/www.grieta.org.mx\/wp-content\/uploads\/2021\/03\/1.jpg?resize=525%2C300&ssl=1 1.5x, https:\/\/i0.wp.com\/www.grieta.org.mx\/wp-content\/uploads\/2021\/03\/1.jpg?resize=700%2C400&ssl=1 2x"},"classes":[]},{"id":56078,"url":"https:\/\/www.grieta.org.mx\/index.php\/2020\/12\/28\/covid-19-ha-contagiado-al-13-2-del-personal-de-salud-en-oaxaca\/","url_meta":{"origin":49243,"position":4},"title":"COVID-19 ha contagiado al 13.2% del personal de Salud en Oaxaca","author":"grieta","date":"28 diciembre, 2020","format":false,"excerpt":"Noticias \/ Nadia Altamirano. Enfermeras, principales v\u00edctimas Para quienes est\u00e1n en la atenci\u00f3n en un \u00e1rea COVID-19, el contagio ha sido sin\u00f3nimo de resguardo por 14 o 21 d\u00edas, tiempo en el que despu\u00e9s deben reintegrarse a las labores de cuidados de pacientes en estado cr\u00edtico, como la enfermera Brenda\u2026","rel":"","context":"En &quot;CINTILLO&quot;","block_context":{"text":"CINTILLO","link":"https:\/\/www.grieta.org.mx\/index.php\/category\/cintillo\/"},"img":{"alt_text":"","src":"https:\/\/i0.wp.com\/www.grieta.org.mx\/wp-content\/uploads\/2021\/01\/1.jpg?resize=350%2C200&ssl=1","width":350,"height":200,"srcset":"https:\/\/i0.wp.com\/www.grieta.org.mx\/wp-content\/uploads\/2021\/01\/1.jpg?resize=350%2C200&ssl=1 1x, https:\/\/i0.wp.com\/www.grieta.org.mx\/wp-content\/uploads\/2021\/01\/1.jpg?resize=525%2C300&ssl=1 1.5x, https:\/\/i0.wp.com\/www.grieta.org.mx\/wp-content\/uploads\/2021\/01\/1.jpg?resize=700%2C400&ssl=1 2x, https:\/\/i0.wp.com\/www.grieta.org.mx\/wp-content\/uploads\/2021\/01\/1.jpg?resize=1050%2C600&ssl=1 3x"},"classes":[]},{"id":24681,"url":"https:\/\/www.grieta.org.mx\/index.php\/2018\/05\/28\/papaloapan-capital-de-feminicidios-en-oaxaca\/","url_meta":{"origin":49243,"position":5},"title":"Papaloapan, &#8220;capital&#8221; de feminicidios en Oaxaca","author":"grieta","date":"28 mayo, 2018","format":false,"excerpt":"Noticias. Citlalli Luciana, En los \u00faltimos dos meses (19 de marzo a 17 de mayo) la regi\u00f3n del Papaloapan se ubic\u00f3 en la zona m\u00e1s peligrosa para las mujeres por concentrar el mayor n\u00famero de feminicidios. En el 75 por ciento de los ocho casos registrados en ese lapso, ocurrieron\u2026","rel":"","context":"En &quot;CINTILLO&quot;","block_context":{"text":"CINTILLO","link":"https:\/\/www.grieta.org.mx\/index.php\/category\/cintillo\/"},"img":{"alt_text":"","src":"https:\/\/i0.wp.com\/www.grieta.org.mx\/wp-content\/uploads\/2018\/07\/Papaloapan-feminicidios.jpg?resize=350%2C200&ssl=1","width":350,"height":200,"srcset":"https:\/\/i0.wp.com\/www.grieta.org.mx\/wp-content\/uploads\/2018\/07\/Papaloapan-feminicidios.jpg?resize=350%2C200&ssl=1 1x, https:\/\/i0.wp.com\/www.grieta.org.mx\/wp-content\/uploads\/2018\/07\/Papaloapan-feminicidios.jpg?resize=525%2C300&ssl=1 1.5x, https:\/\/i0.wp.com\/www.grieta.org.mx\/wp-content\/uploads\/2018\/07\/Papaloapan-feminicidios.jpg?resize=700%2C400&ssl=1 2x, https:\/\/i0.wp.com\/www.grieta.org.mx\/wp-content\/uploads\/2018\/07\/Papaloapan-feminicidios.jpg?resize=1050%2C600&ssl=1 3x"},"classes":[]}],"_links":{"self":[{"href":"https:\/\/www.grieta.org.mx\/index.php\/wp-json\/wp\/v2\/posts\/49243","targetHints":{"allow":["GET"]}}],"collection":[{"href":"https:\/\/www.grieta.org.mx\/index.php\/wp-json\/wp\/v2\/posts"}],"about":[{"href":"https:\/\/www.grieta.org.mx\/index.php\/wp-json\/wp\/v2\/types\/post"}],"author":[{"embeddable":true,"href":"https:\/\/www.grieta.org.mx\/index.php\/wp-json\/wp\/v2\/users\/2"}],"replies":[{"embeddable":true,"href":"https:\/\/www.grieta.org.mx\/index.php\/wp-json\/wp\/v2\/comments?post=49243"}],"version-history":[{"count":1,"href":"https:\/\/www.grieta.org.mx\/index.php\/wp-json\/wp\/v2\/posts\/49243\/revisions"}],"predecessor-version":[{"id":49244,"href":"https:\/\/www.grieta.org.mx\/index.php\/wp-json\/wp\/v2\/posts\/49243\/revisions\/49244"}],"wp:featuredmedia":[{"embeddable":true,"href":"https:\/\/www.grieta.org.mx\/index.php\/wp-json\/wp\/v2\/media\/21928"}],"wp:attachment":[{"href":"https:\/\/www.grieta.org.mx\/index.php\/wp-json\/wp\/v2\/media?parent=49243"}],"wp:term":[{"taxonomy":"category","embeddable":true,"href":"https:\/\/www.grieta.org.mx\/index.php\/wp-json\/wp\/v2\/categories?post=49243"},{"taxonomy":"post_tag","embeddable":true,"href":"https:\/\/www.grieta.org.mx\/index.php\/wp-json\/wp\/v2\/tags?post=49243"}],"curies":[{"name":"wp","href":"https:\/\/api.w.org\/{rel}","templated":true}]}}