{"id":49154,"date":"2020-05-14T13:17:22","date_gmt":"2020-05-14T18:17:22","guid":{"rendered":"http:\/\/www.grieta.org.mx\/?p=49154"},"modified":"2020-05-14T13:28:25","modified_gmt":"2020-05-14T18:28:25","slug":"fernando-aguilar-palma-mata-de-sed-a-vecinos-de-3-de-mayo-en-zapata-morelos","status":"publish","type":"post","link":"https:\/\/www.grieta.org.mx\/index.php\/2020\/05\/14\/fernando-aguilar-palma-mata-de-sed-a-vecinos-de-3-de-mayo-en-zapata-morelos\/","title":{"rendered":"Fernando Aguilar Palma &#8216;mata&#8217; de sed a vecinos de 3 de Mayo en Zapata (Morelos)"},"content":{"rendered":"<p><a href=\"http:\/\/www.grieta.org.mx\/wp-content\/uploads\/2020\/05\/Screenshot_2020-05-14-Fernando-Aguilar-Palma-mata-de-sed-a-vecinos-de-3-de-Mayo-en-Zapata.jpg\"><img loading=\"lazy\" decoding=\"async\" data-attachment-id=\"49155\" data-permalink=\"https:\/\/www.grieta.org.mx\/index.php\/2020\/05\/14\/fernando-aguilar-palma-mata-de-sed-a-vecinos-de-3-de-mayo-en-zapata-morelos\/screenshot_2020-05-14-fernando-aguilar-palma-mata-de-sed-a-vecinos-de-3-de-mayo-en-zapata\/\" data-orig-file=\"https:\/\/www.grieta.org.mx\/wp-content\/uploads\/2020\/05\/Screenshot_2020-05-14-Fernando-Aguilar-Palma-mata-de-sed-a-vecinos-de-3-de-Mayo-en-Zapata.jpg\" data-orig-size=\"1287,660\" data-comments-opened=\"0\" data-image-meta=\"{&quot;aperture&quot;:&quot;0&quot;,&quot;credit&quot;:&quot;&quot;,&quot;camera&quot;:&quot;&quot;,&quot;caption&quot;:&quot;&quot;,&quot;created_timestamp&quot;:&quot;0&quot;,&quot;copyright&quot;:&quot;&quot;,&quot;focal_length&quot;:&quot;0&quot;,&quot;iso&quot;:&quot;0&quot;,&quot;shutter_speed&quot;:&quot;0&quot;,&quot;title&quot;:&quot;&quot;,&quot;orientation&quot;:&quot;0&quot;}\" data-image-title=\"Screenshot_2020-05-14 Fernando Aguilar Palma &amp;#8216;mata&amp;#8217; de sed a vecinos de 3 de Mayo en Zapata\" data-image-description=\"\" data-image-caption=\"\" data-medium-file=\"https:\/\/www.grieta.org.mx\/wp-content\/uploads\/2020\/05\/Screenshot_2020-05-14-Fernando-Aguilar-Palma-mata-de-sed-a-vecinos-de-3-de-Mayo-en-Zapata-300x154.jpg\" data-large-file=\"https:\/\/www.grieta.org.mx\/wp-content\/uploads\/2020\/05\/Screenshot_2020-05-14-Fernando-Aguilar-Palma-mata-de-sed-a-vecinos-de-3-de-Mayo-en-Zapata-1024x525.jpg\" class=\"aligncenter wp-image-49155\" src=\"http:\/\/www.grieta.org.mx\/wp-content\/uploads\/2020\/05\/Screenshot_2020-05-14-Fernando-Aguilar-Palma-mata-de-sed-a-vecinos-de-3-de-Mayo-en-Zapata-1024x525.jpg\" alt=\"\" width=\"800\" height=\"410\" srcset=\"https:\/\/www.grieta.org.mx\/wp-content\/uploads\/2020\/05\/Screenshot_2020-05-14-Fernando-Aguilar-Palma-mata-de-sed-a-vecinos-de-3-de-Mayo-en-Zapata-1024x525.jpg 1024w, https:\/\/www.grieta.org.mx\/wp-content\/uploads\/2020\/05\/Screenshot_2020-05-14-Fernando-Aguilar-Palma-mata-de-sed-a-vecinos-de-3-de-Mayo-en-Zapata-300x154.jpg 300w, https:\/\/www.grieta.org.mx\/wp-content\/uploads\/2020\/05\/Screenshot_2020-05-14-Fernando-Aguilar-Palma-mata-de-sed-a-vecinos-de-3-de-Mayo-en-Zapata-768x394.jpg 768w, https:\/\/www.grieta.org.mx\/wp-content\/uploads\/2020\/05\/Screenshot_2020-05-14-Fernando-Aguilar-Palma-mata-de-sed-a-vecinos-de-3-de-Mayo-en-Zapata-975x500.jpg 975w, https:\/\/www.grieta.org.mx\/wp-content\/uploads\/2020\/05\/Screenshot_2020-05-14-Fernando-Aguilar-Palma-mata-de-sed-a-vecinos-de-3-de-Mayo-en-Zapata.jpg 1287w\" sizes=\"auto, (max-width: 800px) 100vw, 800px\" \/><\/a><\/p>\n<p>Redacci\u00f3n \/ Diario de Morelos<\/p>\n<p>Emiliano Zapata, Morelos.- Vecinos de la colonia Tres de Mayo de Emiliano Zapata llevan 25 d\u00edas sin agua potable, y las autoridades municipales solo les comentan que se debe a que est\u00e1n quemadas dos bombas que se utilizan para el bombeo. La triste realidad es que la comunidad, especialmente de la tercera edad, se ve muy afectada con este problema que deteriora su calidad de vida, ante la insensible ineficiencia del gobierno de Fernando Aguilar Palma.<\/p>\n<p>Los afectados comentan muy molestos: \u201cEl presidente municipal Fernando Aguilar no nos da la cara para, m\u00ednimo, apoyarnos con pipas de agua\u201d.<\/p>\n<p>\u201cA \u00e9l solo le interesa quedar bien con los fraccionamientos de las colonias aleda\u00f1as, mientras que nosotros nos estamos muriendo de sed y m\u00e1s en estos tiempos de calor y que debemos guardarnos en cuarentena para evitar el contagio del COVID-19.\u201d<\/p>\n<p>El se\u00f1or Urbano, de 82 a\u00f1os, con domicilio en la colonia Tres de Mayo, permiti\u00f3 conocer en el interior de su domicilio la falta de agua en la llave y comento: \u201cMire usted, ya le abr\u00ed la llave y no sale ni una gota de agua, y as\u00ed llevamos cerca de un mes sin que caiga nada. Yo solo tengo una pileta donde acumulo agua, pero ya me la acab\u00e9 y no tengo m\u00e1s y comprar una pipa de agua potable, pues me es imposible, porque cuesta 800 pesos y yo no trabajo y no tengo dinero.\u201d Amado, de la misma colonia, dijo molesto: \u201c\u00bfUsted cree que es justo que nos mandaban agua durante una hora, cada diez d\u00edas, no alcanza ni para el uso m\u00ednimo; estoy harto de estar pagando pipas de agua y lo peor es que voy al tanto en los pagos del agua potable y pues a este alcalde no le importamos como pueblo\u201d.<\/p>\n<p>Motivo<\/p>\n<p>Autoridades s\u00f3lo se limitaron a se\u00f1alar que dos bombas utilizadas para el bombeo est\u00e1n quemadas.<\/p>\n<p><a href=\"https:\/\/www.diariodemorelos.com\/noticias\/fernando-aguilar-palma-mata-de-sed-vecinos-de-3-de-mayo-en-zapata\" rel=\"noopener noreferrer\" target=\"_blank\">https:\/\/www.diariodemorelos.com\/noticias\/fernando-aguilar-palma-mata-de-sed-vecinos-de-3-de-mayo-en-zapata<\/a><\/p>\n","protected":false},"excerpt":{"rendered":"<p>Redacci\u00f3n \/ Diario de Morelos Emiliano Zapata, Morelos.- Vecinos de la colonia Tres de Mayo de Emiliano Zapata llevan 25 d\u00edas sin agua potable, y las autoridades municipales solo les &hellip; <a href=\"https:\/\/www.grieta.org.mx\/index.php\/2020\/05\/14\/fernando-aguilar-palma-mata-de-sed-a-vecinos-de-3-de-mayo-en-zapata-morelos\/\" class=\"more-link\">Leer m\u00e1s<\/a><\/p>\n","protected":false},"author":1,"featured_media":49155,"comment_status":"closed","ping_status":"closed","sticky":false,"template":"","format":"standard","meta":{"ngg_post_thumbnail":0,"_jetpack_newsletter_access":"","_jetpack_dont_email_post_to_subs":false,"_jetpack_newsletter_tier_id":0,"_jetpack_memberships_contains_paywalled_content":false,"_jetpack_memberships_contains_paid_content":false,"footnotes":""},"categories":[80,3357,3259,22,2,2629],"tags":[1558,2309],"class_list":["post-49154","post","type-post","status-publish","format-standard","has-post-thumbnail","hentry","category-cintillo","category-conflictos-por-agua-en-morelos","category-covid-19-en-morelos","category-morelos","category-noticias-nacionales","category-privatizacion-del-agua-en-morelos","tag-desabasto-de-agua","tag-escasez-de-agua","entry"],"jetpack_featured_media_url":"https:\/\/www.grieta.org.mx\/wp-content\/uploads\/2020\/05\/Screenshot_2020-05-14-Fernando-Aguilar-Palma-mata-de-sed-a-vecinos-de-3-de-Mayo-en-Zapata.jpg","jetpack_sharing_enabled":true,"jetpack_shortlink":"https:\/\/wp.me\/p7ZJR4-cMO","jetpack_likes_enabled":false,"jetpack-related-posts":[{"id":49161,"url":"https:\/\/www.grieta.org.mx\/index.php\/2020\/04\/23\/denuncian-vecinos-de-cuernavaca-falta-de-agua-potable-morelos\/","url_meta":{"origin":49154,"position":0},"title":"Denuncian vecinos de Cuernavaca falta de agua potable (Morelos)","author":"Admin","date":"23 abril, 2020","format":false,"excerpt":"Redacci\u00f3n \/ 24 Morelos Un grupo de vecinos de la colonia Emiliano Zapata de la capital del estado, se manifestaron en las oficinas del Sistema de Agua Potable y Alcantarillado de Cuernavaca (SAPAC), para denunciar que desde el pasado viernes no cuentan con el vital liquido. A pesar de que\u2026","rel":"","context":"En &quot;CINTILLO&quot;","block_context":{"text":"CINTILLO","link":"https:\/\/www.grieta.org.mx\/index.php\/category\/cintillo\/"},"img":{"alt_text":"","src":"https:\/\/i0.wp.com\/www.grieta.org.mx\/wp-content\/uploads\/2020\/05\/Screenshot_2020-05-14-Denuncian-vecinos-de-Cuernavaca-falta-de-agua-potable-24-Morelos.png?resize=350%2C200&ssl=1","width":350,"height":200,"srcset":"https:\/\/i0.wp.com\/www.grieta.org.mx\/wp-content\/uploads\/2020\/05\/Screenshot_2020-05-14-Denuncian-vecinos-de-Cuernavaca-falta-de-agua-potable-24-Morelos.png?resize=350%2C200&ssl=1 1x, https:\/\/i0.wp.com\/www.grieta.org.mx\/wp-content\/uploads\/2020\/05\/Screenshot_2020-05-14-Denuncian-vecinos-de-Cuernavaca-falta-de-agua-potable-24-Morelos.png?resize=525%2C300&ssl=1 1.5x, https:\/\/i0.wp.com\/www.grieta.org.mx\/wp-content\/uploads\/2020\/05\/Screenshot_2020-05-14-Denuncian-vecinos-de-Cuernavaca-falta-de-agua-potable-24-Morelos.png?resize=700%2C400&ssl=1 2x"},"classes":[]},{"id":17243,"url":"https:\/\/www.grieta.org.mx\/index.php\/2016\/07\/12\/nieto-de-zapata-pide-defender-agua-de-cuautla\/","url_meta":{"origin":49154,"position":1},"title":"Nieto de Zapata pide defender agua de Cuautla","author":"grieta","date":"12 julio, 2016","format":false,"excerpt":"Redacci\u00f3n Regeneraci\u00f3n Regeneraci\u00f3n 12 de julio de 2016.- Jorge Zapata, nieto del emblem\u00e1tico Emiliano Zapata emiti\u00f3 una alerta este martes a las organizaciones campesinas y sociales de Morelos con el fin de defender el r\u00edo Cuautla, ya que ayer lleg\u00f3 maquinaria pesada que pretende continuar con la construcci\u00f3n del acueducto\u2026","rel":"","context":"En &quot;CINTILLO&quot;","block_context":{"text":"CINTILLO","link":"https:\/\/www.grieta.org.mx\/index.php\/category\/cintillo\/"},"img":{"alt_text":"","src":"https:\/\/i0.wp.com\/www.grieta.org.mx\/wp-content\/uploads\/2018\/03\/14524434_1106112876131411_958039263622046936_o.jpg?resize=350%2C200&ssl=1","width":350,"height":200,"srcset":"https:\/\/i0.wp.com\/www.grieta.org.mx\/wp-content\/uploads\/2018\/03\/14524434_1106112876131411_958039263622046936_o.jpg?resize=350%2C200&ssl=1 1x, https:\/\/i0.wp.com\/www.grieta.org.mx\/wp-content\/uploads\/2018\/03\/14524434_1106112876131411_958039263622046936_o.jpg?resize=525%2C300&ssl=1 1.5x, https:\/\/i0.wp.com\/www.grieta.org.mx\/wp-content\/uploads\/2018\/03\/14524434_1106112876131411_958039263622046936_o.jpg?resize=700%2C400&ssl=1 2x"},"classes":[]},{"id":48536,"url":"https:\/\/www.grieta.org.mx\/index.php\/2020\/03\/24\/asesinan-a-defensor-del-medio-ambiente-isaac-medardo-herrera-aviles-morelos\/","url_meta":{"origin":49154,"position":2},"title":"Asesinan a defensor del medio ambiente Isaac Medardo Herrera Avil\u00e9s (Morelos)","author":"Admin","date":"24 marzo, 2020","format":false,"excerpt":"Elizabeth Sauno \/ La izquierda diario El 23 de marzo por la noche en el municipio de Juitepec, Morelos, asesinaron al defensor del medio ambiente Isaac Medardo Herrera Avil\u00e9s de 60 a\u00f1os, quien fuera protector del predio \u201cLos Venados\u201d, el cual despu\u00e9s de una lucha que se emprendi\u00f3 en contra\u2026","rel":"","context":"En &quot;Asesinato de activistas en Morelos&quot;","block_context":{"text":"Asesinato de activistas en Morelos","link":"https:\/\/www.grieta.org.mx\/index.php\/category\/noticias-nacionales\/morelos\/asesinato-de-activistas-en-morelos\/"},"img":{"alt_text":"","src":"https:\/\/i0.wp.com\/www.grieta.org.mx\/wp-content\/uploads\/2020\/05\/arton152670-5c1d6.jpg?resize=350%2C200&ssl=1","width":350,"height":200,"srcset":"https:\/\/i0.wp.com\/www.grieta.org.mx\/wp-content\/uploads\/2020\/05\/arton152670-5c1d6.jpg?resize=350%2C200&ssl=1 1x, https:\/\/i0.wp.com\/www.grieta.org.mx\/wp-content\/uploads\/2020\/05\/arton152670-5c1d6.jpg?resize=525%2C300&ssl=1 1.5x"},"classes":[]},{"id":39825,"url":"https:\/\/www.grieta.org.mx\/index.php\/2019\/04\/09\/comunidades-de-morelos-impiden-visita-de-amlo-a-chinameca-por-conmemoracion-de-los-100-anos-del-asesinato-de-zapata\/","url_meta":{"origin":49154,"position":3},"title":"Comunidades de Morelos impiden visita de AMLO a Chinameca por conmemoraci\u00f3n de los 100 a\u00f1os del asesinato de Zapata","author":"grieta","date":"9 abril, 2019","format":false,"excerpt":"Foto: Desinform\u00e9monos Por la amenaza de los opositores a la termoel\u00e9ctrica de boicotear la visita de Andr\u00e9s Manuel L\u00f3pez Obrador a Morelos para la conmemoraci\u00f3n del 100 Aniversario Luctuoso del General \u201cEmiliano Zapata\u201d, ma\u00f1ana 10 de abril, la presidencia de la Rep\u00fablica y el gobierno del estado decidieron realizar la\u2026","rel":"","context":"En &quot;Morelos&quot;","block_context":{"text":"Morelos","link":"https:\/\/www.grieta.org.mx\/index.php\/category\/noticias-nacionales\/morelos\/"},"img":{"alt_text":"","src":"https:\/\/i0.wp.com\/www.grieta.org.mx\/wp-content\/uploads\/2019\/10\/56544660_2671274132914262_635867322602487808_n.jpg?resize=350%2C200&ssl=1","width":350,"height":200,"srcset":"https:\/\/i0.wp.com\/www.grieta.org.mx\/wp-content\/uploads\/2019\/10\/56544660_2671274132914262_635867322602487808_n.jpg?resize=350%2C200&ssl=1 1x, https:\/\/i0.wp.com\/www.grieta.org.mx\/wp-content\/uploads\/2019\/10\/56544660_2671274132914262_635867322602487808_n.jpg?resize=525%2C300&ssl=1 1.5x, https:\/\/i0.wp.com\/www.grieta.org.mx\/wp-content\/uploads\/2019\/10\/56544660_2671274132914262_635867322602487808_n.jpg?resize=700%2C400&ssl=1 2x"},"classes":[]},{"id":19736,"url":"https:\/\/www.grieta.org.mx\/index.php\/2016\/08\/16\/ejidatarios-exigen-a-conagua-aclarar-concesion-de-agua-a-la-termoelectrica\/","url_meta":{"origin":49154,"position":4},"title":"Ejidatarios exigen a Conagua aclarar concesi\u00f3n de agua a la termoel\u00e9ctrica (MORELOS)","author":"grieta","date":"16 agosto, 2016","format":false,"excerpt":"Mario Vega, Morelos. Ejidatarios y comisariados de los ejidos de Tenextepango, Anenecuilco, Moyotepec, San Vicente de Ju\u00e1rez, Tecomalco, El Salitre, Ahuehueyo, Apatlaco y Villa de Ayala, entre otros, se reunieron de emergencia en las instalaciones de la Asociaci\u00f3n de Usuarios del R\u00edo Cuautla (Asurco) donde acordaron emplazar a la Comisi\u00f3n\u2026","rel":"","context":"En &quot;CINTILLO&quot;","block_context":{"text":"CINTILLO","link":"https:\/\/www.grieta.org.mx\/index.php\/category\/cintillo\/"},"img":{"alt_text":"","src":"https:\/\/i0.wp.com\/www.grieta.org.mx\/wp-content\/uploads\/2018\/03\/14524434_1106112876131411_958039263622046936_o.jpg?resize=350%2C200&ssl=1","width":350,"height":200,"srcset":"https:\/\/i0.wp.com\/www.grieta.org.mx\/wp-content\/uploads\/2018\/03\/14524434_1106112876131411_958039263622046936_o.jpg?resize=350%2C200&ssl=1 1x, https:\/\/i0.wp.com\/www.grieta.org.mx\/wp-content\/uploads\/2018\/03\/14524434_1106112876131411_958039263622046936_o.jpg?resize=525%2C300&ssl=1 1.5x, https:\/\/i0.wp.com\/www.grieta.org.mx\/wp-content\/uploads\/2018\/03\/14524434_1106112876131411_958039263622046936_o.jpg?resize=700%2C400&ssl=1 2x"},"classes":[]},{"id":43123,"url":"https:\/\/www.grieta.org.mx\/index.php\/2019\/06\/27\/fortaleceran-el-planton-de-apatlaco-no-se-moveran-morelos\/","url_meta":{"origin":49154,"position":5},"title":"Fortalecer\u00e1n el plant\u00f3n de Apatlaco; no se mover\u00e1n (Morelos)","author":"grieta","date":"27 junio, 2019","format":false,"excerpt":"Emmanuel Ruiz \/ El Sol de Cuernavaca Luego de que el ayudante municipal de San Pedro Apatlaco, Gerardo Cardoso Vargas, les propusiera reubicar el plant\u00f3n que sostienen en la ribera del r\u00edo Cuautla, en oposici\u00f3n a la conclusi\u00f3n del acueducto del Proyecto Integral Morelos (PIM), los ejidatarios no s\u00f3lo no\u2026","rel":"","context":"En &quot;CINTILLO&quot;","block_context":{"text":"CINTILLO","link":"https:\/\/www.grieta.org.mx\/index.php\/category\/cintillo\/"},"img":{"alt_text":"","src":"https:\/\/i0.wp.com\/www.grieta.org.mx\/wp-content\/uploads\/2020\/01\/Plant%C3%B3n-Apatlaco.jpg?resize=350%2C200&ssl=1","width":350,"height":200,"srcset":"https:\/\/i0.wp.com\/www.grieta.org.mx\/wp-content\/uploads\/2020\/01\/Plant%C3%B3n-Apatlaco.jpg?resize=350%2C200&ssl=1 1x, https:\/\/i0.wp.com\/www.grieta.org.mx\/wp-content\/uploads\/2020\/01\/Plant%C3%B3n-Apatlaco.jpg?resize=525%2C300&ssl=1 1.5x, https:\/\/i0.wp.com\/www.grieta.org.mx\/wp-content\/uploads\/2020\/01\/Plant%C3%B3n-Apatlaco.jpg?resize=700%2C400&ssl=1 2x"},"classes":[]}],"_links":{"self":[{"href":"https:\/\/www.grieta.org.mx\/index.php\/wp-json\/wp\/v2\/posts\/49154","targetHints":{"allow":["GET"]}}],"collection":[{"href":"https:\/\/www.grieta.org.mx\/index.php\/wp-json\/wp\/v2\/posts"}],"about":[{"href":"https:\/\/www.grieta.org.mx\/index.php\/wp-json\/wp\/v2\/types\/post"}],"author":[{"embeddable":true,"href":"https:\/\/www.grieta.org.mx\/index.php\/wp-json\/wp\/v2\/users\/1"}],"replies":[{"embeddable":true,"href":"https:\/\/www.grieta.org.mx\/index.php\/wp-json\/wp\/v2\/comments?post=49154"}],"version-history":[{"count":1,"href":"https:\/\/www.grieta.org.mx\/index.php\/wp-json\/wp\/v2\/posts\/49154\/revisions"}],"predecessor-version":[{"id":49160,"href":"https:\/\/www.grieta.org.mx\/index.php\/wp-json\/wp\/v2\/posts\/49154\/revisions\/49160"}],"wp:featuredmedia":[{"embeddable":true,"href":"https:\/\/www.grieta.org.mx\/index.php\/wp-json\/wp\/v2\/media\/49155"}],"wp:attachment":[{"href":"https:\/\/www.grieta.org.mx\/index.php\/wp-json\/wp\/v2\/media?parent=49154"}],"wp:term":[{"taxonomy":"category","embeddable":true,"href":"https:\/\/www.grieta.org.mx\/index.php\/wp-json\/wp\/v2\/categories?post=49154"},{"taxonomy":"post_tag","embeddable":true,"href":"https:\/\/www.grieta.org.mx\/index.php\/wp-json\/wp\/v2\/tags?post=49154"}],"curies":[{"name":"wp","href":"https:\/\/api.w.org\/{rel}","templated":true}]}}