{"id":49094,"date":"2020-04-14T00:06:41","date_gmt":"2020-04-14T05:06:41","guid":{"rendered":"http:\/\/www.grieta.org.mx\/?p=49094"},"modified":"2020-05-14T00:09:17","modified_gmt":"2020-05-14T05:09:17","slug":"agua-para-ayutla-ya-comunidad-en-oaxaca-enfrenta-al-covid-19-sin-agua-oaxaca","status":"publish","type":"post","link":"https:\/\/www.grieta.org.mx\/index.php\/2020\/04\/14\/agua-para-ayutla-ya-comunidad-en-oaxaca-enfrenta-al-covid-19-sin-agua-oaxaca\/","title":{"rendered":"Agua para Ayutla ya: comunidad en Oaxaca enfrenta al COVID-19 sin agua (Oaxaca)"},"content":{"rendered":"<p>ANIMAL POL\u00cdTICO<\/p>\n<p><span class=\"style-scope yt-formatted-string\" dir=\"auto\">Ante la actual pandemia por COVID-19 los cerca de 5 mil habitantes de San Pedro y San Pablo Ayutla, Oaxaca exigen que ya se resuelva esta problem\u00e1tica.<\/span><\/p>\n<p>Ayutla lleva casi tres a\u00f1os sin agua desde que un grupo armado de Tamazulapan, un municipio vecino, se adue\u00f1\u00f3 del manantial que utilizaba.<\/p>\n<p><iframe loading=\"lazy\" src=\"https:\/\/www.youtube.com\/embed\/ImGi8eO50CE\" width=\"862\" height=\"483\" frameborder=\"0\" allowfullscreen=\"allowfullscreen\"><\/iframe><\/p>\n","protected":false},"excerpt":{"rendered":"<p>ANIMAL POL\u00cdTICO Ante la actual pandemia por COVID-19 los cerca de 5 mil habitantes de San Pedro y San Pablo Ayutla, Oaxaca exigen que ya se resuelva esta problem\u00e1tica. Ayutla &hellip; <a href=\"https:\/\/www.grieta.org.mx\/index.php\/2020\/04\/14\/agua-para-ayutla-ya-comunidad-en-oaxaca-enfrenta-al-covid-19-sin-agua-oaxaca\/\" class=\"more-link\">Leer m\u00e1s<\/a><\/p>\n","protected":false},"author":2,"featured_media":21928,"comment_status":"closed","ping_status":"closed","sticky":false,"template":"","format":"standard","meta":{"ngg_post_thumbnail":0,"_jetpack_newsletter_access":"","_jetpack_dont_email_post_to_subs":false,"_jetpack_newsletter_tier_id":0,"_jetpack_memberships_contains_paywalled_content":false,"_jetpack_memberships_contains_paid_content":false,"footnotes":""},"categories":[80,2355,3262,2,25],"tags":[],"class_list":["post-49094","post","type-post","status-publish","format-standard","has-post-thumbnail","hentry","category-cintillo","category-conflictos-por-agua-en-oaxaca","category-crisis-covid-19-en-oaxaca","category-noticias-nacionales","category-oaxaca","entry"],"jetpack_featured_media_url":"https:\/\/www.grieta.org.mx\/wp-content\/uploads\/2018\/03\/14524434_1106112876131411_958039263622046936_o.jpg","jetpack_sharing_enabled":true,"jetpack_shortlink":"https:\/\/wp.me\/p7ZJR4-cLQ","jetpack_likes_enabled":false,"jetpack-related-posts":[{"id":49606,"url":"https:\/\/www.grieta.org.mx\/index.php\/2020\/05\/19\/comunidad-de-ayutla-oaxaca-con-casos-de-covid-19-pero-sin-agua\/","url_meta":{"origin":49094,"position":0},"title":"Comunidad de Ayutla, Oaxaca, con casos de Covid-19 pero sin agua","author":"grieta","date":"19 mayo, 2020","format":false,"excerpt":"Contral\u00ednea \/ Nayeli Escalona. En plena emergencia sanitaria por la Covid-19 \u2013y ya con casos de contagio detectados\u2013, la comunidad de Ayutla, Oaxaca, no puede seguir las recomendaciones de higiene, pues las autoridades siguen sin resolver la problem\u00e1tica del agua. Las mujeres defensoras del derecho al agua de la comunidad\u2026","rel":"","context":"En &quot;CINTILLO&quot;","block_context":{"text":"CINTILLO","link":"https:\/\/www.grieta.org.mx\/index.php\/category\/cintillo\/"},"img":{"alt_text":"","src":"https:\/\/i0.wp.com\/www.grieta.org.mx\/wp-content\/uploads\/2018\/03\/14524434_1106112876131411_958039263622046936_o.jpg?resize=350%2C200&ssl=1","width":350,"height":200,"srcset":"https:\/\/i0.wp.com\/www.grieta.org.mx\/wp-content\/uploads\/2018\/03\/14524434_1106112876131411_958039263622046936_o.jpg?resize=350%2C200&ssl=1 1x, https:\/\/i0.wp.com\/www.grieta.org.mx\/wp-content\/uploads\/2018\/03\/14524434_1106112876131411_958039263622046936_o.jpg?resize=525%2C300&ssl=1 1.5x, https:\/\/i0.wp.com\/www.grieta.org.mx\/wp-content\/uploads\/2018\/03\/14524434_1106112876131411_958039263622046936_o.jpg?resize=700%2C400&ssl=1 2x"},"classes":[]},{"id":49287,"url":"https:\/\/www.grieta.org.mx\/index.php\/2020\/05\/10\/mixes-de-ayutla-viven-estiaje-de-mas-de-mil-dias-en-medio-de-la-pandemia-oaxaxa\/","url_meta":{"origin":49094,"position":1},"title":"Mixes de Ayutla viven estiaje de m\u00e1s de mil d\u00edas en medio de la pandemia  (Oaxaxa)","author":"grieta","date":"10 mayo, 2020","format":false,"excerpt":"P\u00e1gina 3 \/ Diana Manzo. Juchit\u00e1n, Oax. En medio de una emergencia sanitaria por el COVID-19 y de incendios forestales, las y los cuatro mil habitantes del municipio mixe San Pedro y San Pablo Ayutla, enclavado en la sierra norte de Oaxaca, padecen desde junio de 2017 la falta de\u2026","rel":"","context":"En &quot;CINTILLO&quot;","block_context":{"text":"CINTILLO","link":"https:\/\/www.grieta.org.mx\/index.php\/category\/cintillo\/"},"img":{"alt_text":"","src":"https:\/\/i0.wp.com\/www.grieta.org.mx\/wp-content\/uploads\/2018\/03\/14524434_1106112876131411_958039263622046936_o.jpg?resize=350%2C200&ssl=1","width":350,"height":200,"srcset":"https:\/\/i0.wp.com\/www.grieta.org.mx\/wp-content\/uploads\/2018\/03\/14524434_1106112876131411_958039263622046936_o.jpg?resize=350%2C200&ssl=1 1x, https:\/\/i0.wp.com\/www.grieta.org.mx\/wp-content\/uploads\/2018\/03\/14524434_1106112876131411_958039263622046936_o.jpg?resize=525%2C300&ssl=1 1.5x, https:\/\/i0.wp.com\/www.grieta.org.mx\/wp-content\/uploads\/2018\/03\/14524434_1106112876131411_958039263622046936_o.jpg?resize=700%2C400&ssl=1 2x"},"classes":[]},{"id":49092,"url":"https:\/\/www.grieta.org.mx\/index.php\/2019\/08\/08\/dos-anos-sin-acceso-al-agua-en-ayutla-deberia-tipificarse-como-tortura-oaxaca\/","url_meta":{"origin":49094,"position":2},"title":"Dos a\u00f1os sin acceso al agua en Ayutla deber\u00eda tipificarse como tortura (Oaxaca)","author":"grieta","date":"8 agosto, 2019","format":false,"excerpt":"Carina Garc\u00eda\/ P\u00c1GINA 3 Oaxaca La violaci\u00f3n sistem\u00e1tica del derecho al acceso al agua potable, desde hace dos a\u00f1os, en contra de habitantes de San Pedro y San Pablo Ayutla, Mixe, podr\u00eda tipificarse como tortura. Desde hace 370 d\u00edas, sus vecinos del municipio de Tamazulapam del Esp\u00edritu Santo se apoderaron\u2026","rel":"","context":"En &quot;CINTILLO&quot;","block_context":{"text":"CINTILLO","link":"https:\/\/www.grieta.org.mx\/index.php\/category\/cintillo\/"},"img":{"alt_text":"","src":"https:\/\/i0.wp.com\/www.grieta.org.mx\/wp-content\/uploads\/2018\/03\/14524434_1106112876131411_958039263622046936_o.jpg?resize=350%2C200&ssl=1","width":350,"height":200,"srcset":"https:\/\/i0.wp.com\/www.grieta.org.mx\/wp-content\/uploads\/2018\/03\/14524434_1106112876131411_958039263622046936_o.jpg?resize=350%2C200&ssl=1 1x, https:\/\/i0.wp.com\/www.grieta.org.mx\/wp-content\/uploads\/2018\/03\/14524434_1106112876131411_958039263622046936_o.jpg?resize=525%2C300&ssl=1 1.5x, https:\/\/i0.wp.com\/www.grieta.org.mx\/wp-content\/uploads\/2018\/03\/14524434_1106112876131411_958039263622046936_o.jpg?resize=700%2C400&ssl=1 2x"},"classes":[]},{"id":60354,"url":"https:\/\/www.grieta.org.mx\/index.php\/2021\/07\/10\/saxofonista-atacada-con-acido-protesta-en-palacio-nacional-oaxaca\/","url_meta":{"origin":49094,"position":3},"title":"Saxofonista atacada con \u00e1cido protesta en Palacio Nacional (Oaxaca)","author":"grieta","date":"10 julio, 2021","format":false,"excerpt":"Proceso \/ Redacci\u00f3n. La saxofonista Mar\u00eda Elena R\u00edos Ortiz, v\u00edctima de un ataque con \u00e1cido, protest\u00f3 en Palacio Nacional para pedir la intervenci\u00f3n del presidente Andr\u00e9s Manuel L\u00f3pez Obrador y que se haga justicia en su caso. Foto: twitter@abismada_ CIUDAD DE M\u00c9XICO (proceso.com.mx).\u2013 La saxofonista Mar\u00eda Elena R\u00edos Ortiz, v\u00edctima\u2026","rel":"","context":"En &quot;CINTILLO&quot;","block_context":{"text":"CINTILLO","link":"https:\/\/www.grieta.org.mx\/index.php\/category\/cintillo\/"},"img":{"alt_text":"","src":"https:\/\/i0.wp.com\/www.grieta.org.mx\/wp-content\/uploads\/2021\/07\/A-2.jpg?resize=350%2C200&ssl=1","width":350,"height":200,"srcset":"https:\/\/i0.wp.com\/www.grieta.org.mx\/wp-content\/uploads\/2021\/07\/A-2.jpg?resize=350%2C200&ssl=1 1x, https:\/\/i0.wp.com\/www.grieta.org.mx\/wp-content\/uploads\/2021\/07\/A-2.jpg?resize=525%2C300&ssl=1 1.5x, https:\/\/i0.wp.com\/www.grieta.org.mx\/wp-content\/uploads\/2021\/07\/A-2.jpg?resize=700%2C400&ssl=1 2x"},"classes":[]},{"id":49891,"url":"https:\/\/www.grieta.org.mx\/index.php\/2020\/05\/16\/que-hacemos-los-que-no-tenemos-agua-para-frenar-el-covid-19-cuestiona-jornalera-de-san-quintin-baja-california-y-oaxaca\/","url_meta":{"origin":49094,"position":4},"title":"\u00bfQu\u00e9 hacemos los que no tenemos agua para frenar el Covid-19? cuestiona jornalera de San Quint\u00edn (Baja California y Oaxaca)","author":"grieta","date":"16 mayo, 2020","format":false,"excerpt":"Lindero Norte \/ Antonio Heras Mexicali.- Luego de calificar de cacicazgo la concentraci\u00f3n en una sola persona de los apoyos de gobierno para San Quint\u00edn, la dirigente de la organizaci\u00f3n Alianza de Mujeres de Diversos Colores, Lucila Hern\u00e1ndez, se\u00f1al\u00f3 que el gran problema de los jornaleros agr\u00edcolas para contener el\u2026","rel":"","context":"En &quot;Baja California&quot;","block_context":{"text":"Baja California","link":"https:\/\/www.grieta.org.mx\/index.php\/category\/noticias-nacionales\/baja-california\/"},"img":{"alt_text":"","src":"https:\/\/i0.wp.com\/www.grieta.org.mx\/wp-content\/uploads\/2018\/03\/14524434_1106112876131411_958039263622046936_o.jpg?resize=350%2C200&ssl=1","width":350,"height":200,"srcset":"https:\/\/i0.wp.com\/www.grieta.org.mx\/wp-content\/uploads\/2018\/03\/14524434_1106112876131411_958039263622046936_o.jpg?resize=350%2C200&ssl=1 1x, https:\/\/i0.wp.com\/www.grieta.org.mx\/wp-content\/uploads\/2018\/03\/14524434_1106112876131411_958039263622046936_o.jpg?resize=525%2C300&ssl=1 1.5x, https:\/\/i0.wp.com\/www.grieta.org.mx\/wp-content\/uploads\/2018\/03\/14524434_1106112876131411_958039263622046936_o.jpg?resize=700%2C400&ssl=1 2x"},"classes":[]},{"id":60476,"url":"https:\/\/www.grieta.org.mx\/index.php\/2021\/07\/01\/san-antonino-castillo-aprueba-reglamento-interno-para-el-cuidado-del-agua-oaxaca\/","url_meta":{"origin":49094,"position":5},"title":"San Antonino Castillo aprueba reglamento interno para el cuidado del agua (Oaxaca)","author":"grieta","date":"1 julio, 2021","format":false,"excerpt":"La Coperacha \/ Redacci\u00f3n. Foto: NVI Noticias. La comunidad zapoteca San Antonino Castillo Velasco, ubicada en Valles Centrales de Oaxaca, aprob\u00f3 un reglamento interno, con validez jur\u00eddica, para el cuidado del agua y blindar el recurso ante la industria extractiva y la privatizaci\u00f3n. Durante una asamblea comunitaria ocurrida el 25\u2026","rel":"","context":"En &quot;CINTILLO&quot;","block_context":{"text":"CINTILLO","link":"https:\/\/www.grieta.org.mx\/index.php\/category\/cintillo\/"},"img":{"alt_text":"","src":"https:\/\/i0.wp.com\/www.grieta.org.mx\/wp-content\/uploads\/2021\/07\/1-1.jpg?resize=350%2C200&ssl=1","width":350,"height":200,"srcset":"https:\/\/i0.wp.com\/www.grieta.org.mx\/wp-content\/uploads\/2021\/07\/1-1.jpg?resize=350%2C200&ssl=1 1x, https:\/\/i0.wp.com\/www.grieta.org.mx\/wp-content\/uploads\/2021\/07\/1-1.jpg?resize=525%2C300&ssl=1 1.5x, https:\/\/i0.wp.com\/www.grieta.org.mx\/wp-content\/uploads\/2021\/07\/1-1.jpg?resize=700%2C400&ssl=1 2x"},"classes":[]}],"_links":{"self":[{"href":"https:\/\/www.grieta.org.mx\/index.php\/wp-json\/wp\/v2\/posts\/49094","targetHints":{"allow":["GET"]}}],"collection":[{"href":"https:\/\/www.grieta.org.mx\/index.php\/wp-json\/wp\/v2\/posts"}],"about":[{"href":"https:\/\/www.grieta.org.mx\/index.php\/wp-json\/wp\/v2\/types\/post"}],"author":[{"embeddable":true,"href":"https:\/\/www.grieta.org.mx\/index.php\/wp-json\/wp\/v2\/users\/2"}],"replies":[{"embeddable":true,"href":"https:\/\/www.grieta.org.mx\/index.php\/wp-json\/wp\/v2\/comments?post=49094"}],"version-history":[{"count":1,"href":"https:\/\/www.grieta.org.mx\/index.php\/wp-json\/wp\/v2\/posts\/49094\/revisions"}],"predecessor-version":[{"id":49095,"href":"https:\/\/www.grieta.org.mx\/index.php\/wp-json\/wp\/v2\/posts\/49094\/revisions\/49095"}],"wp:featuredmedia":[{"embeddable":true,"href":"https:\/\/www.grieta.org.mx\/index.php\/wp-json\/wp\/v2\/media\/21928"}],"wp:attachment":[{"href":"https:\/\/www.grieta.org.mx\/index.php\/wp-json\/wp\/v2\/media?parent=49094"}],"wp:term":[{"taxonomy":"category","embeddable":true,"href":"https:\/\/www.grieta.org.mx\/index.php\/wp-json\/wp\/v2\/categories?post=49094"},{"taxonomy":"post_tag","embeddable":true,"href":"https:\/\/www.grieta.org.mx\/index.php\/wp-json\/wp\/v2\/tags?post=49094"}],"curies":[{"name":"wp","href":"https:\/\/api.w.org\/{rel}","templated":true}]}}