{"id":49092,"date":"2019-08-08T23:17:00","date_gmt":"2019-08-09T04:17:00","guid":{"rendered":"http:\/\/www.grieta.org.mx\/?p=49092"},"modified":"2020-05-13T23:23:37","modified_gmt":"2020-05-14T04:23:37","slug":"dos-anos-sin-acceso-al-agua-en-ayutla-deberia-tipificarse-como-tortura-oaxaca","status":"publish","type":"post","link":"https:\/\/www.grieta.org.mx\/index.php\/2019\/08\/08\/dos-anos-sin-acceso-al-agua-en-ayutla-deberia-tipificarse-como-tortura-oaxaca\/","title":{"rendered":"Dos a\u00f1os sin acceso al agua en Ayutla deber\u00eda tipificarse como tortura (Oaxaca)"},"content":{"rendered":"<p>Carina Garc\u00eda\/ P\u00c1GINA 3<\/p>\n<p><em>Oaxaca<\/em><\/p>\n<p>La violaci\u00f3n sistem\u00e1tica del derecho al acceso al agua potable, desde hace dos a\u00f1os, en contra de habitantes de San Pedro y San Pablo Ayutla, Mixe, podr\u00eda tipificarse como tortura. Desde hace 370 d\u00edas, sus vecinos del municipio de Tamazulapam del Esp\u00edritu Santo se apoderaron de los veneros que abastec\u00eda el l\u00edquido a m\u00e1s de tres mil personas, por un presunto conflicto agrario.<\/p>\n<p>La situaci\u00f3n ha desencadenado que el grado de conflictividad se incremente entre ambas poblaciones, pero tambi\u00e9n que los derechos a la educaci\u00f3n, salud y una vida libre de violencia para las mujeres no se respete, concluyeron integrantes de la Misi\u00f3n Civil de Observaci\u00f3n de la Zona Mixe.<\/p>\n<p>Durante los d\u00edas 5,6 y 7 de agosto, activistas que integran la Red de Organizaciones de Derechos Humanos, conformada por 87 organizaciones en 23 Estados; realizaron una inspecci\u00f3n a ambos municipios.<\/p>\n<p>Entrevistas, reuniones de trabajo con autoridades municipales, estatales y dem\u00e1s dieron como resultado omisiones que han vulnerado de manera sistem\u00e1tica los derechos humanos de ni\u00f1os, ni\u00f1as, mujeres y adultos mayores de ambas comunidades.<\/p>\n<p>Aunque el problema podr\u00eda tipificarse como el delito de tortura, integrantes de los colectivos y organizaciones consideraron que es necesario continuar con la investigaci\u00f3n y el an\u00e1lisis para su consideraci\u00f3n.<\/p>\n<p>\u201cAnte un contexto de gran urgencia, la comunidad de Ayutla no ha contado con agua durante m\u00e1s de dos a\u00f1os. La Misi\u00f3n busc\u00f3 entrevistas con las personas del conflicto agrario que de acuerdo a las declaraciones p\u00fablicas del gobierno estatal es la causa principal de falta de obras p\u00fablicas para conectar el agua\u201d.<\/p>\n<p>\u201cSin embargo, en las reuniones realizadas con autoridades civiles y tradicionales con ambas comunidades pudimos constatar que existe un manejo parcial por parte de la Secretar\u00eda General de Gobierno y la Comisi\u00f3n Estatal del Agua, con acuerdos verbales que no cuentan con un respaldo documental, as\u00ed como los procesos de atenci\u00f3n y soluci\u00f3n del conflicto\u201d, concluyeron.<\/p>\n<p>Las y los integrantes de la Misi\u00f3n, manifestaron su preocupaci\u00f3n ante la omisi\u00f3n del gobierno toda vez que el conflicto ha derivado otros problemas como la falta de acceso al a salud y educaci\u00f3n.<\/p>\n<p>Ante la falta del l\u00edquido en los cuatro tanques de abastecimiento, habitantes de Ayutla han recolectado el agua pluvial, por lo que esto ha derivado en enfermedades gastrointestinales e infecciones en las v\u00edas urinarias.<\/p>\n<p>\u201cLa falta de agua ha provocado que la atenci\u00f3n medica no sea la correcta, pero adem\u00e1s se vulnera el derecho a la educaci\u00f3n debido a que no se les garantiza que los ba\u00f1os se encuentren limpios\u201d, dijeron tras dejar a un lado el tema del crimen organizado, el cual presuntamente es el centro de la problem\u00e1tica.<\/p>\n<p>Los testimonios de las mujeres son de gran desesperaci\u00f3n, pero se manifestaron por la paz y por la v\u00eda legal, se\u00f1al\u00f3 la Misi\u00f3n.<\/p>\n<p><em><strong>Este trabajo fue elaborado por el equipo de\u00a0<a href=\"https:\/\/pagina3.mx\/\">P\u00e1gina 3<\/a>\u00a0y lo reproducimos como parte de la Alianza de Medios de la Red de Periodistas de a Pie.<\/strong><\/em><\/p>\n<p><a href=\"https:\/\/amapolaperiodismo.com\/dos-anos-sin-acceso-al-agua-en-ayutla\">https:\/\/amapolaperiodismo.com\/dos-anos-sin-acceso-al-agua-en-ayutla<\/a><\/p>\n","protected":false},"excerpt":{"rendered":"<p>Carina Garc\u00eda\/ P\u00c1GINA 3 Oaxaca La violaci\u00f3n sistem\u00e1tica del derecho al acceso al agua potable, desde hace dos a\u00f1os, en contra de habitantes de San Pedro y San Pablo Ayutla, &hellip; <a href=\"https:\/\/www.grieta.org.mx\/index.php\/2019\/08\/08\/dos-anos-sin-acceso-al-agua-en-ayutla-deberia-tipificarse-como-tortura-oaxaca\/\" class=\"more-link\">Leer m\u00e1s<\/a><\/p>\n","protected":false},"author":2,"featured_media":21928,"comment_status":"closed","ping_status":"closed","sticky":false,"template":"","format":"standard","meta":{"ngg_post_thumbnail":0,"_jetpack_newsletter_access":"","_jetpack_dont_email_post_to_subs":false,"_jetpack_newsletter_tier_id":0,"_jetpack_memberships_contains_paywalled_content":false,"_jetpack_memberships_contains_paid_content":false,"footnotes":""},"categories":[80,2355,2,25],"tags":[224,3354,3355,742],"class_list":["post-49092","post","type-post","status-publish","format-standard","has-post-thumbnail","hentry","category-cintillo","category-conflictos-por-agua-en-oaxaca","category-noticias-nacionales","category-oaxaca","tag-agua","tag-conflictos","tag-enfermedades","tag-mixes","entry"],"jetpack_featured_media_url":"https:\/\/www.grieta.org.mx\/wp-content\/uploads\/2018\/03\/14524434_1106112876131411_958039263622046936_o.jpg","jetpack_sharing_enabled":true,"jetpack_shortlink":"https:\/\/wp.me\/p7ZJR4-cLO","jetpack_likes_enabled":false,"jetpack-related-posts":[{"id":49094,"url":"https:\/\/www.grieta.org.mx\/index.php\/2020\/04\/14\/agua-para-ayutla-ya-comunidad-en-oaxaca-enfrenta-al-covid-19-sin-agua-oaxaca\/","url_meta":{"origin":49092,"position":0},"title":"Agua para Ayutla ya: comunidad en Oaxaca enfrenta al COVID-19 sin agua (Oaxaca)","author":"grieta","date":"14 abril, 2020","format":false,"excerpt":"ANIMAL POL\u00cdTICO Ante la actual pandemia por COVID-19 los cerca de 5 mil habitantes de San Pedro y San Pablo Ayutla, Oaxaca exigen que ya se resuelva esta problem\u00e1tica. Ayutla lleva casi tres a\u00f1os sin agua desde que un grupo armado de Tamazulapan, un municipio vecino, se adue\u00f1\u00f3 del manantial\u2026","rel":"","context":"En &quot;CINTILLO&quot;","block_context":{"text":"CINTILLO","link":"https:\/\/www.grieta.org.mx\/index.php\/category\/cintillo\/"},"img":{"alt_text":"","src":"https:\/\/i0.wp.com\/www.grieta.org.mx\/wp-content\/uploads\/2018\/03\/14524434_1106112876131411_958039263622046936_o.jpg?resize=350%2C200&ssl=1","width":350,"height":200,"srcset":"https:\/\/i0.wp.com\/www.grieta.org.mx\/wp-content\/uploads\/2018\/03\/14524434_1106112876131411_958039263622046936_o.jpg?resize=350%2C200&ssl=1 1x, https:\/\/i0.wp.com\/www.grieta.org.mx\/wp-content\/uploads\/2018\/03\/14524434_1106112876131411_958039263622046936_o.jpg?resize=525%2C300&ssl=1 1.5x, https:\/\/i0.wp.com\/www.grieta.org.mx\/wp-content\/uploads\/2018\/03\/14524434_1106112876131411_958039263622046936_o.jpg?resize=700%2C400&ssl=1 2x"},"classes":[]},{"id":49287,"url":"https:\/\/www.grieta.org.mx\/index.php\/2020\/05\/10\/mixes-de-ayutla-viven-estiaje-de-mas-de-mil-dias-en-medio-de-la-pandemia-oaxaxa\/","url_meta":{"origin":49092,"position":1},"title":"Mixes de Ayutla viven estiaje de m\u00e1s de mil d\u00edas en medio de la pandemia  (Oaxaxa)","author":"grieta","date":"10 mayo, 2020","format":false,"excerpt":"P\u00e1gina 3 \/ Diana Manzo. Juchit\u00e1n, Oax. En medio de una emergencia sanitaria por el COVID-19 y de incendios forestales, las y los cuatro mil habitantes del municipio mixe San Pedro y San Pablo Ayutla, enclavado en la sierra norte de Oaxaca, padecen desde junio de 2017 la falta de\u2026","rel":"","context":"En &quot;CINTILLO&quot;","block_context":{"text":"CINTILLO","link":"https:\/\/www.grieta.org.mx\/index.php\/category\/cintillo\/"},"img":{"alt_text":"","src":"https:\/\/i0.wp.com\/www.grieta.org.mx\/wp-content\/uploads\/2018\/03\/14524434_1106112876131411_958039263622046936_o.jpg?resize=350%2C200&ssl=1","width":350,"height":200,"srcset":"https:\/\/i0.wp.com\/www.grieta.org.mx\/wp-content\/uploads\/2018\/03\/14524434_1106112876131411_958039263622046936_o.jpg?resize=350%2C200&ssl=1 1x, https:\/\/i0.wp.com\/www.grieta.org.mx\/wp-content\/uploads\/2018\/03\/14524434_1106112876131411_958039263622046936_o.jpg?resize=525%2C300&ssl=1 1.5x, https:\/\/i0.wp.com\/www.grieta.org.mx\/wp-content\/uploads\/2018\/03\/14524434_1106112876131411_958039263622046936_o.jpg?resize=700%2C400&ssl=1 2x"},"classes":[]},{"id":49606,"url":"https:\/\/www.grieta.org.mx\/index.php\/2020\/05\/19\/comunidad-de-ayutla-oaxaca-con-casos-de-covid-19-pero-sin-agua\/","url_meta":{"origin":49092,"position":2},"title":"Comunidad de Ayutla, Oaxaca, con casos de Covid-19 pero sin agua","author":"grieta","date":"19 mayo, 2020","format":false,"excerpt":"Contral\u00ednea \/ Nayeli Escalona. En plena emergencia sanitaria por la Covid-19 \u2013y ya con casos de contagio detectados\u2013, la comunidad de Ayutla, Oaxaca, no puede seguir las recomendaciones de higiene, pues las autoridades siguen sin resolver la problem\u00e1tica del agua. Las mujeres defensoras del derecho al agua de la comunidad\u2026","rel":"","context":"En &quot;CINTILLO&quot;","block_context":{"text":"CINTILLO","link":"https:\/\/www.grieta.org.mx\/index.php\/category\/cintillo\/"},"img":{"alt_text":"","src":"https:\/\/i0.wp.com\/www.grieta.org.mx\/wp-content\/uploads\/2018\/03\/14524434_1106112876131411_958039263622046936_o.jpg?resize=350%2C200&ssl=1","width":350,"height":200,"srcset":"https:\/\/i0.wp.com\/www.grieta.org.mx\/wp-content\/uploads\/2018\/03\/14524434_1106112876131411_958039263622046936_o.jpg?resize=350%2C200&ssl=1 1x, https:\/\/i0.wp.com\/www.grieta.org.mx\/wp-content\/uploads\/2018\/03\/14524434_1106112876131411_958039263622046936_o.jpg?resize=525%2C300&ssl=1 1.5x, https:\/\/i0.wp.com\/www.grieta.org.mx\/wp-content\/uploads\/2018\/03\/14524434_1106112876131411_958039263622046936_o.jpg?resize=700%2C400&ssl=1 2x"},"classes":[]},{"id":60354,"url":"https:\/\/www.grieta.org.mx\/index.php\/2021\/07\/10\/saxofonista-atacada-con-acido-protesta-en-palacio-nacional-oaxaca\/","url_meta":{"origin":49092,"position":3},"title":"Saxofonista atacada con \u00e1cido protesta en Palacio Nacional (Oaxaca)","author":"grieta","date":"10 julio, 2021","format":false,"excerpt":"Proceso \/ Redacci\u00f3n. La saxofonista Mar\u00eda Elena R\u00edos Ortiz, v\u00edctima de un ataque con \u00e1cido, protest\u00f3 en Palacio Nacional para pedir la intervenci\u00f3n del presidente Andr\u00e9s Manuel L\u00f3pez Obrador y que se haga justicia en su caso. Foto: twitter@abismada_ CIUDAD DE M\u00c9XICO (proceso.com.mx).\u2013 La saxofonista Mar\u00eda Elena R\u00edos Ortiz, v\u00edctima\u2026","rel":"","context":"En &quot;CINTILLO&quot;","block_context":{"text":"CINTILLO","link":"https:\/\/www.grieta.org.mx\/index.php\/category\/cintillo\/"},"img":{"alt_text":"","src":"https:\/\/i0.wp.com\/www.grieta.org.mx\/wp-content\/uploads\/2021\/07\/A-2.jpg?resize=350%2C200&ssl=1","width":350,"height":200,"srcset":"https:\/\/i0.wp.com\/www.grieta.org.mx\/wp-content\/uploads\/2021\/07\/A-2.jpg?resize=350%2C200&ssl=1 1x, https:\/\/i0.wp.com\/www.grieta.org.mx\/wp-content\/uploads\/2021\/07\/A-2.jpg?resize=525%2C300&ssl=1 1.5x, https:\/\/i0.wp.com\/www.grieta.org.mx\/wp-content\/uploads\/2021\/07\/A-2.jpg?resize=700%2C400&ssl=1 2x"},"classes":[]},{"id":68867,"url":"https:\/\/www.grieta.org.mx\/index.php\/2024\/05\/02\/doce-anos-sin-agua-en-san-dionisio-del-mar-oaxaca-denuncian-pobladores-no-funciona-ningun-pozo\/","url_meta":{"origin":49092,"position":4},"title":"Doce a\u00f1os sin agua en San Dionisio del Mar, Oaxaca denuncian pobladores: \u201cNo funciona ning\u00fan pozo\u201d","author":"grieta","date":"2 mayo, 2024","format":false,"excerpt":"Imagen: Itsmo Press Diana Manzo \/ Itsmo Press #SanDionisiodelMar #Oaxaca 2 May (#Istmopress) \u2013 \u201cNinguno de los cinco pozos de agua que las autoridades han construido para abastecernos sirve, ninguna funciona\u201d denunciaron pobladores de este municipio oaxaque\u00f1o, al recalcar que de sus tuber\u00edas no cae una sola gota de ese\u2026","rel":"","context":"En &quot;CINTILLO&quot;","block_context":{"text":"CINTILLO","link":"https:\/\/www.grieta.org.mx\/index.php\/category\/cintillo\/"},"img":{"alt_text":"","src":"https:\/\/i0.wp.com\/www.grieta.org.mx\/wp-content\/uploads\/2024\/05\/1714735535808-800x445-1.jpg?resize=350%2C200&ssl=1","width":350,"height":200,"srcset":"https:\/\/i0.wp.com\/www.grieta.org.mx\/wp-content\/uploads\/2024\/05\/1714735535808-800x445-1.jpg?resize=350%2C200&ssl=1 1x, https:\/\/i0.wp.com\/www.grieta.org.mx\/wp-content\/uploads\/2024\/05\/1714735535808-800x445-1.jpg?resize=525%2C300&ssl=1 1.5x, https:\/\/i0.wp.com\/www.grieta.org.mx\/wp-content\/uploads\/2024\/05\/1714735535808-800x445-1.jpg?resize=700%2C400&ssl=1 2x"},"classes":[]},{"id":60476,"url":"https:\/\/www.grieta.org.mx\/index.php\/2021\/07\/01\/san-antonino-castillo-aprueba-reglamento-interno-para-el-cuidado-del-agua-oaxaca\/","url_meta":{"origin":49092,"position":5},"title":"San Antonino Castillo aprueba reglamento interno para el cuidado del agua (Oaxaca)","author":"grieta","date":"1 julio, 2021","format":false,"excerpt":"La Coperacha \/ Redacci\u00f3n. Foto: NVI Noticias. La comunidad zapoteca San Antonino Castillo Velasco, ubicada en Valles Centrales de Oaxaca, aprob\u00f3 un reglamento interno, con validez jur\u00eddica, para el cuidado del agua y blindar el recurso ante la industria extractiva y la privatizaci\u00f3n. Durante una asamblea comunitaria ocurrida el 25\u2026","rel":"","context":"En &quot;CINTILLO&quot;","block_context":{"text":"CINTILLO","link":"https:\/\/www.grieta.org.mx\/index.php\/category\/cintillo\/"},"img":{"alt_text":"","src":"https:\/\/i0.wp.com\/www.grieta.org.mx\/wp-content\/uploads\/2021\/07\/1-1.jpg?resize=350%2C200&ssl=1","width":350,"height":200,"srcset":"https:\/\/i0.wp.com\/www.grieta.org.mx\/wp-content\/uploads\/2021\/07\/1-1.jpg?resize=350%2C200&ssl=1 1x, https:\/\/i0.wp.com\/www.grieta.org.mx\/wp-content\/uploads\/2021\/07\/1-1.jpg?resize=525%2C300&ssl=1 1.5x, https:\/\/i0.wp.com\/www.grieta.org.mx\/wp-content\/uploads\/2021\/07\/1-1.jpg?resize=700%2C400&ssl=1 2x"},"classes":[]}],"_links":{"self":[{"href":"https:\/\/www.grieta.org.mx\/index.php\/wp-json\/wp\/v2\/posts\/49092","targetHints":{"allow":["GET"]}}],"collection":[{"href":"https:\/\/www.grieta.org.mx\/index.php\/wp-json\/wp\/v2\/posts"}],"about":[{"href":"https:\/\/www.grieta.org.mx\/index.php\/wp-json\/wp\/v2\/types\/post"}],"author":[{"embeddable":true,"href":"https:\/\/www.grieta.org.mx\/index.php\/wp-json\/wp\/v2\/users\/2"}],"replies":[{"embeddable":true,"href":"https:\/\/www.grieta.org.mx\/index.php\/wp-json\/wp\/v2\/comments?post=49092"}],"version-history":[{"count":1,"href":"https:\/\/www.grieta.org.mx\/index.php\/wp-json\/wp\/v2\/posts\/49092\/revisions"}],"predecessor-version":[{"id":49093,"href":"https:\/\/www.grieta.org.mx\/index.php\/wp-json\/wp\/v2\/posts\/49092\/revisions\/49093"}],"wp:featuredmedia":[{"embeddable":true,"href":"https:\/\/www.grieta.org.mx\/index.php\/wp-json\/wp\/v2\/media\/21928"}],"wp:attachment":[{"href":"https:\/\/www.grieta.org.mx\/index.php\/wp-json\/wp\/v2\/media?parent=49092"}],"wp:term":[{"taxonomy":"category","embeddable":true,"href":"https:\/\/www.grieta.org.mx\/index.php\/wp-json\/wp\/v2\/categories?post=49092"},{"taxonomy":"post_tag","embeddable":true,"href":"https:\/\/www.grieta.org.mx\/index.php\/wp-json\/wp\/v2\/tags?post=49092"}],"curies":[{"name":"wp","href":"https:\/\/api.w.org\/{rel}","templated":true}]}}