{"id":49084,"date":"2020-05-13T20:05:38","date_gmt":"2020-05-14T01:05:38","guid":{"rendered":"http:\/\/www.grieta.org.mx\/?p=49084"},"modified":"2020-05-13T23:12:51","modified_gmt":"2020-05-14T04:12:51","slug":"dos-de-los-principales-hospitales-para-atencion-del-covid-19-en-oaxaca-a-punto-de-colapsar","status":"publish","type":"post","link":"https:\/\/www.grieta.org.mx\/index.php\/2020\/05\/13\/dos-de-los-principales-hospitales-para-atencion-del-covid-19-en-oaxaca-a-punto-de-colapsar\/","title":{"rendered":"Dos de los principales hospitales para atenci\u00f3n del covid-19 en Oaxaca, a punto de colapsar"},"content":{"rendered":"<p>Proceso \/ Pedro Mat\u00edas.<\/p>\n<p><img loading=\"lazy\" decoding=\"async\" data-attachment-id=\"49087\" data-permalink=\"https:\/\/www.grieta.org.mx\/index.php\/2020\/05\/13\/dos-de-los-principales-hospitales-para-atencion-del-covid-19-en-oaxaca-a-punto-de-colapsar\/imss-hospital-general\/\" data-orig-file=\"https:\/\/www.grieta.org.mx\/wp-content\/uploads\/2020\/05\/IMSS-hospital-general.jpg\" data-orig-size=\"642,401\" data-comments-opened=\"0\" data-image-meta=\"{&quot;aperture&quot;:&quot;0&quot;,&quot;credit&quot;:&quot;Maria Luisa Vivas Hernandez&quot;,&quot;camera&quot;:&quot;&quot;,&quot;caption&quot;:&quot;&quot;,&quot;created_timestamp&quot;:&quot;1589376314&quot;,&quot;copyright&quot;:&quot;&quot;,&quot;focal_length&quot;:&quot;0&quot;,&quot;iso&quot;:&quot;0&quot;,&quot;shutter_speed&quot;:&quot;0&quot;,&quot;title&quot;:&quot;&quot;,&quot;orientation&quot;:&quot;0&quot;}\" data-image-title=\"IMSS-hospital-general\" data-image-description=\"\" data-image-caption=\"\" data-medium-file=\"https:\/\/www.grieta.org.mx\/wp-content\/uploads\/2020\/05\/IMSS-hospital-general-300x187.jpg\" data-large-file=\"https:\/\/www.grieta.org.mx\/wp-content\/uploads\/2020\/05\/IMSS-hospital-general.jpg\" class=\"aligncenter wp-image-49087\" src=\"http:\/\/www.grieta.org.mx\/wp-content\/uploads\/2020\/05\/IMSS-hospital-general.jpg\" alt=\"\" width=\"800\" height=\"500\" srcset=\"https:\/\/www.grieta.org.mx\/wp-content\/uploads\/2020\/05\/IMSS-hospital-general.jpg 642w, https:\/\/www.grieta.org.mx\/wp-content\/uploads\/2020\/05\/IMSS-hospital-general-300x187.jpg 300w\" sizes=\"auto, (max-width: 800px) 100vw, 800px\" \/><br \/>\nEl General de Zona 1 del IMSS, es uno de los hospitales que est\u00e1n a punto de colapsar por la atenci\u00f3n a pacientes con covid-19. Foto: Google Maps.<\/p>\n<p>OAXACA, Oax. (apro).- La Secretar\u00eda de Salud de Oaxaca reconoci\u00f3 que los hospitales Regional de Alta Especialidad de Oaxaca (HRAEO) y General de Zona 1 del Instituto Mexicano del Seguro Social (IMSS) se encuentran casi al tope de su capacidad para atender pacientes diagnosticados con covid-19.<\/p>\n<p>Luego que el secretario de Salud en la entidad, Donato Casas Escamilla, confirm\u00f3 cinco decesos m\u00e1s en la entidad por covid-19, que suman en total 52 fallecimientos y 271 casos positivos, se dio a conocer que dos de los tres principales hospitales covid de Oaxaca se encuentran casi al tope.<\/p>\n<p>El director de Atenci\u00f3n M\u00e9dica de la SSO, Erick Azamar Cruz, inform\u00f3 que el Hospital Regional de Alta Especialidad de Oaxaca (HRAEO) que cuenta con 26 camas tiene ya un porcentaje de ocupaci\u00f3n del 92.3%.<\/p>\n<p>Mientras que el Hospital General de Zona 1 del Instituto Mexicano del Seguro Social (IMSS) que cuenta con 19 camas ya registra un 94.7% de ocupaci\u00f3n.<\/p>\n<p>En tanto que el hospital Presidente \u201cBenito Ju\u00e1rez\u201d del Instituto de Seguridad y Servicios Sociales de los Trabajadores del Estado (ISSSTE) que cuenta con 13 camas tienen un 38.5% de ocupaci\u00f3n.<\/p>\n<p>Ante ello, dijo, el gobierno del estado ampli\u00f3 la red hospitalaria para la atenci\u00f3n de pacientes con covid-19 en estado cr\u00edtico y que requieren de terapia intensiva con la apertura del Hospital de la Mujer y del Ni\u00f1o Oaxaque\u00f1o, coordinado por las Fuerzas Armadas. Este hospital registra actualmente una ocupaci\u00f3n del 20%.<\/p>\n<p>Respecto a los cinco decesos registrado en las \u00faltimas horas en la entidad por covid-19 detall\u00f3 que corresponden a dos hombres de 18 y 45 a\u00f1os de edad con diabetes tipo 2 y obesidad; otro de 48 a\u00f1os con diabetes, hipertensi\u00f3n, obesidad e insuficiencia renal y otro de 56 a\u00f1os sin comorbilidad; as\u00ed como una mujer de 37 a\u00f1os con obesidad.<\/p>\n<p>Nuevos casos<\/p>\n<p>Adem\u00e1s, de acuerdo con el comunicado t\u00e9cnico diario de este martes 12 de mayo, se registraron 13 nuevos pacientes con covid-19 con lo que suman 271 casos positivos, de los cuales 73 est\u00e1n activos.<\/p>\n<p>Aunado a ello, 136 casos est\u00e1n en calidad de sospechosos hasta tener los resultados de los laboratorios autorizados por el sector salud.<\/p>\n<p>Casas Escamilla dijo que el municipio de Oaxaca de Ju\u00e1rez registra tres casos nuevos, le siguen con dos casos Santa Cruz Xoxocotl\u00e1n y San Juan Bautista Tuxtepec, y con un caso en San Mart\u00edn Toxpalan, San Gabriel Mixtepec, San Pedro Mixtepec, Santa Mar\u00eda Huatulco, Santiago Pinotepa Nacional y Santiago Juxtlahuaca.<\/p>\n<p>Se\u00f1al\u00f3 tambi\u00e9n que las comorbilidades que est\u00e1n presentes son en primer lugar la diabetes mellitus, le sigue la hipertensi\u00f3n arterial, la obesidad, la insuficiencia renal, la Enfermedad Pulmonar Obstructiva Cr\u00f3nica (EPOC) y la inmunosupresi\u00f3n.<\/p>\n<p>El funcionario hizo un llamado a la conciencia y responsabilidad de todas y todos para que acaten las medidas de distanciamiento social que han emitido los gobiernos federal, estatal y municipal de manera oportuna.<\/p>\n<p>Se\u00f1al\u00f3 que es importante aplicar las medidas de sana distancia, usar cubrebocas, lavarse las manos con agua y jab\u00f3n y sobre todo proteger a la poblaci\u00f3n vulnerable como personas con enfermedades cr\u00f3nicas como hipertensi\u00f3n arterial, diabetes y obesidad, mujeres embarazadas y menores de cinco a\u00f1os. \u201cSi se cuidan, nos cuidamos todos\u201d, asever\u00f3.<\/p>\n<p><a href=\"https:\/\/www.proceso.com.mx\/629888\/dos-de-los-principales-hospitales-para-atencion-del-covid-19-en-oaxaca-a-punto-de-colapsar\" target=\"_blank\" rel=\"noopener noreferrer\">https:\/\/www.proceso.com.mx\/629888\/dos-de-los-principales-hospitales-para-atencion-del-covid-19-en-oaxaca-a-punto-de-colapsar<\/a><\/p>\n","protected":false},"excerpt":{"rendered":"<p>Proceso \/ Pedro Mat\u00edas. El General de Zona 1 del IMSS, es uno de los hospitales que est\u00e1n a punto de colapsar por la atenci\u00f3n a pacientes con covid-19. Foto: &hellip; <a href=\"https:\/\/www.grieta.org.mx\/index.php\/2020\/05\/13\/dos-de-los-principales-hospitales-para-atencion-del-covid-19-en-oaxaca-a-punto-de-colapsar\/\" class=\"more-link\">Leer m\u00e1s<\/a><\/p>\n","protected":false},"author":2,"featured_media":49087,"comment_status":"closed","ping_status":"closed","sticky":false,"template":"","format":"standard","meta":{"ngg_post_thumbnail":0,"_jetpack_newsletter_access":"","_jetpack_dont_email_post_to_subs":false,"_jetpack_newsletter_tier_id":0,"_jetpack_memberships_contains_paywalled_content":false,"_jetpack_memberships_contains_paid_content":false,"footnotes":""},"categories":[80,3262,1728,2,25],"tags":[],"class_list":["post-49084","post","type-post","status-publish","format-standard","has-post-thumbnail","hentry","category-cintillo","category-crisis-covid-19-en-oaxaca","category-crisis-del-sector-salud-en-oaxaca","category-noticias-nacionales","category-oaxaca","entry"],"jetpack_featured_media_url":"https:\/\/www.grieta.org.mx\/wp-content\/uploads\/2020\/05\/IMSS-hospital-general.jpg","jetpack_sharing_enabled":true,"jetpack_shortlink":"https:\/\/wp.me\/p7ZJR4-cLG","jetpack_likes_enabled":false,"jetpack-related-posts":[{"id":52550,"url":"https:\/\/www.grieta.org.mx\/index.php\/2020\/07\/13\/denuncian-colapso-de-hospitales-en-oaxaca-piden-a-la-poblacion-quedarse-en-casa\/","url_meta":{"origin":49084,"position":0},"title":"Denuncian colapso de hospitales en Oaxaca; piden a la poblaci\u00f3n quedarse en casa","author":"grieta","date":"13 julio, 2020","format":false,"excerpt":"Proceso \/ Pedro Mat\u00edas. Video del Frente Unificador de Sindicatos Independientes Oaxaque\u00f1os y Nacionales (Fusi\u00f3n). Foto: Faceboo Consejo Ciudadano para el Seguimiento de la Funci\u00f3n Publica. OAXACA, Oax. (apro).- Personal m\u00e9dico advirti\u00f3 que los principales hospitales en Oaxaca se han quedado sin espacio para la atenci\u00f3n de pacientes con covid-19,\u2026","rel":"","context":"En &quot;CINTILLO&quot;","block_context":{"text":"CINTILLO","link":"https:\/\/www.grieta.org.mx\/index.php\/category\/cintillo\/"},"img":{"alt_text":"","src":"https:\/\/i0.wp.com\/www.grieta.org.mx\/wp-content\/uploads\/2020\/08\/1-2.jpeg?resize=350%2C200&ssl=1","width":350,"height":200,"srcset":"https:\/\/i0.wp.com\/www.grieta.org.mx\/wp-content\/uploads\/2020\/08\/1-2.jpeg?resize=350%2C200&ssl=1 1x, https:\/\/i0.wp.com\/www.grieta.org.mx\/wp-content\/uploads\/2020\/08\/1-2.jpeg?resize=525%2C300&ssl=1 1.5x, https:\/\/i0.wp.com\/www.grieta.org.mx\/wp-content\/uploads\/2020\/08\/1-2.jpeg?resize=700%2C400&ssl=1 2x"},"classes":[]},{"id":49280,"url":"https:\/\/www.grieta.org.mx\/index.php\/2020\/05\/15\/ante-colapso-de-hospitales-habilitan-red-hospitalaria-para-atender-pacientes-de-coronavirus-en-oaxaca\/","url_meta":{"origin":49084,"position":1},"title":"Ante colapso de hospitales, habilitan red hospitalaria para atender pacientes de coronavirus en Oaxaca","author":"grieta","date":"15 mayo, 2020","format":false,"excerpt":"P\u00e1gina 3 \/ Pedro Mat\u00edas. Ampl\u00edan a 25 la red hospitalaria ante incremento de caso de covid-19. Pese a pugnas con personal sindicalizado Murat determin\u00f3 Hospital Covid al Aurelio Valdivieso OAXACA, Oax.- Ante el colapso de los dos principales hospitales covid-19 de la capital de Oaxaca, el gobernador Alejandro Murat\u2026","rel":"","context":"En &quot;CINTILLO&quot;","block_context":{"text":"CINTILLO","link":"https:\/\/www.grieta.org.mx\/index.php\/category\/cintillo\/"},"img":{"alt_text":"","src":"https:\/\/i0.wp.com\/www.grieta.org.mx\/wp-content\/uploads\/2020\/05\/Hospital-Aurelio-Valdivieso-Oax-1024x529.jpg?resize=350%2C200&ssl=1","width":350,"height":200,"srcset":"https:\/\/i0.wp.com\/www.grieta.org.mx\/wp-content\/uploads\/2020\/05\/Hospital-Aurelio-Valdivieso-Oax-1024x529.jpg?resize=350%2C200&ssl=1 1x, https:\/\/i0.wp.com\/www.grieta.org.mx\/wp-content\/uploads\/2020\/05\/Hospital-Aurelio-Valdivieso-Oax-1024x529.jpg?resize=525%2C300&ssl=1 1.5x, https:\/\/i0.wp.com\/www.grieta.org.mx\/wp-content\/uploads\/2020\/05\/Hospital-Aurelio-Valdivieso-Oax-1024x529.jpg?resize=700%2C400&ssl=1 2x"},"classes":[]},{"id":56376,"url":"https:\/\/www.grieta.org.mx\/index.php\/2021\/01\/19\/exigen-semaforo-rojo-en-oaxaca-covid-19-fuera-de-control\/","url_meta":{"origin":49084,"position":2},"title":"Exigen sem\u00e1foro rojo en Oaxaca: Covid-19 fuera de control","author":"grieta","date":"19 enero, 2021","format":false,"excerpt":"P\u00e1gina 3 \/ Pedro Mat\u00edas. *Alrededor de 20 Colegios M\u00e9dicos calificaron de \u201cinaudita la actitud irresponsable\u201d de los gobiernos de Alejandro Murat y de Oswaldo Garc\u00eda Jarqu\u00edn. | *Cuestionaron que prioricen \u201cla politiquer\u00eda y la econom\u00eda por encima de la salud p\u00fablica\u201d. | *Los hospitales est\u00e1n colapsados OAXACA, Oax.- Oaxaca\u2026","rel":"","context":"En &quot;CINTILLO&quot;","block_context":{"text":"CINTILLO","link":"https:\/\/www.grieta.org.mx\/index.php\/category\/cintillo\/"},"img":{"alt_text":"","src":"https:\/\/i0.wp.com\/www.grieta.org.mx\/wp-content\/uploads\/2021\/01\/1-9.jpg?resize=350%2C200&ssl=1","width":350,"height":200,"srcset":"https:\/\/i0.wp.com\/www.grieta.org.mx\/wp-content\/uploads\/2021\/01\/1-9.jpg?resize=350%2C200&ssl=1 1x, https:\/\/i0.wp.com\/www.grieta.org.mx\/wp-content\/uploads\/2021\/01\/1-9.jpg?resize=525%2C300&ssl=1 1.5x"},"classes":[]},{"id":49885,"url":"https:\/\/www.grieta.org.mx\/index.php\/2020\/05\/26\/dos-hospitales-de-oaxaca-saturados-con-pacientes-covid-19\/","url_meta":{"origin":49084,"position":3},"title":"Dos hospitales de Oaxaca saturados con pacientes COVID-19","author":"grieta","date":"26 mayo, 2020","format":false,"excerpt":"P\u00e1gina 3 \/ Jaime Guerrero *Aplican campa\u00f1a \u201c\u00a1Alerta! Zona de alto contagio\u201d, en sitios p\u00fablicos. Jaime GUERRERO Los Servicios de Salud de Oaxaca reportaron que de acuerdo con el informe del nivel de disponibilidad de camas para atender pacientes COVID-19, dos hospitales est\u00e1n al 100 por ciento de su capacidad.\u2026","rel":"","context":"En &quot;CINTILLO&quot;","block_context":{"text":"CINTILLO","link":"https:\/\/www.grieta.org.mx\/index.php\/category\/cintillo\/"},"img":{"alt_text":"","src":"https:\/\/i0.wp.com\/www.grieta.org.mx\/wp-content\/uploads\/2020\/05\/Zona-de-alto-contagio.jpg?resize=350%2C200&ssl=1","width":350,"height":200,"srcset":"https:\/\/i0.wp.com\/www.grieta.org.mx\/wp-content\/uploads\/2020\/05\/Zona-de-alto-contagio.jpg?resize=350%2C200&ssl=1 1x, https:\/\/i0.wp.com\/www.grieta.org.mx\/wp-content\/uploads\/2020\/05\/Zona-de-alto-contagio.jpg?resize=525%2C300&ssl=1 1.5x, https:\/\/i0.wp.com\/www.grieta.org.mx\/wp-content\/uploads\/2020\/05\/Zona-de-alto-contagio.jpg?resize=700%2C400&ssl=1 2x"},"classes":[]},{"id":60855,"url":"https:\/\/www.grieta.org.mx\/index.php\/2021\/07\/31\/oaxaca-a-punto-del-semaforo-rojo-y-con-19-hospitales-saturados\/","url_meta":{"origin":49084,"position":4},"title":"Oaxaca, a punto del sem\u00e1foro rojo y con 19 hospitales saturados","author":"grieta","date":"31 julio, 2021","format":false,"excerpt":"Proceso \/ Pedro Mat\u00edas. Oaxaca se encuentra en la antesala del sem\u00e1foro epidemiol\u00f3gico rojo, al registrar dos mil 454 casos activos de coronavirus y 19 de sus hospitales con una ocupaci\u00f3n de 100%. OAXACA, Oax. (proceso.com.mx).\u2013 Oaxaca se encuentra en la antesala del sem\u00e1foro epidemiol\u00f3gico rojo, al registrar dos mil\u2026","rel":"","context":"En &quot;CINTILLO&quot;","block_context":{"text":"CINTILLO","link":"https:\/\/www.grieta.org.mx\/index.php\/category\/cintillo\/"},"img":{"alt_text":"","src":"https:\/\/i0.wp.com\/www.grieta.org.mx\/wp-content\/uploads\/2021\/08\/1.jpg?resize=350%2C200&ssl=1","width":350,"height":200,"srcset":"https:\/\/i0.wp.com\/www.grieta.org.mx\/wp-content\/uploads\/2021\/08\/1.jpg?resize=350%2C200&ssl=1 1x, https:\/\/i0.wp.com\/www.grieta.org.mx\/wp-content\/uploads\/2021\/08\/1.jpg?resize=525%2C300&ssl=1 1.5x, https:\/\/i0.wp.com\/www.grieta.org.mx\/wp-content\/uploads\/2021\/08\/1.jpg?resize=700%2C400&ssl=1 2x"},"classes":[]},{"id":54057,"url":"https:\/\/www.grieta.org.mx\/index.php\/2020\/10\/06\/a-pesar-del-semaforo-amarillo-en-oaxaca-hospitales-covid-se-reportan-al-tope-de-su-capacidad\/","url_meta":{"origin":49084,"position":5},"title":"A pesar del sem\u00e1foro amarillo en Oaxaca, hospitales COVID se reportan al tope de su capacidad","author":"grieta","date":"6 octubre, 2020","format":false,"excerpt":"Noticias \/ Nadia Altamirano. Oaxaca report\u00f3 ayer una de sus cifras m\u00e1s bajas de nuevos contagios durante la pandemia, de COVID-19, pero su ocupaci\u00f3n hospitalaria se increment\u00f3 en un cuatro por ciento y hospitales como el de la Ni\u00f1ez Oaxaque\u00f1a o el General de Tehuantepec se mantienen al tope de\u2026","rel":"","context":"En &quot;CINTILLO&quot;","block_context":{"text":"CINTILLO","link":"https:\/\/www.grieta.org.mx\/index.php\/category\/cintillo\/"},"img":{"alt_text":"","src":"https:\/\/i0.wp.com\/www.grieta.org.mx\/wp-content\/uploads\/2020\/10\/1-1.jpg?resize=350%2C200&ssl=1","width":350,"height":200,"srcset":"https:\/\/i0.wp.com\/www.grieta.org.mx\/wp-content\/uploads\/2020\/10\/1-1.jpg?resize=350%2C200&ssl=1 1x, https:\/\/i0.wp.com\/www.grieta.org.mx\/wp-content\/uploads\/2020\/10\/1-1.jpg?resize=525%2C300&ssl=1 1.5x, https:\/\/i0.wp.com\/www.grieta.org.mx\/wp-content\/uploads\/2020\/10\/1-1.jpg?resize=700%2C400&ssl=1 2x, https:\/\/i0.wp.com\/www.grieta.org.mx\/wp-content\/uploads\/2020\/10\/1-1.jpg?resize=1050%2C600&ssl=1 3x"},"classes":[]}],"_links":{"self":[{"href":"https:\/\/www.grieta.org.mx\/index.php\/wp-json\/wp\/v2\/posts\/49084","targetHints":{"allow":["GET"]}}],"collection":[{"href":"https:\/\/www.grieta.org.mx\/index.php\/wp-json\/wp\/v2\/posts"}],"about":[{"href":"https:\/\/www.grieta.org.mx\/index.php\/wp-json\/wp\/v2\/types\/post"}],"author":[{"embeddable":true,"href":"https:\/\/www.grieta.org.mx\/index.php\/wp-json\/wp\/v2\/users\/2"}],"replies":[{"embeddable":true,"href":"https:\/\/www.grieta.org.mx\/index.php\/wp-json\/wp\/v2\/comments?post=49084"}],"version-history":[{"count":1,"href":"https:\/\/www.grieta.org.mx\/index.php\/wp-json\/wp\/v2\/posts\/49084\/revisions"}],"predecessor-version":[{"id":49089,"href":"https:\/\/www.grieta.org.mx\/index.php\/wp-json\/wp\/v2\/posts\/49084\/revisions\/49089"}],"wp:featuredmedia":[{"embeddable":true,"href":"https:\/\/www.grieta.org.mx\/index.php\/wp-json\/wp\/v2\/media\/49087"}],"wp:attachment":[{"href":"https:\/\/www.grieta.org.mx\/index.php\/wp-json\/wp\/v2\/media?parent=49084"}],"wp:term":[{"taxonomy":"category","embeddable":true,"href":"https:\/\/www.grieta.org.mx\/index.php\/wp-json\/wp\/v2\/categories?post=49084"},{"taxonomy":"post_tag","embeddable":true,"href":"https:\/\/www.grieta.org.mx\/index.php\/wp-json\/wp\/v2\/tags?post=49084"}],"curies":[{"name":"wp","href":"https:\/\/api.w.org\/{rel}","templated":true}]}}