{"id":49076,"date":"2020-04-27T22:43:39","date_gmt":"2020-04-28T03:43:39","guid":{"rendered":"http:\/\/www.grieta.org.mx\/?p=49076"},"modified":"2020-05-13T23:07:19","modified_gmt":"2020-05-14T04:07:19","slug":"sin-agua-y-sin-empleo-las-comunidades-indigenas-de-guerrero-ante-covid-19","status":"publish","type":"post","link":"https:\/\/www.grieta.org.mx\/index.php\/2020\/04\/27\/sin-agua-y-sin-empleo-las-comunidades-indigenas-de-guerrero-ante-covid-19\/","title":{"rendered":"Sin agua y sin empleo: las comunidades ind\u00edgenas de Guerrero ante COVID-19"},"content":{"rendered":"<p><strong>La crisis econ\u00f3mica provocada por la pandemia de COVID-19 golpea a las comunidades ind\u00edgenas de Guerrero; reclaman un programa de ayuda.<\/strong><\/p>\n<p><img loading=\"lazy\" decoding=\"async\" data-attachment-id=\"49077\" data-permalink=\"https:\/\/www.grieta.org.mx\/index.php\/2020\/04\/27\/sin-agua-y-sin-empleo-las-comunidades-indigenas-de-guerrero-ante-covid-19\/guerrero-3\/\" data-orig-file=\"https:\/\/www.grieta.org.mx\/wp-content\/uploads\/2020\/05\/guerrero.jpg\" data-orig-size=\"957,500\" data-comments-opened=\"0\" data-image-meta=\"{&quot;aperture&quot;:&quot;0&quot;,&quot;credit&quot;:&quot;&quot;,&quot;camera&quot;:&quot;&quot;,&quot;caption&quot;:&quot;&quot;,&quot;created_timestamp&quot;:&quot;0&quot;,&quot;copyright&quot;:&quot;&quot;,&quot;focal_length&quot;:&quot;0&quot;,&quot;iso&quot;:&quot;0&quot;,&quot;shutter_speed&quot;:&quot;0&quot;,&quot;title&quot;:&quot;&quot;,&quot;orientation&quot;:&quot;1&quot;}\" data-image-title=\"guerrero\" data-image-description=\"\" data-image-caption=\"\" data-medium-file=\"https:\/\/www.grieta.org.mx\/wp-content\/uploads\/2020\/05\/guerrero-300x157.jpg\" data-large-file=\"https:\/\/www.grieta.org.mx\/wp-content\/uploads\/2020\/05\/guerrero.jpg\" class=\"aligncenter wp-image-49077\" src=\"http:\/\/www.grieta.org.mx\/wp-content\/uploads\/2020\/05\/guerrero.jpg\" alt=\"\" width=\"800\" height=\"418\" srcset=\"https:\/\/www.grieta.org.mx\/wp-content\/uploads\/2020\/05\/guerrero.jpg 957w, https:\/\/www.grieta.org.mx\/wp-content\/uploads\/2020\/05\/guerrero-300x157.jpg 300w, https:\/\/www.grieta.org.mx\/wp-content\/uploads\/2020\/05\/guerrero-768x401.jpg 768w\" sizes=\"auto, (max-width: 800px) 100vw, 800px\" \/><\/p>\n<p>Alberto Pradilla\/ ANIMAL POL\u00cdTICO<\/p>\n<p>Abel Campos Ortega, de 46 a\u00f1os, ganaba 200 pesos semanales como alba\u00f1il en una comunidad de Alcozauca, Guerrero. Con esa cantidad se alimentaban su esposa y sus seis hijos. Ella se encargaba de la casa y \u00e9l sal\u00eda a trabajar en la construcci\u00f3n o en el campo. Debido a la emergencia causada por la COVID-19, el hombre perdi\u00f3 su empleo el 25 de marzo.<\/p>\n<p>\u201cNos dijeron que no regres\u00e1ramos hasta nuevo aviso\u201d, dice. Desde entonces no ha ingresado nada. Ni un solo peso. \u201cEstamos sufriendo. No tenemos con qu\u00e9 mantener la familia. Maicito que tenemos est\u00e1 pasando con sal\u201d, lamenta, en conversaci\u00f3n telef\u00f3nica.<\/p>\n<p>Ent\u00e9rate: AMLO apuesta a programas sociales y megaobras ya iniciadas contra crisis por COVID-19<\/p>\n<p>Campos Ortega es presidente del comit\u00e9 municipal del concejo de comunidades ind\u00edgenas de Alcozauca, Guerrero. Explica que la l\u00f3gica impuesta por el confinamiento ha tenido graves consecuencias para las comunidades. \u201cNo podemos salir. Hay comunidades donde todav\u00eda est\u00e1n saliendo a por alimentos, pero est\u00e1 escaseando. Adem\u00e1s, tampoco hay empleo. Nadie est\u00e1 trabajando. Nos quedamos sin trabajar, sin empleo, sin nada\u201d, dice.<\/p>\n<p>Con poco acceso al agua y sin empleo, la pandemia por coronavirus ha venido a golpear con dureza a uno de los territorios m\u00e1s pobres de M\u00e9xico. Seg\u00fan la secretar\u00eda de Salud P\u00fablica se registraron 177 casos y 31 defunciones a causa de la COVID-19.<\/p>\n<p>Un total de 197 comunidades de las aproximadamente 5 mil con las que cuenta el Estado han decidido cerrarse para impedir el paso del virus. Est\u00e1n concentradas en 65 municipios, con mayor\u00eda de la poblaci\u00f3n ind\u00edgena y que se rige por usos y costumbres, seg\u00fan datos del gobierno del Estado.<\/p>\n<p>Ent\u00e9rate: Toques de queda, ley seca y cierres de frontera, las medidas impuestas por estados contra el COVID-19<\/p>\n<p>Las cifras que m\u00e1s golpean a Guerrero no son las del SARS-CoV-2, sino las de la escasez. El Consejo Nacional de Evaluaci\u00f3n de la Pol\u00edtica Social (Coneval), estim\u00f3 en 2018 que el 65% de la poblaci\u00f3n de Guerrero est\u00e1 en situaci\u00f3n de pobreza y, este porcentaje, el 26.8% sufr\u00eda pobreza extrema. Las cifras pueden agravarse en los pr\u00f3ximos meses con la crisis generalizada que llegue despu\u00e9s de la pandemia.<\/p>\n<p>\u201cAhora, la verdad, estamos en esta situaci\u00f3n grav\u00edsima. Hay familias que ya no cuentan con alimento. Los productores, los campesinos, no cuentan con apoyo del gobierno federal y siembran muy poquito. Cuando no hab\u00eda la enfermedad, la gente viv\u00eda al d\u00eda. Ahora, a\u00fan hay menos recursos\u201d, dice Campos Ortega.<\/p>\n<p>La situaci\u00f3n en la Monta\u00f1a, la regi\u00f3n en la que se ubica Alcozauca, es de par\u00e1lisis, por lo que las posibilidades de alimentaci\u00f3n se han reducido dr\u00e1sticamente. Explica Campos Ortega que al no trabajar no reciben salario.<\/p>\n<p>As\u00ed que subsisten con los productos del campo, que tampoco pueden vender.<\/p>\n<p>Las comunidades se han blindado y no permiten que nadie extra\u00f1o llegue, por lo que no llegan insumos a los peque\u00f1os comercios, que se han visto obligados a cerrar.<\/p>\n<p>Por si esto fuera poco se ha cerrado el grifo de las remesas. Existe una fuerte dependencia del dinero que llega de los paisanos que emigraron a Estados Unidos. Ah\u00ed el n\u00famero de contagios se acerca al mill\u00f3n, con m\u00e1s de 54 mil v\u00edctimas mortales, lo que ha obligado a un confinamiento generalizado.<\/p>\n<p>El par\u00f3n en la econom\u00eda del norte ha enviado al desempleo a m\u00e1s de 25 millones de personas. Son cifras similares a las de la Gran Depresi\u00f3n de los a\u00f1os 30 del siglo pasado. Un mazazo para todas las familias guerrerenses que superan la quincena con los d\u00f3lares que llegan de la migraci\u00f3n.<\/p>\n<p>Petici\u00f3n de ayuda como ocurri\u00f3 con las tormentas de 2013<br \/>\nAnte este sombr\u00edo panorama, representantes de las comunidades, junto a presidentes municipales y activistas dirigieron recientemente un escrito a distintas autoridades, entre las que est\u00e1n el presidente Andr\u00e9s Manuel L\u00f3pez Obrador, al canciller Marcelo Ebrard, al director general del Instituto Nacional de Pueblos Ind\u00edgenas, Adelfo Regino Montes, al gobernador de Guerrero, H\u00e9ctor Astudillo, y a otras autoridades, para reclamar \u201cun plan nacional emergente para cuidar la vida de millones de hermanos ind\u00edgenas y afros que se encuentran a lo largo y ancho del pa\u00eds\u201d.<\/p>\n<p>Entre las peticiones: \u201cun programa alimentario, fortalecer su econom\u00eda y cuidar y proteger los recursos de la madre naturaleza\u201d.<\/p>\n<p>Abel Barrera, director de la organizaci\u00f3n de Derechos Humanos Tlachinollan y uno de los firmantes de la carta, explica que han tomado como modelo los programas aplicados tras el paso de las tormentas Ingrid y Manuel.<\/p>\n<p>\u201cDej\u00f3 devastada la monta\u00f1a, hubo varios muertos y derrumbes. Para garantizar la dotaci\u00f3n de alimentos se puso en marcha un paquete alimentario a las comunidades por el que se entregaba ma\u00edz, frijol, arroz, sal y aceite y que se prolong\u00f3 durante dos a\u00f1os\u201d, dice Barrera.<\/p>\n<p>\u201cEsta regi\u00f3n vive de la siembra temporal de ma\u00edz. Se cosechan 300, 400 kilos al a\u00f1o. Pero es insuficiente para solventar necesidades b\u00e1sicas. No hay trabajo remunerado, no hay condiciones para que se garantice un ingreso fijo y los programas sociales son insuficientes\u201d, denuncia.<\/p>\n<p>Animal Pol\u00edtico consult\u00f3 al Instituto Nacional para los Pueblos Ind\u00edgenas y al gobierno del estado de Guerrero sobre los planes previstos para apoyar a estas comunidades. Al cierre de la nota no hab\u00eda recibido respuesta.<\/p>\n<p>La ausencia de agua es otro de los problemas que afecta a diversas zonas de Guerrero. Lavarse las manos frecuentemente es una de las recomendaciones b\u00e1sicas para evitar el contagio. Sin embargo, este sencillo mandato resulta imposible de cumplir cuando el agua corriente no llega al domicilio.<\/p>\n<p>Es lo que le ocurre a \u00c1ngel Garc\u00eda, coordinador de la Casa de Justicia de El Para\u00edso, en el municipio de Ayutla de los Libres, Guerrero. \u201cTraemos con una manguera del cerro, pero no hay un sistema que bombee a toda la comunidad\u201d, explica.<\/p>\n<p>Garc\u00eda es integrante de la Coordinadora Regional de Autoridades Comunitarias-Polic\u00eda Comunitaria (CRAC-PC). Ellos han sido los encargados, en varias comunidades, de establecer los retenes para impedir el tr\u00e1nsito.<\/p>\n<p><img loading=\"lazy\" decoding=\"async\" data-attachment-id=\"49078\" data-permalink=\"https:\/\/www.grieta.org.mx\/index.php\/2020\/04\/27\/sin-agua-y-sin-empleo-las-comunidades-indigenas-de-guerrero-ante-covid-19\/photo-2020-04-26-14-39-14\/\" data-orig-file=\"https:\/\/www.grieta.org.mx\/wp-content\/uploads\/2020\/05\/PHOTO-2020-04-26-14-39-14.jpg\" data-orig-size=\"1280,853\" data-comments-opened=\"0\" data-image-meta=\"{&quot;aperture&quot;:&quot;0&quot;,&quot;credit&quot;:&quot;&quot;,&quot;camera&quot;:&quot;&quot;,&quot;caption&quot;:&quot;&quot;,&quot;created_timestamp&quot;:&quot;0&quot;,&quot;copyright&quot;:&quot;&quot;,&quot;focal_length&quot;:&quot;0&quot;,&quot;iso&quot;:&quot;0&quot;,&quot;shutter_speed&quot;:&quot;0&quot;,&quot;title&quot;:&quot;&quot;,&quot;orientation&quot;:&quot;0&quot;}\" data-image-title=\"PHOTO-2020-04-26-14-39-14\" data-image-description=\"\" data-image-caption=\"\" data-medium-file=\"https:\/\/www.grieta.org.mx\/wp-content\/uploads\/2020\/05\/PHOTO-2020-04-26-14-39-14-300x200.jpg\" data-large-file=\"https:\/\/www.grieta.org.mx\/wp-content\/uploads\/2020\/05\/PHOTO-2020-04-26-14-39-14-1024x682.jpg\" class=\"aligncenter wp-image-49078\" src=\"http:\/\/www.grieta.org.mx\/wp-content\/uploads\/2020\/05\/PHOTO-2020-04-26-14-39-14.jpg\" alt=\"\" width=\"800\" height=\"533\" srcset=\"https:\/\/www.grieta.org.mx\/wp-content\/uploads\/2020\/05\/PHOTO-2020-04-26-14-39-14.jpg 1280w, https:\/\/www.grieta.org.mx\/wp-content\/uploads\/2020\/05\/PHOTO-2020-04-26-14-39-14-300x200.jpg 300w, https:\/\/www.grieta.org.mx\/wp-content\/uploads\/2020\/05\/PHOTO-2020-04-26-14-39-14-768x512.jpg 768w, https:\/\/www.grieta.org.mx\/wp-content\/uploads\/2020\/05\/PHOTO-2020-04-26-14-39-14-1024x682.jpg 1024w, https:\/\/www.grieta.org.mx\/wp-content\/uploads\/2020\/05\/PHOTO-2020-04-26-14-39-14-750x500.jpg 750w\" sizes=\"auto, (max-width: 800px) 100vw, 800px\" \/><\/p>\n<p>Explica que a finales de marzo celebraron diversas asambleas para determinar qu\u00e9 hacer ante el avance de la pandemia. Y determinaron que el cierre era la mejor soluci\u00f3n para tratar de que el virus no se acercase a comunidades que, si tienen que ir al hospital, tienen por delante trayectos de m\u00e1s de tres horas. Como las comunidades se manejan por usos y costumbres, encargaron a la polic\u00eda comunitaria hacerse cargo de los retenes.<\/p>\n<p>\u201cEstablecimos filtros de seguridad en varios puntos del territorio comunitario, para que las personas que vengan de fuera no infecten. Estamos bloqueando a las personas que vienen a vender a y las visitas. Adem\u00e1s, estamos evitando la entrada de empresas como Cocacola, Sabritas, o de cervezas\u201d, explica.<\/p>\n<p>En el camino inverso, cuando son los comunitarios los que tienen que salir hacia la ciudad, se pide que solo salga una persona, evitando llevar a los ni\u00f1os y aplic\u00e1ndole gel antibacterial.<\/p>\n<p>Nuevamente, la din\u00e1mica para protegerse del coronavirus tiene un fuerte impacto en personas acostumbradas a vivir al d\u00eda. Si no salen de su comunidad no pueden vender en la ciudad. Y si no venden, tampoco tienen dinero para comprar alimento.<\/p>\n<p>A la escasez propia del lugar se le suma la llegada de personas que trabajaban en otros lugares, como Acapulco o Chilpancingo, pero que ante la falta de empleo por la contingencia han regresado a sus lugares de origen. \u201cEsto nos complica alg\u00fan gasto porque no hay de d\u00f3nde, no hay con qu\u00e9, no hay qu\u00e9 comprar ni vender. La mayor\u00eda de las personas est\u00e1n sacando a la venta lo poco que tienen\u201d, dice Garc\u00eda.<\/p>\n<p>El abandono por parte de las autoridades es la principal queja del polic\u00eda comunitario. \u201cNi el estado ni el gobierno federal nos ha dado nada. Estamos tratando de ver la manera de exigirle que nos apoye. Que nuestra gente le est\u00e1 escaseando los alimentos\u201d, dice.<\/p>\n<p>Cerradas sobre s\u00ed mismas, las comunidades tratan de hacer frente a los contagios. La organizaci\u00f3n ha suplido la falta de estado en cuestiones tan b\u00e1sicas como la informaci\u00f3n. Por ejemplo, Tlachinollan distribuy\u00f3 audios en lengua me\u2019phaa, tu\u00b4u savi y naua con consejos sobre higiene y protecci\u00f3n para evitar el coronavirus.<\/p>\n<p>Pero sin agua disponible en sus domicilios, los habitantes de una de las zonas m\u00e1s pobres de M\u00e9xico carecen de las principales medidas de protecci\u00f3n contra la pandemia. Cuando el virus remita seguir\u00e1 la amenaza del hambre: una enfermedad que nunca ha dejado de castigar estas comunidades.<\/p>\n<p><a href=\"https:\/\/www.animalpolitico.com\/2020\/04\/guerrero-indigenas-comunidades-agua-empleo-covid\/\" target=\"_blank\" rel=\"noopener noreferrer\">https:\/\/www.animalpolitico.com\/2020\/04\/guerrero-indigenas-comunidades-agua-empleo-covid\/<\/a><\/p>\n","protected":false},"excerpt":{"rendered":"<p>La crisis econ\u00f3mica provocada por la pandemia de COVID-19 golpea a las comunidades ind\u00edgenas de Guerrero; reclaman un programa de ayuda. Alberto Pradilla\/ ANIMAL POL\u00cdTICO Abel Campos Ortega, de 46 &hellip; <a href=\"https:\/\/www.grieta.org.mx\/index.php\/2020\/04\/27\/sin-agua-y-sin-empleo-las-comunidades-indigenas-de-guerrero-ante-covid-19\/\" class=\"more-link\">Leer m\u00e1s<\/a><\/p>\n","protected":false},"author":2,"featured_media":49077,"comment_status":"closed","ping_status":"closed","sticky":false,"template":"","format":"standard","meta":{"ngg_post_thumbnail":0,"_jetpack_newsletter_access":"","_jetpack_dont_email_post_to_subs":false,"_jetpack_newsletter_tier_id":0,"_jetpack_memberships_contains_paywalled_content":false,"_jetpack_memberships_contains_paid_content":false,"footnotes":""},"categories":[80,3290,3299,2754,1371,18,2,83],"tags":[224,3198,312,3346,741,222],"class_list":["post-49076","post","type-post","status-publish","format-standard","has-post-thumbnail","hentry","category-cintillo","category-covid-19-en-aguascalientes","category-covid-19-en-guerrero","category-crisis-del-sector-salud-en-guerrero","category-desabasto-de-agua-en-guerrero","category-guerrero","category-noticias-nacionales","category-temas-nacionales","tag-agua","tag-covid19","tag-desabasto","tag-escasez","tag-indigenas","tag-policia-comunitaria","entry"],"jetpack_featured_media_url":"https:\/\/www.grieta.org.mx\/wp-content\/uploads\/2020\/05\/guerrero.jpg","jetpack_sharing_enabled":true,"jetpack_shortlink":"https:\/\/wp.me\/p7ZJR4-cLy","jetpack_likes_enabled":false,"jetpack-related-posts":[{"id":32940,"url":"https:\/\/www.grieta.org.mx\/index.php\/2019\/04\/21\/acusan-que-militares-desvian-agua-en-acapulco-guerrero\/","url_meta":{"origin":49076,"position":0},"title":"Acusan que militares desv\u00edan agua en Acapulco (Guerrero)","author":"grieta","date":"21 abril, 2019","format":false,"excerpt":"Habitantes de Cumbres de Llano Largo, de Acapulco acusan a militares de desviar agua del unido tanque de almacenamiento Chilpancingo.-Habitantes de Cumbres de Llano Largo, de Acapulco, Guerrero, llevan m\u00e1s de un mes sin agua debido a que el \u00fanico tanque de almacenamiento del l\u00edquido en la localidad es usado\u2026","rel":"","context":"En &quot;CINTILLO&quot;","block_context":{"text":"CINTILLO","link":"https:\/\/www.grieta.org.mx\/index.php\/category\/cintillo\/"},"img":{"alt_text":"","src":"https:\/\/i0.wp.com\/www.grieta.org.mx\/wp-content\/uploads\/2019\/05\/acusan_que_militares_desvxan_agua_en_acapulco.jpg_219914347.jpg?resize=350%2C200&ssl=1","width":350,"height":200,"srcset":"https:\/\/i0.wp.com\/www.grieta.org.mx\/wp-content\/uploads\/2019\/05\/acusan_que_militares_desvxan_agua_en_acapulco.jpg_219914347.jpg?resize=350%2C200&ssl=1 1x, https:\/\/i0.wp.com\/www.grieta.org.mx\/wp-content\/uploads\/2019\/05\/acusan_que_militares_desvxan_agua_en_acapulco.jpg_219914347.jpg?resize=525%2C300&ssl=1 1.5x, https:\/\/i0.wp.com\/www.grieta.org.mx\/wp-content\/uploads\/2019\/05\/acusan_que_militares_desvxan_agua_en_acapulco.jpg_219914347.jpg?resize=700%2C400&ssl=1 2x"},"classes":[]},{"id":48610,"url":"https:\/\/www.grieta.org.mx\/index.php\/2020\/04\/28\/indigenas-en-mexico-como-enfrentar-una-epidemia-la-discriminacion-y-el-abandono-historico-del-estado\/","url_meta":{"origin":49076,"position":1},"title":"Ind\u00edgenas en M\u00e9xico: \u00bfc\u00f3mo enfrentar una epidemia, la discriminaci\u00f3n y el abandono hist\u00f3rico del Estado?","author":"grieta","date":"28 abril, 2020","format":false,"excerpt":"Pueblos ind\u00edgenas del pa\u00eds decidieron cerrar su territorio y no permitir la entrada de personas que no sean del lugar. Aislarse es una de sus medidas para evitar que la epidemia se extienda en sus comunidades. Mogabay Latinoam\u00e9rica. por Thelma G\u00f3mez Dur\u00e1n, 28 de abril de 2020 Abril es un\u2026","rel":"","context":"En &quot;CINTILLO&quot;","block_context":{"text":"CINTILLO","link":"https:\/\/www.grieta.org.mx\/index.php\/category\/cintillo\/"},"img":{"alt_text":"","src":"https:\/\/i0.wp.com\/www.grieta.org.mx\/wp-content\/uploads\/2020\/05\/CheranKeri.jpg?resize=350%2C200&ssl=1","width":350,"height":200,"srcset":"https:\/\/i0.wp.com\/www.grieta.org.mx\/wp-content\/uploads\/2020\/05\/CheranKeri.jpg?resize=350%2C200&ssl=1 1x, https:\/\/i0.wp.com\/www.grieta.org.mx\/wp-content\/uploads\/2020\/05\/CheranKeri.jpg?resize=525%2C300&ssl=1 1.5x, https:\/\/i0.wp.com\/www.grieta.org.mx\/wp-content\/uploads\/2020\/05\/CheranKeri.jpg?resize=700%2C400&ssl=1 2x, https:\/\/i0.wp.com\/www.grieta.org.mx\/wp-content\/uploads\/2020\/05\/CheranKeri.jpg?resize=1050%2C600&ssl=1 3x, https:\/\/i0.wp.com\/www.grieta.org.mx\/wp-content\/uploads\/2020\/05\/CheranKeri.jpg?resize=1400%2C800&ssl=1 4x"},"classes":[]},{"id":31350,"url":"https:\/\/www.grieta.org.mx\/index.php\/2019\/03\/26\/rios-bajan-en-el-nivel-de-agua-piden-frenar-el-saqueo-de-material-petreo-guerrero\/","url_meta":{"origin":49076,"position":2},"title":"R\u00edos bajan en el nivel de agua; piden frenar el saqueo de material p\u00e9treo (Guerrero)","author":"grieta","date":"26 marzo, 2019","format":false,"excerpt":"Iliana Hern\u00e1ndez Cruz \/ El Sol de Acapulco AYUTLA DE LOS LIBRES, GUERRERO., El saqueo de material como arena, piedra y graba de r\u00edos y arroyos en las diferentes comunidades y cabecera municipal de Ayutla, han provocado que el nivel del rio baje antes de que inicie la temporada de\u2026","rel":"","context":"En &quot;CINTILLO&quot;","block_context":{"text":"CINTILLO","link":"https:\/\/www.grieta.org.mx\/index.php\/category\/cintillo\/"},"img":{"alt_text":"","src":"https:\/\/i0.wp.com\/www.grieta.org.mx\/wp-content\/uploads\/2019\/03\/petreos-rios-de-costa-chica.jpg?resize=350%2C200&ssl=1","width":350,"height":200,"srcset":"https:\/\/i0.wp.com\/www.grieta.org.mx\/wp-content\/uploads\/2019\/03\/petreos-rios-de-costa-chica.jpg?resize=350%2C200&ssl=1 1x, https:\/\/i0.wp.com\/www.grieta.org.mx\/wp-content\/uploads\/2019\/03\/petreos-rios-de-costa-chica.jpg?resize=525%2C300&ssl=1 1.5x, https:\/\/i0.wp.com\/www.grieta.org.mx\/wp-content\/uploads\/2019\/03\/petreos-rios-de-costa-chica.jpg?resize=700%2C400&ssl=1 2x"},"classes":[]},{"id":27880,"url":"https:\/\/www.grieta.org.mx\/index.php\/2018\/12\/17\/bloquean-vecinos-la-carretera-acapulco-pinotepa-por-falta-de-agua-guerrero\/","url_meta":{"origin":49076,"position":3},"title":"Bloquean vecinos la carretera Acapulco-Pinotepa por falta de agua (Guerrero)","author":"grieta","date":"17 diciembre, 2018","format":false,"excerpt":"ACAPULCO, Gro., 17 de diciembre de 2018.- Vecinos del poblado Lomas de Chapultepec bloquean de manera intermitente la carretera federal Acapulco-Pinotepa Nacional, para exigir ser conectados al acueducto Lomas de Chapultepec y para tener agua potable. Desde las nueve de la ma\u00f1ana, unos 20 inconformes cierran la circulaci\u00f3n en la\u2026","rel":"","context":"En &quot;CINTILLO&quot;","block_context":{"text":"CINTILLO","link":"https:\/\/www.grieta.org.mx\/index.php\/category\/cintillo\/"},"img":{"alt_text":"","src":"https:\/\/i0.wp.com\/www.grieta.org.mx\/wp-content\/uploads\/2018\/12\/direct-1.jpg?resize=350%2C200&ssl=1","width":350,"height":200,"srcset":"https:\/\/i0.wp.com\/www.grieta.org.mx\/wp-content\/uploads\/2018\/12\/direct-1.jpg?resize=350%2C200&ssl=1 1x, https:\/\/i0.wp.com\/www.grieta.org.mx\/wp-content\/uploads\/2018\/12\/direct-1.jpg?resize=525%2C300&ssl=1 1.5x, https:\/\/i0.wp.com\/www.grieta.org.mx\/wp-content\/uploads\/2018\/12\/direct-1.jpg?resize=700%2C400&ssl=1 2x"},"classes":[]},{"id":37208,"url":"https:\/\/www.grieta.org.mx\/index.php\/2019\/07\/28\/explotan-en-slp-a-94-mil-jornaleros-indigenas-de-guerrero\/","url_meta":{"origin":49076,"position":4},"title":"Explotan en SLP a 94 mil jornaleros ind\u00edgenas de Guerrero","author":"grieta","date":"28 julio, 2019","format":false,"excerpt":"Cristian Morales \/ Quadrat\u00edn SLP SAN LUIS POTOS\u00cd, SLP., 28 de julio de 2019.- En condiciones de explotaci\u00f3n, sin servicios m\u00e9dicos y sumidos en la precariedad, han vivido cerca de 94 mil ind\u00edgenas de la regi\u00f3n Costa-Monta\u00f1a de Guerrero cuando llegan a laborar en cultivos de Cedral, Vanegas, Villa de\u2026","rel":"","context":"En &quot;CINTILLO&quot;","block_context":{"text":"CINTILLO","link":"https:\/\/www.grieta.org.mx\/index.php\/category\/cintillo\/"},"img":{"alt_text":"","src":"https:\/\/i0.wp.com\/www.grieta.org.mx\/wp-content\/uploads\/2019\/07\/campo-mexico-1160x700.jpg?resize=350%2C200&ssl=1","width":350,"height":200,"srcset":"https:\/\/i0.wp.com\/www.grieta.org.mx\/wp-content\/uploads\/2019\/07\/campo-mexico-1160x700.jpg?resize=350%2C200&ssl=1 1x, https:\/\/i0.wp.com\/www.grieta.org.mx\/wp-content\/uploads\/2019\/07\/campo-mexico-1160x700.jpg?resize=525%2C300&ssl=1 1.5x, https:\/\/i0.wp.com\/www.grieta.org.mx\/wp-content\/uploads\/2019\/07\/campo-mexico-1160x700.jpg?resize=700%2C400&ssl=1 2x, https:\/\/i0.wp.com\/www.grieta.org.mx\/wp-content\/uploads\/2019\/07\/campo-mexico-1160x700.jpg?resize=1050%2C600&ssl=1 3x"},"classes":[]},{"id":36734,"url":"https:\/\/www.grieta.org.mx\/index.php\/2019\/07\/21\/denuncia-urgente-por-ataque-armado-a-comunidades-del-cipog-ez\/","url_meta":{"origin":49076,"position":5},"title":"Denuncia urgente por ataque armado a comunidades del CIPOG-EZ","author":"grieta","date":"21 julio, 2019","format":false,"excerpt":"Desde el Concejo Ind\u00edgena y Popular de Guerrero Emiliano Zapata, denunciamos que en estos momentos tarde noche del s\u00e1bado 20 de Julio del 2019, varios comandos armados del grupo narcoparamilitar de los \u00abArdillos\u00bb sitiaron la comunidad de Tula Guerrero. Llevan ya varias horas de ataque armado y la balacera no\u2026","rel":"","context":"En &quot;CINTILLO&quot;","block_context":{"text":"CINTILLO","link":"https:\/\/www.grieta.org.mx\/index.php\/category\/cintillo\/"},"img":{"alt_text":"","src":"https:\/\/i0.wp.com\/www.grieta.org.mx\/wp-content\/uploads\/2019\/06\/logo-CNI-T.png?resize=350%2C200&ssl=1","width":350,"height":200,"srcset":"https:\/\/i0.wp.com\/www.grieta.org.mx\/wp-content\/uploads\/2019\/06\/logo-CNI-T.png?resize=350%2C200&ssl=1 1x, https:\/\/i0.wp.com\/www.grieta.org.mx\/wp-content\/uploads\/2019\/06\/logo-CNI-T.png?resize=525%2C300&ssl=1 1.5x"},"classes":[]}],"_links":{"self":[{"href":"https:\/\/www.grieta.org.mx\/index.php\/wp-json\/wp\/v2\/posts\/49076","targetHints":{"allow":["GET"]}}],"collection":[{"href":"https:\/\/www.grieta.org.mx\/index.php\/wp-json\/wp\/v2\/posts"}],"about":[{"href":"https:\/\/www.grieta.org.mx\/index.php\/wp-json\/wp\/v2\/types\/post"}],"author":[{"embeddable":true,"href":"https:\/\/www.grieta.org.mx\/index.php\/wp-json\/wp\/v2\/users\/2"}],"replies":[{"embeddable":true,"href":"https:\/\/www.grieta.org.mx\/index.php\/wp-json\/wp\/v2\/comments?post=49076"}],"version-history":[{"count":1,"href":"https:\/\/www.grieta.org.mx\/index.php\/wp-json\/wp\/v2\/posts\/49076\/revisions"}],"predecessor-version":[{"id":49086,"href":"https:\/\/www.grieta.org.mx\/index.php\/wp-json\/wp\/v2\/posts\/49076\/revisions\/49086"}],"wp:featuredmedia":[{"embeddable":true,"href":"https:\/\/www.grieta.org.mx\/index.php\/wp-json\/wp\/v2\/media\/49077"}],"wp:attachment":[{"href":"https:\/\/www.grieta.org.mx\/index.php\/wp-json\/wp\/v2\/media?parent=49076"}],"wp:term":[{"taxonomy":"category","embeddable":true,"href":"https:\/\/www.grieta.org.mx\/index.php\/wp-json\/wp\/v2\/categories?post=49076"},{"taxonomy":"post_tag","embeddable":true,"href":"https:\/\/www.grieta.org.mx\/index.php\/wp-json\/wp\/v2\/tags?post=49076"}],"curies":[{"name":"wp","href":"https:\/\/api.w.org\/{rel}","templated":true}]}}