{"id":49053,"date":"2020-04-24T19:50:10","date_gmt":"2020-04-25T00:50:10","guid":{"rendered":"http:\/\/www.grieta.org.mx\/?p=49053"},"modified":"2020-05-13T19:59:55","modified_gmt":"2020-05-14T00:59:55","slug":"quieren-apoyos-por-covid-19-en-aguascalientes-se-manifiestan-musicos-gente-sin-agua-y-trabajadoras-sexuales","status":"publish","type":"post","link":"https:\/\/www.grieta.org.mx\/index.php\/2020\/04\/24\/quieren-apoyos-por-covid-19-en-aguascalientes-se-manifiestan-musicos-gente-sin-agua-y-trabajadoras-sexuales\/","title":{"rendered":"Quieren apoyos por COVID-19: En Aguascalientes se manifiestan m\u00fasicos, gente sin agua y trabajadoras sexuales"},"content":{"rendered":"<p>Francisco Corona Trejo\/La Jornada Aguascalientes<br \/>\n24\/04\/2020<\/p>\n<p><img loading=\"lazy\" decoding=\"async\" data-attachment-id=\"49054\" data-permalink=\"https:\/\/www.grieta.org.mx\/index.php\/2020\/04\/24\/quieren-apoyos-por-covid-19-en-aguascalientes-se-manifiestan-musicos-gente-sin-agua-y-trabajadoras-sexuales\/photo5557507267084003254\/\" data-orig-file=\"https:\/\/www.grieta.org.mx\/wp-content\/uploads\/2020\/05\/photo5557507267084003254.jpg\" data-orig-size=\"750,350\" data-comments-opened=\"0\" data-image-meta=\"{&quot;aperture&quot;:&quot;0&quot;,&quot;credit&quot;:&quot;&quot;,&quot;camera&quot;:&quot;&quot;,&quot;caption&quot;:&quot;&quot;,&quot;created_timestamp&quot;:&quot;0&quot;,&quot;copyright&quot;:&quot;&quot;,&quot;focal_length&quot;:&quot;0&quot;,&quot;iso&quot;:&quot;0&quot;,&quot;shutter_speed&quot;:&quot;0&quot;,&quot;title&quot;:&quot;&quot;,&quot;orientation&quot;:&quot;0&quot;}\" data-image-title=\"photo5557507267084003254\" data-image-description=\"\" data-image-caption=\"\" data-medium-file=\"https:\/\/www.grieta.org.mx\/wp-content\/uploads\/2020\/05\/photo5557507267084003254-300x140.jpg\" data-large-file=\"https:\/\/www.grieta.org.mx\/wp-content\/uploads\/2020\/05\/photo5557507267084003254.jpg\" class=\"aligncenter size-full wp-image-49054\" src=\"http:\/\/www.grieta.org.mx\/wp-content\/uploads\/2020\/05\/photo5557507267084003254.jpg\" alt=\"\" width=\"750\" height=\"350\" srcset=\"https:\/\/www.grieta.org.mx\/wp-content\/uploads\/2020\/05\/photo5557507267084003254.jpg 750w, https:\/\/www.grieta.org.mx\/wp-content\/uploads\/2020\/05\/photo5557507267084003254-300x140.jpg 300w\" sizes=\"auto, (max-width: 750px) 100vw, 750px\" \/><\/p>\n<p>Tan s\u00f3lo va la mitad del viernes 24 de abril, d\u00eda que tradicionalmente ser\u00eda de fiesta por su naturaleza previa a los festejos de San Marcos en plena verbena abrile\u00f1a de Aguascalientes, y ya hubo tres manifestaciones diferentes en el centro de Aguascalientes debido a los estragos sociales y econ\u00f3micos por la pandemia de Coronavirus.<\/p>\n<p>PIDEN QUE HAYA SERVICIO DE AGUA<br \/>\nEmpezando el d\u00eda, vecinos organizados demandaron que se reestablesca el servicio de agua potable en diversas colonias. Asunto de vital importancia ya que el COVID-19 se combate por medio de la higiene constante.<\/p>\n<p>LOS M\u00daSICOS TAMBI\u00c9N QUIEREN APOYO<br \/>\nLuego de haber marchado la semana pasada por la calle Madero rumbo a la Plaza de Armas, el gremio de m\u00fasicos y\/o mariachos volvi\u00f3 a manifestarse para ser receptor de los apoyos por parte de alg\u00fan orden de gobierno, ya sea municipal o estatal.<\/p>\n<p><img loading=\"lazy\" decoding=\"async\" data-attachment-id=\"49055\" data-permalink=\"https:\/\/www.grieta.org.mx\/index.php\/2020\/04\/24\/quieren-apoyos-por-covid-19-en-aguascalientes-se-manifiestan-musicos-gente-sin-agua-y-trabajadoras-sexuales\/photo5557507267084003255\/\" data-orig-file=\"https:\/\/www.grieta.org.mx\/wp-content\/uploads\/2020\/05\/photo5557507267084003255.jpg\" data-orig-size=\"1280,597\" data-comments-opened=\"0\" data-image-meta=\"{&quot;aperture&quot;:&quot;0&quot;,&quot;credit&quot;:&quot;&quot;,&quot;camera&quot;:&quot;&quot;,&quot;caption&quot;:&quot;&quot;,&quot;created_timestamp&quot;:&quot;0&quot;,&quot;copyright&quot;:&quot;&quot;,&quot;focal_length&quot;:&quot;0&quot;,&quot;iso&quot;:&quot;0&quot;,&quot;shutter_speed&quot;:&quot;0&quot;,&quot;title&quot;:&quot;&quot;,&quot;orientation&quot;:&quot;0&quot;}\" data-image-title=\"photo5557507267084003255\" data-image-description=\"\" data-image-caption=\"\" data-medium-file=\"https:\/\/www.grieta.org.mx\/wp-content\/uploads\/2020\/05\/photo5557507267084003255-300x140.jpg\" data-large-file=\"https:\/\/www.grieta.org.mx\/wp-content\/uploads\/2020\/05\/photo5557507267084003255-1024x478.jpg\" class=\"aligncenter wp-image-49055\" src=\"http:\/\/www.grieta.org.mx\/wp-content\/uploads\/2020\/05\/photo5557507267084003255.jpg\" alt=\"\" width=\"800\" height=\"373\" srcset=\"https:\/\/www.grieta.org.mx\/wp-content\/uploads\/2020\/05\/photo5557507267084003255.jpg 1280w, https:\/\/www.grieta.org.mx\/wp-content\/uploads\/2020\/05\/photo5557507267084003255-300x140.jpg 300w, https:\/\/www.grieta.org.mx\/wp-content\/uploads\/2020\/05\/photo5557507267084003255-768x358.jpg 768w, https:\/\/www.grieta.org.mx\/wp-content\/uploads\/2020\/05\/photo5557507267084003255-1024x478.jpg 1024w, https:\/\/www.grieta.org.mx\/wp-content\/uploads\/2020\/05\/photo5557507267084003255-1072x500.jpg 1072w\" sizes=\"auto, (max-width: 800px) 100vw, 800px\" \/><\/p>\n<p>Medios locales reportan que algunos m\u00fasicos acusan de sufrir \u201cinanici\u00f3n\u201d debido a la falta de ingresos, mismos que usualmente repuntan gracias a las tradicionales batucadas, marimbas y conjuntos que se rentan durante la Feria nacional de San Marcos, misma que no sucedi\u00f3 este a\u00f1o debido al Coronavirus.<\/p>\n<p>Trabajadoras sexuales tambi\u00e9n piden apoyos<\/p>\n<p>Salma Lu\u00e9vano, la empresaria y activista de Aguascalientes, es de las organizadoras de una tercera manifestaci\u00f3n: la de las trabajadoras sexuales que han visto menguados sus ingresos debido a las medidas sanitarias derivadas de la cuarentena.<\/p>\n<p>No hay que olvidar que en d\u00edas pasados, payasos y edecanes, adem\u00e1s de meseros, tambi\u00e9n han pedido ser parte de los apoyos econ\u00f3micos por parte de Gobierno del Estado y Municipio de Aguascalientes.<\/p>\n<p><a href=\"https:\/\/www.lja.mx\/2020\/04\/quieren-apoyos-por-covid-19-en-aguascalientes-se-manifiestan-musicos-gente-sin-agua-y-trabajadores-sexuales\/\" target=\"_blank\" rel=\"noopener noreferrer\">https:\/\/www.lja.mx\/2020\/04\/quieren-apoyos-por-covid-19-en-aguascalientes-se-manifiestan-musicos-gente-sin-agua-y-trabajadores-sexuales\/<\/a><\/p>\n","protected":false},"excerpt":{"rendered":"<p>Francisco Corona Trejo\/La Jornada Aguascalientes 24\/04\/2020 Tan s\u00f3lo va la mitad del viernes 24 de abril, d\u00eda que tradicionalmente ser\u00eda de fiesta por su naturaleza previa a los festejos de &hellip; <a href=\"https:\/\/www.grieta.org.mx\/index.php\/2020\/04\/24\/quieren-apoyos-por-covid-19-en-aguascalientes-se-manifiestan-musicos-gente-sin-agua-y-trabajadoras-sexuales\/\" class=\"more-link\">Leer m\u00e1s<\/a><\/p>\n","protected":false},"author":2,"featured_media":49054,"comment_status":"closed","ping_status":"closed","sticky":false,"template":"","format":"standard","meta":{"ngg_post_thumbnail":0,"_jetpack_newsletter_access":"","_jetpack_dont_email_post_to_subs":false,"_jetpack_newsletter_tier_id":0,"_jetpack_memberships_contains_paywalled_content":false,"_jetpack_memberships_contains_paid_content":false,"footnotes":""},"categories":[4,80,3290,2],"tags":[1120],"class_list":["post-49053","post","type-post","status-publish","format-standard","has-post-thumbnail","hentry","category-aguascalientes","category-cintillo","category-covid-19-en-aguascalientes","category-noticias-nacionales","tag-falta-de-agua","entry"],"jetpack_featured_media_url":"https:\/\/www.grieta.org.mx\/wp-content\/uploads\/2020\/05\/photo5557507267084003254.jpg","jetpack_sharing_enabled":true,"jetpack_shortlink":"https:\/\/wp.me\/p7ZJR4-cLb","jetpack_likes_enabled":false,"jetpack-related-posts":[{"id":49266,"url":"https:\/\/www.grieta.org.mx\/index.php\/2020\/04\/25\/otro-lado-de-la-pandemia-covid-19-musicos-de-aguascalientes-piden-ser-escuchados\/","url_meta":{"origin":49053,"position":0},"title":"OTRO LADO DE LA PANDEMIA COVID-19: M\u00daSICOS DE AGUASCALIENTES PIDEN SER ESCUCHADOS","author":"grieta","date":"25 abril, 2020","format":false,"excerpt":"Adri\u00e1n Javier Flores Nieves\/La Jornada Aguascalientes 25 abril 2020 Foto tomada de La Jornada Aguascalientes Cientos de m\u00fasicos exigen que se les tome en cuenta por parte de los gobiernos ya que llevan m\u00e1s de un mes sin trabajo Adem\u00e1s de las presentaciones en vivo, los m\u00fasicos tambi\u00e9n impart\u00edan clases\u2026","rel":"","context":"En &quot;Aguascalientes&quot;","block_context":{"text":"Aguascalientes","link":"https:\/\/www.grieta.org.mx\/index.php\/category\/noticias-nacionales\/aguascalientes\/"},"img":{"alt_text":"","src":"https:\/\/i0.wp.com\/www.grieta.org.mx\/wp-content\/uploads\/2020\/05\/49744594166_78044bf6aa_c.jpg?resize=350%2C200&ssl=1","width":350,"height":200,"srcset":"https:\/\/i0.wp.com\/www.grieta.org.mx\/wp-content\/uploads\/2020\/05\/49744594166_78044bf6aa_c.jpg?resize=350%2C200&ssl=1 1x, https:\/\/i0.wp.com\/www.grieta.org.mx\/wp-content\/uploads\/2020\/05\/49744594166_78044bf6aa_c.jpg?resize=525%2C300&ssl=1 1.5x, https:\/\/i0.wp.com\/www.grieta.org.mx\/wp-content\/uploads\/2020\/05\/49744594166_78044bf6aa_c.jpg?resize=700%2C400&ssl=1 2x"},"classes":[]},{"id":44382,"url":"https:\/\/www.grieta.org.mx\/index.php\/2020\/02\/02\/se-agrava-sobreexplotacion-de-mantos-acuiferos-en-aguascalientes\/","url_meta":{"origin":49053,"position":1},"title":"Se agrava sobreexplotaci\u00f3n de mantos acu\u00edferos en Aguascalientes","author":"grieta","date":"2 febrero, 2020","format":false,"excerpt":"Redacci\u00f3n\/El Clarinete 2 febrero 2020 Aguascalientes, Ags.-Los cinco acu\u00edferos con los que cuenta nuestro estado se encuentran totalmente sobreexplotados, a tal grado que se estima que anualmente su abatimiento es de hasta un metro, inform\u00f3 con preocupaci\u00f3n el Secretario de Sustentabilidad, Medio Ambiente y Agua (SSMA), Julio C\u00e9sar Medina .-\u00bfQu\u00e9\u2026","rel":"","context":"En &quot;Aguascalientes&quot;","block_context":{"text":"Aguascalientes","link":"https:\/\/www.grieta.org.mx\/index.php\/category\/noticias-nacionales\/aguascalientes\/"},"img":{"alt_text":"","src":"https:\/\/i0.wp.com\/www.grieta.org.mx\/wp-content\/uploads\/2020\/02\/sin-agua-800x500-2-800x500.jpg?resize=350%2C200&ssl=1","width":350,"height":200,"srcset":"https:\/\/i0.wp.com\/www.grieta.org.mx\/wp-content\/uploads\/2020\/02\/sin-agua-800x500-2-800x500.jpg?resize=350%2C200&ssl=1 1x, https:\/\/i0.wp.com\/www.grieta.org.mx\/wp-content\/uploads\/2020\/02\/sin-agua-800x500-2-800x500.jpg?resize=525%2C300&ssl=1 1.5x, https:\/\/i0.wp.com\/www.grieta.org.mx\/wp-content\/uploads\/2020\/02\/sin-agua-800x500-2-800x500.jpg?resize=700%2C400&ssl=1 2x"},"classes":[]},{"id":51502,"url":"https:\/\/www.grieta.org.mx\/index.php\/2020\/07\/01\/nuevamente-protestan-vecinos-por-falta-de-agua-en-aguascalientes\/","url_meta":{"origin":49053,"position":2},"title":"NUEVAMENTE PROTESTAN VECINOS POR FALTA DE AGUA EN AGUASCALIENTES","author":"grieta","date":"1 julio, 2020","format":false,"excerpt":"Gabriel Soriano\/La Jornada Aguascalientes 1 julio 2020 \u201cEl pueblo ya se cans\u00f3 de promesas, es necesario que sepamos cu\u00e1l ser\u00e1 el destino del servicio del agua\u201d Acusan de cobros excesivos, cobros a pesar de no contar con el servicio, desabastos frecuentes y tandeos Una vez m\u00e1s, vecinos se manifiestan frente\u2026","rel":"","context":"En &quot;Aguascalientes&quot;","block_context":{"text":"Aguascalientes","link":"https:\/\/www.grieta.org.mx\/index.php\/category\/noticias-nacionales\/aguascalientes\/"},"img":{"alt_text":"","src":"https:\/\/i0.wp.com\/www.grieta.org.mx\/wp-content\/uploads\/2020\/07\/protesta-agua.jpg?resize=350%2C200","width":350,"height":200},"classes":[]},{"id":49043,"url":"https:\/\/www.grieta.org.mx\/index.php\/2016\/02\/13\/la-privatizacion-del-agua-el-caso-del-municipio-de-aguascalientes\/","url_meta":{"origin":49053,"position":3},"title":"La privatizaci\u00f3n del Agua, el caso del municipio de Aguascalientes","author":"grieta","date":"13 febrero, 2016","format":false,"excerpt":"EL CHICOTE En la actualidad mucho se ha dicho sobre que los servicios p\u00fablicos (agua, luz, servicio de recolecci\u00f3n de basura, etc.) privatizados son m\u00e1s \u201ceficaces\u201d y \u201ceficientes\u201d que s\u00ed los mantuviera el gobierno, ya que es \u201cineficiente\u201d. En ese sentido Pe\u00f1a Nieto y el Congreso de la Uni\u00f3n han\u2026","rel":"","context":"En &quot;Aguascalientes&quot;","block_context":{"text":"Aguascalientes","link":"https:\/\/www.grieta.org.mx\/index.php\/category\/noticias-nacionales\/aguascalientes\/"},"img":{"alt_text":"","src":"https:\/\/i0.wp.com\/www.grieta.org.mx\/wp-content\/uploads\/2020\/05\/privatizcic3b3n-del-agua.jpg?resize=350%2C200&ssl=1","width":350,"height":200,"srcset":"https:\/\/i0.wp.com\/www.grieta.org.mx\/wp-content\/uploads\/2020\/05\/privatizcic3b3n-del-agua.jpg?resize=350%2C200&ssl=1 1x, https:\/\/i0.wp.com\/www.grieta.org.mx\/wp-content\/uploads\/2020\/05\/privatizcic3b3n-del-agua.jpg?resize=525%2C300&ssl=1 1.5x"},"classes":[]},{"id":54810,"url":"https:\/\/www.grieta.org.mx\/index.php\/2020\/10\/13\/comunidad-de-aguascalientes-exige-servicio-de-agua-llevan-dos-meses-sin-el-vital-liquido\/","url_meta":{"origin":49053,"position":4},"title":"COMUNIDAD DE AGUASCALIENTES EXIGE SERVICIO DE AGUA, LLEVAN DOS MESES SIN EL VITAL L\u00cdQUIDO","author":"grieta","date":"13 octubre, 2020","format":false,"excerpt":"Adrian Javier Flores Nieves\/La Jornada Aguascalientes 13 octubre 2020 Cerca de media centena de habitantes de la comunidad El Cari\u00f1an, en Aguascalientes, se manifestaron este 12 de octubre frente a las oficinas del Instituto del Agua del Estado (Inagua), exigiendo que se les provea adecuadamente del recurso vital, ya que\u2026","rel":"","context":"En &quot;Aguascalientes&quot;","block_context":{"text":"Aguascalientes","link":"https:\/\/www.grieta.org.mx\/index.php\/category\/noticias-nacionales\/aguascalientes\/"},"img":{"alt_text":"","src":"https:\/\/i0.wp.com\/www.grieta.org.mx\/wp-content\/uploads\/2020\/10\/falta-de-agua.jpg?resize=350%2C200","width":350,"height":200},"classes":[]},{"id":49876,"url":"https:\/\/www.grieta.org.mx\/index.php\/2020\/05\/26\/se-atendieron-132-llamadas-por-violencia-a-mujeres-en-aguascalientes-en-abril\/","url_meta":{"origin":49053,"position":5},"title":"Se atendieron 132 llamadas por violencia a mujeres en Aguascalientes en abril","author":"grieta","date":"26 mayo, 2020","format":false,"excerpt":"Alejandro Romo\/Newsweek Aguascalientes 26 mayo 2020 Foto: Pixabay Durante el periodo de contingencia sanitaria por el coronavirus Covid-19 en abril, el servicio de emergencias 911 report\u00f3 132 llamadas de mujeres que padecieron alg\u00fan tipo de violencia al interior de sus hogares, principalmente, seg\u00fan los datos del Secretariado Ejecutivo del Sistema\u2026","rel":"","context":"En &quot;Aguascalientes&quot;","block_context":{"text":"Aguascalientes","link":"https:\/\/www.grieta.org.mx\/index.php\/category\/noticias-nacionales\/aguascalientes\/"},"img":{"alt_text":"","src":"https:\/\/i0.wp.com\/www.grieta.org.mx\/wp-content\/uploads\/2020\/05\/violencia.-violaci%C3%B3n.jpg?resize=350%2C200&ssl=1","width":350,"height":200,"srcset":"https:\/\/i0.wp.com\/www.grieta.org.mx\/wp-content\/uploads\/2020\/05\/violencia.-violaci%C3%B3n.jpg?resize=350%2C200&ssl=1 1x, https:\/\/i0.wp.com\/www.grieta.org.mx\/wp-content\/uploads\/2020\/05\/violencia.-violaci%C3%B3n.jpg?resize=525%2C300&ssl=1 1.5x"},"classes":[]}],"_links":{"self":[{"href":"https:\/\/www.grieta.org.mx\/index.php\/wp-json\/wp\/v2\/posts\/49053","targetHints":{"allow":["GET"]}}],"collection":[{"href":"https:\/\/www.grieta.org.mx\/index.php\/wp-json\/wp\/v2\/posts"}],"about":[{"href":"https:\/\/www.grieta.org.mx\/index.php\/wp-json\/wp\/v2\/types\/post"}],"author":[{"embeddable":true,"href":"https:\/\/www.grieta.org.mx\/index.php\/wp-json\/wp\/v2\/users\/2"}],"replies":[{"embeddable":true,"href":"https:\/\/www.grieta.org.mx\/index.php\/wp-json\/wp\/v2\/comments?post=49053"}],"version-history":[{"count":1,"href":"https:\/\/www.grieta.org.mx\/index.php\/wp-json\/wp\/v2\/posts\/49053\/revisions"}],"predecessor-version":[{"id":49057,"href":"https:\/\/www.grieta.org.mx\/index.php\/wp-json\/wp\/v2\/posts\/49053\/revisions\/49057"}],"wp:featuredmedia":[{"embeddable":true,"href":"https:\/\/www.grieta.org.mx\/index.php\/wp-json\/wp\/v2\/media\/49054"}],"wp:attachment":[{"href":"https:\/\/www.grieta.org.mx\/index.php\/wp-json\/wp\/v2\/media?parent=49053"}],"wp:term":[{"taxonomy":"category","embeddable":true,"href":"https:\/\/www.grieta.org.mx\/index.php\/wp-json\/wp\/v2\/categories?post=49053"},{"taxonomy":"post_tag","embeddable":true,"href":"https:\/\/www.grieta.org.mx\/index.php\/wp-json\/wp\/v2\/tags?post=49053"}],"curies":[{"name":"wp","href":"https:\/\/api.w.org\/{rel}","templated":true}]}}