{"id":49043,"date":"2016-02-13T13:00:32","date_gmt":"2016-02-13T19:00:32","guid":{"rendered":"http:\/\/www.grieta.org.mx\/?p=49043"},"modified":"2020-05-13T13:11:28","modified_gmt":"2020-05-13T18:11:28","slug":"la-privatizacion-del-agua-el-caso-del-municipio-de-aguascalientes","status":"publish","type":"post","link":"https:\/\/www.grieta.org.mx\/index.php\/2016\/02\/13\/la-privatizacion-del-agua-el-caso-del-municipio-de-aguascalientes\/","title":{"rendered":"La privatizaci\u00f3n del Agua, el caso del municipio de Aguascalientes"},"content":{"rendered":"<p><img loading=\"lazy\" decoding=\"async\" data-attachment-id=\"49044\" data-permalink=\"https:\/\/www.grieta.org.mx\/index.php\/2016\/02\/13\/la-privatizacion-del-agua-el-caso-del-municipio-de-aguascalientes\/privatizcic3b3n-del-agua\/\" data-orig-file=\"https:\/\/www.grieta.org.mx\/wp-content\/uploads\/2020\/05\/privatizcic3b3n-del-agua.jpg\" data-orig-size=\"600,424\" data-comments-opened=\"0\" data-image-meta=\"{&quot;aperture&quot;:&quot;0&quot;,&quot;credit&quot;:&quot;&quot;,&quot;camera&quot;:&quot;&quot;,&quot;caption&quot;:&quot;&quot;,&quot;created_timestamp&quot;:&quot;0&quot;,&quot;copyright&quot;:&quot;&quot;,&quot;focal_length&quot;:&quot;0&quot;,&quot;iso&quot;:&quot;0&quot;,&quot;shutter_speed&quot;:&quot;0&quot;,&quot;title&quot;:&quot;&quot;,&quot;orientation&quot;:&quot;0&quot;}\" data-image-title=\"privatizcic3b3n-del-agua\" data-image-description=\"\" data-image-caption=\"\" data-medium-file=\"https:\/\/www.grieta.org.mx\/wp-content\/uploads\/2020\/05\/privatizcic3b3n-del-agua-300x212.jpg\" data-large-file=\"https:\/\/www.grieta.org.mx\/wp-content\/uploads\/2020\/05\/privatizcic3b3n-del-agua.jpg\" class=\"aligncenter wp-image-49044\" src=\"http:\/\/www.grieta.org.mx\/wp-content\/uploads\/2020\/05\/privatizcic3b3n-del-agua.jpg\" alt=\"\" width=\"800\" height=\"565\" srcset=\"https:\/\/www.grieta.org.mx\/wp-content\/uploads\/2020\/05\/privatizcic3b3n-del-agua.jpg 600w, https:\/\/www.grieta.org.mx\/wp-content\/uploads\/2020\/05\/privatizcic3b3n-del-agua-300x212.jpg 300w\" sizes=\"auto, (max-width: 800px) 100vw, 800px\" \/><\/p>\n<p>EL CHICOTE<\/p>\n<p>En la actualidad mucho se ha dicho sobre que los servicios p\u00fablicos (agua, luz, servicio de recolecci\u00f3n de basura, etc.) privatizados son m\u00e1s \u201ceficaces\u201d y \u201ceficientes\u201d que s\u00ed los mantuviera el gobierno, ya que es \u201cineficiente\u201d. En ese sentido Pe\u00f1a Nieto y el Congreso de la Uni\u00f3n han hecho una serie de reformas privatizadoras, el gobierno ha dicho que esas reformas \u201cm\u00e1gicamente\u201d traer\u00e1n miles de beneficios, pero los resultados son otros muy diferentes; para muestra el caso de la ciudad de Aguascalientes.<\/p>\n<p>En Aguascalientes el servicio de agua potable y alcantarillado fue privatizado en 1993 (de los primeros experimentos neoliberales salinistas) cuando se entreg\u00f3 la licencia de explotaci\u00f3n del recurso y su servicio; a la Concesionaria de Aguas de Aguascalientes (Caasa). Veamos cual es el origen de esta empresa, Caasa proviene de Proactiva Medio Ambiente con sede en Madrid, Espa\u00f1a, asociada en M\u00e9xico con grupo ICA (Ingenieros Civiles Asociados) propiedad de Carlos Slim, creando la empresa Holding OMSA a su vez respaldados por Veolia Environnment empresa europea proveedora de servicios medioambientales quien a su vez es propiedad de la multinacional francesa G\u00e9n\u00e9ral des Eaux -compa\u00f1\u00eda que en conjunto con Suez Vivendi controlan gran parte del agua a nivel mundial fusion\u00e1ndose con muchas empresas multinacionales generando una red que presiona y seduce a los gobiernos a privatizar el agua, conflictuando el bien social y el bien mercantil.<\/p>\n<p>Estas empresas, el Banco Mundial, el FMI y el Banco Interamericano de Desarrollo en complicidad con los gobiernos de distintos niveles y pa\u00edses; reforman leyes y art\u00edculos para permitir el control de los recursos naturales como el agua -control geogr\u00e1fico, social y econ\u00f3mico, convirti\u00e9ndolo en un tema geopol\u00edtico y de seguridad nacional-.<\/p>\n<p>En Aguascalientes se tiene una de las tarifas m\u00e1s costosas del pa\u00eds (desde 1993, probablemente los costos del agua privatizada han subido m\u00e1s de 300%); ajustando la tarifa mes a mes, en una f\u00f3rmula de indexaci\u00f3n incluyendo; costo el\u00e9ctrico, salario m\u00ednimo, costo del petr\u00f3leo, entre otros, as\u00ed como el tipo internacional de cambio vigente al momento de su revisi\u00f3n mensual en D\u00f3lares.<\/p>\n<p>Las empresas multinacionales a trav\u00e9s de los gobiernos privatizadores (en asociaci\u00f3n con los pol\u00edticos que obtienen ganancias econ\u00f3micas) despojan a la sociedad del manejo del agua, estas compa\u00f1\u00edas aseguran sus operaciones con contratos ventajosos y blindados ante cualquier contrariedad, obteniendo ganancias de alta rentabilidad imposibles en sus pa\u00edses de origen -debido a las regulaciones de Estados m\u00e1s serios y menos corruptos- por ejemplo, Caasa obtiene m\u00e1s de 300 millones de pesos anuales de donde el municipio de Aguascalientes s\u00f3lo obtiene 37 millones de pesos, sin contar las inversiones t\u00e9cnicas del Ayuntamiento obligado -por contrato concesionado- a brindar las instalaciones de drenaje para que la empresa privada tenga la capacidad de dar servicio al municipio, inyectando m\u00e1s de 60 millones de pesos en este a\u00f1o, es decir eroga m\u00e1s de lo que recibe. Lo anterior no asegura el suministro de agua a la poblaci\u00f3n ya que la empresa privada tiene un 65% de eficiencia.<\/p>\n<p>Caasa, aplica cobros excesivos a 240 mil usuarios en Aguascalientes, sin abastecerlos de l\u00edquido las 24 horas del d\u00eda (se realizan periodos de tandas de agua, es decir se raciona), como qued\u00f3 demostrado luego de una auditoria que realiz\u00f3 el Instituto T\u00e9cnologico y de Estudios Superiores de Monterrey campus Aguascalientes. Seg\u00fan ese estudio \u201cCaasa es considerada la compa\u00f1\u00eda que ofrece el servicio m\u00e1s caro de agua potable en el pa\u00eds\u201d.<\/p>\n<p>La debilidad institucional ante Caasa se expresa en que por ejemplo el gobierno de Aguascalientes no puede ni siquiera sancionarla por irregularidades de servicio, cobro de tarifas, arbitrariedades, desperdicio del recurso o mal manejo del mismo ya que el t\u00edtulo de concesi\u00f3n firmado en los noventa ni siquiera establece estos puntos ni contempla sanciones, mucho menos revocar la concesi\u00f3n, la ley a modo.<\/p>\n<p>El derecho humano al agua no es respetado ya que en cuanto detectan la omisi\u00f3n en el pago del servicio, Caasa suspende el 100 por ciento de la dotaci\u00f3n de agua potable, violando uno de los derechos fundamentales m\u00e1s importantes como es el acceso al agua. Violentando los derechos garantizados por el Estado en su Constituci\u00f3n en el Cap\u00edtulo I, De los Derechos Humanos y sus Garant\u00edas, Art\u00edculo 4; Toda persona tiene derecho al acceso, disposici\u00f3n y saneamiento del agua para consumo personal y dom\u00e9stico en forma suficiente, saludable, aceptable y asequible.<\/p>\n<p>Los resultados de esta privatizaci\u00f3n es que hoy se pagan los precios m\u00e1s caros del pa\u00eds por un servicio que no es ni \u201ceficaz\u201d ni \u201ceficiente\u201d, que se caracteriza por m\u00faltiples fallas en la dotaci\u00f3n en los hogares de agua y que, aun cuando no tengas el suministro del l\u00edquido, las facturas llegan puntual para ser liquidadas de lo contrario el servicio es suspendido.<\/p>\n<p>Por tal motivo es necesario revocar la concesi\u00f3n a las empresas privadas y luchar contra las reformas privatizadoras, ya que para muestra el caso Aguascalientes, donde lo \u00fanico que mejoraron fueron las utilidades de los pol\u00edticos y algunas empresas extranjeras, por eso es necesario volver a tomar el control del Estado sobre los recursos p\u00fablicos en todo M\u00e9xico; y decir, \u00a1el agua es un bien p\u00fablico y un derecho humano!<\/p>\n<p><a href=\"https:\/\/elchicotemir.wordpress.com\/2016\/02\/13\/la-privatizacion-del-agua-el-caso-del-municipio-de-aguascalientes\/\" rel=\"noopener noreferrer\" target=\"_blank\">https:\/\/elchicotemir.wordpress.com\/2016\/02\/13\/la-privatizacion-del-agua-el-caso-del-municipio-de-aguascalientes\/<\/a><\/p>\n","protected":false},"excerpt":{"rendered":"<p>EL CHICOTE En la actualidad mucho se ha dicho sobre que los servicios p\u00fablicos (agua, luz, servicio de recolecci\u00f3n de basura, etc.) privatizados son m\u00e1s \u201ceficaces\u201d y \u201ceficientes\u201d que s\u00ed &hellip; <a href=\"https:\/\/www.grieta.org.mx\/index.php\/2016\/02\/13\/la-privatizacion-del-agua-el-caso-del-municipio-de-aguascalientes\/\" class=\"more-link\">Leer m\u00e1s<\/a><\/p>\n","protected":false},"author":2,"featured_media":49044,"comment_status":"closed","ping_status":"closed","sticky":false,"template":"","format":"standard","meta":{"ngg_post_thumbnail":0,"_jetpack_newsletter_access":"","_jetpack_dont_email_post_to_subs":false,"_jetpack_newsletter_tier_id":0,"_jetpack_memberships_contains_paywalled_content":false,"_jetpack_memberships_contains_paid_content":false,"footnotes":""},"categories":[4,80,914,915,3090,2,83],"tags":[224,3349,3352,304,252,3350,3351],"class_list":["post-49043","post","type-post","status-publish","format-standard","has-post-thumbnail","hentry","category-aguascalientes","category-cintillo","category-privatizacion-del-agua","category-privatizacion-del-agua-analisis","category-crisis-del-agua-en-aguascalientes","category-noticias-nacionales","category-temas-nacionales","tag-agua","tag-caasa","tag-general-des-eaux","tag-ica","tag-privatizacion","tag-proactiva-medio-ambiente","tag-slim","entry"],"jetpack_featured_media_url":"https:\/\/www.grieta.org.mx\/wp-content\/uploads\/2020\/05\/privatizcic3b3n-del-agua.jpg","jetpack_sharing_enabled":true,"jetpack_shortlink":"https:\/\/wp.me\/p7ZJR4-cL1","jetpack_likes_enabled":false,"jetpack-related-posts":[{"id":51502,"url":"https:\/\/www.grieta.org.mx\/index.php\/2020\/07\/01\/nuevamente-protestan-vecinos-por-falta-de-agua-en-aguascalientes\/","url_meta":{"origin":49043,"position":0},"title":"NUEVAMENTE PROTESTAN VECINOS POR FALTA DE AGUA EN AGUASCALIENTES","author":"grieta","date":"1 julio, 2020","format":false,"excerpt":"Gabriel Soriano\/La Jornada Aguascalientes 1 julio 2020 \u201cEl pueblo ya se cans\u00f3 de promesas, es necesario que sepamos cu\u00e1l ser\u00e1 el destino del servicio del agua\u201d Acusan de cobros excesivos, cobros a pesar de no contar con el servicio, desabastos frecuentes y tandeos Una vez m\u00e1s, vecinos se manifiestan frente\u2026","rel":"","context":"En &quot;Aguascalientes&quot;","block_context":{"text":"Aguascalientes","link":"https:\/\/www.grieta.org.mx\/index.php\/category\/noticias-nacionales\/aguascalientes\/"},"img":{"alt_text":"","src":"https:\/\/i0.wp.com\/www.grieta.org.mx\/wp-content\/uploads\/2020\/07\/protesta-agua.jpg?resize=350%2C200","width":350,"height":200},"classes":[]},{"id":44382,"url":"https:\/\/www.grieta.org.mx\/index.php\/2020\/02\/02\/se-agrava-sobreexplotacion-de-mantos-acuiferos-en-aguascalientes\/","url_meta":{"origin":49043,"position":1},"title":"Se agrava sobreexplotaci\u00f3n de mantos acu\u00edferos en Aguascalientes","author":"grieta","date":"2 febrero, 2020","format":false,"excerpt":"Redacci\u00f3n\/El Clarinete 2 febrero 2020 Aguascalientes, Ags.-Los cinco acu\u00edferos con los que cuenta nuestro estado se encuentran totalmente sobreexplotados, a tal grado que se estima que anualmente su abatimiento es de hasta un metro, inform\u00f3 con preocupaci\u00f3n el Secretario de Sustentabilidad, Medio Ambiente y Agua (SSMA), Julio C\u00e9sar Medina .-\u00bfQu\u00e9\u2026","rel":"","context":"En &quot;Aguascalientes&quot;","block_context":{"text":"Aguascalientes","link":"https:\/\/www.grieta.org.mx\/index.php\/category\/noticias-nacionales\/aguascalientes\/"},"img":{"alt_text":"","src":"https:\/\/i0.wp.com\/www.grieta.org.mx\/wp-content\/uploads\/2020\/02\/sin-agua-800x500-2-800x500.jpg?resize=350%2C200&ssl=1","width":350,"height":200,"srcset":"https:\/\/i0.wp.com\/www.grieta.org.mx\/wp-content\/uploads\/2020\/02\/sin-agua-800x500-2-800x500.jpg?resize=350%2C200&ssl=1 1x, https:\/\/i0.wp.com\/www.grieta.org.mx\/wp-content\/uploads\/2020\/02\/sin-agua-800x500-2-800x500.jpg?resize=525%2C300&ssl=1 1.5x, https:\/\/i0.wp.com\/www.grieta.org.mx\/wp-content\/uploads\/2020\/02\/sin-agua-800x500-2-800x500.jpg?resize=700%2C400&ssl=1 2x"},"classes":[]},{"id":49053,"url":"https:\/\/www.grieta.org.mx\/index.php\/2020\/04\/24\/quieren-apoyos-por-covid-19-en-aguascalientes-se-manifiestan-musicos-gente-sin-agua-y-trabajadoras-sexuales\/","url_meta":{"origin":49043,"position":2},"title":"Quieren apoyos por COVID-19: En Aguascalientes se manifiestan m\u00fasicos, gente sin agua y trabajadoras sexuales","author":"grieta","date":"24 abril, 2020","format":false,"excerpt":"Francisco Corona Trejo\/La Jornada Aguascalientes 24\/04\/2020 Tan s\u00f3lo va la mitad del viernes 24 de abril, d\u00eda que tradicionalmente ser\u00eda de fiesta por su naturaleza previa a los festejos de San Marcos en plena verbena abrile\u00f1a de Aguascalientes, y ya hubo tres manifestaciones diferentes en el centro de Aguascalientes debido\u2026","rel":"","context":"En &quot;Aguascalientes&quot;","block_context":{"text":"Aguascalientes","link":"https:\/\/www.grieta.org.mx\/index.php\/category\/noticias-nacionales\/aguascalientes\/"},"img":{"alt_text":"","src":"https:\/\/i0.wp.com\/www.grieta.org.mx\/wp-content\/uploads\/2020\/05\/photo5557507267084003254.jpg?resize=350%2C200&ssl=1","width":350,"height":200,"srcset":"https:\/\/i0.wp.com\/www.grieta.org.mx\/wp-content\/uploads\/2020\/05\/photo5557507267084003254.jpg?resize=350%2C200&ssl=1 1x, https:\/\/i0.wp.com\/www.grieta.org.mx\/wp-content\/uploads\/2020\/05\/photo5557507267084003254.jpg?resize=525%2C300&ssl=1 1.5x, https:\/\/i0.wp.com\/www.grieta.org.mx\/wp-content\/uploads\/2020\/05\/photo5557507267084003254.jpg?resize=700%2C400&ssl=1 2x"},"classes":[]},{"id":54810,"url":"https:\/\/www.grieta.org.mx\/index.php\/2020\/10\/13\/comunidad-de-aguascalientes-exige-servicio-de-agua-llevan-dos-meses-sin-el-vital-liquido\/","url_meta":{"origin":49043,"position":3},"title":"COMUNIDAD DE AGUASCALIENTES EXIGE SERVICIO DE AGUA, LLEVAN DOS MESES SIN EL VITAL L\u00cdQUIDO","author":"grieta","date":"13 octubre, 2020","format":false,"excerpt":"Adrian Javier Flores Nieves\/La Jornada Aguascalientes 13 octubre 2020 Cerca de media centena de habitantes de la comunidad El Cari\u00f1an, en Aguascalientes, se manifestaron este 12 de octubre frente a las oficinas del Instituto del Agua del Estado (Inagua), exigiendo que se les provea adecuadamente del recurso vital, ya que\u2026","rel":"","context":"En &quot;Aguascalientes&quot;","block_context":{"text":"Aguascalientes","link":"https:\/\/www.grieta.org.mx\/index.php\/category\/noticias-nacionales\/aguascalientes\/"},"img":{"alt_text":"","src":"https:\/\/i0.wp.com\/www.grieta.org.mx\/wp-content\/uploads\/2020\/10\/falta-de-agua.jpg?resize=350%2C200","width":350,"height":200},"classes":[]},{"id":42029,"url":"https:\/\/www.grieta.org.mx\/index.php\/2019\/12\/01\/en-riesgo-el-agua-en-aguascalientes\/","url_meta":{"origin":49043,"position":4},"title":"En riesgo el agua en Aguascalientes","author":"grieta","date":"1 diciembre, 2019","format":false,"excerpt":"Anualmente se extraen 566 millones de metros c\u00fabicos del subsuelo y naturalmente se s\u00f3lo se inyectan 290 millones, lo que significa un d\u00e9ficit del 56% Jos\u00e9 Ch\u00e1vez\/El Sol del Centro 1 diciembre 2019 El R\u00edo San Pedro, un afluente que cruza todo el estado luego de salir de Zacatecas hasta\u2026","rel":"","context":"En &quot;Aguascalientes&quot;","block_context":{"text":"Aguascalientes","link":"https:\/\/www.grieta.org.mx\/index.php\/category\/noticias-nacionales\/aguascalientes\/"},"img":{"alt_text":"","src":"https:\/\/i0.wp.com\/www.grieta.org.mx\/wp-content\/uploads\/2019\/12\/Contaminaci%C3%B3n-R%C3%ADo-San-Pedro.png?resize=350%2C200&ssl=1","width":350,"height":200,"srcset":"https:\/\/i0.wp.com\/www.grieta.org.mx\/wp-content\/uploads\/2019\/12\/Contaminaci%C3%B3n-R%C3%ADo-San-Pedro.png?resize=350%2C200&ssl=1 1x, https:\/\/i0.wp.com\/www.grieta.org.mx\/wp-content\/uploads\/2019\/12\/Contaminaci%C3%B3n-R%C3%ADo-San-Pedro.png?resize=525%2C300&ssl=1 1.5x, https:\/\/i0.wp.com\/www.grieta.org.mx\/wp-content\/uploads\/2019\/12\/Contaminaci%C3%B3n-R%C3%ADo-San-Pedro.png?resize=700%2C400&ssl=1 2x"},"classes":[]},{"id":42066,"url":"https:\/\/www.grieta.org.mx\/index.php\/2019\/12\/10\/analisis-de-peligros-sanitario-ecologicos-en-aguascalientes-el-apunte\/","url_meta":{"origin":49043,"position":5},"title":"AN\u00c1LISIS DE PELIGROS SANITARIO-ECOL\u00d3GICOS EN AGUASCALIENTES \/ EL APUNTE","author":"grieta","date":"10 diciembre, 2019","format":false,"excerpt":"Eugenio Herrera Nu\u00f1o\/La Jornada Aguascalientes 10 diciembre 2019 De acuerdo con el Cenapred, Aguascalientes tiene 20 sitios de disposici\u00f3n final de residuos s\u00f3lidos urbanos. Los municipios clasificados con \u00edndice de peligro alto se encuentran: San Francisco de los Romos con 5, Aguascalientes con 4 y Tepezal\u00e1 con 3; los dem\u00e1s\u2026","rel":"","context":"En &quot;Aguascalientes&quot;","block_context":{"text":"Aguascalientes","link":"https:\/\/www.grieta.org.mx\/index.php\/category\/noticias-nacionales\/aguascalientes\/"},"img":{"alt_text":"","src":"https:\/\/i0.wp.com\/www.grieta.org.mx\/wp-content\/uploads\/2019\/12\/33232930278_0ca045e3b1_z.jpg?resize=350%2C200&ssl=1","width":350,"height":200,"srcset":"https:\/\/i0.wp.com\/www.grieta.org.mx\/wp-content\/uploads\/2019\/12\/33232930278_0ca045e3b1_z.jpg?resize=350%2C200&ssl=1 1x, https:\/\/i0.wp.com\/www.grieta.org.mx\/wp-content\/uploads\/2019\/12\/33232930278_0ca045e3b1_z.jpg?resize=525%2C300&ssl=1 1.5x"},"classes":[]}],"_links":{"self":[{"href":"https:\/\/www.grieta.org.mx\/index.php\/wp-json\/wp\/v2\/posts\/49043","targetHints":{"allow":["GET"]}}],"collection":[{"href":"https:\/\/www.grieta.org.mx\/index.php\/wp-json\/wp\/v2\/posts"}],"about":[{"href":"https:\/\/www.grieta.org.mx\/index.php\/wp-json\/wp\/v2\/types\/post"}],"author":[{"embeddable":true,"href":"https:\/\/www.grieta.org.mx\/index.php\/wp-json\/wp\/v2\/users\/2"}],"replies":[{"embeddable":true,"href":"https:\/\/www.grieta.org.mx\/index.php\/wp-json\/wp\/v2\/comments?post=49043"}],"version-history":[{"count":1,"href":"https:\/\/www.grieta.org.mx\/index.php\/wp-json\/wp\/v2\/posts\/49043\/revisions"}],"predecessor-version":[{"id":49045,"href":"https:\/\/www.grieta.org.mx\/index.php\/wp-json\/wp\/v2\/posts\/49043\/revisions\/49045"}],"wp:featuredmedia":[{"embeddable":true,"href":"https:\/\/www.grieta.org.mx\/index.php\/wp-json\/wp\/v2\/media\/49044"}],"wp:attachment":[{"href":"https:\/\/www.grieta.org.mx\/index.php\/wp-json\/wp\/v2\/media?parent=49043"}],"wp:term":[{"taxonomy":"category","embeddable":true,"href":"https:\/\/www.grieta.org.mx\/index.php\/wp-json\/wp\/v2\/categories?post=49043"},{"taxonomy":"post_tag","embeddable":true,"href":"https:\/\/www.grieta.org.mx\/index.php\/wp-json\/wp\/v2\/tags?post=49043"}],"curies":[{"name":"wp","href":"https:\/\/api.w.org\/{rel}","templated":true}]}}