{"id":49025,"date":"2020-05-10T00:23:16","date_gmt":"2020-05-10T05:23:16","guid":{"rendered":"http:\/\/www.grieta.org.mx\/?p=49025"},"modified":"2020-05-13T00:32:38","modified_gmt":"2020-05-13T05:32:38","slug":"nada-que-celebrar-madres-de-fuundec-denuncian-falta-de-busquedas-efectivas-coahuila","status":"publish","type":"post","link":"https:\/\/www.grieta.org.mx\/index.php\/2020\/05\/10\/nada-que-celebrar-madres-de-fuundec-denuncian-falta-de-busquedas-efectivas-coahuila\/","title":{"rendered":"Nada que celebrar: madres de Fuundec denuncian falta de b\u00fasquedas efectivas (Coahuila)"},"content":{"rendered":"<figure id=\"attachment_49026\" aria-describedby=\"caption-attachment-49026\" style=\"width: 800px\" class=\"wp-caption aligncenter\"><img loading=\"lazy\" decoding=\"async\" data-attachment-id=\"49026\" data-permalink=\"https:\/\/www.grieta.org.mx\/index.php\/2020\/05\/10\/nada-que-celebrar-madres-de-fuundec-denuncian-falta-de-busquedas-efectivas-coahuila\/img_3250_0\/\" data-orig-file=\"https:\/\/www.grieta.org.mx\/wp-content\/uploads\/2020\/05\/img_3250_0.jpg\" data-orig-size=\"980,653\" data-comments-opened=\"0\" data-image-meta=\"{&quot;aperture&quot;:&quot;0&quot;,&quot;credit&quot;:&quot;&quot;,&quot;camera&quot;:&quot;&quot;,&quot;caption&quot;:&quot;&quot;,&quot;created_timestamp&quot;:&quot;0&quot;,&quot;copyright&quot;:&quot;&quot;,&quot;focal_length&quot;:&quot;0&quot;,&quot;iso&quot;:&quot;0&quot;,&quot;shutter_speed&quot;:&quot;0&quot;,&quot;title&quot;:&quot;&quot;,&quot;orientation&quot;:&quot;0&quot;}\" data-image-title=\"img_3250_0\" data-image-description=\"\" data-image-caption=\"&lt;p&gt;El Estado mexicano se ha mostrado omiso e insensible a la tragedia en la que llevan, muchas de ellas, m\u00e1s de 10 a\u00f1os de lucha. Fotos: Francisco Rodr\u00edguez&lt;\/p&gt;\n\" data-medium-file=\"https:\/\/www.grieta.org.mx\/wp-content\/uploads\/2020\/05\/img_3250_0-300x200.jpg\" data-large-file=\"https:\/\/www.grieta.org.mx\/wp-content\/uploads\/2020\/05\/img_3250_0.jpg\" class=\"wp-image-49026\" src=\"http:\/\/www.grieta.org.mx\/wp-content\/uploads\/2020\/05\/img_3250_0.jpg\" alt=\"\" width=\"800\" height=\"533\" srcset=\"https:\/\/www.grieta.org.mx\/wp-content\/uploads\/2020\/05\/img_3250_0.jpg 980w, https:\/\/www.grieta.org.mx\/wp-content\/uploads\/2020\/05\/img_3250_0-300x200.jpg 300w, https:\/\/www.grieta.org.mx\/wp-content\/uploads\/2020\/05\/img_3250_0-768x512.jpg 768w, https:\/\/www.grieta.org.mx\/wp-content\/uploads\/2020\/05\/img_3250_0-750x500.jpg 750w\" sizes=\"auto, (max-width: 800px) 100vw, 800px\" \/><figcaption id=\"caption-attachment-49026\" class=\"wp-caption-text\">El Estado mexicano se ha mostrado omiso e insensible a la tragedia en la que llevan, muchas de ellas, m\u00e1s de 10 a\u00f1os de lucha. Fotos: Francisco Rodr\u00edguez<\/figcaption><\/figure>\n<p>Francisco Rodr\u00edguez\/ VANGUARDIA MX<\/p>\n<p><strong>Las madres del colectivo Fuerzas Unidas por Nuestros Desaparecidos en Coahuila (FUUNDEC) en Torre\u00f3n, realizaron un pronunciamiento en el &#8220;\u00c1rbol de la esperanza&#8221; por el D\u00eda de las Madres, donde denunciaron que siguen sin resultados ni b\u00fasqueda efectivas<\/strong><\/p>\n<p>Madres del colectivo Fuerzas Unidas por Nuestros Desaparecidos en Coahuila (FUUNDEC) en Torre\u00f3n, realizaron un pronunciamiento en el \u2018\u00c1rbol de la esperanza\u2019 por el d\u00eda de las Madres, donde denunciaron que siguen sin resultados ni b\u00fasqueda efectivas.<\/p>\n<p>Carmen Garc\u00eda, madre de Jes\u00fas Daniel Flores Garc\u00eda, desaparecido el 1 de mayo de 2010, ley\u00f3 el pronunciamiento donde reclamaron que no hay nada que festejar en este d\u00eda, porque las madres de hijos e hijas desaparecidas y de esposos desaparecidos, siguen unidas en la b\u00fasqueda y con la exigencia de verdad y justicia.<\/p>\n<p>Se\u00f1alaron que el Estado mexicano se ha mostrado omiso e insensible a la tragedia en la que llevan, muchas de ellas, m\u00e1s de 10 a\u00f1os de lucha.<\/p>\n<p><img loading=\"lazy\" decoding=\"async\" data-attachment-id=\"49027\" data-permalink=\"https:\/\/www.grieta.org.mx\/index.php\/2020\/05\/10\/nada-que-celebrar-madres-de-fuundec-denuncian-falta-de-busquedas-efectivas-coahuila\/img_3256\/\" data-orig-file=\"https:\/\/www.grieta.org.mx\/wp-content\/uploads\/2020\/05\/img_3256.jpg\" data-orig-size=\"980,653\" data-comments-opened=\"0\" data-image-meta=\"{&quot;aperture&quot;:&quot;0&quot;,&quot;credit&quot;:&quot;&quot;,&quot;camera&quot;:&quot;&quot;,&quot;caption&quot;:&quot;&quot;,&quot;created_timestamp&quot;:&quot;0&quot;,&quot;copyright&quot;:&quot;&quot;,&quot;focal_length&quot;:&quot;0&quot;,&quot;iso&quot;:&quot;0&quot;,&quot;shutter_speed&quot;:&quot;0&quot;,&quot;title&quot;:&quot;&quot;,&quot;orientation&quot;:&quot;0&quot;}\" data-image-title=\"img_3256\" data-image-description=\"\" data-image-caption=\"\" data-medium-file=\"https:\/\/www.grieta.org.mx\/wp-content\/uploads\/2020\/05\/img_3256-300x200.jpg\" data-large-file=\"https:\/\/www.grieta.org.mx\/wp-content\/uploads\/2020\/05\/img_3256.jpg\" class=\"aligncenter wp-image-49027\" src=\"http:\/\/www.grieta.org.mx\/wp-content\/uploads\/2020\/05\/img_3256.jpg\" alt=\"\" width=\"800\" height=\"533\" srcset=\"https:\/\/www.grieta.org.mx\/wp-content\/uploads\/2020\/05\/img_3256.jpg 980w, https:\/\/www.grieta.org.mx\/wp-content\/uploads\/2020\/05\/img_3256-300x200.jpg 300w, https:\/\/www.grieta.org.mx\/wp-content\/uploads\/2020\/05\/img_3256-768x512.jpg 768w, https:\/\/www.grieta.org.mx\/wp-content\/uploads\/2020\/05\/img_3256-750x500.jpg 750w\" sizes=\"auto, (max-width: 800px) 100vw, 800px\" \/><\/p>\n<p>\u201cSin importar el tiempo transcurrido, hoy queremos decirle a nuestras hijas e hijos desaparecidos, a las autoridades y a todos los pueblos del mundo, que seguiremos de pie y con la esperanza siempre viva para encontrarles y traerles a todos y todas de regreso a casa\u201d, continu\u00f3 Carmen.<\/p>\n<p>Las madres criticaron que a m\u00e1s de 40 d\u00edas del inicio de las medidas de contingencia por la pandemia del Covid-19, no se han visto acciones contundentes que marquen diferencia. \u201cSolo confirmamos continuidad\u201d, dijeron y reclamaron que prevalece la estrategia de a simulaci\u00f3n y administraci\u00f3n del dolor de las familias mediante el terror y la tortura institucional.<\/p>\n<p>As\u00ed mismo, denunciaron que la Fiscal\u00eda General de la Rep\u00fablica (FGR) y la Comisi\u00f3n Nacional de B\u00fasqueda, solo convoquen a unas cuantas personas de organizaciones de familiares desaparecidos a \u201cconsultas\u201d e \u201cinformes\u201d virtuales, y se excluya el aporte de familiares de los m\u00e1s de 60 mil desaparecidos en el pa\u00eds.<\/p>\n<p>\u201cD\u00f3nde est\u00e1n nuestros hijos e hijas, d\u00f3nde est\u00e1n los padres de nuestros hijos, qu\u00e9 ha sido de ellos y ellas, qui\u00e9nes hicieron y permitieron esta tragedia\u201d, cuestion\u00f3 Carmen Garc\u00eda en nombre del colectivo.<\/p>\n<p>Mar\u00eda Elena Salazar, madre de Fuundec, record\u00f3 que hace 9 a\u00f1os viajaron a la Ciudad de M\u00e9xico para asistir a la marcha por la Dignidad Nacional buscando alzar la voz y que las autoridades las escucharan; decirles que este es un d\u00eda sin celebraci\u00f3n por la ausencia del hijo o hija desaparecida.<\/p>\n<p>\u201cNuestros corazones siguen igual como el d\u00eda que se los llevaron, faltando ese hijo, ese abrazo, esa prueba de cari\u00f1o que tienen hacia nosotros\u201d, mencion\u00f3 Mar\u00eda Elena.<\/p>\n<p>Acus\u00f3 que despu\u00e9s de tantos a\u00f1os, las autoridades han sido indolentes a su tragedia pero ellos insistir\u00e1n en encontrar la verdad y justicia.<\/p>\n<p>Se mantiene la simulaci\u00f3n<\/p>\n<p>Mar\u00eda Elena dijo que despu\u00e9s de tres sexenios, las familias de desaparecidos \u00fanicamente son parte del discursos de presidentes y gobernantes, y que la emergencia sanitaria por el COVID-19, le vino al presidente \u201ccomo anillo al dedo\u201d para seguir con la indolencia y simulaci\u00f3n.<\/p>\n<p>\u201cAnte esto que vivimos para las autoridades fue f\u00e1cil y mejor, como dijo el presidente: \u2018les vino como anillo al dedo\u2019 para seguir con esa indolencia, en esa simulaci\u00f3n de impartici\u00f3n de justicia. Para nosotros no. Seg\u00fan ellos nuestros ministerios p\u00fablicos deben estar con otro tipo de trabajo, comunicarse con nosotros y no lo han hecho. Es mentira. Aqu\u00ed estamos, es la realidad\u201d, reclam\u00f3<\/p>\n<p><img loading=\"lazy\" decoding=\"async\" data-attachment-id=\"49028\" data-permalink=\"https:\/\/www.grieta.org.mx\/index.php\/2020\/05\/10\/nada-que-celebrar-madres-de-fuundec-denuncian-falta-de-busquedas-efectivas-coahuila\/img_3241\/\" data-orig-file=\"https:\/\/www.grieta.org.mx\/wp-content\/uploads\/2020\/05\/img_3241.jpg\" data-orig-size=\"980,653\" data-comments-opened=\"0\" data-image-meta=\"{&quot;aperture&quot;:&quot;0&quot;,&quot;credit&quot;:&quot;&quot;,&quot;camera&quot;:&quot;&quot;,&quot;caption&quot;:&quot;&quot;,&quot;created_timestamp&quot;:&quot;0&quot;,&quot;copyright&quot;:&quot;&quot;,&quot;focal_length&quot;:&quot;0&quot;,&quot;iso&quot;:&quot;0&quot;,&quot;shutter_speed&quot;:&quot;0&quot;,&quot;title&quot;:&quot;&quot;,&quot;orientation&quot;:&quot;0&quot;}\" data-image-title=\"img_3241\" data-image-description=\"\" data-image-caption=\"\" data-medium-file=\"https:\/\/www.grieta.org.mx\/wp-content\/uploads\/2020\/05\/img_3241-300x200.jpg\" data-large-file=\"https:\/\/www.grieta.org.mx\/wp-content\/uploads\/2020\/05\/img_3241.jpg\" class=\"aligncenter wp-image-49028\" src=\"http:\/\/www.grieta.org.mx\/wp-content\/uploads\/2020\/05\/img_3241.jpg\" alt=\"\" width=\"800\" height=\"533\" srcset=\"https:\/\/www.grieta.org.mx\/wp-content\/uploads\/2020\/05\/img_3241.jpg 980w, https:\/\/www.grieta.org.mx\/wp-content\/uploads\/2020\/05\/img_3241-300x200.jpg 300w, https:\/\/www.grieta.org.mx\/wp-content\/uploads\/2020\/05\/img_3241-768x512.jpg 768w, https:\/\/www.grieta.org.mx\/wp-content\/uploads\/2020\/05\/img_3241-750x500.jpg 750w\" sizes=\"auto, (max-width: 800px) 100vw, 800px\" \/><\/p>\n<p><a href=\"http:\/\/vanguardia.com.mx\/articulo\/nada-que-celebrar-madres-de-fuundec-denuncian-falta-de-busquedas-efectivas\" target=\"_blank\" rel=\"noopener noreferrer\">vanguardia.com.mx\/articulo\/nada-que-celebrar-madres-de-fuundec-denuncian-falta-de-busquedas-efectivas<\/a><\/p>\n","protected":false},"excerpt":{"rendered":"<p>Francisco Rodr\u00edguez\/ VANGUARDIA MX Las madres del colectivo Fuerzas Unidas por Nuestros Desaparecidos en Coahuila (FUUNDEC) en Torre\u00f3n, realizaron un pronunciamiento en el &#8220;\u00c1rbol de la esperanza&#8221; por el D\u00eda &hellip; <a href=\"https:\/\/www.grieta.org.mx\/index.php\/2020\/05\/10\/nada-que-celebrar-madres-de-fuundec-denuncian-falta-de-busquedas-efectivas-coahuila\/\" class=\"more-link\">Leer m\u00e1s<\/a><\/p>\n","protected":false},"author":2,"featured_media":49026,"comment_status":"closed","ping_status":"closed","sticky":false,"template":"","format":"standard","meta":{"ngg_post_thumbnail":0,"_jetpack_newsletter_access":"","_jetpack_dont_email_post_to_subs":false,"_jetpack_newsletter_tier_id":0,"_jetpack_memberships_contains_paywalled_content":false,"_jetpack_memberships_contains_paid_content":false,"footnotes":""},"categories":[80,419,3240,87,1038,2,83],"tags":[3344,3018,3198,121,3343],"class_list":["post-49025","post","type-post","status-publish","format-standard","has-post-thumbnail","hentry","category-cintillo","category-coahuila","category-covid-19-en-coahuila","category-desaparecidos","category-desaparecidos-en-coahuila","category-noticias-nacionales","category-temas-nacionales","tag-busqueda","tag-colectivos-de-busqueda-de-desaparecidos","tag-covid19","tag-desaparecidos","tag-familiares","entry"],"jetpack_featured_media_url":"https:\/\/www.grieta.org.mx\/wp-content\/uploads\/2020\/05\/img_3250_0.jpg","jetpack_sharing_enabled":true,"jetpack_shortlink":"https:\/\/wp.me\/p7ZJR4-cKJ","jetpack_likes_enabled":false,"jetpack-related-posts":[{"id":53462,"url":"https:\/\/www.grieta.org.mx\/index.php\/2020\/09\/17\/obstruye-busquedas-la-fiscalia-fuundec-coahuila\/","url_meta":{"origin":49025,"position":0},"title":"Obstruye b\u00fasquedas la Fiscal\u00eda: Fuundec (Coahuila)","author":"grieta","date":"17 septiembre, 2020","format":false,"excerpt":"Francisco Rodr\u00edguez\/ VANGUARDIA MX Aseguran que obstruye la informaci\u00f3n argumentando que se trata de la secrec\u00eda de expedientes TORRE\u00d3N, COAH.- La Comisi\u00f3n Estatal de B\u00fasqueda de Coahuila no tiene acceso a informaci\u00f3n de los expedientes de las desapariciones, lo que imposibilita su trabajo de investigar, expuso Mar\u00eda Elena Salazar, integrante\u2026","rel":"","context":"En &quot;CINTILLO&quot;","block_context":{"text":"CINTILLO","link":"https:\/\/www.grieta.org.mx\/index.php\/category\/cintillo\/"},"img":{"alt_text":"","src":"https:\/\/i0.wp.com\/www.grieta.org.mx\/wp-content\/uploads\/2020\/09\/b04_desaparecidos.jpg?resize=350%2C200&ssl=1","width":350,"height":200,"srcset":"https:\/\/i0.wp.com\/www.grieta.org.mx\/wp-content\/uploads\/2020\/09\/b04_desaparecidos.jpg?resize=350%2C200&ssl=1 1x, https:\/\/i0.wp.com\/www.grieta.org.mx\/wp-content\/uploads\/2020\/09\/b04_desaparecidos.jpg?resize=525%2C300&ssl=1 1.5x, https:\/\/i0.wp.com\/www.grieta.org.mx\/wp-content\/uploads\/2020\/09\/b04_desaparecidos.jpg?resize=700%2C400&ssl=1 2x"},"classes":[]},{"id":26016,"url":"https:\/\/www.grieta.org.mx\/index.php\/2018\/08\/30\/refuerzan-busqueda-de-desaparecidos-en-bares-y-carceles-coahuila\/","url_meta":{"origin":49025,"position":1},"title":"Refuerzan b\u00fasqueda de desaparecidos en bares y c\u00e1rceles (Coahuila)","author":"grieta","date":"30 agosto, 2018","format":false,"excerpt":"Para celebrar D\u00eda Internacional de las V\u00edctimas de Desaparici\u00f3n Forzada, Fuundec realiz\u00f3 un homenaje en el '\u00c1rbol de la Esperanza', en la Alameda de Torre\u00f3n. Homenaje en el '\u00c1rbol de la Esperanza', en la Alameda de Torre\u00f3n. (Lucero S\u00e1nchez) Lucero S\u00e1nchez\/ MILENIO En el marco de la celebraci\u00f3n del D\u00eda\u2026","rel":"","context":"En &quot;CINTILLO&quot;","block_context":{"text":"CINTILLO","link":"https:\/\/www.grieta.org.mx\/index.php\/category\/cintillo\/"},"img":{"alt_text":"","src":"https:\/\/i0.wp.com\/www.grieta.org.mx\/wp-content\/uploads\/2018\/08\/homenaje-arbol-esperanza-alameda-torreon.jpg?resize=350%2C200&ssl=1","width":350,"height":200,"srcset":"https:\/\/i0.wp.com\/www.grieta.org.mx\/wp-content\/uploads\/2018\/08\/homenaje-arbol-esperanza-alameda-torreon.jpg?resize=350%2C200&ssl=1 1x, https:\/\/i0.wp.com\/www.grieta.org.mx\/wp-content\/uploads\/2018\/08\/homenaje-arbol-esperanza-alameda-torreon.jpg?resize=525%2C300&ssl=1 1.5x, https:\/\/i0.wp.com\/www.grieta.org.mx\/wp-content\/uploads\/2018\/08\/homenaje-arbol-esperanza-alameda-torreon.jpg?resize=700%2C400&ssl=1 2x"},"classes":[]},{"id":53048,"url":"https:\/\/www.grieta.org.mx\/index.php\/2020\/08\/30\/documental-fuerzas-unidas-coahuila\/","url_meta":{"origin":49025,"position":2},"title":"Documental \u2013 Fuerzas Unidas (Coahuila)","author":"grieta","date":"30 agosto, 2020","format":false,"excerpt":"Profesores y alumnos de la Universidad Iberoamericana Torre\u00f3n\/ SOMOS EL MEDIO \ufeff\ufeff Documental que recorre los primeros 10 a\u00f1os de uno de los primeros colectivos de familias de desaparecidos en M\u00e9xico. Testimonio de m\u00e1s de 20 miembros, quienes trazan su b\u00fasqueda incansable en solitario, la creaci\u00f3n del colectivo, los obst\u00e1culos\u2026","rel":"","context":"En &quot;CINTILLO&quot;","block_context":{"text":"CINTILLO","link":"https:\/\/www.grieta.org.mx\/index.php\/category\/cintillo\/"},"img":{"alt_text":"","src":"","width":0,"height":0},"classes":[]},{"id":25973,"url":"https:\/\/www.grieta.org.mx\/index.php\/2018\/08\/30\/fiscalia-de-coahuila-envia-coronas-funebres-a-familiares-de-desaparecidos\/","url_meta":{"origin":49025,"position":3},"title":"Fiscal\u00eda de Coahuila env\u00eda coronas f\u00fanebres a familiares de desaparecidos","author":"grieta","date":"30 agosto, 2018","format":false,"excerpt":"Los integrantes de Fuerzas Unidas por Nuestros Desaparecidos en La Laguna dijeron que la desaparici\u00f3n no implica que sus familiares est\u00e9n muertos. De muy mal gusto la corona enviada por la Fiscal\u00eda de Coahuila. (FUUNDEC) Conmemoran D\u00eda Internacional de las V\u00edctimas por la Desapareci\u00f3n Forzada en Torre\u00f3n. (Luis L\u00f3pez) Luis\u2026","rel":"","context":"En &quot;Coahuila&quot;","block_context":{"text":"Coahuila","link":"https:\/\/www.grieta.org.mx\/index.php\/category\/noticias-nacionales\/coahuila\/"},"img":{"alt_text":"","src":"https:\/\/i0.wp.com\/www.grieta.org.mx\/wp-content\/uploads\/2018\/08\/corona-enviada-fiscalia-coahuila.jpg?resize=350%2C200&ssl=1","width":350,"height":200,"srcset":"https:\/\/i0.wp.com\/www.grieta.org.mx\/wp-content\/uploads\/2018\/08\/corona-enviada-fiscalia-coahuila.jpg?resize=350%2C200&ssl=1 1x, https:\/\/i0.wp.com\/www.grieta.org.mx\/wp-content\/uploads\/2018\/08\/corona-enviada-fiscalia-coahuila.jpg?resize=525%2C300&ssl=1 1.5x, https:\/\/i0.wp.com\/www.grieta.org.mx\/wp-content\/uploads\/2018\/08\/corona-enviada-fiscalia-coahuila.jpg?resize=700%2C400&ssl=1 2x"},"classes":[]},{"id":25999,"url":"https:\/\/www.grieta.org.mx\/index.php\/2018\/08\/30\/fiscalia-de-coahuila-ofende-a-familiares-de-desaparecidos-al-enviarles-coronas-funebres\/","url_meta":{"origin":49025,"position":4},"title":"Fiscal\u00eda de Coahuila ofende a familiares de desaparecidos al enviarles coronas f\u00fanebres","author":"grieta","date":"30 agosto, 2018","format":false,"excerpt":"La Fiscal\u00eda envi\u00f3 las flores a prop\u00f3sito del D\u00eda Internacional de las V\u00edctimas de Desaparici\u00f3n Forzada; \"pareciera que el mensaje es que quieren enterrar los casos\", reclam\u00f3 Mar\u00eda Elena Salazar, madre de un joven desaparecido hace 9 a\u00f1os Francisco Rodr\u00edguez, CORRESPONSAL\/ EL UNIVERSAL Torre\u00f3n, Coah.- La Fiscal\u00eda General de Coahuila\u2026","rel":"","context":"En &quot;CINTILLO&quot;","block_context":{"text":"CINTILLO","link":"https:\/\/www.grieta.org.mx\/index.php\/category\/cintillo\/"},"img":{"alt_text":"","src":"https:\/\/i0.wp.com\/www.grieta.org.mx\/wp-content\/uploads\/2018\/08\/fiscalia-de-coahuila-ofende-a-familiares-de-desaparecidos-al-enviarles-coronas.jpg?resize=350%2C200&ssl=1","width":350,"height":200,"srcset":"https:\/\/i0.wp.com\/www.grieta.org.mx\/wp-content\/uploads\/2018\/08\/fiscalia-de-coahuila-ofende-a-familiares-de-desaparecidos-al-enviarles-coronas.jpg?resize=350%2C200&ssl=1 1x, https:\/\/i0.wp.com\/www.grieta.org.mx\/wp-content\/uploads\/2018\/08\/fiscalia-de-coahuila-ofende-a-familiares-de-desaparecidos-al-enviarles-coronas.jpg?resize=525%2C300&ssl=1 1.5x"},"classes":[]},{"id":22098,"url":"https:\/\/www.grieta.org.mx\/index.php\/2018\/03\/09\/ignora-jorge-zermeno-alcalde-de-torreon-peticion-de-fuerzas-unidas-por-nuestros-desaparecidos-en-coahuila\/","url_meta":{"origin":49025,"position":5},"title":"Ignora Jorge Zerme\u00f1o (alcalde de Torre\u00f3n) petici\u00f3n de Fuerzas Unidas por Nuestros Desaparecidos en Coahuila","author":"grieta","date":"9 marzo, 2018","format":false,"excerpt":"El Dem\u00f3crata Torre\u00f3n, Coah., 09 de marzo de 2018.- La organizaci\u00f3n Fuerzas Unidas por Nuestras Desaparecidos en Coahuila (FUNDEC), ha hecho un llamado de indignaci\u00f3n por el caso omiso del alcalde municipal de Torre\u00f3n, Jorge Zerme\u00f1o, por la violaci\u00f3n a los dos memoriales de desaparecidos en el estado y la\u2026","rel":"","context":"En &quot;CINTILLO&quot;","block_context":{"text":"CINTILLO","link":"https:\/\/www.grieta.org.mx\/index.php\/category\/cintillo\/"},"img":{"alt_text":"","src":"https:\/\/i0.wp.com\/www.grieta.org.mx\/wp-content\/uploads\/2018\/03\/Desaparecidas.jpg?resize=350%2C200&ssl=1","width":350,"height":200,"srcset":"https:\/\/i0.wp.com\/www.grieta.org.mx\/wp-content\/uploads\/2018\/03\/Desaparecidas.jpg?resize=350%2C200&ssl=1 1x, https:\/\/i0.wp.com\/www.grieta.org.mx\/wp-content\/uploads\/2018\/03\/Desaparecidas.jpg?resize=525%2C300&ssl=1 1.5x"},"classes":[]}],"_links":{"self":[{"href":"https:\/\/www.grieta.org.mx\/index.php\/wp-json\/wp\/v2\/posts\/49025","targetHints":{"allow":["GET"]}}],"collection":[{"href":"https:\/\/www.grieta.org.mx\/index.php\/wp-json\/wp\/v2\/posts"}],"about":[{"href":"https:\/\/www.grieta.org.mx\/index.php\/wp-json\/wp\/v2\/types\/post"}],"author":[{"embeddable":true,"href":"https:\/\/www.grieta.org.mx\/index.php\/wp-json\/wp\/v2\/users\/2"}],"replies":[{"embeddable":true,"href":"https:\/\/www.grieta.org.mx\/index.php\/wp-json\/wp\/v2\/comments?post=49025"}],"version-history":[{"count":1,"href":"https:\/\/www.grieta.org.mx\/index.php\/wp-json\/wp\/v2\/posts\/49025\/revisions"}],"predecessor-version":[{"id":49029,"href":"https:\/\/www.grieta.org.mx\/index.php\/wp-json\/wp\/v2\/posts\/49025\/revisions\/49029"}],"wp:featuredmedia":[{"embeddable":true,"href":"https:\/\/www.grieta.org.mx\/index.php\/wp-json\/wp\/v2\/media\/49026"}],"wp:attachment":[{"href":"https:\/\/www.grieta.org.mx\/index.php\/wp-json\/wp\/v2\/media?parent=49025"}],"wp:term":[{"taxonomy":"category","embeddable":true,"href":"https:\/\/www.grieta.org.mx\/index.php\/wp-json\/wp\/v2\/categories?post=49025"},{"taxonomy":"post_tag","embeddable":true,"href":"https:\/\/www.grieta.org.mx\/index.php\/wp-json\/wp\/v2\/tags?post=49025"}],"curies":[{"name":"wp","href":"https:\/\/api.w.org\/{rel}","templated":true}]}}