{"id":49012,"date":"2020-05-12T23:52:54","date_gmt":"2020-05-13T04:52:54","guid":{"rendered":"http:\/\/www.grieta.org.mx\/?p=49012"},"modified":"2020-05-12T23:52:54","modified_gmt":"2020-05-13T04:52:54","slug":"vecinos-de-ecatepec-piden-agua-afuera-de-palacio-nacional-estado-de-mexico","status":"publish","type":"post","link":"https:\/\/www.grieta.org.mx\/index.php\/2020\/05\/12\/vecinos-de-ecatepec-piden-agua-afuera-de-palacio-nacional-estado-de-mexico\/","title":{"rendered":"Vecinos de Ecatepec piden agua afuera de Palacio Nacional (Estado de M\u00e9xico)"},"content":{"rendered":"<p><img loading=\"lazy\" decoding=\"async\" data-attachment-id=\"49014\" data-permalink=\"https:\/\/www.grieta.org.mx\/index.php\/2020\/05\/12\/vecinos-de-ecatepec-piden-agua-afuera-de-palacio-nacional-estado-de-mexico\/vecinos-de-ecatepec-piden-agua-afuera-de-palacio-nacional-edomex-may\/\" data-orig-file=\"https:\/\/www.grieta.org.mx\/wp-content\/uploads\/2020\/05\/Vecinos-de-Ecatepec-piden-agua-afuera-de-Palacio-Nacional-edomex-may.jpg\" data-orig-size=\"664,498\" data-comments-opened=\"0\" data-image-meta=\"{&quot;aperture&quot;:&quot;0&quot;,&quot;credit&quot;:&quot;&quot;,&quot;camera&quot;:&quot;&quot;,&quot;caption&quot;:&quot;&quot;,&quot;created_timestamp&quot;:&quot;0&quot;,&quot;copyright&quot;:&quot;&quot;,&quot;focal_length&quot;:&quot;0&quot;,&quot;iso&quot;:&quot;0&quot;,&quot;shutter_speed&quot;:&quot;0&quot;,&quot;title&quot;:&quot;&quot;,&quot;orientation&quot;:&quot;0&quot;}\" data-image-title=\"Vecinos de Ecatepec piden agua afuera de Palacio Nacional edomex may\" data-image-description=\"\" data-image-caption=\"\" data-medium-file=\"https:\/\/www.grieta.org.mx\/wp-content\/uploads\/2020\/05\/Vecinos-de-Ecatepec-piden-agua-afuera-de-Palacio-Nacional-edomex-may-300x225.jpg\" data-large-file=\"https:\/\/www.grieta.org.mx\/wp-content\/uploads\/2020\/05\/Vecinos-de-Ecatepec-piden-agua-afuera-de-Palacio-Nacional-edomex-may.jpg\" class=\"aligncenter  wp-image-49014\" src=\"http:\/\/www.grieta.org.mx\/wp-content\/uploads\/2020\/05\/Vecinos-de-Ecatepec-piden-agua-afuera-de-Palacio-Nacional-edomex-may.jpg\" alt=\"\" width=\"647\" height=\"485\" srcset=\"https:\/\/www.grieta.org.mx\/wp-content\/uploads\/2020\/05\/Vecinos-de-Ecatepec-piden-agua-afuera-de-Palacio-Nacional-edomex-may.jpg 664w, https:\/\/www.grieta.org.mx\/wp-content\/uploads\/2020\/05\/Vecinos-de-Ecatepec-piden-agua-afuera-de-Palacio-Nacional-edomex-may-300x225.jpg 300w\" sizes=\"auto, (max-width: 647px) 100vw, 647px\" \/><br \/>\n<em>Foto: Jos\u00e9 Antonio Garc\u00eda<\/em><\/p>\n<p>Jos\u00e9 Antonio Garc\u00eda \/ Excelsior<\/p>\n<blockquote><p>Piden les sea reinstalado el suministro de agua potable a trav\u00e9s de la red hidr\u00e1ulica ya que desde hace 30 d\u00edas no hay servicio<\/p><\/blockquote>\n<p>Vecinos de las colonias Florida, Alborada de Arag\u00f3n, Parques de Arag\u00f3n, Villas Cosmos y Fuentes, todas del municipio de Ecatepec, Estado de M\u00e9xico, se manifestaron frente a palacio Nacional para pedir que le sea reinstalado el suministro de agua potable a trav\u00e9s de la red hidr\u00e1ulica ya que denuncian que desde hace 30 d\u00edas no tienen agua.<\/p>\n<p>Denunciaron que debido al resguardo que mantienen en sus hogares les es imposible pagar los costos del traslado de agua por pipas que en estos momentos les cobran mil 500 pesos.<\/p>\n<p>Los manifestantes entregaron un documento a la oficina de participaci\u00f3n ciudadana de la presidencia de la Rep\u00fablica y esperan ser atendidos este mismo d\u00eda para que sea solucionada su petici\u00f3n<\/p>\n<p>La quinta zona de Ecatepec es la zona m\u00e1s afectada y comprende 40 colonias en las que viven aproximadamente 600 mil personas.<\/p>\n<p><a href=\"https:\/\/www.excelsior.com.mx\/comunidad\/vecinos-de-ecatepec-piden-agua-afuera-de-palacio-nacional\/1381369\" target=\"_blank\" rel=\"noopener noreferrer\">https:\/\/www.excelsior.com.mx\/comunidad\/vecinos-de-ecatepec-piden-agua-afuera-de-palacio-nacional\/1381369<\/a><\/p>\n","protected":false},"excerpt":{"rendered":"<p>Foto: Jos\u00e9 Antonio Garc\u00eda Jos\u00e9 Antonio Garc\u00eda \/ Excelsior Piden les sea reinstalado el suministro de agua potable a trav\u00e9s de la red hidr\u00e1ulica ya que desde hace 30 d\u00edas &hellip; <a href=\"https:\/\/www.grieta.org.mx\/index.php\/2020\/05\/12\/vecinos-de-ecatepec-piden-agua-afuera-de-palacio-nacional-estado-de-mexico\/\" class=\"more-link\">Leer m\u00e1s<\/a><\/p>\n","protected":false},"author":2,"featured_media":49014,"comment_status":"closed","ping_status":"closed","sticky":false,"template":"","format":"standard","meta":{"ngg_post_thumbnail":0,"_jetpack_newsletter_access":"","_jetpack_dont_email_post_to_subs":false,"_jetpack_newsletter_tier_id":0,"_jetpack_memberships_contains_paywalled_content":false,"_jetpack_memberships_contains_paid_content":false,"footnotes":""},"categories":[80,1571,914,3034,16,2996,3035,2,83],"tags":[2403],"class_list":["post-49012","post","type-post","status-publish","format-standard","has-post-thumbnail","hentry","category-cintillo","category-conflictos-por-falta-de-agua-en-el-estado-de-mexico","category-privatizacion-del-agua","category-crisis-del-agua-en-el-estado-de-mexico","category-estado-de-mexico","category-incremento-del-costo-de-la-vida-en-el-estado-de-mexico","category-movilizaciones-y-protestas-de-habitantes-en-el-estado-de-mexico","category-noticias-nacionales","category-temas-nacionales","tag-crisis-del-agua","entry"],"jetpack_featured_media_url":"https:\/\/www.grieta.org.mx\/wp-content\/uploads\/2020\/05\/Vecinos-de-Ecatepec-piden-agua-afuera-de-Palacio-Nacional-edomex-may.jpg","jetpack_sharing_enabled":true,"jetpack_shortlink":"https:\/\/wp.me\/p7ZJR4-cKw","jetpack_likes_enabled":false,"jetpack-related-posts":[{"id":25780,"url":"https:\/\/www.grieta.org.mx\/index.php\/2018\/08\/24\/video-vecinos-de-ecatepec-protestan-por-falta-de-agua-en-la-caem-llevan-anos-sin-el-servicio\/","url_meta":{"origin":49012,"position":0},"title":"VIDEO: Vecinos de Ecatepec protestan por falta de agua en la CAEM; llevan a\u00f1os sin el servicio","author":"grieta","date":"24 agosto, 2018","format":false,"excerpt":"Redacci\u00f3n\/A Fondo Estado de M\u00e9xico ECATEPEC, M\u00e9x.- 24 DE AGOSTO DE 2018.- Al menos 300 representantes de unas 200 colonias de Ecatepec acudieron a las oficinas de la Comisi\u00f3n de Aguas del Estado de M\u00e9xico para exigir se les restablezca el suministro de agua del que carecen desde hace meses,\u2026","rel":"","context":"En &quot;CINTILLO&quot;","block_context":{"text":"CINTILLO","link":"https:\/\/www.grieta.org.mx\/index.php\/category\/cintillo\/"},"img":{"alt_text":"","src":"https:\/\/i0.wp.com\/www.grieta.org.mx\/wp-content\/uploads\/2018\/08\/WhatsApp-Image-2018-08-24-at-11.33.06-AM.jpeg?resize=350%2C200&ssl=1","width":350,"height":200,"srcset":"https:\/\/i0.wp.com\/www.grieta.org.mx\/wp-content\/uploads\/2018\/08\/WhatsApp-Image-2018-08-24-at-11.33.06-AM.jpeg?resize=350%2C200&ssl=1 1x, https:\/\/i0.wp.com\/www.grieta.org.mx\/wp-content\/uploads\/2018\/08\/WhatsApp-Image-2018-08-24-at-11.33.06-AM.jpeg?resize=525%2C300&ssl=1 1.5x, https:\/\/i0.wp.com\/www.grieta.org.mx\/wp-content\/uploads\/2018\/08\/WhatsApp-Image-2018-08-24-at-11.33.06-AM.jpeg?resize=700%2C400&ssl=1 2x"},"classes":[]},{"id":48318,"url":"https:\/\/www.grieta.org.mx\/index.php\/2020\/04\/02\/reducen-suministro-de-agua-en-ecatepec-durante-emergencia-por-covid-19-estado-de-mexico\/","url_meta":{"origin":49012,"position":1},"title":"Reducen suministro de agua en Ecatepec durante emergencia por Covid-19 (Estado de M\u00e9xico)","author":"grieta","date":"2 abril, 2020","format":false,"excerpt":"Foto: Cuartoscuro Mar\u00eda de los \u00c1ngeles Velasco \/ Excelsior Los habitantes de la Quinta Zona son los m\u00e1s afectados por esta reducci\u00f3n que impacta a m\u00e1s de 600 mil personas En plena contingencia por el coronavirus, disminuy\u00f3 alrededor del 19 por ciento el suministro de agua potable en Ecatepec, lo\u2026","rel":"","context":"En &quot;CINTILLO&quot;","block_context":{"text":"CINTILLO","link":"https:\/\/www.grieta.org.mx\/index.php\/category\/cintillo\/"},"img":{"alt_text":"","src":"https:\/\/i0.wp.com\/www.grieta.org.mx\/wp-content\/uploads\/2020\/04\/Reducen-suministro-de-agua-en-Ecatepec-durante-emergencia-por-Covid-19-edomex-abr.jpg?resize=350%2C200&ssl=1","width":350,"height":200,"srcset":"https:\/\/i0.wp.com\/www.grieta.org.mx\/wp-content\/uploads\/2020\/04\/Reducen-suministro-de-agua-en-Ecatepec-durante-emergencia-por-Covid-19-edomex-abr.jpg?resize=350%2C200&ssl=1 1x, https:\/\/i0.wp.com\/www.grieta.org.mx\/wp-content\/uploads\/2020\/04\/Reducen-suministro-de-agua-en-Ecatepec-durante-emergencia-por-Covid-19-edomex-abr.jpg?resize=525%2C300&ssl=1 1.5x"},"classes":[]},{"id":68974,"url":"https:\/\/www.grieta.org.mx\/index.php\/2024\/05\/22\/bloquean-otra-vez-la-avenida-adolfo-lopez-mateos-para-exigir-agua-potable-estado-de-mexico\/","url_meta":{"origin":49012,"position":2},"title":"Bloquean otra vez la avenida Adolfo L\u00f3pez Mateos para exigir agua potable (Estado de M\u00e9xico)","author":"grieta","date":"22 mayo, 2024","format":false,"excerpt":"Fernando Sol\u00eds \/ El Sol de Toluca Fotos: Luis Trejo Tambi\u00e9n tomaron los pozos n\u00famero 2 de \u00a0Ejidos de Tulpetlac y el de R\u00edo de Luz e impidieron que pipas particulares y de Sapase cargaran agua Con\u00a0bloqueo\u00a0y la\u00a0toma de un par de pozos de agua\u00a0vecinos de Ecatepec\u00a0piden\u00a0al titular del Sistema\u2026","rel":"","context":"En &quot;CINTILLO&quot;","block_context":{"text":"CINTILLO","link":"https:\/\/www.grieta.org.mx\/index.php\/category\/cintillo\/"},"img":{"alt_text":"","src":"https:\/\/i0.wp.com\/www.grieta.org.mx\/wp-content\/uploads\/2024\/05\/Bloquean-otra-vez-la-avenida-Adolfo-Lopez-Mateos-para-exigir-agua-potable.png?resize=350%2C200&ssl=1","width":350,"height":200,"srcset":"https:\/\/i0.wp.com\/www.grieta.org.mx\/wp-content\/uploads\/2024\/05\/Bloquean-otra-vez-la-avenida-Adolfo-Lopez-Mateos-para-exigir-agua-potable.png?resize=350%2C200&ssl=1 1x, https:\/\/i0.wp.com\/www.grieta.org.mx\/wp-content\/uploads\/2024\/05\/Bloquean-otra-vez-la-avenida-Adolfo-Lopez-Mateos-para-exigir-agua-potable.png?resize=525%2C300&ssl=1 1.5x, https:\/\/i0.wp.com\/www.grieta.org.mx\/wp-content\/uploads\/2024\/05\/Bloquean-otra-vez-la-avenida-Adolfo-Lopez-Mateos-para-exigir-agua-potable.png?resize=700%2C400&ssl=1 2x"},"classes":[]},{"id":48299,"url":"https:\/\/www.grieta.org.mx\/index.php\/2020\/04\/20\/bloquean-ermita-por-falta-de-agua-desde-hace-tres-meses-ciudad-de-mexico\/","url_meta":{"origin":49012,"position":3},"title":"Bloquean Ermita por falta de agua desde hace tres meses (Ciudad de M\u00e9xico)","author":"grieta","date":"20 abril, 2020","format":false,"excerpt":"Vecinos de la colonia Parake Buenavista ignoran sana distancia y bloquean Ermita Iztapalapa. \/ Foto: Jos\u00e9 Antonio Garc\u00eda. Jos\u00e9 Antonio Garc\u00eda \/ Excelsior Vecinos de la colonia Paraje Buenavista, alcald\u00eda de Iztapalapa, indicaron que desde hace 90 d\u00edas no cuentan con el l\u00edquido y tienen que pagar hasta mil pesos\u2026","rel":"","context":"En &quot;CINTILLO&quot;","block_context":{"text":"CINTILLO","link":"https:\/\/www.grieta.org.mx\/index.php\/category\/cintillo\/"},"img":{"alt_text":"","src":"https:\/\/i0.wp.com\/www.grieta.org.mx\/wp-content\/uploads\/2020\/04\/Bloquean-Ermita-por-falta-de-agua-desde-hace-tres-meses-cdmx-abr.jpg?resize=350%2C200&ssl=1","width":350,"height":200,"srcset":"https:\/\/i0.wp.com\/www.grieta.org.mx\/wp-content\/uploads\/2020\/04\/Bloquean-Ermita-por-falta-de-agua-desde-hace-tres-meses-cdmx-abr.jpg?resize=350%2C200&ssl=1 1x, https:\/\/i0.wp.com\/www.grieta.org.mx\/wp-content\/uploads\/2020\/04\/Bloquean-Ermita-por-falta-de-agua-desde-hace-tres-meses-cdmx-abr.jpg?resize=525%2C300&ssl=1 1.5x"},"classes":[]},{"id":43394,"url":"https:\/\/www.grieta.org.mx\/index.php\/2020\/01\/23\/control-por-el-agua-desata-tension-en-poblado-de-ixtapaluca-estado-de-mexico\/","url_meta":{"origin":49012,"position":4},"title":"Control por el agua desata tensi\u00f3n en poblado de Ixtapaluca (Estado de M\u00e9xico)","author":"grieta","date":"23 enero, 2020","format":false,"excerpt":"Manuel L\u00f3pez \/ Hoy Estado Habitantes del pueblo de Ayotla, en el municipio de Ixtapaluca, se congregaron en el centro de la comunidad para exigir la destituci\u00f3n del actual Comit\u00e9 de Agua Potable dirigido por Guillermo D\u00edaz Mena, quien desde hace 30 a\u00f1os ha permanecido en el poder. De acuerdo\u2026","rel":"","context":"En &quot;CINTILLO&quot;","block_context":{"text":"CINTILLO","link":"https:\/\/www.grieta.org.mx\/index.php\/category\/cintillo\/"},"img":{"alt_text":"","src":"https:\/\/i0.wp.com\/www.grieta.org.mx\/wp-content\/uploads\/2020\/01\/Control-por-el-agua-desata-tensi%C3%B3n-en-poblado-de-Ixtapaluca-edomex-ene.jpg?resize=350%2C200","width":350,"height":200},"classes":[]},{"id":56473,"url":"https:\/\/www.grieta.org.mx\/index.php\/2021\/01\/24\/denuncian-desabasto-de-agua-en-san-lorenzo-coacalco-en-metepec-estado-de-mexico\/","url_meta":{"origin":49012,"position":5},"title":"Denuncian desabasto de agua en San Lorenzo Coacalco en Metepec (Estado de M\u00e9xico)","author":"grieta","date":"24 enero, 2021","format":false,"excerpt":"Foto: Comisi\u00f3n del Agua del Estado de M\u00e9xico Elizabeth R\u00edos \/ El Sol de Toluca El problema se agudiz\u00f3 desde el inicio de la pandemia, lo que dificulta seguir algunas de las medidas de prevenci\u00f3n contra el nuevo coronavirus, entre ellas el lavado de manos de manera constante Vecinos de\u2026","rel":"","context":"En &quot;CINTILLO&quot;","block_context":{"text":"CINTILLO","link":"https:\/\/www.grieta.org.mx\/index.php\/category\/cintillo\/"},"img":{"alt_text":"","src":"https:\/\/i0.wp.com\/www.grieta.org.mx\/wp-content\/uploads\/2021\/01\/Denuncian-desabasto-de-agua-en-San-Lorenzo-Coacalco-en-Metepec-edomex-ene.jpg?resize=350%2C200&ssl=1","width":350,"height":200,"srcset":"https:\/\/i0.wp.com\/www.grieta.org.mx\/wp-content\/uploads\/2021\/01\/Denuncian-desabasto-de-agua-en-San-Lorenzo-Coacalco-en-Metepec-edomex-ene.jpg?resize=350%2C200&ssl=1 1x, https:\/\/i0.wp.com\/www.grieta.org.mx\/wp-content\/uploads\/2021\/01\/Denuncian-desabasto-de-agua-en-San-Lorenzo-Coacalco-en-Metepec-edomex-ene.jpg?resize=525%2C300&ssl=1 1.5x, https:\/\/i0.wp.com\/www.grieta.org.mx\/wp-content\/uploads\/2021\/01\/Denuncian-desabasto-de-agua-en-San-Lorenzo-Coacalco-en-Metepec-edomex-ene.jpg?resize=700%2C400&ssl=1 2x"},"classes":[]}],"_links":{"self":[{"href":"https:\/\/www.grieta.org.mx\/index.php\/wp-json\/wp\/v2\/posts\/49012","targetHints":{"allow":["GET"]}}],"collection":[{"href":"https:\/\/www.grieta.org.mx\/index.php\/wp-json\/wp\/v2\/posts"}],"about":[{"href":"https:\/\/www.grieta.org.mx\/index.php\/wp-json\/wp\/v2\/types\/post"}],"author":[{"embeddable":true,"href":"https:\/\/www.grieta.org.mx\/index.php\/wp-json\/wp\/v2\/users\/2"}],"replies":[{"embeddable":true,"href":"https:\/\/www.grieta.org.mx\/index.php\/wp-json\/wp\/v2\/comments?post=49012"}],"version-history":[{"count":1,"href":"https:\/\/www.grieta.org.mx\/index.php\/wp-json\/wp\/v2\/posts\/49012\/revisions"}],"predecessor-version":[{"id":49015,"href":"https:\/\/www.grieta.org.mx\/index.php\/wp-json\/wp\/v2\/posts\/49012\/revisions\/49015"}],"wp:featuredmedia":[{"embeddable":true,"href":"https:\/\/www.grieta.org.mx\/index.php\/wp-json\/wp\/v2\/media\/49014"}],"wp:attachment":[{"href":"https:\/\/www.grieta.org.mx\/index.php\/wp-json\/wp\/v2\/media?parent=49012"}],"wp:term":[{"taxonomy":"category","embeddable":true,"href":"https:\/\/www.grieta.org.mx\/index.php\/wp-json\/wp\/v2\/categories?post=49012"},{"taxonomy":"post_tag","embeddable":true,"href":"https:\/\/www.grieta.org.mx\/index.php\/wp-json\/wp\/v2\/tags?post=49012"}],"curies":[{"name":"wp","href":"https:\/\/api.w.org\/{rel}","templated":true}]}}