{"id":49004,"date":"2020-05-14T20:51:33","date_gmt":"2020-05-15T01:51:33","guid":{"rendered":"http:\/\/www.grieta.org.mx\/?p=49004"},"modified":"2020-05-14T21:34:49","modified_gmt":"2020-05-15T02:34:49","slug":"ya-te-lavaste-las-manos-acceso-al-agua-en-tiempos-de-covid-19-un-derecho-humano-fundamental-negado-para-muchos","status":"publish","type":"post","link":"https:\/\/www.grieta.org.mx\/index.php\/2020\/05\/14\/ya-te-lavaste-las-manos-acceso-al-agua-en-tiempos-de-covid-19-un-derecho-humano-fundamental-negado-para-muchos\/","title":{"rendered":"&#8220;\u00bfYA TE LAVASTE LAS MANOS?&#8221;: ACCESO AL AGUA EN TIEMPOS DE COVID-19, UN DERECHO HUMANO FUNDAMENTAL NEGADO PARA MUCHOS"},"content":{"rendered":"<p><span class=\"author-a-z75z4z79zoz67zz89zez76ztgz80z86edu\">COLECTIVO GRIETA<\/span><span class=\"author-a-xz79zz75zz74zz78zz84z7cywyz69zz69z0z87zc\">, 14 de <\/span><span class=\"author-a-z75z4z79zoz67zz89zez76ztgz80z86edu\">mayo<\/span><span class=\"author-a-xz79zz75zz74zz78zz84z7cywyz69zz69z0z87zc\"> de 2020<\/span><\/p>\n<p>\u201cImag\u00ednate, ahorita lo importante para combatir este virus es el agua. El secretario de salud maneja que hay que estarse lavando las manos constantemente, pero pues no te las puedes lavar porque no hay agua. El gel est\u00e1 bien, nosotros tomamos el protocolo antes, ten\u00edamos el gel en la bodega pero t\u00fa sabes que no es suficiente\u201d. <a href=\"https:\/\/www.grieta.org.mx\/index.php\/2020\/05\/12\/el-pasillo-op-epicentro-de-los-contagios-en-la-central-de-abasto-ciudad-de-mexico-2\/\" target=\"_blank\" rel=\"noopener noreferrer\">Ernesto, comerciante de la Central de Abastos<\/a><\/p>\n<ul>\n<li style=\"list-style-type: none;\">\n<ul>\n<li style=\"list-style-type: none;\">\n<ul>\n<li style=\"list-style-type: none;\">\n<ul>\n<li style=\"list-style-type: none;\"><\/li>\n<\/ul>\n<\/li>\n<\/ul>\n<\/li>\n<\/ul>\n<\/li>\n<\/ul>\n<p>Ciudad de M\u00e9xico.-\u00a0<strong><span class=\"author-a-z75z4z79zoz67zz89zez76ztgz80z86edu\">En tiempos de COVID-19, la hist\u00f3rica demanda de acceso al agua de amplios sectores de la poblaci\u00f3n del pa\u00eds\u00a0 visibiliza la escasez\u00a0 cotidiana que padecen millones de mexicanos. Al mismo tiempo la lucha por este derecho humano adquiere mayor relevancia sobre todo porque disponer del vital l\u00edquido resulta esencial a la hora de prevenir el contagio del nuevo virus. Como siempre sucede en el capitalismo, son los sectores populares a los que les toca enfrentar la adversidad en condiciones de inequidad, lo que los exponen a enormes dificultades para preservar su salud y, consecuentemente, a un mayor peligro de infectarse.<\/span><\/strong><\/p>\n<div id=\"magicdomid10\" class=\"ace-line\"><\/div>\n<div id=\"magicdomid11\" class=\"ace-line\"><span class=\"author-a-z75z4z79zoz67zz89zez76ztgz80z86edu\">Como resultado de las pol\u00edticas p\u00fablicas de <a href=\"https:\/\/www.grieta.org.mx\/index.php\/2019\/06\/06\/el-origen-de-la-privatizacion-de-aguas-mexicanas\/\" target=\"_blank\" rel=\"noopener noreferrer\">privatizaci\u00f3n<\/a> y <a href=\"https:\/\/www.grieta.org.mx\/index.php\/2020\/01\/29\/el-agua-para-la-agricultura-y-eu-la-pagan-los-pueblos-indigenas-no-las-presas-chihuahua\/\" target=\"_blank\" rel=\"noopener noreferrer\">des<\/a><a href=\"https:\/\/www.grieta.org.mx\/index.php\/2015\/08\/31\/yaquis-los-combatientes-de-la-primera-guerra-del-agua-en-mexico-sonora\/\" target=\"_blank\" rel=\"noopener noreferrer\">po<\/a><a href=\"https:\/\/www.grieta.org.mx\/index.php\/2019\/12\/15\/saquear-y-secar-el-despojo-de-agua-en-xochimilco\/\" target=\"_blank\" rel=\"noopener noreferrer\">jo<\/a>, de la inequitativa administraci\u00f3n del agua -iniciadas en los a\u00f1os 90 en nuestro pa\u00eds y que han sido seguidas por los distintos gobiernos hasta la fecha-, a conflictos a\u00f1ejos irresueltos, <a href=\"https:\/\/www.grieta.org.mx\/index.php\/2019\/11\/30\/la-prioridad-aqui-es-resolver-el-problema-del-agua-claman-en-campeche-frente-al-tren-maya\/\" target=\"_blank\" rel=\"noopener noreferrer\">realizaci\u00f3n<\/a> de <a href=\"https:\/\/www.grieta.org.mx\/index.php\/2020\/01\/20\/padecen-escasez-de-agua-por-gasoducto-en-yecapixtla-morelos\/\" target=\"_blank\" rel=\"noopener noreferrer\">megaproyectos<\/a>, <a href=\"http:\/\/grieta.org.mx\/index.php\/2020\/02\/04\/nos-dio-de-comer-y-bebiamos-el-agua-del-rio-metlapanapa-manuel-lopez-vega-puebla\/\" target=\"_blank\" rel=\"noopener noreferrer\">contam<\/a><a href=\"https:\/\/www.grieta.org.mx\/index.php\/2019\/08\/05\/derrame-del-rio-sonora-cinco-anos-de-horror\/\" target=\"_blank\" rel=\"noopener noreferrer\">inaci\u00f3n<\/a> <a href=\"https:\/\/www.grieta.org.mx\/index.php\/2019\/12\/09\/poblaciones-de-yucatan-envenenadas-por-la-contaminacion-del-agua\/\" target=\"_blank\" rel=\"noopener noreferrer\">de<\/a><a href=\"https:\/\/www.grieta.org.mx\/index.php\/2020\/02\/04\/buscan-activistas-evitar-uso-de-aguas-nacionales-para-mineria-toxica-veracruz\/\" target=\"_blank\" rel=\"noopener noreferrer\"> fuentes<\/a> <a href=\"https:\/\/www.grieta.org.mx\/index.php\/2019\/12\/29\/alerta-investigador-de-presencia-de-antidepresivos-y-otros-farmacos-en-agua-potable-de-san-luis-potosi\/\" target=\"_blank\" rel=\"noopener noreferrer\">h\u00eddricas<\/a>, aunado a la sequ\u00eda que viene afectando distintas <a href=\"https:\/\/www.grieta.org.mx\/index.php\/2020\/02\/06\/declaratoria-de-sequia-extrema-emite-conagua-para-san-luis-potosi\/\" target=\"_blank\" rel=\"noopener noreferrer\">regiones<\/a> del pa\u00eds, rezagos en la sustituci\u00f3n de redes, falta de reparaci\u00f3n de fugas, <a href=\"http:\/\/grieta.org.mx\/index.php\/2019\/12\/01\/en-riesgo-el-agua-en-aguascalientes\/\" target=\"_blank\" rel=\"noopener noreferrer\">sobre<\/a><a href=\"https:\/\/www.grieta.org.mx\/index.php\/2020\/02\/02\/se-agrava-sobreexplotacion-de-mantos-acuiferos-en-aguascalientes\/\" target=\"_blank\" rel=\"noopener noreferrer\">explotaci\u00f3n<\/a> de <a href=\"https:\/\/www.grieta.org.mx\/index.php\/2019\/12\/16\/tlaxcala-entre-la-entidades-que-mas-sobrexplotacion-y-contaminacion-del-agua\/\" target=\"_blank\" rel=\"noopener noreferrer\">mantos<\/a> acu\u00edferos y desaprovechamiento del agua pluvial, comunidades, barrios y colonias ubicados en la capital y en distintos estados del pa\u00eds ven limitadas sus posibilidades de prevenci\u00f3n en medio de la actual crisis sanitaria. Como han documentado distintos medios nacionales e internacionales, <a href=\"https:\/\/www.grieta.org.mx\/index.php\/2020\/03\/25\/mexico-ocho-millones-de-personas-sin-suministro-de-agua-diario-por-una-ley-de-1992\/\" target=\"_blank\" rel=\"noopener noreferrer\">en M\u00e9xico alrededor de ocho millones de personas no disponen de agua diariamente y la reciben de manera tandeada<\/a>, mientras que, aparte -seg\u00fan la Comisi\u00f3n Nacional del Agua-, <a href=\"https:\/\/www.grieta.org.mx\/index.php\/2020\/03\/22\/lavate-las-manos-si-con-que-en-la-cdmx-el-covid-19-sorprende-a-tres-alcaldias-apenas-con-agua\/\" target=\"_blank\" rel=\"noopener noreferrer\">al menos 2 millones de hogares (10.5 millonesde personas) no cuentan con agua potable<\/a> y <a href=\"https:\/\/www.grieta.org.mx\/index.php\/2020\/04\/30\/el-tema-de-seguridad-nacional-el-suministro-de-agua-en-mexico-durante-la-pandemia-y-sequia\/\" target=\"_blank\" rel=\"noopener noreferrer\">s\u00f3lo pueden abastecerse recurriendo a arroyos, r\u00edos y lagunas<\/a>. En este mismo sentido y de acuerdo con el INEGI (Instituto Nacional de Estad\u00edstica y Geograf\u00eda), se estima que, en promedio, un tercio de las casas registradas en el pa\u00eds no recibe agua todos los d\u00edas. Entre estos hogares sin acceso cotidiano a un recurso, que en estos momentos permite en gran parte garantizar la salud de la poblaci\u00f3n, 25% obtiene el l\u00edquido cada tercer d\u00eda, una o dos veces por semana o de vez en cuando. El 7% es a\u00fan menos afortunado y no reciben ni una gota en su hogar, por lo que tienen que buscarlo a trav\u00e9s de llaves p\u00fablicas, pozos, fuentes h\u00eddricas naturales o pipas.<\/span><\/div>\n<div><\/div>\n<div>Lo anterior en parte es resultado al fen\u00f3meno del acaparamiento del agua que se remonta a 1992, fecha en la que en nuestro pa\u00eds comenz\u00f3 a operar un sistema de concesiones por el cual la Comisi\u00f3n Nacional del Agua -de acuerdo con la Ley de Aguas Nacionales- inici\u00f3 la entrega de permisos a particulares para contar con pozos o aprovechar las aguas superficiales. Lo anterior ha tra\u00eddo como consecuencia que los causes de agua que abastec\u00edan a comunidades enteras se vieran mermados o, de plano, secado mientras que <a href=\"https:\/\/www.grieta.org.mx\/index.php\/2020\/01\/06\/los-duenos-del-agua-trasnacionales-acaparan-reservas-mientras-mexico-avanza-al-temido-dia-cero\/\" target=\"_blank\" rel=\"noopener noreferrer\">empresas<\/a> (<a href=\"http:\/\/grieta.org.mx\/index.php\/2019\/12\/20\/sin-acuerdos-ante-plan-de-agua-para-cedros-zacatecas\/\" target=\"_blank\" rel=\"noopener noreferrer\">min<\/a><a href=\"https:\/\/www.grieta.org.mx\/index.php\/2018\/08\/05\/da-a-conocer-resultados-sobre-niveles-de-metales-pesados-en-rio-sonora\/\" target=\"_blank\" rel=\"noopener noreferrer\">eras<\/a>, <a href=\"https:\/\/www.grieta.org.mx\/index.php\/2019\/05\/26\/guerra-por-el-agua-al-menos-4-empresarios-detras-del-desalojo-en-sacramento-denuncian-chihuahua\/\" target=\"_blank\" rel=\"noopener noreferrer\">refresqueras<\/a> y\u00a0<a href=\"https:\/\/www.grieta.org.mx\/index.php\/2018\/06\/26\/dejaria-coca-cola-sin-agua-al-ejido-sacramento-chihuahua\/\" target=\"_blank\" rel=\"noopener noreferrer\">embotelladoras<\/a> de agua y <a href=\"https:\/\/www.grieta.org.mx\/index.php\/2020\/02\/10\/en-el-pais-la-mayor-cervecera-del-mundo-viola-el-derecho-al-agua-en-baja-california\/\">cer<\/a>v<a href=\"https:\/\/www.grieta.org.mx\/index.php\/2019\/03\/03\/presa-milpillas-la-defensa-del-agua-contra-la-cervecera-zacatecas\/\">ez<\/a><a href=\"https:\/\/www.grieta.org.mx\/index.php\/2019\/03\/03\/presa-milpillas-la-defensa-del-agua-contra-la-cervecera-zacatecas\/\">a<\/a>, <a href=\"https:\/\/www.grieta.org.mx\/index.php\/2019\/12\/16\/gobiernos-de-4t-y-cdmx-avalan-pozo-con-veda-a-mitikah-diario-chuparia-211-mil-litros-de-agua\/\">inmobil<\/a>iarias, parques industriales,<a href=\"https:\/\/www.grieta.org.mx\/index.php\/2020\/01\/22\/duenos-de-la-tierra-pero-no-del-agua-jalisco\/\" target=\"_blank\" rel=\"noopener noreferrer\"> agroindustrias<\/a>, etc.), <a href=\"https:\/\/www.grieta.org.mx\/index.php\/2020\/01\/21\/explotadores-del-agua-en-mexico-la-lucha-por-el-rio-chalma-estado-de-mexico\/\" target=\"_blank\" rel=\"noopener noreferrer\">pol\u00edti<\/a><a href=\"https:\/\/www.grieta.org.mx\/index.php\/2020\/01\/21\/el-privilegio-del-agua-exgobernador-de-aguascalientes-riega-su-gigantesco-rancho-mientras-la-region-sufre-la-sequia\/\" target=\"_blank\" rel=\"noopener noreferrer\">cos<\/a> y <a href=\"https:\/\/www.grieta.org.mx\/index.php\/2020\/03\/02\/un-cacique-del-agua-en-el-paraiso-maya\/\" target=\"_blank\" rel=\"noopener noreferrer\">caciques locales<\/a> han acaparado en sus terrenos parte significativa de los entre &#8220;400.000 y 500.000&#8221; permisos que hasta ahora se calcula han<a href=\"https:\/\/www.grieta.org.mx\/index.php\/2020\/03\/25\/mexico-ocho-millones-de-personas-sin-suministro-de-agua-diario-por-una-ley-de-1992\/\" target=\"_blank\" rel=\"noopener noreferrer\"> sido otorgados<\/a>.<\/div>\n<div><\/div>\n<div>Por otro lado, pol\u00edticas privatizadoras del agua se han venido aplicando desde principios de los a\u00f1os 90 en ciudades como <a href=\"https:\/\/www.grieta.org.mx\/index.php\/2016\/02\/13\/la-privatizacion-del-agua-el-caso-del-municipio-de-aguascalientes\/\" target=\"_blank\" rel=\"noopener noreferrer\">Aguascalientes<\/a>, <a href=\"https:\/\/www.grieta.org.mx\/index.php\/2015\/09\/06\/la-privatizacion-del-sistema-de-agua-de-saltillo-coahuila\/\" target=\"_blank\" rel=\"noopener noreferrer\">Saltillo <\/a>y, de manera m\u00e1s reciente, en <a href=\"https:\/\/www.grieta.org.mx\/index.php\/2020\/03\/25\/ganan-189-amparos-contra-cobro-de-agua-en-puebla\/\" target=\"_blank\" rel=\"noopener noreferrer\">Puebla<\/a>, donde su distribuci\u00f3n y administraci\u00f3n ha pasado a manos de empresas extrajeras.<\/div>\n<div><\/div>\n<div>\n<blockquote><p>La compleja problem\u00e1tica del acceso al gua en nuestro pa\u00eds ha hecho que, en plena pandemia de Covid-19, habitantes de diversas localidades a lo largo y ancho del pa\u00eds hayan salido a manifestarse para exigir la provisi\u00f3n del l\u00edquido y el cumplimiento de un derecho humano b\u00e1sico: el acceso al agua potable, suficiente, accesible y asequible.<\/p><\/blockquote>\n<\/div>\n<div><\/div>\n<div>\n<div>\n<div><b>Aguascalientes<\/b><\/div>\n<div><span class=\"author-a-5z84zz80zz73zxz85zz86zw9z82ziz83zrjc2\">En la capital del estado el <a href=\"https:\/\/www.grieta.org.mx\/index.php\/2020\/04\/24\/quieren-apoyos-por-covid-19-en-aguascalientes-se-manifiestan-musicos-gente-sin-agua-y-trabajadoras-sexuales\/\" target=\"_blank\" rel=\"noopener noreferrer\">24 de abril una movilizaci\u00f3n vecinal exigi\u00f3 que se restablezca el servicio de agua potable<\/a> a diversas colonias de la capital. <\/span><\/div>\n<div><\/div>\n<\/div>\n<div id=\"magicdomid23\" class=\"ace-line\"><span class=\"author-a-k2vz69zgz80zwh21z87zqz72zz73zfx b\"><b>Chihuahua<\/b><\/span><\/div>\n<div id=\"magicdomid24\" class=\"ace-line\"><span class=\"author-a-k2vz69zgz80zwh21z87zqz72zz73zfx\">Mientras el agua en el estado se ha convertido un un <a href=\"https:\/\/www.grieta.org.mx\/index.php\/2020\/01\/23\/el-desierto-donde-se-trafica-agua-chihuahua\/\" target=\"_blank\" rel=\"noopener noreferrer\">bien privado controlado crecientemente por grandes propietarios agroexportadores<\/a>, en la Sierra Tarahumara, <a href=\"https:\/\/www.grieta.org.mx\/index.php\/2020\/04\/25\/solicitan-apoyos-para-la-sierra-por-covid-19-hoy-se-confirmo-el-primer-caso-chihuahua\/\" target=\"_blank\" rel=\"noopener noreferrer\">se han confirmado los primeros casos de Covid 19<\/a> y los pueblos han dicho que no tiene agua potable para enfrentar la pandemia debido a la omisi\u00f3n del gobierno. En las <a href=\"https:\/\/www.grieta.org.mx\/index.php\/2020\/04\/29\/comienza-desesperacion-en-colonias-marginadas-chihuahua\/\" target=\"_blank\" rel=\"noopener noreferrer\">zonas marginadas de la capital la situaci\u00f3n no es mejor<\/a> y el agua disponible es insuficiente para satisfacer las necesidades m\u00ednimas.<\/span><\/div>\n<div><\/div>\n<div><b>Ciudad de M\u00e9xico<\/b><\/div>\n<\/div>\n<div>\n<div>\n<div>Los habitantes de las zonas pobres de la populosa capital mexicana han padecido la escasez y mala administraci\u00f3n del recurso. Seg\u00fan diversos estudios consultados por <a href=\"https:\/\/www.sinembargo.mx\/22-03-2020\/3751349\" target=\"_blank\" rel=\"noopener noreferrer\">un medio nacional<\/a>,\u00a0 &#8220;mientras en las zonas residenciales la dotaci\u00f3n diaria es de 567 litros, en las zonas populares, que abarcan el 76.5 por ciento de la poblaci\u00f3n, apenas es de 124 litros diarios y en algunas partes no llegan a tener agua en largos periodos de tiempo&#8221;.<\/div>\n<div id=\"magicdomid33\" class=\"ace-line\"><span class=\"author-a-4z83z7rz65zz79zjgz81z61f2gz79zi\">Vecinos organizados en el Comit\u00e9 en Defensa del Agua del Pedregal de Santo Domingo, en la alcald\u00eda de Coyoac\u00e1n<\/span><span class=\"author-a-z75z4z79zoz67zz89zez76ztgz80z86edu\">,<\/span><span class=\"author-a-4z83z7rz65zz79zjgz81z61f2gz79zi\"> se han manifestado por el desabasto de agua desde hace 5 a\u00f1os<\/span><span class=\"author-a-z75z4z79zoz67zz89zez76ztgz80z86edu\">.<\/span> <span class=\"author-a-z75z4z79zoz67zz89zez76ztgz80z86edu\">Desde esa fecha y hasta el d\u00eda de hoy han denunciado<\/span><span class=\"author-a-4z83z7rz65zz79zjgz81z61f2gz79zi\"> la <a href=\"https:\/\/www.grieta.org.mx\/index.php\/2020\/03\/24\/falta-de-agua-pone-en-peligro-los-vecinos-de-ciudad-de-mexico-ante-coronavirus\/\" target=\"_blank\" rel=\"noopener noreferrer\">falta constante de agua al sistema de aguas de la Ciudad de M\u00e9xico sin ser resuelta esta demanda<\/a>; sin embargo, si se han hecho dos nuevos pozos para desarrollos inmobiliarios recientes en la zona. Se\u00f1alan que han tenido que dejar sus actividades laborales, dom\u00e9sticas y de descanso nocturno para llenar sus dep\u00f3sitos de agua cuando llega el agua en la madrugada,<\/span><span class=\"author-a-z75z4z79zoz67zz89zez76ztgz80z86edu\"> tarea que se ha <\/span><span class=\"author-a-4z83z7rz65zz79zjgz81z61f2gz79zi\">intensific<\/span><span class=\"author-a-z75z4z79zoz67zz89zez76ztgz80z86edu\">ado<\/span><span class=\"author-a-4z83z7rz65zz79zjgz81z61f2gz79zi\"> debido a la necesidad de tener agua disponible para mantener las condiciones m\u00ednimas de sanidad debido a la pandemia.\u00a0<\/span><\/div>\n<div id=\"magicdomid35\" class=\"ace-line\"><span class=\"author-a-4z83z7rz65zz79zjgz81z61f2gz79zi\">La <a href=\"https:\/\/www.grieta.org.mx\/index.php\/2020\/03\/26\/sin-agua-y-hacinados-en-tiendas-de-campana-asi-enfrentan-la-amenaza-del-coronavirus-damnificados-del-19-s-ciudad-de-mexico\/\" target=\"_blank\" rel=\"noopener noreferrer\">comunidad Otom\u00ed que vive en campamentos en la alcald\u00eda Cuauht\u00e9moc<\/a> debido al sismo del 2017, no cuenta con agua potable<\/span><span class=\"author-a-z75z4z79zoz67zz89zez76ztgz80z86edu\">.<\/span> <span class=\"author-a-z75z4z79zoz67zz89zez76ztgz80z86edu\">A<\/span><span class=\"author-a-4z83z7rz65zz79zjgz81z61f2gz79zi\">ntes se abastec\u00edan para suplir sus necesidades b\u00e1sicas de una fuente cercana<\/span><span class=\"author-a-z75z4z79zoz67zz89zez76ztgz80z86edu\">, <\/span><span class=\"author-a-4z83z7rz65zz79zjgz81z61f2gz79zi\">pero los vecinos pidieron cerrarla<\/span><span class=\"author-a-z75z4z79zoz67zz89zez76ztgz80z86edu\">. Ac<\/span><span class=\"author-a-4z83z7rz65zz79zjgz81z61f2gz79zi\">tualmente esta comunidad no cuenta con agua suficiente para hacer frente a esta pandemia.<\/span><\/div>\n<div id=\"magicdomid37\" class=\"ace-line\"><span class=\"author-a-4z83z7rz65zz79zjgz81z61f2gz79zi\">El 20 de abril <\/span><span class=\"author-a-z75z4z79zoz67zz89zez76ztgz80z86edu\">v<\/span><span class=\"author-a-4z83z7rz65zz79zjgz81z61f2gz79zi\">ecinos de la alcald\u00eda <a href=\"https:\/\/www.grieta.org.mx\/index.php\/2020\/04\/20\/bloquean-ermita-por-falta-de-agua-desde-hace-tres-meses-ciudad-de-mexico\/\" target=\"_blank\" rel=\"noopener noreferrer\">Iztapalapa<\/a> &#8211;<a href=\"https:\/\/www.infobae.com\/america\/mexico\/2020\/05\/10\/mapa-del-coronavirus-en-mexico-10-de-mayo-mas-de-8000-casos-mantienen-activa-la-epidemia-en-el-pais\/\" target=\"_blank\" rel=\"noopener noreferrer\">la demarcaci\u00f3n m\u00e1s afectada a nivel nacional por contagios de COVID-19<\/a> y la cual <a href=\"https:\/\/www.grieta.org.mx\/index.php\/2020\/03\/22\/lavate-las-manos-si-con-que-en-la-cdmx-el-covid-19-sorprende-a-tres-alcaldias-apenas-con-agua\/\" target=\"_blank\" rel=\"noopener noreferrer\">s\u00f3lo es dotada de cuatro mil litros por segundo<\/a> cuando requiere seis mil litros diarios por segundo para poder llevar agua a todos los hogares- bloquearon una avenida principal en demanda de agua<\/span><span class=\"author-a-z75z4z79zoz67zz89zez76ztgz80z86edu\">. E<\/span><span class=\"author-a-4z83z7rz65zz79zjgz81z61f2gz79zi\">llos son de la colonia Paraje Buenavista donde viven 15 mil personas<\/span><span class=\"author-a-z75z4z79zoz67zz89zez76ztgz80z86edu\"> y<\/span><span class=\"author-a-4z83z7rz65zz79zjgz81z61f2gz79zi\"> llevan 3 meses sin agua y teniendo que pagar mas de 800 pesos por una pipa. La escasez se extiende a las colonias aleda\u00f1as estimando que unos 30 mil vecinos pueden estar siendo afectados.<\/span><\/div>\n<div>En la alcald\u00eda de <a href=\"https:\/\/www.grieta.org.mx\/index.php\/2020\/04\/22\/se-agudizan-rinas-y-secuestro-de-pipas-por-falta-de-agua-en-tlahuac-ciudad-de-mexico\/\" target=\"_blank\" rel=\"noopener noreferrer\">Tlahuac<\/a>, la escasez de agua potable est\u00e1 ocasionando el secuestro de pipas y ri\u00f1as entre colonos, en las colonias La Estaci\u00f3n y Zapotitla llevan por lo menos 8 a\u00f1os luchando por tener acceso al agua de la red de agua potable.<\/div>\n<\/div>\n<div><span class=\"author-a-4z83z7rz65zz79zjgz81z61f2gz79zi\">De igual forma, <a href=\"https:\/\/www.grieta.org.mx\/index.php\/2020\/03\/22\/lavate-las-manos-si-con-que-en-la-cdmx-el-covid-19-sorprende-a-tres-alcaldias-apenas-con-agua\/\" target=\"_blank\" rel=\"noopener noreferrer\">varias colonias<\/a> de por lo menos <a href=\"https:\/\/www.grieta.org.mx\/index.php\/2020\/04\/02\/alcaldias-de-la-cdmx-sin-agua-potable-en-plena-pandemia-covid-19\/\" target=\"_blank\" rel=\"noopener noreferrer\">cinco alcald\u00edas<\/a> no cuentan o tienen escasez de este vital l\u00edquido: Azcapotzalco, Gustavo A. Madero, Iztapalapa, Tlalpan<\/span><span class=\"author-a-z75z4z79zoz67zz89zez76ztgz80z86edu\">, Xochimilco<\/span><span class=\"author-a-4z83z7rz65zz79zjgz81z61f2gz79zi\"> y Venustiano Carranza.\u00a0 De entre estos Iztapalapa, Gustavo A. Madero, Tlalpan y Xochimilco figuran en el primero, segundo, noveno y d\u00e9cimo s\u00e9ptimo lugares de los municipios con m\u00e1s contagios en nuestro pa\u00eds.\u00a0<\/span><\/div>\n<div><\/div>\n<\/div>\n<div>\n<div id=\"magicdomid26\" class=\"ace-line\"><strong><span class=\"author-a-z75z4z79zoz67zz89zez76ztgz80z86edu\">Coahuila<\/span><\/strong><\/div>\n<div id=\"magicdomid341\" class=\"ace-line\"><span class=\"author-a-z75z4z79zoz67zz89zez76ztgz80z86edu\">En un estado donde la privatizaci\u00f3n del agua ha estado encabezado por la trasnacional Aguas de Barcelona (SIMAS), vecinos de varias colonias ubicadas\u00a0 en el oriente de Torre\u00f3n (Villas Universidad, Rancho Alegre, Sol de Oriente, etc.), desesperados por la falta del l\u00edquido en medio de la pandemia <a href=\"http:\/\/grieta.org.mx\/index.php\/2020\/04\/14\/con-escasez-de-agua-viven-colonias-al-oriente-de-torreon-coahuila\/\" target=\"_blank\" rel=\"noopener noreferrer\">exigen a la empresa privada SIMAS RURAL<\/a> garantizar el abasto y una mayor presi\u00f3n del l\u00edquido y, ante la llegada de la \u00e9poca del calor, advierten que la situaci\u00f3n &#8220;se pondr\u00e1 peor&#8221;.<\/span><\/div>\n<\/div>\n<div><\/div>\n<div>\n<div id=\"magicdomid46\" class=\"ace-line\"><span class=\"author-a-4z83z7rz65zz79zjgz81z61f2gz79zi b\"><b>Estado de M\u00e9xico<\/b><\/span><\/div>\n<div id=\"magicdomid47\" class=\"ace-line\"><span class=\"author-a-4z83z7rz65zz79zjgz81z61f2gz79zi\">\u00a0<\/span><span class=\"author-a-4z83z7rz65zz79zjgz81z61f2gz79zi\">En el Estado de M\u00e9xico la situaci\u00f3n no es diferent<\/span><span class=\"author-a-z75z4z79zoz67zz89zez76ztgz80z86edu\">e y m<\/span><span class=\"author-a-4z83z7rz65zz79zjgz81z61f2gz79zi\">iles de familias que habitan los fraccionamientos <a href=\"https:\/\/www.grieta.org.mx\/index.php\/2020\/04\/26\/habitantes-de-fraccionamientos-piden-agua-de-calidad-estado-de-mexico\/\" target=\"_blank\" rel=\"noopener noreferrer\">Misiones y Villa Toscana, ubicados frente al Parque Industrial Toluca 2000<\/a>, denunciaron la mala calidad del agua que llega a sus casas<\/span><span class=\"author-a-z75z4z79zoz67zz89zez76ztgz80z86edu\">, pues la que reciben\u00a0<\/span><span class=\"author-a-4z83z7rz65zz79zjgz81z61f2gz79zi\"> e<\/span><span class=\"author-a-z75z4z79zoz67zz89zez76ztgz80z86edu\">s de<\/span><span class=\"author-a-4z83z7rz65zz79zjgz81z61f2gz79zi\"> color caf\u00e9 y de una muestra analizada se encontraron: coliformes totales, cloro residual, as\u00ed como fierro y manganeso<\/span><span class=\"author-a-z75z4z79zoz67zz89zez76ztgz80z86edu\">, t<\/span><span class=\"author-a-4z83z7rz65zz79zjgz81z61f2gz79zi\">odos fuera de los l\u00edmites permitidos.<\/span><\/div>\n<div><span class=\"author-a-4z83z7rz65zz79zjgz81z61f2gz79zi\">Sin informar las causas y en plena contingencia sanitaria, la\u00a0 Comisi\u00f3n de Agua del Estado de M\u00e9xico (CAEM) y el Organismo de Cuenca de Aguas del Valle de Mexico (OCAVM) <a href=\"http:\/\/grieta.org.mx\/index.php\/2020\/04\/02\/reducen-suministro-de-agua-en-ecatepec-durante-emergencia-por-covid-19-estado-de-mexico\/\" target=\"_blank\" rel=\"noopener noreferrer\">redujeron parcialmente el suministro de agua en Ecatepec<\/a><\/span><span class=\"author-a-z75z4z79zoz67zz89zez76ztgz80z86edu\"> -donde se han registrado brotes importantes de Covid-19&#8211; <\/span><span class=\"author-a-4z83z7rz65zz79zjgz81z61f2gz79zi\">incluso dej\u00f3 sin agua potable a colonias que hist\u00f3ricamente han padecido la falta de agua, muchas de ellas ubicadas entre el R\u00edo de los Remedios y el Canal de la Draga, afectando a m\u00e1s de 600 mil habitantes. El recorte tambi\u00e9n afect\u00f3 a colonias localizadas en las partes altas del municipio, como Izcalli Ecatepec, La Joya, Tierra Blanca y Cerro Gordo, adem\u00e1s de comunidades de gran tama\u00f1o como Ciudad Cuauht\u00e9moc y San Carlos, entre otras. En el mismo municipio, <a href=\"https:\/\/www.grieta.org.mx\/index.php\/2020\/04\/24\/sin-agua-en-sus-casas-los-mexicanos-mas-pobres-luchan-contra-propagacion-del-coronavirus\/\" target=\"_blank\" rel=\"noopener noreferrer\">habitantes han denunciado que los camiones cisterna entregan agua s<span class=\"author-a-z75z4z79zoz67zz89zez76ztgz80z86edu\">\u00f3<\/span>lo una vez cada ocho d\u00edas<\/a>, por lo que tienen que reutilizar el agua con la que se ba\u00f1an para el sanitario y regar plantas<span class=\"author-a-z75z4z79zoz67zz89zez76ztgz80z86edu\">. E<\/span>sto provoca que durante la semana tengan poco agua o nada.<\/span><\/div>\n<div><span class=\"author-a-z75z4z79zoz67zz89zez76ztgz80z86edu\">Desesperados por 30 d\u00edas seguidos sin agua y por el nulo caso que las autoridades han hecho a su situaci\u00f3n, vecinos de Ecatepec han abandonado el confinamiento recomendado y <a href=\"https:\/\/www.grieta.org.mx\/index.php\/2020\/05\/12\/vecinos-de-ecatepec-piden-agua-afuera-de-palacio-nacional-estado-de-mexico\/\" target=\"_blank\" rel=\"noopener noreferrer\">han acudido a Palacio Nacional a exigir les sea reinstalado el suministro de agua potable<\/a> a trav\u00e9s de la red hidr\u00e1ulica.<\/span><\/div>\n<\/div>\n<div><\/div>\n<div>\n<div id=\"magicdomid29\" class=\"ace-line\"><span class=\"author-a-xz79zz75zz74zz78zz84z7cywyz69zz69z0z87zc b\"><b>Guanajuato<\/b><\/span><\/div>\n<div id=\"magicdomid30\" class=\"ace-line\"><span class=\"author-a-xz79zz75zz74zz78zz84z7cywyz69zz69z0z87zc\">En Guanajuato, <a href=\"https:\/\/www.grieta.org.mx\/index.php\/2020\/01\/13\/ciudadanos-protestan-por-falta-de-agua-y-se-niegan-a-pagar-el-servicio-en-celaya\/\" target=\"_blank\" rel=\"noopener noreferrer\">desde inicios de 2020 se han registrado protestas en Celaya<\/a> por el cobro excesivo y la falta de servicio de agua. Hasta el 13 de abril, el conflicto entre los habitantes de Celaya y la Junta Municipal de Agua no se hab\u00eda resuelto y se amenazaba con realizar m\u00e1s cortes de agua a quienes s\u00ed les llega pero tienen adeudos, todo mientras la pandemia de la COVID-19 se extiende en el Estado y el agua se hace a\u00fan m\u00e1s indispensable para poder realizar las medidas sanitarias m\u00e1s b\u00e1sicas.<\/span><\/div>\n<\/div>\n<div><\/div>\n<div><strong>Guerrero<\/strong><\/div>\n<div>La falta de agua y el <a href=\"https:\/\/www.grieta.org.mx\/index.php\/2020\/04\/27\/sin-agua-y-sin-empleo-las-comunidades-indigenas-de-guerrero-ante-covid-19\/\" target=\"_blank\" rel=\"noopener noreferrer\">abandono por parte de las autoridades locales y federales afecta diversas zonas de la entidad<\/a>, donde\u00a0 las comunidades mayoritariamente ind\u00edgenas, en una de las zonas m\u00e1s pobres del pa\u00eds, han sido golpeadas duramente por la pandemia. Aqu\u00ed\u00a0 el elemental mandato de lavarse las manos es imposible de cumplir, pues &#8220;el agua corriente no llega a los domicilios&#8221;. Pero no s\u00f3lo las comunidades rurales padecen el estr\u00e9s h\u00eddrico, las ciudades tambi\u00e9n lo viven. <a href=\"https:\/\/www.grieta.org.mx\/index.php\/2020\/05\/11\/en-chilpancingo-no-hay-agua-para-la-higiene-que-se-requiere-para-evitar-el-contagio-de-covid-19-guerrero\/\">En Chilpancingo, capital estatal, se cuenta solamente con el 40% del agua que necesitan sus casi 190 mil habitantes<\/a> y en 200 de sus 650 colonias no hay red de agua potable, por lo que se calcula que 63 mil de sus habitantes no cuentan con agua potable. Adem\u00e1s,\u00a0 en muchas colonias donde existe tuber\u00eda el agua no llega regularmente por lo que en la pr\u00e1ctica es imposible garantizar el aseo suficiente.<\/div>\n<div><\/div>\n<div>\n<div id=\"magicdomid20\" class=\"ace-line\"><span class=\"author-a-xz79zz75zz74zz78zz84z7cywyz69zz69z0z87zc b\"><b>Michoac\u00e1n<\/b><\/span><\/div>\n<div id=\"magicdomid21\" class=\"ace-line\"><span class=\"author-a-xz79zz75zz74zz78zz84z7cywyz69zz69z0z87zc\">En el caso de Michoac\u00e1n, <a href=\"https:\/\/www.grieta.org.mx\/index.php\/2020\/04\/11\/vecinos-de-al-menos-6-colonias-de-patzcuaro-reclaman-la-falta-de-agua\/\" target=\"_blank\" rel=\"noopener noreferrer\">al menos 6 colonias de P\u00e1tzcuaro<\/a>, ciudad situada a orillas de<\/span><span class=\"author-a-z75z4z79zoz67zz89zez76ztgz80z86edu\">l<\/span><span class=\"author-a-xz79zz75zz74zz78zz84z7cywyz69zz69z0z87zc\"> lago de<\/span><span class=\"author-a-z75z4z79zoz67zz89zez76ztgz80z86edu\">l<\/span><span class=\"author-a-xz79zz75zz74zz78zz84z7cywyz69zz69z0z87zc\"> mismo nombre, han reportado que no les llega agua potable. La escasez viene de tiempo atr\u00e1s, pues al menos desde hace 12 meses han denunciado la falta del l\u00edquido. En<\/span> <span class=\"author-a-xz79zz75zz74zz78zz84z7cywyz69zz69z0z87zc\">esta situaci\u00f3n, los colonos <\/span><span class=\"author-a-z66znwz68zwz81z2ohz72zz69zrvl6z83z\">han explicado<\/span><span class=\"author-a-xz79zz75zz74zz78zz84z7cywyz69zz69z0z87zc\"> que no est\u00e1n en condiciones de enfrentar la pandemia de la enfermedad COVID-19. <span class=\"author-a-z66znwz68zwz81z2ohz72zz69zrvl6z83z\">Pero la escasez de agua ocurre tambi\u00e9n en comunidades relativament<\/span><span class=\"author-a-z75z4z79zoz67zz89zez76ztgz80z86edu\">e <\/span><span class=\"author-a-z66znwz68zwz81z2ohz72zz69zrvl6z83z\">cercanas a la capital del Estado. As\u00ed, <a href=\"https:\/\/www.grieta.org.mx\/index.php\/2020\/04\/27\/sin-agua-enfrentan-pandemia-de-covid-19-michoacan\/\" target=\"_blank\" rel=\"noopener noreferrer\">en la comunidad de Cuanajillo del Toro<\/a>, donde desde 2011 se ha denunciado que los pobladores carecen de agua potable, la poblaci\u00f3n enfrenta la pandemia de COVID-19 dependiendo de<\/span> <span class=\"author-a-z66znwz68zwz81z2ohz72zz69zrvl6z83z\">una pipa de agua que llega cada semana, ese es el l\u00edquido con el que cuentan para poder atender todas sus necesidades, lo cual los deja en una situaci\u00f3n precaria frente a<\/span> <span class=\"author-a-z66znwz68zwz81z2ohz72zz69zrvl6z83z\">la enfermedad.<\/span><\/span><\/div>\n<\/div>\n<div><\/div>\n<div>\n<div><strong>Morelos<\/strong><\/div>\n<div>En Morelos, hay lugares, como la colona Tres e Mayo en Emiliano Zapata, donde llevan <a href=\"https:\/\/www.grieta.org.mx\/index.php\/2020\/05\/14\/fernando-aguilar-palma-mata-de-sed-a-vecinos-de-3-de-mayo-en-zapata-morelos\/\" target=\"_blank\" rel=\"noopener noreferrer\">un mes sin agua<\/a>, mientras las autoridades no hacen nada por subsanar la situaci\u00f3n. Los vecinos se quejan de que el presidente municipal s\u00f3lo se preocupa de las colonias aleda\u00f1as; y ya se han <a href=\"https:\/\/www.grieta.org.mx\/index.php\/2020\/04\/23\/denuncian-vecinos-de-cuernavaca-falta-de-agua-potable-morelos\/\" target=\"_blank\" rel=\"noopener noreferrer\">manifestado<\/a> p\u00fablicamente en\u00a0 las oficinas del Sistema de Agua Potable y Alcantarillado de Cuernavaca, pues al inicio de la fase tres de la contingencia no contaban con las m\u00ednimas condiciones de higiene. La situaci\u00f3n es similar en la colonia Gabriel Tepepa del municipio de Cuautla, donde los <a href=\"https:\/\/www.grieta.org.mx\/index.php\/2020\/05\/07\/exigen-agua-con-bloqueo-morelos\/\" target=\"_blank\" rel=\"noopener noreferrer\">vecinos salieron a manifestarse<\/a> para exigir agua.<\/div>\n<div>\n<div><\/div>\n<\/div>\n<\/div>\n<div>\n<div><strong>Oaxaca<\/strong><\/div>\n<div>En la regi\u00f3n Mixe, d<a href=\"https:\/\/www.grieta.org.mx\/index.php\/2020\/05\/14\/agua-para-ayutla-ya-comunidad-en-oaxaca-enfrenta-al-covid-19-sin-agua-oaxaca\/\" target=\"_blank\" rel=\"noopener noreferrer\">esde junio de 2017 el pueblo de Ayutla enfrenta el despojo de su manantial<\/a> por parte de un grupo armado proveniente de Tamazulapam del Esp\u00edritu Santo ante la indiferencia de las autoridades estatales y federales. Desde hace casi tres a\u00f1os y ahora, en plena emergencia sanitaria, los habitantes de San Pedro y San Pablo Ayutla hacen esfuerzos por surtirse del l\u00edquido a trav\u00e9s de peque\u00f1os arroyos y recolectando aguas pluviales, lo que ha generado enfermedades entre sus\u00a0 habitantes. Casos de afecciones gastrointestinales y hepatitis se han registrado incluso entre ni\u00f1os de la comunidad y en el contexto de la propagaci\u00f3n de la COVID-19 no tienen las condiciones para preservar la salud de sus alrededor de cinco mil habitantes.<\/div>\n<div><\/div>\n<div id=\"magicdomid58\" class=\"ace-line\"><span class=\"author-a-4z83z7rz65zz79zjgz81z61f2gz79zi b\"><b>Quer\u00e9taro<\/b><\/span><\/div>\n<div id=\"magicdomid59\" class=\"ace-line\"><span class=\"author-a-4z83z7rz65zz79zjgz81z61f2gz79zi\">Los recortes de agua tambi\u00e9n afectan a Quer\u00e9taro, vecinos del fraccionamiento La Pradera, en el municipio de El Marqu\u00e9s, <a href=\"https:\/\/www.grieta.org.mx\/index.php\/2020\/01\/18\/colonos-de-la-pradera-exigen-retirar-concesion-a-aqua-queretaro\/\" target=\"_blank\" rel=\"noopener noreferrer\">mantienen una lucha por la salida de la empresa concesionaria Aquaa<\/a> debido a que esta empresa cobra altas tarifas y muchas condiciones por brindar el servicio. <a href=\"https:\/\/www.grieta.org.mx\/index.php\/2020\/05\/04\/habitantes-de-la-pradera-tienen-acceso-al-agua-solo-10-horas-al-dia-queretaro\/\" target=\"_blank\" rel=\"noopener noreferrer\">Han denunciado que el servicio de agua lo activan despu\u00e9s de las 9 de la ma\u00f1ana poniendo en riesgo el servicio hospitalario que brinda el IMSS que se encuentra\u00a0 en el per\u00edmetro de La Pradera.<\/a> Esta concesionaria ha realizado cortes de agua en la calle de Gacela de esta colonia dejando sin suministros a 50 viviendas. Otro caso denunciado es el de la calle Privada 4 de la misma colonia donde cortaron el agua afectando a 120 viviendas con aproximadamente 440 habitantes. <\/span><\/div>\n<\/div>\n<div><\/div>\n<div><b>San Luis Potos\u00ed<\/b><\/div>\n<div>San Luis Potos\u00ed se encuentra en los <a href=\"https:\/\/www.grieta.org.mx\/index.php\/2019\/02\/24\/en-slp-agua-cara-y-servicios-deficientes-san-luis-potosi\/\" target=\"_blank\" rel=\"noopener noreferrer\">\u00faltimos lugares de accesibilidad al agua potable en el pa\u00eds<\/a>, as\u00ed como en los primeros de altas tarifas para el acceso al vital l\u00edquido. <span class=\"author-a-5z84zz80zz73zxz85zz86zw9z82ziz83zrjc2\">Interapas, organismo encargado de la gesti\u00f3n y administraci\u00f3n del recurso hidr\u00e1ulico, ha hecho de \u00e9ste un negocio muy lucrativo a costa del bienestar social. Desde hace a\u00f1os la falta del l\u00edquido ha indignado y generado diversas movilizaciones por parte de la poblaci\u00f3n potosina en contra de Interapas. <\/span><span class=\"author-a-z75z4z79zoz67zz89zez76ztgz80z86edu\">En el contexto<\/span><span class=\"author-a-5z84zz80zz73zxz85zz86zw9z82ziz83zrjc2\"> de la contingencia sanitaria, <a href=\"https:\/\/www.grieta.org.mx\/index.php\/2020\/04\/06\/falta-de-agua-en-12-colonias-en-la-ciudad-de-san-luis-potosi\/\" target=\"_blank\" rel=\"noopener noreferrer\">vecinos de 12 colonias de la capital realizaron una manifestaci\u00f3n el\u00a0<\/a><\/span>6 de abril despu\u00e9s de que el agua dejara de llegar a sus hogares. Por su parte, la Unidad de Litigio Estrat\u00e9gico de <a href=\"https:\/\/www.grieta.org.mx\/index.php\/2020\/03\/21\/con-amparo-renace-san-luis-llama-a-atender-a-colonias-sin-agua\/\" target=\"_blank\" rel=\"noopener noreferrer\">Renace San Luis Potos\u00ed present\u00f3 un amparo indirecto<\/a> para que se le proporcione agua potable a una vecina de la colonia Terremoto, para as\u00ed poder cumplir con las medidas sanitarias frente a la pandemia. Se espera que esta medida pueda visibilizar la carencia de agua de muchas colonias de San Luis Potos\u00ed para as\u00ed tomar las medidas necesarias para suministrarles el l\u00edquido del que carecen desde hace a\u00f1os.<\/div>\n<div><\/div>\n<div><\/div>\n<div><\/div>\n","protected":false},"excerpt":{"rendered":"<p>COLECTIVO GRIETA, 14 de mayo de 2020 \u201cImag\u00ednate, ahorita lo importante para combatir este virus es el agua. El secretario de salud maneja que hay que estarse lavando las manos &hellip; <a href=\"https:\/\/www.grieta.org.mx\/index.php\/2020\/05\/14\/ya-te-lavaste-las-manos-acceso-al-agua-en-tiempos-de-covid-19-un-derecho-humano-fundamental-negado-para-muchos\/\" class=\"more-link\">Leer m\u00e1s<\/a><\/p>\n","protected":false},"author":2,"featured_media":21928,"comment_status":"closed","ping_status":"closed","sticky":false,"template":"","format":"standard","meta":{"ngg_post_thumbnail":0,"_jetpack_newsletter_access":"","_jetpack_dont_email_post_to_subs":false,"_jetpack_newsletter_tier_id":0,"_jetpack_memberships_contains_paywalled_content":false,"_jetpack_memberships_contains_paid_content":false,"footnotes":""},"categories":[80,1775,914,83],"tags":[224,3198,312,3346,3319,3360],"class_list":["post-49004","post","type-post","status-publish","format-standard","has-post-thumbnail","hentry","category-cintillo","category-colectivo-grieta","category-privatizacion-del-agua","category-temas-nacionales","tag-agua","tag-covid19","tag-desabasto","tag-escasez","tag-mexico","tag-pobres","entry"],"jetpack_featured_media_url":"https:\/\/www.grieta.org.mx\/wp-content\/uploads\/2018\/03\/14524434_1106112876131411_958039263622046936_o.jpg","jetpack_sharing_enabled":true,"jetpack_shortlink":"https:\/\/wp.me\/p7ZJR4-cKo","jetpack_likes_enabled":false,"jetpack-related-posts":[{"id":46698,"url":"https:\/\/www.grieta.org.mx\/index.php\/2020\/03\/21\/como-enfrentamos-el-covid-19-sin-agua-para-lavarnos-las-manos-denuncian-pobladores-de-cdmx\/","url_meta":{"origin":49004,"position":0},"title":"\u2018\u00bfC\u00f3mo enfrentamos el COVID-19 sin agua para lavarnos las manos?\u2019, denuncian pobladores de CDMX","author":"grieta","date":"21 marzo, 2020","format":false,"excerpt":"Manu Ureste \/ Animal Pol\u00edtico La recomendaci\u00f3n de lavarse las manos est\u00e1 chocando, en plena contingencia sanitaria, con un tremendo obst\u00e1culo, el desabasto el alcald\u00edas de la CDMX. Se trata, probablemente, de la medida en la que la Organizaci\u00f3n Mundial de la Salud (OMS) y las autoridades sanitarias de M\u00e9xico\u2026","rel":"","context":"En &quot;CINTILLO&quot;","block_context":{"text":"CINTILLO","link":"https:\/\/www.grieta.org.mx\/index.php\/category\/cintillo\/"},"img":{"alt_text":"","src":"https:\/\/i0.wp.com\/www.grieta.org.mx\/wp-content\/uploads\/2020\/03\/C%C3%B3mo-enfrentamos-el-COVID-19-sin-agua-para-lavarnos-las-manos-denuncian-pobladores-de-CDMX-mzo.jpeg?resize=350%2C200&ssl=1","width":350,"height":200,"srcset":"https:\/\/i0.wp.com\/www.grieta.org.mx\/wp-content\/uploads\/2020\/03\/C%C3%B3mo-enfrentamos-el-COVID-19-sin-agua-para-lavarnos-las-manos-denuncian-pobladores-de-CDMX-mzo.jpeg?resize=350%2C200&ssl=1 1x, https:\/\/i0.wp.com\/www.grieta.org.mx\/wp-content\/uploads\/2020\/03\/C%C3%B3mo-enfrentamos-el-COVID-19-sin-agua-para-lavarnos-las-manos-denuncian-pobladores-de-CDMX-mzo.jpeg?resize=525%2C300&ssl=1 1.5x, https:\/\/i0.wp.com\/www.grieta.org.mx\/wp-content\/uploads\/2020\/03\/C%C3%B3mo-enfrentamos-el-COVID-19-sin-agua-para-lavarnos-las-manos-denuncian-pobladores-de-CDMX-mzo.jpeg?resize=700%2C400&ssl=1 2x"},"classes":[]},{"id":48312,"url":"https:\/\/www.grieta.org.mx\/index.php\/2020\/04\/02\/alcaldias-de-la-cdmx-sin-agua-potable-en-plena-pandemia-covid-19\/","url_meta":{"origin":49004,"position":1},"title":"Alcald\u00edas de la CDMX sin agua potable en plena pandemia Covid-19","author":"grieta","date":"2 abril, 2020","format":false,"excerpt":"Imagen tomada de: laverdadnoticias.com La Verdad Noticias En medio de la contingencia generada por la pandemia del Covid-19 varias alcald\u00edas de la CDMX sufren la falta de un servicio b\u00e1sico y esencial, agua potable Habitantes de varias alcald\u00edas de la Ciudad de M\u00e9xico (CDMX) enfrentan una batalla contra el coronavirus\u2026","rel":"","context":"En &quot;CINTILLO&quot;","block_context":{"text":"CINTILLO","link":"https:\/\/www.grieta.org.mx\/index.php\/category\/cintillo\/"},"img":{"alt_text":"","src":"https:\/\/i0.wp.com\/www.grieta.org.mx\/wp-content\/uploads\/2020\/04\/Alcald%C3%ADas-de-la-CDMX-sin-agua-potable-en-plena-pandemia-Covid-19-cdmx-abr.jpg?resize=350%2C200&ssl=1","width":350,"height":200,"srcset":"https:\/\/i0.wp.com\/www.grieta.org.mx\/wp-content\/uploads\/2020\/04\/Alcald%C3%ADas-de-la-CDMX-sin-agua-potable-en-plena-pandemia-Covid-19-cdmx-abr.jpg?resize=350%2C200&ssl=1 1x, https:\/\/i0.wp.com\/www.grieta.org.mx\/wp-content\/uploads\/2020\/04\/Alcald%C3%ADas-de-la-CDMX-sin-agua-potable-en-plena-pandemia-Covid-19-cdmx-abr.jpg?resize=525%2C300&ssl=1 1.5x, https:\/\/i0.wp.com\/www.grieta.org.mx\/wp-content\/uploads\/2020\/04\/Alcald%C3%ADas-de-la-CDMX-sin-agua-potable-en-plena-pandemia-Covid-19-cdmx-abr.jpg?resize=700%2C400&ssl=1 2x"},"classes":[]},{"id":69851,"url":"https:\/\/www.grieta.org.mx\/index.php\/2024\/08\/13\/libres-oriental-la-cuenca-industrializada-en-lucha-por-el-agua-y-la-lluvia-veracruz-puebla\/","url_meta":{"origin":49004,"position":2},"title":"Libres-Oriental, la cuenca industrializada en lucha por el agua y la lluvia (Veracruz &#8211; Puebla)","author":"grieta","date":"13 agosto, 2024","format":false,"excerpt":"Por Patricia Ram\u00edrez \/ Causa Natura \/ ZONA DOCS Por m\u00e1s de 10 a\u00f1os en la cuenca Libres \u2013 Oriental, que abarca Puebla, Veracruz y Tlaxcala, se ignoraron los reclamos por el agua de las comunidades campesinas hasta que el pasado 20 de junio asesinaron a los hermanos Cortina en\u2026","rel":"","context":"En &quot;CINTILLO&quot;","block_context":{"text":"CINTILLO","link":"https:\/\/www.grieta.org.mx\/index.php\/category\/cintillo\/"},"img":{"alt_text":"","src":"https:\/\/i0.wp.com\/www.grieta.org.mx\/wp-content\/uploads\/2024\/09\/Cuenca_Libres_Oriental_portada_63e2554c32-1536x1152-1.jpeg?resize=350%2C200&ssl=1","width":350,"height":200,"srcset":"https:\/\/i0.wp.com\/www.grieta.org.mx\/wp-content\/uploads\/2024\/09\/Cuenca_Libres_Oriental_portada_63e2554c32-1536x1152-1.jpeg?resize=350%2C200&ssl=1 1x, https:\/\/i0.wp.com\/www.grieta.org.mx\/wp-content\/uploads\/2024\/09\/Cuenca_Libres_Oriental_portada_63e2554c32-1536x1152-1.jpeg?resize=525%2C300&ssl=1 1.5x, https:\/\/i0.wp.com\/www.grieta.org.mx\/wp-content\/uploads\/2024\/09\/Cuenca_Libres_Oriental_portada_63e2554c32-1536x1152-1.jpeg?resize=700%2C400&ssl=1 2x, https:\/\/i0.wp.com\/www.grieta.org.mx\/wp-content\/uploads\/2024\/09\/Cuenca_Libres_Oriental_portada_63e2554c32-1536x1152-1.jpeg?resize=1050%2C600&ssl=1 3x, https:\/\/i0.wp.com\/www.grieta.org.mx\/wp-content\/uploads\/2024\/09\/Cuenca_Libres_Oriental_portada_63e2554c32-1536x1152-1.jpeg?resize=1400%2C800&ssl=1 4x"},"classes":[]},{"id":61184,"url":"https:\/\/www.grieta.org.mx\/index.php\/2021\/08\/18\/sin-agua-desde-hace-3-meses-y-en-medio-del-pico-de-covid-19-vecinos-de-santo-domingo-exigen-el-vital-liquido-ciudad-de-mexico\/","url_meta":{"origin":49004,"position":3},"title":"Sin agua desde hace 3 meses y en medio del pico de COVID-19, vecinos de Santo Domingo exigen el vital l\u00edquido (Ciudad de M\u00e9xico)","author":"grieta","date":"18 agosto, 2021","format":false,"excerpt":"COLECTIVO GRIETA Ciudad de M\u00e9xico, 17 de agosto. La ma\u00f1ana de este martes vecinos de la parte sur de los Pedregales de Santo Domingo, Coyoac\u00e1n, salieron a protestar para exigir a la alcand\u00eda y al Sistema de Aguas de la Ciudad de M\u00e9xico (SACMEX) que los provean de agua de\u2026","rel":"","context":"En &quot;CINTILLO&quot;","block_context":{"text":"CINTILLO","link":"https:\/\/www.grieta.org.mx\/index.php\/category\/cintillo\/"},"img":{"alt_text":"","src":"https:\/\/i0.wp.com\/www.grieta.org.mx\/wp-content\/uploads\/2021\/08\/Santo-Domingo-portada.jpg?resize=350%2C200&ssl=1","width":350,"height":200,"srcset":"https:\/\/i0.wp.com\/www.grieta.org.mx\/wp-content\/uploads\/2021\/08\/Santo-Domingo-portada.jpg?resize=350%2C200&ssl=1 1x, https:\/\/i0.wp.com\/www.grieta.org.mx\/wp-content\/uploads\/2021\/08\/Santo-Domingo-portada.jpg?resize=525%2C300&ssl=1 1.5x, https:\/\/i0.wp.com\/www.grieta.org.mx\/wp-content\/uploads\/2021\/08\/Santo-Domingo-portada.jpg?resize=700%2C400&ssl=1 2x"},"classes":[]},{"id":47853,"url":"https:\/\/www.grieta.org.mx\/index.php\/2020\/04\/11\/vecinos-de-al-menos-6-colonias-de-patzcuaro-reclaman-la-falta-de-agua\/","url_meta":{"origin":49004,"position":4},"title":"Vecinos de al menos 6 colonias de P\u00e1tzcuaro reclaman la falta de agua","author":"grieta","date":"11 abril, 2020","format":false,"excerpt":"patzcuaronoticias, 11 de abril de 2020 Habitantes de 6 colonias de P\u00e1tzcuaro reportan falta de agua Pobladores de varias colonias de P\u00e1tzcuaro reportan la falta de agua en plena contingencia por el coronavirus COVID-19. Hasta el momento, son vecinos de por lo menos 6 colonias de P\u00e1tzcuaro los que exigen\u2026","rel":"","context":"En &quot;CINTILLO&quot;","block_context":{"text":"CINTILLO","link":"https:\/\/www.grieta.org.mx\/index.php\/category\/cintillo\/"},"img":{"alt_text":"","src":"https:\/\/i0.wp.com\/www.grieta.org.mx\/wp-content\/uploads\/2020\/04\/Patzcuaro1.jpg?resize=350%2C200&ssl=1","width":350,"height":200,"srcset":"https:\/\/i0.wp.com\/www.grieta.org.mx\/wp-content\/uploads\/2020\/04\/Patzcuaro1.jpg?resize=350%2C200&ssl=1 1x, https:\/\/i0.wp.com\/www.grieta.org.mx\/wp-content\/uploads\/2020\/04\/Patzcuaro1.jpg?resize=525%2C300&ssl=1 1.5x, https:\/\/i0.wp.com\/www.grieta.org.mx\/wp-content\/uploads\/2020\/04\/Patzcuaro1.jpg?resize=700%2C400&ssl=1 2x"},"classes":[]},{"id":49030,"url":"https:\/\/www.grieta.org.mx\/index.php\/2020\/03\/22\/lavate-las-manos-si-con-que-en-la-cdmx-el-covid-19-sorprende-a-tres-alcaldias-apenas-con-agua\/","url_meta":{"origin":49004,"position":5},"title":"\u201cL\u00e1vate las manos\u201d. S\u00ed, con qu\u00e9: en la CdMx, el COVID-19 sorprende a tres alcald\u00edas apenas con agua","author":"grieta","date":"22 marzo, 2020","format":false,"excerpt":"Sugevry Romina G\u00e1ndara\/ SINEMBARGO Lavarse las manos constantemente, \u201c\u00bfc\u00f3mo?, \u00a1si ni agua tenemos!\u201d, se cuestionan ciudadanos en las alcald\u00edas de Iztapalapa, Tl\u00e1huac y Xochimilco, donde por a\u00f1os han padecido de la escasez de agua y ahora enfrentan un problema m\u00e1s: el brote del coronavirus (COVID-19). Ciudad de M\u00e9xico, 22 de\u2026","rel":"","context":"En &quot;CINTILLO&quot;","block_context":{"text":"CINTILLO","link":"https:\/\/www.grieta.org.mx\/index.php\/category\/cintillo\/"},"img":{"alt_text":"","src":"https:\/\/i0.wp.com\/www.grieta.org.mx\/wp-content\/uploads\/2020\/05\/photo5161294446673897569.jpg?resize=350%2C200&ssl=1","width":350,"height":200,"srcset":"https:\/\/i0.wp.com\/www.grieta.org.mx\/wp-content\/uploads\/2020\/05\/photo5161294446673897569.jpg?resize=350%2C200&ssl=1 1x, https:\/\/i0.wp.com\/www.grieta.org.mx\/wp-content\/uploads\/2020\/05\/photo5161294446673897569.jpg?resize=525%2C300&ssl=1 1.5x, https:\/\/i0.wp.com\/www.grieta.org.mx\/wp-content\/uploads\/2020\/05\/photo5161294446673897569.jpg?resize=700%2C400&ssl=1 2x, https:\/\/i0.wp.com\/www.grieta.org.mx\/wp-content\/uploads\/2020\/05\/photo5161294446673897569.jpg?resize=1050%2C600&ssl=1 3x"},"classes":[]}],"_links":{"self":[{"href":"https:\/\/www.grieta.org.mx\/index.php\/wp-json\/wp\/v2\/posts\/49004","targetHints":{"allow":["GET"]}}],"collection":[{"href":"https:\/\/www.grieta.org.mx\/index.php\/wp-json\/wp\/v2\/posts"}],"about":[{"href":"https:\/\/www.grieta.org.mx\/index.php\/wp-json\/wp\/v2\/types\/post"}],"author":[{"embeddable":true,"href":"https:\/\/www.grieta.org.mx\/index.php\/wp-json\/wp\/v2\/users\/2"}],"replies":[{"embeddable":true,"href":"https:\/\/www.grieta.org.mx\/index.php\/wp-json\/wp\/v2\/comments?post=49004"}],"version-history":[{"count":1,"href":"https:\/\/www.grieta.org.mx\/index.php\/wp-json\/wp\/v2\/posts\/49004\/revisions"}],"predecessor-version":[{"id":49227,"href":"https:\/\/www.grieta.org.mx\/index.php\/wp-json\/wp\/v2\/posts\/49004\/revisions\/49227"}],"wp:featuredmedia":[{"embeddable":true,"href":"https:\/\/www.grieta.org.mx\/index.php\/wp-json\/wp\/v2\/media\/21928"}],"wp:attachment":[{"href":"https:\/\/www.grieta.org.mx\/index.php\/wp-json\/wp\/v2\/media?parent=49004"}],"wp:term":[{"taxonomy":"category","embeddable":true,"href":"https:\/\/www.grieta.org.mx\/index.php\/wp-json\/wp\/v2\/categories?post=49004"},{"taxonomy":"post_tag","embeddable":true,"href":"https:\/\/www.grieta.org.mx\/index.php\/wp-json\/wp\/v2\/tags?post=49004"}],"curies":[{"name":"wp","href":"https:\/\/api.w.org\/{rel}","templated":true}]}}