{"id":4899,"date":"2016-02-29T00:01:18","date_gmt":"2016-02-29T00:01:18","guid":{"rendered":"http:\/\/50.22.11.12\/~grietaor\/?p=4899"},"modified":"2016-03-26T00:02:51","modified_gmt":"2016-03-26T00:02:51","slug":"habitantes-de-el-porvenir-luchan-por-evitar-la-construccion-de-una-gasolinera","status":"publish","type":"post","link":"https:\/\/www.grieta.org.mx\/index.php\/2016\/02\/29\/habitantes-de-el-porvenir-luchan-por-evitar-la-construccion-de-una-gasolinera\/","title":{"rendered":"Habitantes de El Porvenir luchan por evitar la construcci\u00f3n de una gasolinera"},"content":{"rendered":"<p>Esmeralda Trueba\/AM Quer\u00e9taro<\/p>\n<p>Hace dos a\u00f1os, los vecinos de la colonia El Porvenir Quer\u00e9taro contaban con un parque con \u00e1rea verde, sin embargo, un d\u00eda de forma inesperada arrib\u00f3 maquinaria a la zona, derribando este espacio dejando una gasolinera en su lugar, lo que provoc\u00f3 la inconformidad de cientos de habitantes de la zona, as\u00ed lo detall\u00f3, el vicepresidente del comit\u00e9 de colonos de la El Porvenir A.C., Roberto Estada Orozco, quien indic\u00f3, que a partir de ese momento los habitantes dieron inicio con una \u2018lucha\u2019, ya que solicitaron al gobierno municipal y estatal, que se les explicara que pasaba, sin recibir respuesta alguna.<\/p>\n<p>\u201cEl gobierno incre\u00edblemente dec\u00edan que desconoc\u00edan que era lo que estaba pasando y as\u00ed nos trajeron casi cuatro meses d\u00e1ndonos largas, y despu\u00e9s result\u00f3 que sin haber avisado a los colonos, el cabildo de aquel tiempo nos expropio y se los vendi\u00f3 a Abraham Gonz\u00e1lez Martell, a 64 pesos el metro cuadrado, es una burla terrible y es ah\u00ed donde empieza la corrupci\u00f3n\u201d, indic\u00f3.<\/p>\n<p>Se\u00f1al\u00f3, que ante la b\u00fasqueda de documentaci\u00f3n que acreditara la instalaci\u00f3n de esta gasolinera, y mientras que los propietarios buscaban los permisos de operaci\u00f3n; detectaron que por parte de la Secretar\u00eda de Desarrollo Urbano de Quer\u00e9taro se hab\u00eda emitido un rechazo para la construcci\u00f3n de esta obra, justificando que hab\u00eda una cantidad grande de pobladores a cortas distancia, por lo que no era un sitio adecuado para esta instalaci\u00f3n. Sin embargo, y a pesar de ese dictamen se sigui\u00f3 construyendo el establecimiento.<\/p>\n<p>\u201cTuvimos que estar pidiendo que nos dieran copias de lo concerniente de lo que estaba pasando con la gasolinera (\u2026) Todo eso hace que logr\u00e1ramos obtener copias de la licencia de construcci\u00f3n que la expidi\u00f3 cuando estaba Roberto Loyola Vera y de ah\u00ed empezamos, sin embargo, tambi\u00e9n conseguimos el dictamen de usos de suelo de Desarrollo Urbano, donde dice claramente que esto est\u00e1 prohibido, por ser incompatible en la ubicaci\u00f3n pretendida\u201d, se\u00f1al\u00f3.<\/p>\n<p>Refiri\u00f3, que esta documentaci\u00f3n se present\u00f3 a las autoridades municipales, y pese a ello se permiti\u00f3 que esta obra continuara. Ante esta omisi\u00f3n, los vecinos se dirigieron a la ciudad de M\u00e9xico para exponer el caso directamente ante la Agencia de Seguridad Energ\u00eda y Ambiente (ASEA), que son quienes autorizan instalaci\u00f3n de gasolineras y que adem\u00e1s en el mes de diciembre emitieron un documento a la actual administraci\u00f3n solicitando esta revocaci\u00f3n.<\/p>\n<p>Actualmente la gasolinera ya fue clausurada, sin embargo, el se\u00f1or Roberto Estrada asegur\u00f3, esto no es suficiente, porque dijo, los propietarios pueden ampararse, con lo que se correr\u00eda el riesgo de que le permitan operar.<\/p>\n<p>Por ello indic\u00f3, que la pr\u00f3xima semana el grupo de colonos representantes, asistir\u00e1n nuevamente a la ASEA, para dar seguimiento del caso, y con ello dijo, evitar que permitan operar a esta gasolinera. Ya que record\u00f3, adem\u00e1s de que se encuentra en una zona habitacional, existen escuelas y guarder\u00edas, asentadas a unos metros de donde pretenden esta apertura.<\/p>\n<p><a href=\"http:\/\/amqueretaro.com\/queretaro\/2016\/02\/29\/no-van-a-quitar-el-dedo-del-renglon-contra-gasolinera\" target=\"_blank\">amqueretaro.com\/queretaro\/2016\/02\/29\/no-van-a-quitar-el-dedo-del-renglon-contra-gasolinera<\/a><\/p>\n","protected":false},"excerpt":{"rendered":"<p>Esmeralda Trueba\/AM Quer\u00e9taro Hace dos a\u00f1os, los vecinos de la colonia El Porvenir Quer\u00e9taro contaban con un parque con \u00e1rea verde, sin embargo, un d\u00eda de forma inesperada arrib\u00f3 maquinaria &hellip; <a href=\"https:\/\/www.grieta.org.mx\/index.php\/2016\/02\/29\/habitantes-de-el-porvenir-luchan-por-evitar-la-construccion-de-una-gasolinera\/\" class=\"more-link\">Leer m\u00e1s<\/a><\/p>\n","protected":false},"author":2,"featured_media":21928,"comment_status":"closed","ping_status":"open","sticky":false,"template":"","format":"standard","meta":{"ngg_post_thumbnail":0,"_jetpack_newsletter_access":"","_jetpack_dont_email_post_to_subs":false,"_jetpack_newsletter_tier_id":0,"_jetpack_memberships_contains_paywalled_content":false,"_jetpack_memberships_contains_paid_content":false,"footnotes":""},"categories":[80,359],"tags":[377,180],"class_list":["post-4899","post","type-post","status-publish","format-standard","has-post-thumbnail","hentry","category-cintillo","category-queretaro","tag-cambio-de-uso-de-suelo","tag-protesta","entry"],"jetpack_featured_media_url":"https:\/\/www.grieta.org.mx\/wp-content\/uploads\/2018\/03\/14524434_1106112876131411_958039263622046936_o.jpg","jetpack_sharing_enabled":true,"jetpack_shortlink":"https:\/\/wp.me\/p7ZJR4-1h1","jetpack_likes_enabled":false,"jetpack-related-posts":[{"id":4895,"url":"https:\/\/www.grieta.org.mx\/index.php\/2016\/03\/16\/protestas-contra-gasolineras-en-queretaro\/","url_meta":{"origin":4899,"position":0},"title":"Protestas contra gasolineras en Quer\u00e9taro","author":"grieta","date":"16 marzo, 2016","format":false,"excerpt":"16\/03\/16. Vecinos de Tequisquiapan rechazan gasolinera El Universal 29\/02\/16. Habitantes de El Porvenir luchan por evitar la construcci\u00f3n de una gasolinera AM Quer\u00e9taro 22\/11\/15. Contin\u00faan acciones en el Fraccionamiento Santiago contra gasolinera AM Quer\u00e9taro 15\/11\/15. Vecinos de la colonia El Porvenir protestan contra gasolinera Tribuna de Quer\u00e9taro 16\/10\/15. Colonos de\u2026","rel":"","context":"En &quot;NOTICIAS NACIONALES&quot;","block_context":{"text":"NOTICIAS NACIONALES","link":"https:\/\/www.grieta.org.mx\/index.php\/category\/noticias-nacionales\/"},"img":{"alt_text":"","src":"https:\/\/i0.wp.com\/www.grieta.org.mx\/wp-content\/uploads\/2018\/03\/14524434_1106112876131411_958039263622046936_o.jpg?resize=350%2C200&ssl=1","width":350,"height":200,"srcset":"https:\/\/i0.wp.com\/www.grieta.org.mx\/wp-content\/uploads\/2018\/03\/14524434_1106112876131411_958039263622046936_o.jpg?resize=350%2C200&ssl=1 1x, https:\/\/i0.wp.com\/www.grieta.org.mx\/wp-content\/uploads\/2018\/03\/14524434_1106112876131411_958039263622046936_o.jpg?resize=525%2C300&ssl=1 1.5x, https:\/\/i0.wp.com\/www.grieta.org.mx\/wp-content\/uploads\/2018\/03\/14524434_1106112876131411_958039263622046936_o.jpg?resize=700%2C400&ssl=1 2x"},"classes":[]},{"id":4906,"url":"https:\/\/www.grieta.org.mx\/index.php\/2015\/11\/15\/vecinos-de-la-colonia-el-porvenir-protestan-contra-gasolinera\/","url_meta":{"origin":4899,"position":1},"title":"Vecinos de la colonia El Porvenir protestan contra gasolinera","author":"grieta","date":"15 noviembre, 2015","format":false,"excerpt":"Aurora Vizca\u00edno Ruiz\/Tribuna de Quer\u00e9taro Anteriormente hab\u00edan conseguido la clausura de la gasolinera. Sin embargo, los sellos fueron removidos y la obra prosigui\u00f3 Habitantes de la calle Felipe \u00c1ngeles, en la colonia El Porvenir, se manifestaron nuevamente en contra de la instalaci\u00f3n y construcci\u00f3n de una gasolinera. \u201cAntes hab\u00eda \u00e1reas\u2026","rel":"","context":"En &quot;CINTILLO&quot;","block_context":{"text":"CINTILLO","link":"https:\/\/www.grieta.org.mx\/index.php\/category\/cintillo\/"},"img":{"alt_text":"","src":"https:\/\/i0.wp.com\/www.grieta.org.mx\/wp-content\/uploads\/2018\/03\/14524434_1106112876131411_958039263622046936_o.jpg?resize=350%2C200&ssl=1","width":350,"height":200,"srcset":"https:\/\/i0.wp.com\/www.grieta.org.mx\/wp-content\/uploads\/2018\/03\/14524434_1106112876131411_958039263622046936_o.jpg?resize=350%2C200&ssl=1 1x, https:\/\/i0.wp.com\/www.grieta.org.mx\/wp-content\/uploads\/2018\/03\/14524434_1106112876131411_958039263622046936_o.jpg?resize=525%2C300&ssl=1 1.5x, https:\/\/i0.wp.com\/www.grieta.org.mx\/wp-content\/uploads\/2018\/03\/14524434_1106112876131411_958039263622046936_o.jpg?resize=700%2C400&ssl=1 2x"},"classes":[]},{"id":4907,"url":"https:\/\/www.grieta.org.mx\/index.php\/2015\/10\/16\/colonos-de-el-porvenir-piden-frenar-construccion-de-gasolineria\/","url_meta":{"origin":4899,"position":2},"title":"Colonos de El Porvenir piden frenar construcci\u00f3n de gasoliner\u00eda","author":"grieta","date":"16 octubre, 2015","format":false,"excerpt":"Francisco Vel\u00e1zquez\/AM Quer\u00e9taro Vecinos del fraccionamiento El Porvenir de la capital del estado afirman que la gasoliner\u00eda representa un riesgo para por lo menos 185 viviendas que se encuentran en los alrededores La presidenta de colonos de El Porvenir, Mar\u00eda Pueblito Olvera Acosta, fraccionamiento ubicado en la capital de Quer\u00e9taro,\u2026","rel":"","context":"En &quot;CINTILLO&quot;","block_context":{"text":"CINTILLO","link":"https:\/\/www.grieta.org.mx\/index.php\/category\/cintillo\/"},"img":{"alt_text":"","src":"https:\/\/i0.wp.com\/www.grieta.org.mx\/wp-content\/uploads\/2018\/03\/14524434_1106112876131411_958039263622046936_o.jpg?resize=350%2C200&ssl=1","width":350,"height":200,"srcset":"https:\/\/i0.wp.com\/www.grieta.org.mx\/wp-content\/uploads\/2018\/03\/14524434_1106112876131411_958039263622046936_o.jpg?resize=350%2C200&ssl=1 1x, https:\/\/i0.wp.com\/www.grieta.org.mx\/wp-content\/uploads\/2018\/03\/14524434_1106112876131411_958039263622046936_o.jpg?resize=525%2C300&ssl=1 1.5x, https:\/\/i0.wp.com\/www.grieta.org.mx\/wp-content\/uploads\/2018\/03\/14524434_1106112876131411_958039263622046936_o.jpg?resize=700%2C400&ssl=1 2x"},"classes":[]},{"id":4909,"url":"https:\/\/www.grieta.org.mx\/index.php\/2015\/07\/24\/vecinos-del-fraccionamiento-santiago-bloquean-avenida-en-protesta-por-gasolinera\/","url_meta":{"origin":4899,"position":3},"title":"Vecinos del Fraccionamiento Santiago bloquean avenida en protesta por gasolinera","author":"grieta","date":"24 julio, 2015","format":false,"excerpt":"Cecilia Conde\/AM Quer\u00e9taro La edificaci\u00f3n de una gasolinera en avenida 5 de febrero no contaba con las medidas de seguridad que marca el reglamento para la construcci\u00f3n en la capital Personal de la administraci\u00f3n municipal de Quer\u00e9taro suspendi\u00f3 la obra de la construcci\u00f3n de la gasolinera que se pretend\u00eda ubicar\u2026","rel":"","context":"En &quot;CINTILLO&quot;","block_context":{"text":"CINTILLO","link":"https:\/\/www.grieta.org.mx\/index.php\/category\/cintillo\/"},"img":{"alt_text":"","src":"https:\/\/i0.wp.com\/www.grieta.org.mx\/wp-content\/uploads\/2018\/03\/14524434_1106112876131411_958039263622046936_o.jpg?resize=350%2C200&ssl=1","width":350,"height":200,"srcset":"https:\/\/i0.wp.com\/www.grieta.org.mx\/wp-content\/uploads\/2018\/03\/14524434_1106112876131411_958039263622046936_o.jpg?resize=350%2C200&ssl=1 1x, https:\/\/i0.wp.com\/www.grieta.org.mx\/wp-content\/uploads\/2018\/03\/14524434_1106112876131411_958039263622046936_o.jpg?resize=525%2C300&ssl=1 1.5x, https:\/\/i0.wp.com\/www.grieta.org.mx\/wp-content\/uploads\/2018\/03\/14524434_1106112876131411_958039263622046936_o.jpg?resize=700%2C400&ssl=1 2x"},"classes":[]},{"id":4908,"url":"https:\/\/www.grieta.org.mx\/index.php\/2015\/09\/10\/se-manifiestan-vecinos-en-corregidora-por-gasolinera-cercana-a-3-escuelas\/","url_meta":{"origin":4899,"position":4},"title":"Se manifiestan vecinos en Corregidora por gasolinera cercana a 3 escuelas","author":"grieta","date":"10 septiembre, 2015","format":false,"excerpt":"Montserrat M\u00e1rquez\/AM Quer\u00e9taro Inconformes denunciaron que el predio en Corregidora destinado para una gasolinera tiene una suspensi\u00f3n de la Semarnat que proh\u00edbe su puesta en marcha y operaci\u00f3n La ma\u00f1ana de este jueves, vecinos de la colonia Reforma Agraria mostraron su inconformidad ante la construcci\u00f3n de una gasolinera sobre Boulevard\u2026","rel":"","context":"En &quot;CINTILLO&quot;","block_context":{"text":"CINTILLO","link":"https:\/\/www.grieta.org.mx\/index.php\/category\/cintillo\/"},"img":{"alt_text":"","src":"https:\/\/i0.wp.com\/www.grieta.org.mx\/wp-content\/uploads\/2018\/03\/14524434_1106112876131411_958039263622046936_o.jpg?resize=350%2C200&ssl=1","width":350,"height":200,"srcset":"https:\/\/i0.wp.com\/www.grieta.org.mx\/wp-content\/uploads\/2018\/03\/14524434_1106112876131411_958039263622046936_o.jpg?resize=350%2C200&ssl=1 1x, https:\/\/i0.wp.com\/www.grieta.org.mx\/wp-content\/uploads\/2018\/03\/14524434_1106112876131411_958039263622046936_o.jpg?resize=525%2C300&ssl=1 1.5x, https:\/\/i0.wp.com\/www.grieta.org.mx\/wp-content\/uploads\/2018\/03\/14524434_1106112876131411_958039263622046936_o.jpg?resize=700%2C400&ssl=1 2x"},"classes":[]},{"id":4896,"url":"https:\/\/www.grieta.org.mx\/index.php\/2016\/03\/16\/vecinos-de-tequisquiapan-rechazan-gasolinera\/","url_meta":{"origin":4899,"position":5},"title":"Vecinos de Tequisquiapan rechazan gasolinera","author":"grieta","date":"16 marzo, 2016","format":false,"excerpt":"Norma Ayala\/El Universal Habitantes del municipio de Tequisquiapan expresaron su inconformidad por la instalaci\u00f3n de una gasolinera, la numero 10 en el ayuntamiento, pues acusaron que la distribuidora de combustible pone en riesgo a alrededor de 460 familias de la zona, y a m\u00e1s de 2 mil alumnos, ya que\u2026","rel":"","context":"En &quot;CINTILLO&quot;","block_context":{"text":"CINTILLO","link":"https:\/\/www.grieta.org.mx\/index.php\/category\/cintillo\/"},"img":{"alt_text":"","src":"https:\/\/i0.wp.com\/www.grieta.org.mx\/wp-content\/uploads\/2018\/03\/14524434_1106112876131411_958039263622046936_o.jpg?resize=350%2C200&ssl=1","width":350,"height":200,"srcset":"https:\/\/i0.wp.com\/www.grieta.org.mx\/wp-content\/uploads\/2018\/03\/14524434_1106112876131411_958039263622046936_o.jpg?resize=350%2C200&ssl=1 1x, https:\/\/i0.wp.com\/www.grieta.org.mx\/wp-content\/uploads\/2018\/03\/14524434_1106112876131411_958039263622046936_o.jpg?resize=525%2C300&ssl=1 1.5x, https:\/\/i0.wp.com\/www.grieta.org.mx\/wp-content\/uploads\/2018\/03\/14524434_1106112876131411_958039263622046936_o.jpg?resize=700%2C400&ssl=1 2x"},"classes":[]}],"_links":{"self":[{"href":"https:\/\/www.grieta.org.mx\/index.php\/wp-json\/wp\/v2\/posts\/4899","targetHints":{"allow":["GET"]}}],"collection":[{"href":"https:\/\/www.grieta.org.mx\/index.php\/wp-json\/wp\/v2\/posts"}],"about":[{"href":"https:\/\/www.grieta.org.mx\/index.php\/wp-json\/wp\/v2\/types\/post"}],"author":[{"embeddable":true,"href":"https:\/\/www.grieta.org.mx\/index.php\/wp-json\/wp\/v2\/users\/2"}],"replies":[{"embeddable":true,"href":"https:\/\/www.grieta.org.mx\/index.php\/wp-json\/wp\/v2\/comments?post=4899"}],"version-history":[{"count":1,"href":"https:\/\/www.grieta.org.mx\/index.php\/wp-json\/wp\/v2\/posts\/4899\/revisions"}],"predecessor-version":[{"id":4900,"href":"https:\/\/www.grieta.org.mx\/index.php\/wp-json\/wp\/v2\/posts\/4899\/revisions\/4900"}],"wp:featuredmedia":[{"embeddable":true,"href":"https:\/\/www.grieta.org.mx\/index.php\/wp-json\/wp\/v2\/media\/21928"}],"wp:attachment":[{"href":"https:\/\/www.grieta.org.mx\/index.php\/wp-json\/wp\/v2\/media?parent=4899"}],"wp:term":[{"taxonomy":"category","embeddable":true,"href":"https:\/\/www.grieta.org.mx\/index.php\/wp-json\/wp\/v2\/categories?post=4899"},{"taxonomy":"post_tag","embeddable":true,"href":"https:\/\/www.grieta.org.mx\/index.php\/wp-json\/wp\/v2\/tags?post=4899"}],"curies":[{"name":"wp","href":"https:\/\/api.w.org\/{rel}","templated":true}]}}