{"id":48973,"date":"2020-04-17T18:27:53","date_gmt":"2020-04-17T23:27:53","guid":{"rendered":"http:\/\/www.grieta.org.mx\/?p=48973"},"modified":"2020-05-12T19:02:00","modified_gmt":"2020-05-13T00:02:00","slug":"vendedores-del-tianguis-de-las-vias-bloquean-avenida-salvador-nava-slp","status":"publish","type":"post","link":"https:\/\/www.grieta.org.mx\/index.php\/2020\/04\/17\/vendedores-del-tianguis-de-las-vias-bloquean-avenida-salvador-nava-slp\/","title":{"rendered":"Vendedores del tianguis de Las V\u00edas bloquean avenida Salvador Nava (SLP)"},"content":{"rendered":"<p>Fabiola Ju\u00e1rez\/El Universal San Luis Potos\u00ed<br \/>\n17 abril 2020<\/p>\n<p><img loading=\"lazy\" decoding=\"async\" data-attachment-id=\"48974\" data-permalink=\"https:\/\/www.grieta.org.mx\/index.php\/2020\/04\/17\/vendedores-del-tianguis-de-las-vias-bloquean-avenida-salvador-nava-slp\/tianguistas\/\" data-orig-file=\"https:\/\/www.grieta.org.mx\/wp-content\/uploads\/2020\/05\/tianguistas.png\" data-orig-size=\"651,432\" data-comments-opened=\"0\" data-image-meta=\"{&quot;aperture&quot;:&quot;0&quot;,&quot;credit&quot;:&quot;&quot;,&quot;camera&quot;:&quot;&quot;,&quot;caption&quot;:&quot;&quot;,&quot;created_timestamp&quot;:&quot;0&quot;,&quot;copyright&quot;:&quot;&quot;,&quot;focal_length&quot;:&quot;0&quot;,&quot;iso&quot;:&quot;0&quot;,&quot;shutter_speed&quot;:&quot;0&quot;,&quot;title&quot;:&quot;&quot;,&quot;orientation&quot;:&quot;0&quot;}\" data-image-title=\"tianguistas\" data-image-description=\"\" data-image-caption=\"\" data-medium-file=\"https:\/\/www.grieta.org.mx\/wp-content\/uploads\/2020\/05\/tianguistas-300x199.png\" data-large-file=\"https:\/\/www.grieta.org.mx\/wp-content\/uploads\/2020\/05\/tianguistas.png\" class=\"aligncenter size-full wp-image-48974\" src=\"http:\/\/www.grieta.org.mx\/wp-content\/uploads\/2020\/05\/tianguistas.png\" alt=\"\" width=\"651\" height=\"432\" srcset=\"https:\/\/www.grieta.org.mx\/wp-content\/uploads\/2020\/05\/tianguistas.png 651w, https:\/\/www.grieta.org.mx\/wp-content\/uploads\/2020\/05\/tianguistas-300x199.png 300w\" sizes=\"auto, (max-width: 651px) 100vw, 651px\" \/><\/p>\n<p>Un grupo de comerciantes del tianguis Las V\u00edas bloque\u00f3 el paso vehicular de Salvador Nava, a la altura de la Unidad Administrativa Municipal, para exigir al ayuntamiento la entrega de apoyo por la contingencia sanitaria.<\/p>\n<p>La manifestaci\u00f3n inici\u00f3 alrededor de las 11:00 horas y hasta este momento la circulaci\u00f3n permanece cerrada.<\/p>\n<p>Como EL UNIVERSAL San Luis Potos\u00ed report\u00f3 el pasado domingo, las autoridades de la capital potosina prohibieron la instalaci\u00f3n de este mercado sobre ruedas en seguimiento a las medidas sanitarias.<\/p>\n<p>Los vendedores se rehusaron y, debido a la presencia policial, optaron por retirarse de la avenida Hern\u00e1n Cort\u00e9s con la promesa de llegar a un acuerdo; sin embargo, han transcurrido 12 d\u00edas e indican que a\u00fan no hay muestras de apoyo por parte de la administraci\u00f3n navista.<\/p>\n<p>etp<\/p>\n<p><a href=\"https:\/\/sanluis.eluniversal.com.mx\/metropoli\/17-04-2020\/vendedores-del-tianguis-de-las-vias-bloquean-avenida-salvador-nava?fbclid=IwAR0fb7uEXLmMgGikH7aVwunAjPkdCoyWbvh6s0sXbpWC2bESHjqVy338xmk\" target=\"_blank\" rel=\"noopener noreferrer\">https:\/\/sanluis.eluniversal.com.mx\/metropoli\/17-04-2020\/vendedores-del-tianguis-de-las-vias-bloquean-avenida-salvador-nava?fbclid=IwAR0fb7uEXLmMgGikH7aVwunAjPkdCoyWbvh6s0sXbpWC2bESHjqVy338xmk<\/a><\/p>\n","protected":false},"excerpt":{"rendered":"<p>Fabiola Ju\u00e1rez\/El Universal San Luis Potos\u00ed 17 abril 2020 Un grupo de comerciantes del tianguis Las V\u00edas bloque\u00f3 el paso vehicular de Salvador Nava, a la altura de la Unidad &hellip; <a href=\"https:\/\/www.grieta.org.mx\/index.php\/2020\/04\/17\/vendedores-del-tianguis-de-las-vias-bloquean-avenida-salvador-nava-slp\/\" class=\"more-link\">Leer m\u00e1s<\/a><\/p>\n","protected":false},"author":2,"featured_media":48974,"comment_status":"closed","ping_status":"closed","sticky":false,"template":"","format":"standard","meta":{"ngg_post_thumbnail":0,"_jetpack_newsletter_access":"","_jetpack_dont_email_post_to_subs":false,"_jetpack_newsletter_tier_id":0,"_jetpack_memberships_contains_paywalled_content":false,"_jetpack_memberships_contains_paid_content":false,"footnotes":""},"categories":[80,3305,2,29],"tags":[3241,3291],"class_list":["post-48973","post","type-post","status-publish","format-standard","has-post-thumbnail","hentry","category-cintillo","category-covid-19-en-san-luis-potosi","category-noticias-nacionales","category-san-luis-potosi","tag-covid-19","tag-protestas-de-comerciantes","entry"],"jetpack_featured_media_url":"https:\/\/www.grieta.org.mx\/wp-content\/uploads\/2020\/05\/tianguistas.png","jetpack_sharing_enabled":true,"jetpack_shortlink":"https:\/\/wp.me\/p7ZJR4-cJT","jetpack_likes_enabled":false,"jetpack-related-posts":[{"id":49259,"url":"https:\/\/www.grieta.org.mx\/index.php\/2020\/04\/24\/policias-enfrentan-a-comerciantes-mientras-san-luis-sufre-ataques-armados\/","url_meta":{"origin":48973,"position":0},"title":"Polic\u00edas enfrentan a comerciantes mientras San Luis sufre ataques armados","author":"grieta","date":"24 abril, 2020","format":false,"excerpt":"Redacci\u00f3n\/C\u00f3digo San Luis 24 abril 2020 * Agentes municipales agreden a vendedores de comida en la Delegaci\u00f3n de La Pila * El pasado jueves, en menos de una hora, la ciudad registr\u00f3 tres ataques armados Mientras que la capital potosina se encuentra al rojo vivo y sufre los estragos de\u2026","rel":"","context":"En &quot;CINTILLO&quot;","block_context":{"text":"CINTILLO","link":"https:\/\/www.grieta.org.mx\/index.php\/category\/cintillo\/"},"img":{"alt_text":"","src":"https:\/\/i0.wp.com\/www.grieta.org.mx\/wp-content\/uploads\/2020\/05\/policias.jpg?resize=350%2C200&ssl=1","width":350,"height":200,"srcset":"https:\/\/i0.wp.com\/www.grieta.org.mx\/wp-content\/uploads\/2020\/05\/policias.jpg?resize=350%2C200&ssl=1 1x, https:\/\/i0.wp.com\/www.grieta.org.mx\/wp-content\/uploads\/2020\/05\/policias.jpg?resize=525%2C300&ssl=1 1.5x"},"classes":[]},{"id":31980,"url":"https:\/\/www.grieta.org.mx\/index.php\/2019\/04\/10\/desalojan-a-docentes-de-ingles-responden-con-bloqueo-en-la-57-san-luis-potosi\/","url_meta":{"origin":48973,"position":1},"title":"Desalojan a docentes de ingl\u00e9s; responden con bloqueo en la 57 (San Luis Potos\u00ed)","author":"grieta","date":"10 abril, 2019","format":false,"excerpt":"Rub\u00e9n Pacheco \/ Pulso SEGE presenta denuncia por privaci\u00f3n ilegal de la libertad Alrededor de 50 profesores del Programa Nacional de ingl\u00e9s (Proni), bloquearon dos carriles de la carretera 57 con direcci\u00f3n de poniente a oriente a la altura de la Terminal Terrestre Potosina (TTP). Los docentes se ubicaron en\u2026","rel":"","context":"En &quot;CINTILLO&quot;","block_context":{"text":"CINTILLO","link":"https:\/\/www.grieta.org.mx\/index.php\/category\/cintillo\/"},"img":{"alt_text":"","src":"https:\/\/i0.wp.com\/www.grieta.org.mx\/wp-content\/uploads\/2019\/04\/Desalojan-a-docentes-de-ingl%C3%A9s-responden-con-bloqueo-en-la-57-slp-abr.jpg?resize=350%2C200&ssl=1","width":350,"height":200,"srcset":"https:\/\/i0.wp.com\/www.grieta.org.mx\/wp-content\/uploads\/2019\/04\/Desalojan-a-docentes-de-ingl%C3%A9s-responden-con-bloqueo-en-la-57-slp-abr.jpg?resize=350%2C200&ssl=1 1x, https:\/\/i0.wp.com\/www.grieta.org.mx\/wp-content\/uploads\/2019\/04\/Desalojan-a-docentes-de-ingl%C3%A9s-responden-con-bloqueo-en-la-57-slp-abr.jpg?resize=525%2C300&ssl=1 1.5x"},"classes":[]},{"id":30559,"url":"https:\/\/www.grieta.org.mx\/index.php\/2019\/03\/11\/preocupa-en-matehuala-indice-de-feminicidios-san-luis-potosi\/","url_meta":{"origin":48973,"position":2},"title":"Preocupa en Matehuala, \u00edndice de feminicidios (San Luis Potos\u00ed)","author":"grieta","date":"11 marzo, 2019","format":false,"excerpt":"Alejandra M\u00e9ndez \/ El Sol de San Luis Como primera actividad de la red, en conmemoraci\u00f3n del 8 de marzo, se emprendi\u00f3 un taller de de defensa personal dirigido a las mujeres Un grupo profesionistas de la Universidad de Matehuala, se integraron para conformar la red de mujeres al servicio\u2026","rel":"","context":"En &quot;CINTILLO&quot;","block_context":{"text":"CINTILLO","link":"https:\/\/www.grieta.org.mx\/index.php\/category\/cintillo\/"},"img":{"alt_text":"","src":"https:\/\/i0.wp.com\/www.grieta.org.mx\/wp-content\/uploads\/2019\/03\/Preocupa-en-Matehuala-%C3%ADndice-de-feminicidios-slp-mzo.jpg?resize=350%2C200&ssl=1","width":350,"height":200,"srcset":"https:\/\/i0.wp.com\/www.grieta.org.mx\/wp-content\/uploads\/2019\/03\/Preocupa-en-Matehuala-%C3%ADndice-de-feminicidios-slp-mzo.jpg?resize=350%2C200&ssl=1 1x, https:\/\/i0.wp.com\/www.grieta.org.mx\/wp-content\/uploads\/2019\/03\/Preocupa-en-Matehuala-%C3%ADndice-de-feminicidios-slp-mzo.jpg?resize=525%2C300&ssl=1 1.5x, https:\/\/i0.wp.com\/www.grieta.org.mx\/wp-content\/uploads\/2019\/03\/Preocupa-en-Matehuala-%C3%ADndice-de-feminicidios-slp-mzo.jpg?resize=700%2C400&ssl=1 2x"},"classes":[]},{"id":50383,"url":"https:\/\/www.grieta.org.mx\/index.php\/2020\/06\/04\/anuncian-cancelacion-de-la-marcha-lgbttti-en-san-luis-potosi\/","url_meta":{"origin":48973,"position":3},"title":"Anuncian cancelaci\u00f3n de la marcha LGBTTTI en San Luis Potos\u00ed","author":"grieta","date":"4 junio, 2020","format":false,"excerpt":"Redacci\u00f3n\/El Universal San Luis Potos\u00ed 4 junio 2020 Comit\u00e9 organizador llama a participantes a sumarse, a trav\u00e9s de diferentes plataformas y redes sociales, para conmemorar y celebrar el #OrgulloenCasa Foto tomada de Facebook El Comit\u00e9 de la Marcha por los Derechos y la Diversidad LGBT+ San Luis inform\u00f3 que, debido\u2026","rel":"","context":"En &quot;CINTILLO&quot;","block_context":{"text":"CINTILLO","link":"https:\/\/www.grieta.org.mx\/index.php\/category\/cintillo\/"},"img":{"alt_text":"","src":"https:\/\/i0.wp.com\/www.grieta.org.mx\/wp-content\/uploads\/2020\/06\/marcha-orgullo.png?resize=350%2C200&ssl=1","width":350,"height":200,"srcset":"https:\/\/i0.wp.com\/www.grieta.org.mx\/wp-content\/uploads\/2020\/06\/marcha-orgullo.png?resize=350%2C200&ssl=1 1x, https:\/\/i0.wp.com\/www.grieta.org.mx\/wp-content\/uploads\/2020\/06\/marcha-orgullo.png?resize=525%2C300&ssl=1 1.5x"},"classes":[]},{"id":32868,"url":"https:\/\/www.grieta.org.mx\/index.php\/2019\/04\/15\/protesta-por-falta-de-agua-causa-caos-vial-en-avenida-universidad-san-luis-potosi\/","url_meta":{"origin":48973,"position":4},"title":"Protesta por falta de agua causa caos vial en avenida Universidad. (San Luis Potos\u00ed)","author":"grieta","date":"15 abril, 2019","format":false,"excerpt":"Antena San Luis Decenas de personas se manifestaron hoy en avenida Universidad, para exigir agua en sus colonias. La protesta provoc\u00f3 gran caos vial desde el distribuidor Ju\u00e1rez, mientras el contingente avanzaba con direcci\u00f3n hacia el primer cuadro de la ciudad. En la protesta participaron habitantes de colonias como La\u2026","rel":"","context":"En &quot;CINTILLO&quot;","block_context":{"text":"CINTILLO","link":"https:\/\/www.grieta.org.mx\/index.php\/category\/cintillo\/"},"img":{"alt_text":"","src":"https:\/\/i0.wp.com\/www.grieta.org.mx\/wp-content\/uploads\/2019\/05\/Protesta-por-falta-de-agua-causa-caos-vial-en-avenida-Universidad.-slp-may.jpeg?resize=350%2C200&ssl=1","width":350,"height":200,"srcset":"https:\/\/i0.wp.com\/www.grieta.org.mx\/wp-content\/uploads\/2019\/05\/Protesta-por-falta-de-agua-causa-caos-vial-en-avenida-Universidad.-slp-may.jpeg?resize=350%2C200&ssl=1 1x, https:\/\/i0.wp.com\/www.grieta.org.mx\/wp-content\/uploads\/2019\/05\/Protesta-por-falta-de-agua-causa-caos-vial-en-avenida-Universidad.-slp-may.jpeg?resize=525%2C300&ssl=1 1.5x, https:\/\/i0.wp.com\/www.grieta.org.mx\/wp-content\/uploads\/2019\/05\/Protesta-por-falta-de-agua-causa-caos-vial-en-avenida-Universidad.-slp-may.jpeg?resize=700%2C400&ssl=1 2x"},"classes":[]},{"id":24513,"url":"https:\/\/www.grieta.org.mx\/index.php\/2018\/07\/11\/protestan-jubilados-del-issste-san-luis-potosi\/","url_meta":{"origin":48973,"position":5},"title":"Protestan jubilados del ISSSTE (San Luis Potos\u00ed)","author":"grieta","date":"11 julio, 2018","format":false,"excerpt":"Sergio Mar\u00edn \/ El Universal Denuncian descuento ilegal en el pago de sus prestaciones; demandan mejores servicios m\u00e9dicos Un grupo de aproximadamente 30 pensionados adheridos a la secci\u00f3n 26 del SNTE, se manifestaron en la delegaci\u00f3n del ISSSTE para demandar el cumplimiento de una serie de prestaciones y exigir la\u2026","rel":"","context":"En &quot;CINTILLO&quot;","block_context":{"text":"CINTILLO","link":"https:\/\/www.grieta.org.mx\/index.php\/category\/cintillo\/"},"img":{"alt_text":"","src":"https:\/\/i0.wp.com\/www.grieta.org.mx\/wp-content\/uploads\/2018\/07\/Protestan-jubilados-del-ISSSTE-1.jpg?resize=350%2C200&ssl=1","width":350,"height":200,"srcset":"https:\/\/i0.wp.com\/www.grieta.org.mx\/wp-content\/uploads\/2018\/07\/Protestan-jubilados-del-ISSSTE-1.jpg?resize=350%2C200&ssl=1 1x, https:\/\/i0.wp.com\/www.grieta.org.mx\/wp-content\/uploads\/2018\/07\/Protestan-jubilados-del-ISSSTE-1.jpg?resize=525%2C300&ssl=1 1.5x"},"classes":[]}],"_links":{"self":[{"href":"https:\/\/www.grieta.org.mx\/index.php\/wp-json\/wp\/v2\/posts\/48973","targetHints":{"allow":["GET"]}}],"collection":[{"href":"https:\/\/www.grieta.org.mx\/index.php\/wp-json\/wp\/v2\/posts"}],"about":[{"href":"https:\/\/www.grieta.org.mx\/index.php\/wp-json\/wp\/v2\/types\/post"}],"author":[{"embeddable":true,"href":"https:\/\/www.grieta.org.mx\/index.php\/wp-json\/wp\/v2\/users\/2"}],"replies":[{"embeddable":true,"href":"https:\/\/www.grieta.org.mx\/index.php\/wp-json\/wp\/v2\/comments?post=48973"}],"version-history":[{"count":1,"href":"https:\/\/www.grieta.org.mx\/index.php\/wp-json\/wp\/v2\/posts\/48973\/revisions"}],"predecessor-version":[{"id":48976,"href":"https:\/\/www.grieta.org.mx\/index.php\/wp-json\/wp\/v2\/posts\/48973\/revisions\/48976"}],"wp:featuredmedia":[{"embeddable":true,"href":"https:\/\/www.grieta.org.mx\/index.php\/wp-json\/wp\/v2\/media\/48974"}],"wp:attachment":[{"href":"https:\/\/www.grieta.org.mx\/index.php\/wp-json\/wp\/v2\/media?parent=48973"}],"wp:term":[{"taxonomy":"category","embeddable":true,"href":"https:\/\/www.grieta.org.mx\/index.php\/wp-json\/wp\/v2\/categories?post=48973"},{"taxonomy":"post_tag","embeddable":true,"href":"https:\/\/www.grieta.org.mx\/index.php\/wp-json\/wp\/v2\/tags?post=48973"}],"curies":[{"name":"wp","href":"https:\/\/api.w.org\/{rel}","templated":true}]}}