{"id":48961,"date":"2020-05-12T14:15:48","date_gmt":"2020-05-12T19:15:48","guid":{"rendered":"http:\/\/www.grieta.org.mx\/?p=48961"},"modified":"2020-05-12T14:15:48","modified_gmt":"2020-05-12T19:15:48","slug":"demanda-fundenl-que-siga-viva-su-lucha-y-alcanzar-justicia-nuevo-leon","status":"publish","type":"post","link":"https:\/\/www.grieta.org.mx\/index.php\/2020\/05\/12\/demanda-fundenl-que-siga-viva-su-lucha-y-alcanzar-justicia-nuevo-leon\/","title":{"rendered":"Demanda FUNDENL que siga viva su lucha y alcanzar justicia (Nuevo Le\u00f3n)"},"content":{"rendered":"<figure id=\"attachment_48962\" aria-describedby=\"caption-attachment-48962\" style=\"width: 800px\" class=\"wp-caption aligncenter\"><img loading=\"lazy\" decoding=\"async\" data-attachment-id=\"48962\" data-permalink=\"https:\/\/www.grieta.org.mx\/index.php\/2020\/05\/12\/demanda-fundenl-que-siga-viva-su-lucha-y-alcanzar-justicia-nuevo-leon\/cover8\/\" data-orig-file=\"https:\/\/www.grieta.org.mx\/wp-content\/uploads\/2020\/05\/cover8.jpg\" data-orig-size=\"1280,960\" data-comments-opened=\"0\" data-image-meta=\"{&quot;aperture&quot;:&quot;0&quot;,&quot;credit&quot;:&quot;&quot;,&quot;camera&quot;:&quot;&quot;,&quot;caption&quot;:&quot;&quot;,&quot;created_timestamp&quot;:&quot;0&quot;,&quot;copyright&quot;:&quot;&quot;,&quot;focal_length&quot;:&quot;0&quot;,&quot;iso&quot;:&quot;0&quot;,&quot;shutter_speed&quot;:&quot;0&quot;,&quot;title&quot;:&quot;&quot;,&quot;orientation&quot;:&quot;0&quot;}\" data-image-title=\"cover8\" data-image-description=\"\" data-image-caption=\"&lt;p&gt;Protesta&lt;\/p&gt;\n\" data-medium-file=\"https:\/\/www.grieta.org.mx\/wp-content\/uploads\/2020\/05\/cover8-300x225.jpg\" data-large-file=\"https:\/\/www.grieta.org.mx\/wp-content\/uploads\/2020\/05\/cover8-1024x768.jpg\" class=\"wp-image-48962\" src=\"http:\/\/www.grieta.org.mx\/wp-content\/uploads\/2020\/05\/cover8.jpg\" alt=\"\" width=\"800\" height=\"600\" srcset=\"https:\/\/www.grieta.org.mx\/wp-content\/uploads\/2020\/05\/cover8.jpg 1280w, https:\/\/www.grieta.org.mx\/wp-content\/uploads\/2020\/05\/cover8-300x225.jpg 300w, https:\/\/www.grieta.org.mx\/wp-content\/uploads\/2020\/05\/cover8-768x576.jpg 768w, https:\/\/www.grieta.org.mx\/wp-content\/uploads\/2020\/05\/cover8-1024x768.jpg 1024w, https:\/\/www.grieta.org.mx\/wp-content\/uploads\/2020\/05\/cover8-667x500.jpg 667w\" sizes=\"auto, (max-width: 800px) 100vw, 800px\" \/><figcaption id=\"caption-attachment-48962\" class=\"wp-caption-text\">Protesta<\/figcaption><\/figure>\n<p><strong>Al sentirse olvidados por las autoridades de justicia.<\/strong><\/p>\n<p>EL PORVENIR<\/p>\n<p>Al sentirse olvidados por las autoridades de justicia, integrantes de la Fundaci\u00f3n de FUNDENL, en b\u00fasqueda por los desparecidos, demandan que sus lucha siga viva, en especial por la fe de que se les haga justicia.<br \/>\nEn este tema Lety Hidalgo refiri\u00f3 que la b\u00fasqueda de una mejor justicia de sus hijos, familiares y amigos siguen, pues &#8220;Vivos se los llevaron&#8221;, &#8220;Vivos los queremos&#8221;.<\/p>\n<p>En su lucha social y pese a la pandemia del Covid-19, los anhelos de dar con los desaparecidos persisten, y es as\u00ed como en este mes de las madres, demandan que las autoridades sigan en su haber legal actuando en estas tareas.<\/p>\n<p>&#8220;La B\u00fasqueda por parte de las familias no para y nuestra exigencia hacia el Estado tampoco&#8230;.Nos siguen faltando nuestras hijas e hijos, nos siguen faltando m\u00e1s de 61,000 Personas Desaparecidas en M\u00e9xico&#8221;.<\/p>\n<p>Dijo que desde el pasado 10 de mayo, su marcha se traslada a las redes, un cubrebocas no nos calla. Exigimos la localizaci\u00f3n de nuestras hijas, hijos y dem\u00e1s familiares, as\u00ed como Verdad y Justicia.<\/p>\n<p>&#8220;Hoy, queremos denunciar que el Estado nos pide no salir de casa, pero los delincuentes siguen en las calles y nos siguen desapareciendo. Nuevo Le\u00f3n, seg\u00fan datos de la Secretar\u00eda de Gobernaci\u00f3n en su publicaci\u00f3n &#8220;Observaciones sobre Violaciones a Derechos Humanos durante Contingencia Sanitaria por COVID-19&#8243; es segundo lugar en casos de Desaparici\u00f3n de Personas&#8221;.<\/p>\n<p>Y es que en este diagn\u00f3stico, se menciona que Nuevo Le\u00f3n tuvo 21 casos en el mes de marzo del presente a\u00f1o, sin embargo, s\u00f3lo contabilizan los casos de Privaci\u00f3n Ilegal de la Libertad; si sumamos todos los Delitos contra la Libertad, Nuevo Le\u00f3n tiene 34 casos en marzo de 2020.<\/p>\n<p>Adem\u00e1s de eso, de acuerdo a un an\u00e1lisis que realizamos sobre los delitos contra la libertad durante el primer trimestre del a\u00f1o en Nuevo Le\u00f3n, Enero y Febrero presentaron el mayor n\u00famero de casos en los \u00faltimos diez a\u00f1os.<\/p>\n<p>&#8220;Nosotras, las Fuerzas Unidas por Nuestros Desaparecidos en Nuevo Le\u00f3n, no hemos parado, seguimos busc\u00e1ndoles con las medidas sanitarias recomendadas, parar para nosotras ser\u00eda morir. En este periodo de contingencia, hemos seguido trabajando v\u00eda remota, por tel\u00e9fono y en situaciones esenciales presencialmente&#8221;.<\/p>\n<p>As\u00ed se han sumado a acciones como las de 23 de marzo una madre de FUNDENL localiz\u00f3 sin vida a su propio hijo; y el 04 de abril, con la ayuda de la poblaci\u00f3n, pudimos localizar con vida a un joven de Nuevo Le\u00f3n desaparecido en Canc\u00fan, Quintana Roo.<\/p>\n<p>Y es que existen muchas obligaciones y tareas pendientes por parte de las instituciones que pudieran trabajar desde sus hogares, la contingencia sanitaria no deber\u00eda ser un obst\u00e1culo para seguir Busc\u00e1ndoles, y una vez que finalice la pandemia, salir a Encontrarles.<\/p>\n<p>&#8220;Por lo tanto, reiteramos nuestra exigencia del comunicado emitido el 06 de abril, donde puntualizamos las acciones que deben de estar realizando las instituciones. Los Registros Estatal y Nacional de Personas Desaparecidas, el An\u00e1lisis de Contexto, la Red Macrocriminal, los Programas Estatal y Nacional de B\u00fasqueda, los Protocolos, los Registros de hallazgos en fosas, etc. son s\u00f3lo algunos ejemplos de los insumos que deben de presentar las instituciones en cuanto termine la contingencia sanitaria&#8221;.<\/p>\n<p>Pero igual demandan estas acciones en todos los estados, en especial en Nuevo Le\u00f3n, Tamaulipas, Coahuila y San Luis Potos\u00ed, donde por el comportamiento del crimen organizado creen que bien y sus hijos pudieran estar en algunas de estas localidades.<\/p>\n<p>&#8220;Demandamos de la Fiscal\u00eda General de la Rep\u00fablica, Fiscal\u00eda General de Justicia de Nuevo Le\u00f3n, Comisi\u00f3n Nacional de B\u00fasqueda, Comisi\u00f3n Estatal de B\u00fasqueda de Nuevo Le\u00f3n: \u00bfD\u00f3nde est\u00e1n nuestras hijas e hijos desaparecidos? \u00bfD\u00f3nde est\u00e1n las m\u00e1s de 61,000 Personas Desaparecidas en todo M\u00e9xico?&#8221;.<\/p>\n<p>Y es que las Fuerzas Unidas por Nuestros Desaparecidos en Nuevo Le\u00f3n, A.C. dijeron que no hay nada que celebrar, porque a\u00fan no se contesta la pregunta de \u00bfD\u00f3nde Est\u00e1n? Y es as\u00ed como mantienen sus corazones en marcha, aunque ahora sea una marcha digital.<\/p>\n<p>Adem\u00e1s de ello en medio de la emergencia sanitaria por el Covid-19 no debe ser usada como pretexto por las autoridades mexicanas para no hacer ning\u00fan avance en la b\u00fasqueda de las personas v\u00edctimas de desaparici\u00f3n, pues mientras esta situaci\u00f3n se resuelve, podr\u00edan avanzar con trabajo de escritorio que no implican salir a campo.<\/p>\n<p>Dicho ello as\u00ed lo indicaron familiares de v\u00edctimas en un foro virtual organizado este martes por la Fundaci\u00f3n para la Justicia y el Estado Democr\u00e1tico de Derecho, quienes lamentaron que la amenaza del coronavirus ha recrudecido la realidad que ya viv\u00edan, en cuanto a la ausencia casi total de acciones de b\u00fasqueda de sus seres queridos.<\/p>\n<p>Leticia Hidalgo, integrante del colectivo Fuerzas Unidas por Nuestros Desaparecidos(as) en Nuevo Le\u00f3n (Fundenl), asever\u00f3 que el gobierno mexicano podr\u00eda seguir las labores de identificaci\u00f3n del paradero de las v\u00edctimas mediante trabajo como cruces de informaci\u00f3n o an\u00e1lisis de casos, pero las autoridades siempre responden que eso no es posible.<\/p>\n<p>En el mismo sentido, Adriana Arboleda, de la Corporaci\u00f3n Jur\u00eddica Libertad (Colombia), y Gisela Ortiz, miembro del Equipo Peruano de Antropolog\u00eda Forense, coincidieron en que en sus respectivos pa\u00edses se argumenta la misma imposibilidad de realizar cualquier trabajo relacionado con la b\u00fasqueda de personas desaparecidas.<\/p>\n<p>Con respecto a ello, denunciaron que las autoridades son capaces de hacer videollamadas y avanzar en la documentaci\u00f3n y an\u00e1lisis de contexto, pero no lo hacen por falta de voluntad para llevar a cabo sus obligaciones.<\/p>\n<p>ES UNA LUCHA CONSTANTE<\/p>\n<p>Es de subrayar que dentro de estas acciones Fuerzas Unidas por Nuestros Desaparecidos en Nuevo Le\u00f3n (FUNDENL) ha lanzado una convocatoria para que antrop\u00f3logos y arque\u00f3logos forenses ayuden a encontrar a las personas no localizadas en este Estado.<\/p>\n<p>La vida pierde sentido cuando desaparecen a un ser querido, pero \u00e9ste puede recuperarse al intentar encontrarlo. As\u00ed sucedi\u00f3 con Irma Leticia Hidalgo Rea, quien lleva nueve a\u00f1os buscando a su hijo Roy<\/p>\n<p>El 11 de enero de 2011, el estudiante de la Universidad Aut\u00f3noma de Nuevo Le\u00f3n (UANL) fue secuestrado en su casa, ubicada en el municipio de Escobedo.<\/p>\n<p>&#8220;Nos arrancan la mitad del coraz\u00f3n y aun as\u00ed seguimos viviendo. No podemos dejar de buscar nunca, tenemos que hacerlo hasta encontrarlos y es lo que le da sentido a nuestras vidas&#8221;, menciona en entrevista con Reporte \u00cdndigo.<\/p>\n<p>La organizaci\u00f3n que preside, llamada Fuerzas Unidas por Nuestros Desaparecidos en Nuevo Le\u00f3n (FUNDENL), lanz\u00f3 una convocatoria para que voluntarios en Antropolog\u00eda y Arqueolog\u00eda Forense ayuden a encontrar a las 3 mil 799 personas no localizadas en el Estado, de los a\u00f1os 60 al 31 de diciembre de 2019.<\/p>\n<p>Entre los requisitos, est\u00e1 el ser estudiante o pasante de licenciatura, tener disponibilidad de horario y radicar en Nuevo Le\u00f3n. Los interesados deben enviar su curr\u00edculum y una carta de motivos hasta el 14 de febrero al correo electr\u00f3nico fundenl.forense@gmail.com.<\/p>\n<p>&#8220;Al fin acabamos de entender ambas partes que nos necesitamos porque al principio, en 2014 o 2015 que empezamos a decir que \u00edbamos a salir a campo todos los familiares, s\u00ed hubo un cierto sentimiento de parte de los profesionales de que no pod\u00edamos hacerlo porque no estamos preparados con estudios como los que tienen&#8221;, comenta.<\/p>\n<p>Y es que a trav\u00e9s de cursos y talleres, los integrantes de FUNDENL han aprendido a no contaminar escenas que puedan aportar pistas. Sin embargo, en la actualidad es necesario unir esfuerzos.<\/p>\n<p>&#8220;Hubo un tiempo en el que nos ayudaron con talleres y cursos pero la dimensi\u00f3n de la tragedia en todo M\u00e9xico de encontrar restos o campos de exterminio en casi todos los estados de la Rep\u00fablica nos ha juntado de esta manera para ir persiguiendo la justicia&#8221;, dice.<\/p>\n<p>A nivel nacional hay 61 mil 637 v\u00edctimas de este delito desde los a\u00f1os 60 al 31 de diciembre de 2019, de las cuales 3 mil 799 son de Nuevo Le\u00f3n. As\u00ed lo revel\u00f3 durante una conferencia matutina el secretario de Derechos Humanos, Poblaci\u00f3n y Migraci\u00f3n de la Secretar\u00eda de Gobernaci\u00f3n (Segob), Alejandro Encinas.<\/p>\n<p>&#8220;Nosotros lo hemos estado gritando desde el inicio de nuestra organizaci\u00f3n porque en aquel momento, 2010, 2011, todas las instituciones involucradas con la justicia de aqu\u00ed dec\u00edan que no era cierto&#8221;, reclama.<\/p>\n<p>Hist\u00f3ricamente, la entidad se encuentra en quinto lugar, seg\u00fan el Informe sobre fosas clandestinas y registro nacional de personas desaparecidas o no localizadas publicado por la Comisi\u00f3n Nacional de B\u00fasqueda de Personas (CNB), el 6 de enero de este a\u00f1o.<\/p>\n<p>Adem\u00e1s de ello FUNDENL inicia una intervenci\u00f3n de b\u00fasqueda de v\u00edctimas de desaparici\u00f3n con el equipo de licenciados y maestros en disciplinas forenses que coordina el doctor Joel Hern\u00e1ndez Olvera.<\/p>\n<p>Los especialistas no se dan abasto y, por fortuna, la convocatoria ya ha dado resultados.<\/p>\n<p>&#8220;Lleva cinco d\u00edas y ahorita hemos recibido alrededor de 15 personas que se est\u00e1n proponiendo como voluntarios, porque somos una organizaci\u00f3n integrada por familiares y no contamos con presupuesto para hacer pagos&#8221;, lamenta Irma Leticia Hidalgo Rea.<\/p>\n<p>A la presidenta la reconforta que se solidaricen con esta causa a pesar de que FUNDENL no pueda retribuir econ\u00f3micamente la ayuda.<\/p>\n<p>&#8220;Conozco el trabajo que hacen y es arduo, con bastante minuciosidad y dedicaci\u00f3n. Tenemos que aprovechar que hay gente que est\u00e1 interesada, que se ha sensibilizado&#8221;, expresa.<\/p>\n<p><a href=\"https:\/\/elporvenir.mx\/local\/demanda-fundenl-que-siga-viva-su-lucha-y-alcanzar-justicia\/85998\" target=\"_blank\" rel=\"noopener noreferrer\">https:\/\/elporvenir.mx\/local\/demanda-fundenl-que-siga-viva-su-lucha-y-alcanzar-justicia\/85998<\/a><\/p>\n","protected":false},"excerpt":{"rendered":"<p>Al sentirse olvidados por las autoridades de justicia. EL PORVENIR Al sentirse olvidados por las autoridades de justicia, integrantes de la Fundaci\u00f3n de FUNDENL, en b\u00fasqueda por los desparecidos, demandan &hellip; <a href=\"https:\/\/www.grieta.org.mx\/index.php\/2020\/05\/12\/demanda-fundenl-que-siga-viva-su-lucha-y-alcanzar-justicia-nuevo-leon\/\" class=\"more-link\">Leer m\u00e1s<\/a><\/p>\n","protected":false},"author":2,"featured_media":48962,"comment_status":"closed","ping_status":"closed","sticky":false,"template":"","format":"standard","meta":{"ngg_post_thumbnail":0,"_jetpack_newsletter_access":"","_jetpack_dont_email_post_to_subs":false,"_jetpack_newsletter_tier_id":0,"_jetpack_memberships_contains_paywalled_content":false,"_jetpack_memberships_contains_paid_content":false,"footnotes":""},"categories":[80,3266,87,1043,2,24,83],"tags":[3344,121,3343,385],"class_list":["post-48961","post","type-post","status-publish","format-standard","has-post-thumbnail","hentry","category-cintillo","category-covid-19-en-nuevo-leon","category-desaparecidos","category-desaparecidos-en-nuevo-leon","category-noticias-nacionales","category-nuevo-leon","category-temas-nacionales","tag-busqueda","tag-desaparecidos","tag-familiares","tag-fundenl","entry"],"jetpack_featured_media_url":"https:\/\/www.grieta.org.mx\/wp-content\/uploads\/2020\/05\/cover8.jpg","jetpack_sharing_enabled":true,"jetpack_shortlink":"https:\/\/wp.me\/p7ZJR4-cJH","jetpack_likes_enabled":false,"jetpack-related-posts":[{"id":48939,"url":"https:\/\/www.grieta.org.mx\/index.php\/2020\/05\/10\/se-manifiesta-fundenl-en-puentes-peatonales-nuevo-leon\/","url_meta":{"origin":48961,"position":0},"title":"Se manifiesta FUNDENL en puentes peatonales (Nuevo Le\u00f3n)","author":"grieta","date":"10 mayo, 2020","format":false,"excerpt":"C\u00e9sar L\u00f3pez\/ EL PORVENIR Aseguraron que la contingencia sanitaria no deber\u00eda ser un obst\u00e1culo para seguir busc\u00e1ndolas. \"Desparecidos \u00bfd\u00f3nde est\u00e1n?, fuerza madres de FUNDENL\", eran las leyendas que se pod\u00edan apreciar en las mantas. La organizaci\u00f3n Fuerzas Unidas por Nuestros Desaparecidos en Nuevo Le\u00f3n, se moviliz\u00f3 en diferentes puentes peatonales\u2026","rel":"","context":"En &quot;CINTILLO&quot;","block_context":{"text":"CINTILLO","link":"https:\/\/www.grieta.org.mx\/index.php\/category\/cintillo\/"},"img":{"alt_text":"","src":"https:\/\/i0.wp.com\/www.grieta.org.mx\/wp-content\/uploads\/2020\/05\/fundenl.jpg?resize=350%2C200&ssl=1","width":350,"height":200,"srcset":"https:\/\/i0.wp.com\/www.grieta.org.mx\/wp-content\/uploads\/2020\/05\/fundenl.jpg?resize=350%2C200&ssl=1 1x, https:\/\/i0.wp.com\/www.grieta.org.mx\/wp-content\/uploads\/2020\/05\/fundenl.jpg?resize=525%2C300&ssl=1 1.5x, https:\/\/i0.wp.com\/www.grieta.org.mx\/wp-content\/uploads\/2020\/05\/fundenl.jpg?resize=700%2C400&ssl=1 2x, https:\/\/i0.wp.com\/www.grieta.org.mx\/wp-content\/uploads\/2020\/05\/fundenl.jpg?resize=1050%2C600&ssl=1 3x"},"classes":[]},{"id":48951,"url":"https:\/\/www.grieta.org.mx\/index.php\/2020\/05\/10\/protestan-en-redes-por-desaparecidos-de-nuevo-leon\/","url_meta":{"origin":48961,"position":1},"title":"Protestan en redes por desaparecidos de Nuevo Le\u00f3n","author":"grieta","date":"10 mayo, 2020","format":false,"excerpt":"Ante la contingencia por el covid-19, FUNDENL realiz\u00f3 una \u201cmarcha\u201d en redes sociales exigiendo al Gobierno del Estado no parar con la b\u00fasqueda de las personas desaparecidas. Kevin Recio\/ MILENIO La organizaci\u00f3n no gubernamental Fuerzas Unidas por Nuestros Desaparecidos en Nuevo Le\u00f3n, (FUNDENL) \u201cmarch\u00f3\u201d en redes sociales exigiendo al Estado\u2026","rel":"","context":"En &quot;CINTILLO&quot;","block_context":{"text":"CINTILLO","link":"https:\/\/www.grieta.org.mx\/index.php\/category\/cintillo\/"},"img":{"alt_text":"","src":"https:\/\/i0.wp.com\/www.grieta.org.mx\/wp-content\/uploads\/2020\/05\/desaparecidos-archivos.jpg?resize=350%2C200&ssl=1","width":350,"height":200,"srcset":"https:\/\/i0.wp.com\/www.grieta.org.mx\/wp-content\/uploads\/2020\/05\/desaparecidos-archivos.jpg?resize=350%2C200&ssl=1 1x, https:\/\/i0.wp.com\/www.grieta.org.mx\/wp-content\/uploads\/2020\/05\/desaparecidos-archivos.jpg?resize=525%2C300&ssl=1 1.5x, https:\/\/i0.wp.com\/www.grieta.org.mx\/wp-content\/uploads\/2020\/05\/desaparecidos-archivos.jpg?resize=700%2C400&ssl=1 2x"},"classes":[]},{"id":28398,"url":"https:\/\/www.grieta.org.mx\/index.php\/2019\/01\/16\/critican-que-fiscalia-de-nl-no-invierta-en-investigadores-nuevo-leon\/","url_meta":{"origin":48961,"position":2},"title":"Critican que Fiscal\u00eda de NL no invierta en investigadores (Nuevo Le\u00f3n)","author":"grieta","date":"16 enero, 2019","format":false,"excerpt":"Melva Frutos \/ Posta NUEVO LE\u00d3N.- Fuerzas Unidas por Nuestros Desaparecidos en Nuevo Le\u00f3n (FUNDENL) reproch\u00f3 que la Fiscal\u00eda\u00a0General busque contratar 291 empleados administrativos y s\u00f3lo siete para puestos para an\u00e1lisis e inteligencia. En recientes declaraciones, el fiscal general de Nuevo Le\u00f3n, Gustavo Adolfo Guerrero, ha comentado que derivado de\u2026","rel":"","context":"En &quot;CINTILLO&quot;","block_context":{"text":"CINTILLO","link":"https:\/\/www.grieta.org.mx\/index.php\/category\/cintillo\/"},"img":{"alt_text":"","src":"https:\/\/i0.wp.com\/www.grieta.org.mx\/wp-content\/uploads\/2018\/03\/14524434_1106112876131411_958039263622046936_o.jpg?resize=350%2C200&ssl=1","width":350,"height":200,"srcset":"https:\/\/i0.wp.com\/www.grieta.org.mx\/wp-content\/uploads\/2018\/03\/14524434_1106112876131411_958039263622046936_o.jpg?resize=350%2C200&ssl=1 1x, https:\/\/i0.wp.com\/www.grieta.org.mx\/wp-content\/uploads\/2018\/03\/14524434_1106112876131411_958039263622046936_o.jpg?resize=525%2C300&ssl=1 1.5x, https:\/\/i0.wp.com\/www.grieta.org.mx\/wp-content\/uploads\/2018\/03\/14524434_1106112876131411_958039263622046936_o.jpg?resize=700%2C400&ssl=1 2x"},"classes":[]},{"id":19297,"url":"https:\/\/www.grieta.org.mx\/index.php\/2016\/08\/03\/empeora-situacion-de-victimas-de-desaparicion-en-nuevo-leon\/","url_meta":{"origin":48961,"position":3},"title":"Empeora situaci\u00f3n de v\u00edctimas de desaparici\u00f3n en Nuevo Le\u00f3n","author":"grieta","date":"3 agosto, 2016","format":false,"excerpt":"Aracely Chantaka Para los familiares de desaparecidos en la entidad, la situaci\u00f3n de atenci\u00f3n para sus casos ha empeorado por parte de la Procuradur\u00eda General de Justicia en el estado, en relaci\u00f3n con el sexenio anterior Monterrey, Nuevo Le\u00f3n.- Para los familiares de desaparecidos en la entidad, la situaci\u00f3n de\u2026","rel":"","context":"En &quot;CINTILLO&quot;","block_context":{"text":"CINTILLO","link":"https:\/\/www.grieta.org.mx\/index.php\/category\/cintillo\/"},"img":{"alt_text":"","src":"https:\/\/i0.wp.com\/www.grieta.org.mx\/wp-content\/uploads\/2018\/03\/14524434_1106112876131411_958039263622046936_o.jpg?resize=350%2C200&ssl=1","width":350,"height":200,"srcset":"https:\/\/i0.wp.com\/www.grieta.org.mx\/wp-content\/uploads\/2018\/03\/14524434_1106112876131411_958039263622046936_o.jpg?resize=350%2C200&ssl=1 1x, https:\/\/i0.wp.com\/www.grieta.org.mx\/wp-content\/uploads\/2018\/03\/14524434_1106112876131411_958039263622046936_o.jpg?resize=525%2C300&ssl=1 1.5x, https:\/\/i0.wp.com\/www.grieta.org.mx\/wp-content\/uploads\/2018\/03\/14524434_1106112876131411_958039263622046936_o.jpg?resize=700%2C400&ssl=1 2x"},"classes":[]},{"id":5127,"url":"https:\/\/www.grieta.org.mx\/index.php\/2015\/03\/22\/hay-mas-de-10-mil-desaparecidos-fundenl\/","url_meta":{"origin":48961,"position":4},"title":"Hay m\u00e1s de 10 mil desaparecidos: Fundenl","author":"grieta","date":"22 marzo, 2015","format":false,"excerpt":"Milenio Daniela Garc\u00eda Monterrey. C\u00e1lculos de Fuerzas Unidas por Nuestros Desaparecidos de Nuevo Le\u00f3n (Fundenl) e informaci\u00f3n que les ha llegado por parte de familiares de desaparecidos y personal de la mismas fuerzas policiacas indican que la cifra de desaparecidos en el estado ascender\u00eda a 10 mil personas, contrario a\u2026","rel":"","context":"En &quot;CINTILLO&quot;","block_context":{"text":"CINTILLO","link":"https:\/\/www.grieta.org.mx\/index.php\/category\/cintillo\/"},"img":{"alt_text":"","src":"https:\/\/i0.wp.com\/www.grieta.org.mx\/wp-content\/uploads\/2018\/03\/14524434_1106112876131411_958039263622046936_o.jpg?resize=350%2C200&ssl=1","width":350,"height":200,"srcset":"https:\/\/i0.wp.com\/www.grieta.org.mx\/wp-content\/uploads\/2018\/03\/14524434_1106112876131411_958039263622046936_o.jpg?resize=350%2C200&ssl=1 1x, https:\/\/i0.wp.com\/www.grieta.org.mx\/wp-content\/uploads\/2018\/03\/14524434_1106112876131411_958039263622046936_o.jpg?resize=525%2C300&ssl=1 1.5x, https:\/\/i0.wp.com\/www.grieta.org.mx\/wp-content\/uploads\/2018\/03\/14524434_1106112876131411_958039263622046936_o.jpg?resize=700%2C400&ssl=1 2x"},"classes":[]},{"id":33316,"url":"https:\/\/www.grieta.org.mx\/index.php\/2019\/05\/10\/cinco-madres-de-desaparecidos-en-nuevo-leon-murieron-sin-encontrar-justicia-cadhac\/","url_meta":{"origin":48961,"position":5},"title":"Cinco madres de desaparecidos en Nuevo Le\u00f3n murieron sin encontrar justicia: CADHAC","author":"grieta","date":"10 mayo, 2019","format":false,"excerpt":"Lauren Franco \/ Contral\u00ednea Este viernes 10 de mayo, decenas de personas se reunieron en la Plaza de la Pur\u00edsima, en el Centro de Monterrey, en el marco de la \u201cMarcha en memoria de las madres de personas desaparecidos que murieron sin encontrar a sus hijos\u201d. De acuerdo con la\u2026","rel":"","context":"En &quot;CINTILLO&quot;","block_context":{"text":"CINTILLO","link":"https:\/\/www.grieta.org.mx\/index.php\/category\/cintillo\/"},"img":{"alt_text":"","src":"https:\/\/i0.wp.com\/www.grieta.org.mx\/wp-content\/uploads\/2019\/05\/Cinco-madres-de-desaparecidos-en-Nuevo-Le%C3%B3n-murieron-sin-encontrar-justicia-CADHAC-nl-may.jpg?resize=350%2C200&ssl=1","width":350,"height":200,"srcset":"https:\/\/i0.wp.com\/www.grieta.org.mx\/wp-content\/uploads\/2019\/05\/Cinco-madres-de-desaparecidos-en-Nuevo-Le%C3%B3n-murieron-sin-encontrar-justicia-CADHAC-nl-may.jpg?resize=350%2C200&ssl=1 1x, https:\/\/i0.wp.com\/www.grieta.org.mx\/wp-content\/uploads\/2019\/05\/Cinco-madres-de-desaparecidos-en-Nuevo-Le%C3%B3n-murieron-sin-encontrar-justicia-CADHAC-nl-may.jpg?resize=525%2C300&ssl=1 1.5x"},"classes":[]}],"_links":{"self":[{"href":"https:\/\/www.grieta.org.mx\/index.php\/wp-json\/wp\/v2\/posts\/48961","targetHints":{"allow":["GET"]}}],"collection":[{"href":"https:\/\/www.grieta.org.mx\/index.php\/wp-json\/wp\/v2\/posts"}],"about":[{"href":"https:\/\/www.grieta.org.mx\/index.php\/wp-json\/wp\/v2\/types\/post"}],"author":[{"embeddable":true,"href":"https:\/\/www.grieta.org.mx\/index.php\/wp-json\/wp\/v2\/users\/2"}],"replies":[{"embeddable":true,"href":"https:\/\/www.grieta.org.mx\/index.php\/wp-json\/wp\/v2\/comments?post=48961"}],"version-history":[{"count":1,"href":"https:\/\/www.grieta.org.mx\/index.php\/wp-json\/wp\/v2\/posts\/48961\/revisions"}],"predecessor-version":[{"id":48963,"href":"https:\/\/www.grieta.org.mx\/index.php\/wp-json\/wp\/v2\/posts\/48961\/revisions\/48963"}],"wp:featuredmedia":[{"embeddable":true,"href":"https:\/\/www.grieta.org.mx\/index.php\/wp-json\/wp\/v2\/media\/48962"}],"wp:attachment":[{"href":"https:\/\/www.grieta.org.mx\/index.php\/wp-json\/wp\/v2\/media?parent=48961"}],"wp:term":[{"taxonomy":"category","embeddable":true,"href":"https:\/\/www.grieta.org.mx\/index.php\/wp-json\/wp\/v2\/categories?post=48961"},{"taxonomy":"post_tag","embeddable":true,"href":"https:\/\/www.grieta.org.mx\/index.php\/wp-json\/wp\/v2\/tags?post=48961"}],"curies":[{"name":"wp","href":"https:\/\/api.w.org\/{rel}","templated":true}]}}