{"id":48958,"date":"2020-04-14T13:48:02","date_gmt":"2020-04-14T18:48:02","guid":{"rendered":"http:\/\/www.grieta.org.mx\/?p=48958"},"modified":"2020-05-12T14:04:34","modified_gmt":"2020-05-12T19:04:34","slug":"con-escasez-de-agua-viven-colonias-al-oriente-de-torreon-coahuila","status":"publish","type":"post","link":"https:\/\/www.grieta.org.mx\/index.php\/2020\/04\/14\/con-escasez-de-agua-viven-colonias-al-oriente-de-torreon-coahuila\/","title":{"rendered":"Con escasez de agua, viven colonias al oriente de Torre\u00f3n (Coahuila)"},"content":{"rendered":"<p>Beatriz Silva\/ EL SIGLO DE TORRE\u00d3N<\/p>\n<p>&nbsp;<\/p>\n<p><img loading=\"lazy\" decoding=\"async\" data-attachment-id=\"48959\" data-permalink=\"https:\/\/www.grieta.org.mx\/index.php\/2020\/04\/14\/con-escasez-de-agua-viven-colonias-al-oriente-de-torreon-coahuila\/attachment\/1299517\/\" data-orig-file=\"https:\/\/www.grieta.org.mx\/wp-content\/uploads\/2020\/05\/1299517.jpeg\" data-orig-size=\"1024,707\" data-comments-opened=\"0\" data-image-meta=\"{&quot;aperture&quot;:&quot;0&quot;,&quot;credit&quot;:&quot;&quot;,&quot;camera&quot;:&quot;&quot;,&quot;caption&quot;:&quot;&quot;,&quot;created_timestamp&quot;:&quot;0&quot;,&quot;copyright&quot;:&quot;&quot;,&quot;focal_length&quot;:&quot;0&quot;,&quot;iso&quot;:&quot;0&quot;,&quot;shutter_speed&quot;:&quot;0&quot;,&quot;title&quot;:&quot;&quot;,&quot;orientation&quot;:&quot;0&quot;}\" data-image-title=\"1299517\" data-image-description=\"\" data-image-caption=\"\" data-medium-file=\"https:\/\/www.grieta.org.mx\/wp-content\/uploads\/2020\/05\/1299517-300x207.jpeg\" data-large-file=\"https:\/\/www.grieta.org.mx\/wp-content\/uploads\/2020\/05\/1299517-1024x707.jpeg\" class=\"aligncenter wp-image-48959\" src=\"http:\/\/www.grieta.org.mx\/wp-content\/uploads\/2020\/05\/1299517.jpeg\" alt=\"\" width=\"800\" height=\"552\" srcset=\"https:\/\/www.grieta.org.mx\/wp-content\/uploads\/2020\/05\/1299517.jpeg 1024w, https:\/\/www.grieta.org.mx\/wp-content\/uploads\/2020\/05\/1299517-300x207.jpeg 300w, https:\/\/www.grieta.org.mx\/wp-content\/uploads\/2020\/05\/1299517-768x530.jpeg 768w, https:\/\/www.grieta.org.mx\/wp-content\/uploads\/2020\/05\/1299517-724x500.jpeg 724w\" sizes=\"auto, (max-width: 800px) 100vw, 800px\" \/><\/p>\n<p><strong>Vecinos de colonias como Villas Universidad, Rancho Alegre, Sol de Oriente y algunas otras del oriente de Torre\u00f3n manifestaron su queja ante la baja presi\u00f3n de agua que existe dentro de sus hogares.<\/strong><\/p>\n<p>Se\u00f1alaron que desde hace un mes comenz\u00f3 el desabasto de agua, por lo que en muchos casos tuvieron que comprar garrafones para poder ba\u00f1arse, as\u00ed como para llevar a cabo las actividades cotidianas dentro de su hogar. Adem\u00e1s, enfatizaron que las pipas que pasan por las colonias no reparten el l\u00edquido a todos y los acusan de tener preferencias.<\/p>\n<p>Uno de los habitantes de Villas Universidad indic\u00f3 que fue apenas este s\u00e1bado cuando comenz\u00f3 a salir el agua, aunque con muy poca presi\u00f3n.<\/p>\n<p>Por su parte, la se\u00f1ora Rosario P\u00e9rez, habitante de este sector, dijo que si bien en su casa cuentan con cisterna, el nivel de agua comenz\u00f3 a bajar debido a que no llegaba el l\u00edquido. Al pasar los d\u00edas el agua comenz\u00f3 a fluir, aunque resalt\u00f3 que es sumamente necesario prender la bomba para que salga, ya que no existe la presi\u00f3n suficiente.<\/p>\n<p>Cabe destacar que estas colonias que tienen estos problemas de agua se ubican dentro de las 70 a las que Simas Rural brinda atenci\u00f3n, por lo que es esta dependencia la que tendr\u00eda que encontrar el origen de este desperfecto, el cual tiene a una parte de la ciudadan\u00eda al oriente con baja eficiencia en su servicio, pese a que dicen que el recibo de pago les llega de manera muy puntual.<\/p>\n<p>Por esta situaci\u00f3n, los habitantes del sector piden a las autoridades que les resuelvan esta problem\u00e1tica. Manifestaron que ahora m\u00e1s que nunca es necesario contar con un buen servicio de agua potable, ya que se est\u00e1 viviendo una contingencia de salud por el COVID-19, donde se requiere de mayor higiene, tanto personal como en el hogar, por lo que es necesario que no deje de salir agua y contar con una mejor presi\u00f3n.<\/p>\n<p><a href=\"https:\/\/www.elsiglodetorreon.com.mx\/noticia\/1693750.con-escasez-de-agua-viven-colonias-al-oriente-de-torreon.html\" target=\"_blank\" rel=\"noopener noreferrer\">https:\/\/www.elsiglodetorreon.com.mx\/noticia\/1693750.con-escasez-de-agua-viven-colonias-al-oriente-de-torreon.html<\/a><\/p>\n","protected":false},"excerpt":{"rendered":"<p>Beatriz Silva\/ EL SIGLO DE TORRE\u00d3N &nbsp; Vecinos de colonias como Villas Universidad, Rancho Alegre, Sol de Oriente y algunas otras del oriente de Torre\u00f3n manifestaron su queja ante la &hellip; <a href=\"https:\/\/www.grieta.org.mx\/index.php\/2020\/04\/14\/con-escasez-de-agua-viven-colonias-al-oriente-de-torreon-coahuila\/\" class=\"more-link\">Leer m\u00e1s<\/a><\/p>\n","protected":false},"author":2,"featured_media":21928,"comment_status":"closed","ping_status":"closed","sticky":false,"template":"","format":"standard","meta":{"ngg_post_thumbnail":0,"_jetpack_newsletter_access":"","_jetpack_dont_email_post_to_subs":false,"_jetpack_newsletter_tier_id":0,"_jetpack_memberships_contains_paywalled_content":false,"_jetpack_memberships_contains_paid_content":false,"footnotes":""},"categories":[80,419,3240,2393,2],"tags":[224,3198,312,3346],"class_list":["post-48958","post","type-post","status-publish","format-standard","has-post-thumbnail","hentry","category-cintillo","category-coahuila","category-covid-19-en-coahuila","category-escasez-de-agua-en-coahuila","category-noticias-nacionales","tag-agua","tag-covid19","tag-desabasto","tag-escasez","entry"],"jetpack_featured_media_url":"https:\/\/www.grieta.org.mx\/wp-content\/uploads\/2018\/03\/14524434_1106112876131411_958039263622046936_o.jpg","jetpack_sharing_enabled":true,"jetpack_shortlink":"https:\/\/wp.me\/p7ZJR4-cJE","jetpack_likes_enabled":false,"jetpack-related-posts":[{"id":52765,"url":"https:\/\/www.grieta.org.mx\/index.php\/2020\/08\/09\/bloquean-carretera-por-falta-de-agua-en-torreon-coahuila\/","url_meta":{"origin":48958,"position":0},"title":"Bloquean carretera por falta de agua en Torre\u00f3n (Coahuila)","author":"grieta","date":"9 agosto, 2020","format":false,"excerpt":"Z\u00d3CALO Las autoridades se comprometieron a resolver la falta de agua en la colonia Villa Florida Torre\u00f3n, Coah.- Un numeroso grupo de vecinos se plant\u00f3 ayer por la tarde sobre uno de los carriles de la carretera Torre\u00f3n-San Pedro, lo que desquici\u00f3 el tr\u00e1fico vehicular, luego de que los vecinos\u2026","rel":"","context":"En &quot;CINTILLO&quot;","block_context":{"text":"CINTILLO","link":"https:\/\/www.grieta.org.mx\/index.php\/category\/cintillo\/"},"img":{"alt_text":"","src":"https:\/\/i0.wp.com\/www.grieta.org.mx\/wp-content\/uploads\/2020\/08\/agua-1596956281-621x354-1.jpg?resize=350%2C200&ssl=1","width":350,"height":200,"srcset":"https:\/\/i0.wp.com\/www.grieta.org.mx\/wp-content\/uploads\/2020\/08\/agua-1596956281-621x354-1.jpg?resize=350%2C200&ssl=1 1x, https:\/\/i0.wp.com\/www.grieta.org.mx\/wp-content\/uploads\/2020\/08\/agua-1596956281-621x354-1.jpg?resize=525%2C300&ssl=1 1.5x"},"classes":[]},{"id":6674,"url":"https:\/\/www.grieta.org.mx\/index.php\/2016\/08\/05\/desabasto-de-agua-en-coahuila\/","url_meta":{"origin":48958,"position":1},"title":"Desabasto de agua en Coahuila","author":"grieta","date":"5 agosto, 2016","format":false,"excerpt":"30\/07\/16. Bloquean v\u00eda por falta de agua (San Pedro) El Siglo de Torre\u00f3n 04\/02\/16. Bloquean carretera por falta de agua El Siglo de Torre\u00f3n 30\/01\/16. Cierran carretera por la falta de agua El Siglo de Torre\u00f3n 29\/01\/16. Vuelven a bloquear carretera ante falta de agua El Siglo de Torre\u00f3n","rel":"","context":"En &quot;Coahuila&quot;","block_context":{"text":"Coahuila","link":"https:\/\/www.grieta.org.mx\/index.php\/category\/noticias-nacionales\/coahuila\/"},"img":{"alt_text":"","src":"https:\/\/i0.wp.com\/www.grieta.org.mx\/wp-content\/uploads\/2018\/03\/14524434_1106112876131411_958039263622046936_o.jpg?resize=350%2C200&ssl=1","width":350,"height":200,"srcset":"https:\/\/i0.wp.com\/www.grieta.org.mx\/wp-content\/uploads\/2018\/03\/14524434_1106112876131411_958039263622046936_o.jpg?resize=350%2C200&ssl=1 1x, https:\/\/i0.wp.com\/www.grieta.org.mx\/wp-content\/uploads\/2018\/03\/14524434_1106112876131411_958039263622046936_o.jpg?resize=525%2C300&ssl=1 1.5x, https:\/\/i0.wp.com\/www.grieta.org.mx\/wp-content\/uploads\/2018\/03\/14524434_1106112876131411_958039263622046936_o.jpg?resize=700%2C400&ssl=1 2x"},"classes":[]},{"id":27372,"url":"https:\/\/www.grieta.org.mx\/index.php\/2018\/10\/26\/se-desata-la-voracidad-de-jorge-zermeno-incrementa-tarifas-de-agua-torreon-coahuila\/","url_meta":{"origin":48958,"position":2},"title":"Se desata la voracidad de Jorge Zerme\u00f1o; incrementa tarifas de agua (Torre\u00f3n, Coahuila)","author":"grieta","date":"26 octubre, 2018","format":false,"excerpt":"Redacci\u00f3n\/EL DEM\u00d3CRATA Torre\u00f3n, Coah., 26 de octubre 2018.- El ayuntamiento que preside Jorge Zerme\u00f1o prepara un nuevo golpe a la econom\u00eda de los ciudadanos de Torre\u00f3n para que el servicio de agua potable se incremente de acuerdo a los aumentos de las tarifas de la Comisi\u00f3n Federal de Electricidad. En\u2026","rel":"","context":"En &quot;CINTILLO&quot;","block_context":{"text":"CINTILLO","link":"https:\/\/www.grieta.org.mx\/index.php\/category\/cintillo\/"},"img":{"alt_text":"","src":"https:\/\/i0.wp.com\/www.grieta.org.mx\/wp-content\/uploads\/2018\/10\/jorgito5.jpg?resize=350%2C200&ssl=1","width":350,"height":200,"srcset":"https:\/\/i0.wp.com\/www.grieta.org.mx\/wp-content\/uploads\/2018\/10\/jorgito5.jpg?resize=350%2C200&ssl=1 1x, https:\/\/i0.wp.com\/www.grieta.org.mx\/wp-content\/uploads\/2018\/10\/jorgito5.jpg?resize=525%2C300&ssl=1 1.5x, https:\/\/i0.wp.com\/www.grieta.org.mx\/wp-content\/uploads\/2018\/10\/jorgito5.jpg?resize=700%2C400&ssl=1 2x"},"classes":[]},{"id":51446,"url":"https:\/\/www.grieta.org.mx\/index.php\/2020\/06\/17\/bloquean-carretera-por-la-falta-de-agua-potable-en-viesca-coahuila\/","url_meta":{"origin":48958,"position":3},"title":"Bloquean carretera por la falta de agua potable en Viesca (Coahuila)","author":"grieta","date":"17 junio, 2020","format":false,"excerpt":"Bloquean carretera por la falta de agua potable en Viesca Primitivo Gonz\u00e1lez\/ EL SIGLO DE TORRE\u00d3N Desesperados por la falta de agua potable, habitantes del poblado Bilbao, perteneciente a este municipio, bloquearon la carretera Zapata-Viesca, en demanda del vital servicio. La ma\u00f1ana del pasado martes, alrededor de las 09:00 horas,\u2026","rel":"","context":"En &quot;CINTILLO&quot;","block_context":{"text":"CINTILLO","link":"https:\/\/www.grieta.org.mx\/index.php\/category\/cintillo\/"},"img":{"alt_text":"","src":"https:\/\/i0.wp.com\/www.grieta.org.mx\/wp-content\/uploads\/2020\/06\/1318055.jpeg?resize=350%2C200&ssl=1","width":350,"height":200,"srcset":"https:\/\/i0.wp.com\/www.grieta.org.mx\/wp-content\/uploads\/2020\/06\/1318055.jpeg?resize=350%2C200&ssl=1 1x, https:\/\/i0.wp.com\/www.grieta.org.mx\/wp-content\/uploads\/2020\/06\/1318055.jpeg?resize=525%2C300&ssl=1 1.5x, https:\/\/i0.wp.com\/www.grieta.org.mx\/wp-content\/uploads\/2020\/06\/1318055.jpeg?resize=700%2C400&ssl=1 2x"},"classes":[]},{"id":6582,"url":"https:\/\/www.grieta.org.mx\/index.php\/2016\/07\/23\/privatizacion-del-agua-en-coahuila\/","url_meta":{"origin":48958,"position":4},"title":"Privatizaci\u00f3n del agua en Coahuila","author":"grieta","date":"23 julio, 2016","format":false,"excerpt":"21\/07\/16. Pozo de agua en Mieleras beneficiar\u00e1 a 4 parques industriales El Siglo 12\/03\/16. Proyectan privatizar el servicio del agua El Siglo de Torre\u00f3n 16\/10\/12. Coahuila opera privatizaci\u00f3n silenciosa del agua; gobierno de Moreira la cede a extranjeros, acusan Sin Embargo","rel":"","context":"En &quot;Coahuila&quot;","block_context":{"text":"Coahuila","link":"https:\/\/www.grieta.org.mx\/index.php\/category\/noticias-nacionales\/coahuila\/"},"img":{"alt_text":"","src":"https:\/\/i0.wp.com\/www.grieta.org.mx\/wp-content\/uploads\/2018\/03\/14524434_1106112876131411_958039263622046936_o.jpg?resize=350%2C200&ssl=1","width":350,"height":200,"srcset":"https:\/\/i0.wp.com\/www.grieta.org.mx\/wp-content\/uploads\/2018\/03\/14524434_1106112876131411_958039263622046936_o.jpg?resize=350%2C200&ssl=1 1x, https:\/\/i0.wp.com\/www.grieta.org.mx\/wp-content\/uploads\/2018\/03\/14524434_1106112876131411_958039263622046936_o.jpg?resize=525%2C300&ssl=1 1.5x, https:\/\/i0.wp.com\/www.grieta.org.mx\/wp-content\/uploads\/2018\/03\/14524434_1106112876131411_958039263622046936_o.jpg?resize=700%2C400&ssl=1 2x"},"classes":[]},{"id":31456,"url":"https:\/\/www.grieta.org.mx\/index.php\/2019\/03\/23\/acuifero-saltillo-sur-sin-disponibilidad-del-agua-coahuila\/","url_meta":{"origin":48958,"position":5},"title":"Acu\u00edfero Saltillo Sur, sin disponibilidad del agua (Coahuila)","author":"grieta","date":"23 marzo, 2019","format":false,"excerpt":"En los \u00faltimos 5 a\u00f1os los niveles de los mantos han permanecido estables Armando R\u00edos\/VANGUARDIA MX Durante el marco del D\u00eda Mundial del Agua, el experto en temas hidrol\u00f3gicos y representante de la Conagua en la cuenca de R\u00edo Bravo en el evento, inform\u00f3 que el acu\u00edfero Saltillo Sur no\u2026","rel":"","context":"En &quot;CINTILLO&quot;","block_context":{"text":"CINTILLO","link":"https:\/\/www.grieta.org.mx\/index.php\/category\/cintillo\/"},"img":{"alt_text":"","src":"https:\/\/i0.wp.com\/www.grieta.org.mx\/wp-content\/uploads\/2019\/03\/agua-del-grifo.jpg?resize=350%2C200&ssl=1","width":350,"height":200,"srcset":"https:\/\/i0.wp.com\/www.grieta.org.mx\/wp-content\/uploads\/2019\/03\/agua-del-grifo.jpg?resize=350%2C200&ssl=1 1x, https:\/\/i0.wp.com\/www.grieta.org.mx\/wp-content\/uploads\/2019\/03\/agua-del-grifo.jpg?resize=525%2C300&ssl=1 1.5x, https:\/\/i0.wp.com\/www.grieta.org.mx\/wp-content\/uploads\/2019\/03\/agua-del-grifo.jpg?resize=700%2C400&ssl=1 2x"},"classes":[]}],"_links":{"self":[{"href":"https:\/\/www.grieta.org.mx\/index.php\/wp-json\/wp\/v2\/posts\/48958","targetHints":{"allow":["GET"]}}],"collection":[{"href":"https:\/\/www.grieta.org.mx\/index.php\/wp-json\/wp\/v2\/posts"}],"about":[{"href":"https:\/\/www.grieta.org.mx\/index.php\/wp-json\/wp\/v2\/types\/post"}],"author":[{"embeddable":true,"href":"https:\/\/www.grieta.org.mx\/index.php\/wp-json\/wp\/v2\/users\/2"}],"replies":[{"embeddable":true,"href":"https:\/\/www.grieta.org.mx\/index.php\/wp-json\/wp\/v2\/comments?post=48958"}],"version-history":[{"count":1,"href":"https:\/\/www.grieta.org.mx\/index.php\/wp-json\/wp\/v2\/posts\/48958\/revisions"}],"predecessor-version":[{"id":48960,"href":"https:\/\/www.grieta.org.mx\/index.php\/wp-json\/wp\/v2\/posts\/48958\/revisions\/48960"}],"wp:featuredmedia":[{"embeddable":true,"href":"https:\/\/www.grieta.org.mx\/index.php\/wp-json\/wp\/v2\/media\/21928"}],"wp:attachment":[{"href":"https:\/\/www.grieta.org.mx\/index.php\/wp-json\/wp\/v2\/media?parent=48958"}],"wp:term":[{"taxonomy":"category","embeddable":true,"href":"https:\/\/www.grieta.org.mx\/index.php\/wp-json\/wp\/v2\/categories?post=48958"},{"taxonomy":"post_tag","embeddable":true,"href":"https:\/\/www.grieta.org.mx\/index.php\/wp-json\/wp\/v2\/tags?post=48958"}],"curies":[{"name":"wp","href":"https:\/\/api.w.org\/{rel}","templated":true}]}}