{"id":4895,"date":"2016-03-16T23:53:17","date_gmt":"2016-03-16T23:53:17","guid":{"rendered":"http:\/\/50.22.11.12\/~grietaor\/?p=4895"},"modified":"2016-03-26T00:16:00","modified_gmt":"2016-03-26T00:16:00","slug":"protestas-contra-gasolineras-en-queretaro","status":"publish","type":"post","link":"https:\/\/www.grieta.org.mx\/index.php\/2016\/03\/16\/protestas-contra-gasolineras-en-queretaro\/","title":{"rendered":"Protestas contra gasolineras en Quer\u00e9taro"},"content":{"rendered":"<p><strong>16\/03\/16. <\/strong><a href=\"http:\/\/grieta.org.mx\/index.php\/2016\/03\/16\/vecinos-de-tequisquiapan-rechazan-gasolinera\/\">Vecinos de Tequisquiapan rechazan gasolinera<\/a><br \/>\n<em>El Universal<\/em><\/p>\n<p><strong>29\/02\/16. <\/strong><a href=\"http:\/\/grieta.org.mx\/index.php\/2016\/02\/29\/habitantes-de-el-porvenir-luchan-por-evitar-la-construccion-de-una-gasolinera\/\">Habitantes de El Porvenir luchan por evitar la construcci\u00f3n de una gasolinera<\/a><br \/>\n<em>AM Quer\u00e9taro<\/em><\/p>\n<p><strong>22\/11\/15. <\/strong><a href=\"http:\/\/grieta.org.mx\/index.php\/2016\/02\/29\/habitantes-de-el-porvenir-luchan-por-evitar-la-construccion-de-una-gasolinera\/\">Contin\u00faan acciones en el Fraccionamiento Santiago contra gasolinera<\/a><br \/>\n<em>AM Quer\u00e9taro<\/em><\/p>\n<p><strong>15\/11\/15. <\/strong><a href=\"http:\/\/grieta.org.mx\/index.php\/2015\/11\/15\/vecinos-de-la-colonia-el-porvenir-protestan-contra-gasolinera\/\">Vecinos de la colonia El Porvenir protestan contra gasolinera<\/a><br \/>\n<em>Tribuna de Quer\u00e9taro<\/em><\/p>\n<p><strong>16\/10\/15. <\/strong><a href=\"http:\/\/grieta.org.mx\/index.php\/2015\/10\/16\/colonos-de-el-porvenir-piden-frenar-construccion-de-gasolineria\/\">Colonos de El Porvenir piden frenar construcci\u00f3n de gasoliner\u00eda<\/a><br \/>\n<em>AM Quer\u00e9taro<\/em><\/p>\n<p><strong>10\/09\/15. <\/strong><a href=\"http:\/\/grieta.org.mx\/index.php\/2015\/09\/10\/se-manifiestan-vecinos-en-corregidora-por-gasolinera-cercana-a-3-escuelas\/\">Se manifiestan vecinos en Corregidora por gasolinera cercana a 3 escuelas<\/a><br \/>\n<em>AM Quer\u00e9taro<\/em><\/p>\n<p><strong>24\/07\/15. <\/strong><a href=\"http:\/\/grieta.org.mx\/index.php\/2015\/07\/24\/vecinos-del-fraccionamiento-santiago-bloquean-avenida-en-protesta-por-gasolinera\/\">Vecinos del Fraccionamiento Santiago bloquean avenida en protesta por gasolinera<\/a><br \/>\n<em>AM Quer\u00e9taro<\/em><\/p>\n","protected":false},"excerpt":{"rendered":"<p>16\/03\/16. Vecinos de Tequisquiapan rechazan gasolinera El Universal 29\/02\/16. Habitantes de El Porvenir luchan por evitar la construcci\u00f3n de una gasolinera AM Quer\u00e9taro 22\/11\/15. Contin\u00faan acciones en el Fraccionamiento Santiago &hellip; <a href=\"https:\/\/www.grieta.org.mx\/index.php\/2016\/03\/16\/protestas-contra-gasolineras-en-queretaro\/\" class=\"more-link\">Leer m\u00e1s<\/a><\/p>\n","protected":false},"author":2,"featured_media":21928,"comment_status":"closed","ping_status":"open","sticky":false,"template":"","format":"standard","meta":{"ngg_post_thumbnail":0,"_jetpack_newsletter_access":"","_jetpack_dont_email_post_to_subs":false,"_jetpack_newsletter_tier_id":0,"_jetpack_memberships_contains_paywalled_content":false,"_jetpack_memberships_contains_paid_content":false,"footnotes":""},"categories":[2,359,27],"tags":[377,180],"class_list":{"0":"post-4895","1":"post","2":"type-post","3":"status-publish","4":"format-standard","5":"has-post-thumbnail","6":"hentry","7":"category-noticias-nacionales","8":"category-queretaro","10":"tag-cambio-de-uso-de-suelo","11":"tag-protesta","12":"entry"},"jetpack_featured_media_url":"https:\/\/www.grieta.org.mx\/wp-content\/uploads\/2018\/03\/14524434_1106112876131411_958039263622046936_o.jpg","jetpack_sharing_enabled":true,"jetpack_shortlink":"https:\/\/wp.me\/p7ZJR4-1gX","jetpack_likes_enabled":false,"jetpack-related-posts":[{"id":4906,"url":"https:\/\/www.grieta.org.mx\/index.php\/2015\/11\/15\/vecinos-de-la-colonia-el-porvenir-protestan-contra-gasolinera\/","url_meta":{"origin":4895,"position":0},"title":"Vecinos de la colonia El Porvenir protestan contra gasolinera","author":"grieta","date":"15 noviembre, 2015","format":false,"excerpt":"Aurora Vizca\u00edno Ruiz\/Tribuna de Quer\u00e9taro Anteriormente hab\u00edan conseguido la clausura de la gasolinera. Sin embargo, los sellos fueron removidos y la obra prosigui\u00f3 Habitantes de la calle Felipe \u00c1ngeles, en la colonia El Porvenir, se manifestaron nuevamente en contra de la instalaci\u00f3n y construcci\u00f3n de una gasolinera. \u201cAntes hab\u00eda \u00e1reas\u2026","rel":"","context":"En &quot;CINTILLO&quot;","block_context":{"text":"CINTILLO","link":"https:\/\/www.grieta.org.mx\/index.php\/category\/cintillo\/"},"img":{"alt_text":"","src":"https:\/\/i0.wp.com\/www.grieta.org.mx\/wp-content\/uploads\/2018\/03\/14524434_1106112876131411_958039263622046936_o.jpg?resize=350%2C200&ssl=1","width":350,"height":200,"srcset":"https:\/\/i0.wp.com\/www.grieta.org.mx\/wp-content\/uploads\/2018\/03\/14524434_1106112876131411_958039263622046936_o.jpg?resize=350%2C200&ssl=1 1x, https:\/\/i0.wp.com\/www.grieta.org.mx\/wp-content\/uploads\/2018\/03\/14524434_1106112876131411_958039263622046936_o.jpg?resize=525%2C300&ssl=1 1.5x, https:\/\/i0.wp.com\/www.grieta.org.mx\/wp-content\/uploads\/2018\/03\/14524434_1106112876131411_958039263622046936_o.jpg?resize=700%2C400&ssl=1 2x"},"classes":[]},{"id":4899,"url":"https:\/\/www.grieta.org.mx\/index.php\/2016\/02\/29\/habitantes-de-el-porvenir-luchan-por-evitar-la-construccion-de-una-gasolinera\/","url_meta":{"origin":4895,"position":1},"title":"Habitantes de El Porvenir luchan por evitar la construcci\u00f3n de una gasolinera","author":"grieta","date":"29 febrero, 2016","format":false,"excerpt":"Esmeralda Trueba\/AM Quer\u00e9taro Hace dos a\u00f1os, los vecinos de la colonia El Porvenir Quer\u00e9taro contaban con un parque con \u00e1rea verde, sin embargo, un d\u00eda de forma inesperada arrib\u00f3 maquinaria a la zona, derribando este espacio dejando una gasolinera en su lugar, lo que provoc\u00f3 la inconformidad de cientos de\u2026","rel":"","context":"En &quot;CINTILLO&quot;","block_context":{"text":"CINTILLO","link":"https:\/\/www.grieta.org.mx\/index.php\/category\/cintillo\/"},"img":{"alt_text":"","src":"https:\/\/i0.wp.com\/www.grieta.org.mx\/wp-content\/uploads\/2018\/03\/14524434_1106112876131411_958039263622046936_o.jpg?resize=350%2C200&ssl=1","width":350,"height":200,"srcset":"https:\/\/i0.wp.com\/www.grieta.org.mx\/wp-content\/uploads\/2018\/03\/14524434_1106112876131411_958039263622046936_o.jpg?resize=350%2C200&ssl=1 1x, https:\/\/i0.wp.com\/www.grieta.org.mx\/wp-content\/uploads\/2018\/03\/14524434_1106112876131411_958039263622046936_o.jpg?resize=525%2C300&ssl=1 1.5x, https:\/\/i0.wp.com\/www.grieta.org.mx\/wp-content\/uploads\/2018\/03\/14524434_1106112876131411_958039263622046936_o.jpg?resize=700%2C400&ssl=1 2x"},"classes":[]},{"id":4903,"url":"https:\/\/www.grieta.org.mx\/index.php\/2015\/11\/22\/continuan-acciones-en-el-fraccionamiento-santiago-contra-gasolinera\/","url_meta":{"origin":4895,"position":2},"title":"Contin\u00faan acciones en el Fraccionamiento Santiago contra gasolinera","author":"grieta","date":"22 noviembre, 2015","format":false,"excerpt":"Cecilia Conde\/AM Quer\u00e9taro Ser\u00e1 la administraci\u00f3n municipal quien decida si clausura o no esa gasolinera, ya que esa autoridad fue la que otorg\u00f3 los permisos durante la pasada administraci\u00f3n Vecinos del contin\u00faan con acciones para detener la apertura de la gasolinera, la cual se encuentra casi terminada en su construcci\u00f3n.\u2026","rel":"","context":"En &quot;CINTILLO&quot;","block_context":{"text":"CINTILLO","link":"https:\/\/www.grieta.org.mx\/index.php\/category\/cintillo\/"},"img":{"alt_text":"","src":"https:\/\/i0.wp.com\/www.grieta.org.mx\/wp-content\/uploads\/2018\/03\/14524434_1106112876131411_958039263622046936_o.jpg?resize=350%2C200&ssl=1","width":350,"height":200,"srcset":"https:\/\/i0.wp.com\/www.grieta.org.mx\/wp-content\/uploads\/2018\/03\/14524434_1106112876131411_958039263622046936_o.jpg?resize=350%2C200&ssl=1 1x, https:\/\/i0.wp.com\/www.grieta.org.mx\/wp-content\/uploads\/2018\/03\/14524434_1106112876131411_958039263622046936_o.jpg?resize=525%2C300&ssl=1 1.5x, https:\/\/i0.wp.com\/www.grieta.org.mx\/wp-content\/uploads\/2018\/03\/14524434_1106112876131411_958039263622046936_o.jpg?resize=700%2C400&ssl=1 2x"},"classes":[]},{"id":4909,"url":"https:\/\/www.grieta.org.mx\/index.php\/2015\/07\/24\/vecinos-del-fraccionamiento-santiago-bloquean-avenida-en-protesta-por-gasolinera\/","url_meta":{"origin":4895,"position":3},"title":"Vecinos del Fraccionamiento Santiago bloquean avenida en protesta por gasolinera","author":"grieta","date":"24 julio, 2015","format":false,"excerpt":"Cecilia Conde\/AM Quer\u00e9taro La edificaci\u00f3n de una gasolinera en avenida 5 de febrero no contaba con las medidas de seguridad que marca el reglamento para la construcci\u00f3n en la capital Personal de la administraci\u00f3n municipal de Quer\u00e9taro suspendi\u00f3 la obra de la construcci\u00f3n de la gasolinera que se pretend\u00eda ubicar\u2026","rel":"","context":"En &quot;CINTILLO&quot;","block_context":{"text":"CINTILLO","link":"https:\/\/www.grieta.org.mx\/index.php\/category\/cintillo\/"},"img":{"alt_text":"","src":"https:\/\/i0.wp.com\/www.grieta.org.mx\/wp-content\/uploads\/2018\/03\/14524434_1106112876131411_958039263622046936_o.jpg?resize=350%2C200&ssl=1","width":350,"height":200,"srcset":"https:\/\/i0.wp.com\/www.grieta.org.mx\/wp-content\/uploads\/2018\/03\/14524434_1106112876131411_958039263622046936_o.jpg?resize=350%2C200&ssl=1 1x, https:\/\/i0.wp.com\/www.grieta.org.mx\/wp-content\/uploads\/2018\/03\/14524434_1106112876131411_958039263622046936_o.jpg?resize=525%2C300&ssl=1 1.5x, https:\/\/i0.wp.com\/www.grieta.org.mx\/wp-content\/uploads\/2018\/03\/14524434_1106112876131411_958039263622046936_o.jpg?resize=700%2C400&ssl=1 2x"},"classes":[]},{"id":4908,"url":"https:\/\/www.grieta.org.mx\/index.php\/2015\/09\/10\/se-manifiestan-vecinos-en-corregidora-por-gasolinera-cercana-a-3-escuelas\/","url_meta":{"origin":4895,"position":4},"title":"Se manifiestan vecinos en Corregidora por gasolinera cercana a 3 escuelas","author":"grieta","date":"10 septiembre, 2015","format":false,"excerpt":"Montserrat M\u00e1rquez\/AM Quer\u00e9taro Inconformes denunciaron que el predio en Corregidora destinado para una gasolinera tiene una suspensi\u00f3n de la Semarnat que proh\u00edbe su puesta en marcha y operaci\u00f3n La ma\u00f1ana de este jueves, vecinos de la colonia Reforma Agraria mostraron su inconformidad ante la construcci\u00f3n de una gasolinera sobre Boulevard\u2026","rel":"","context":"En &quot;CINTILLO&quot;","block_context":{"text":"CINTILLO","link":"https:\/\/www.grieta.org.mx\/index.php\/category\/cintillo\/"},"img":{"alt_text":"","src":"https:\/\/i0.wp.com\/www.grieta.org.mx\/wp-content\/uploads\/2018\/03\/14524434_1106112876131411_958039263622046936_o.jpg?resize=350%2C200&ssl=1","width":350,"height":200,"srcset":"https:\/\/i0.wp.com\/www.grieta.org.mx\/wp-content\/uploads\/2018\/03\/14524434_1106112876131411_958039263622046936_o.jpg?resize=350%2C200&ssl=1 1x, https:\/\/i0.wp.com\/www.grieta.org.mx\/wp-content\/uploads\/2018\/03\/14524434_1106112876131411_958039263622046936_o.jpg?resize=525%2C300&ssl=1 1.5x, https:\/\/i0.wp.com\/www.grieta.org.mx\/wp-content\/uploads\/2018\/03\/14524434_1106112876131411_958039263622046936_o.jpg?resize=700%2C400&ssl=1 2x"},"classes":[]},{"id":4896,"url":"https:\/\/www.grieta.org.mx\/index.php\/2016\/03\/16\/vecinos-de-tequisquiapan-rechazan-gasolinera\/","url_meta":{"origin":4895,"position":5},"title":"Vecinos de Tequisquiapan rechazan gasolinera","author":"grieta","date":"16 marzo, 2016","format":false,"excerpt":"Norma Ayala\/El Universal Habitantes del municipio de Tequisquiapan expresaron su inconformidad por la instalaci\u00f3n de una gasolinera, la numero 10 en el ayuntamiento, pues acusaron que la distribuidora de combustible pone en riesgo a alrededor de 460 familias de la zona, y a m\u00e1s de 2 mil alumnos, ya que\u2026","rel":"","context":"En &quot;CINTILLO&quot;","block_context":{"text":"CINTILLO","link":"https:\/\/www.grieta.org.mx\/index.php\/category\/cintillo\/"},"img":{"alt_text":"","src":"https:\/\/i0.wp.com\/www.grieta.org.mx\/wp-content\/uploads\/2018\/03\/14524434_1106112876131411_958039263622046936_o.jpg?resize=350%2C200&ssl=1","width":350,"height":200,"srcset":"https:\/\/i0.wp.com\/www.grieta.org.mx\/wp-content\/uploads\/2018\/03\/14524434_1106112876131411_958039263622046936_o.jpg?resize=350%2C200&ssl=1 1x, https:\/\/i0.wp.com\/www.grieta.org.mx\/wp-content\/uploads\/2018\/03\/14524434_1106112876131411_958039263622046936_o.jpg?resize=525%2C300&ssl=1 1.5x, https:\/\/i0.wp.com\/www.grieta.org.mx\/wp-content\/uploads\/2018\/03\/14524434_1106112876131411_958039263622046936_o.jpg?resize=700%2C400&ssl=1 2x"},"classes":[]}],"_links":{"self":[{"href":"https:\/\/www.grieta.org.mx\/index.php\/wp-json\/wp\/v2\/posts\/4895","targetHints":{"allow":["GET"]}}],"collection":[{"href":"https:\/\/www.grieta.org.mx\/index.php\/wp-json\/wp\/v2\/posts"}],"about":[{"href":"https:\/\/www.grieta.org.mx\/index.php\/wp-json\/wp\/v2\/types\/post"}],"author":[{"embeddable":true,"href":"https:\/\/www.grieta.org.mx\/index.php\/wp-json\/wp\/v2\/users\/2"}],"replies":[{"embeddable":true,"href":"https:\/\/www.grieta.org.mx\/index.php\/wp-json\/wp\/v2\/comments?post=4895"}],"version-history":[{"count":1,"href":"https:\/\/www.grieta.org.mx\/index.php\/wp-json\/wp\/v2\/posts\/4895\/revisions"}],"predecessor-version":[{"id":4915,"href":"https:\/\/www.grieta.org.mx\/index.php\/wp-json\/wp\/v2\/posts\/4895\/revisions\/4915"}],"wp:featuredmedia":[{"embeddable":true,"href":"https:\/\/www.grieta.org.mx\/index.php\/wp-json\/wp\/v2\/media\/21928"}],"wp:attachment":[{"href":"https:\/\/www.grieta.org.mx\/index.php\/wp-json\/wp\/v2\/media?parent=4895"}],"wp:term":[{"taxonomy":"category","embeddable":true,"href":"https:\/\/www.grieta.org.mx\/index.php\/wp-json\/wp\/v2\/categories?post=4895"},{"taxonomy":"post_tag","embeddable":true,"href":"https:\/\/www.grieta.org.mx\/index.php\/wp-json\/wp\/v2\/tags?post=4895"}],"curies":[{"name":"wp","href":"https:\/\/api.w.org\/{rel}","templated":true}]}}