{"id":4894,"date":"2016-08-05T22:00:14","date_gmt":"2016-08-06T03:00:14","guid":{"rendered":"http:\/\/50.22.11.12\/~grietaor\/?p=4894"},"modified":"2016-08-11T11:23:21","modified_gmt":"2016-08-11T16:23:21","slug":"desaparecidos-en-nuevo-leon","status":"publish","type":"post","link":"https:\/\/www.grieta.org.mx\/index.php\/2016\/08\/05\/desaparecidos-en-nuevo-leon\/","title":{"rendered":"Desaparecidos en Nuevo Le\u00f3n"},"content":{"rendered":"<p><strong>03\/08\/16. <\/strong><a href=\"http:\/\/www.grieta.org.mx\/index.php\/2016\/08\/03\/empeora-situacion-de-victimas-de-desaparicion-en-nuevo-leon\/\" target=\"_blank\">Empeora situaci\u00f3n de v\u00edctimas de desaparici\u00f3n en Nuevo Le\u00f3n<\/a><br \/><em>Vanguardia Mx<\/em><br  \/><\/p>\n<p><strong>10\/06\/16. <\/strong><a href=\"http:\/\/www.grieta.org.mx\/index.php\/2016\/06\/10\/familias-de-nuevo-leon-piden-localizar-a-padres-desaparecidos\/\" target=\"_blank\">Familias de Nuevo Le\u00f3n piden localizar a padres desaparecidos<\/a><br \/>\n<em>Vanguardia Mx<\/em><\/p>\n<p><strong>10\/01\/16. <\/strong><a href=\"http:\/\/grieta.org.mx\/index.php\/2016\/03\/01\/realizan-evento-en-memoria-de-desaparecidos-en-nl\">Realizan evento en memoria de desaparecidos en NL<\/a><br \/>\n<em>La Jornada<\/em><\/p>\n<p><strong>19\/11\/15. <\/strong><a href=\"http:\/\/grieta.org.mx\/index.php\/2015\/11\/19\/en-nuevo-leon-173-casos-de-desaparicion-que-involucran-a-314-victimas\">En Nuevo Le\u00f3n, 173 casos de desaparici\u00f3n que involucran a 314 v\u00edctimas<\/a><br \/>\n<em>Desinform\u00e9monos<\/em><\/p>\n<p><strong>08\/11\/15. <\/strong><a href=\"http:\/\/grieta.org.mx\/index.php\/2015\/11\/08\/en-nuevo-leon-papas-escarban-en-el-cementerio-zeta\">En Nuevo Le\u00f3n, pap\u00e1s escarban en el \u2018cementerio\u2019 zeta<\/a><br \/>\n<em>Vanguardia Mx<\/em><\/p>\n<p><strong>01\/11\/15. <\/strong><a href=\"http:\/\/grieta.org.mx\/index.php\/2015\/11\/01\/con-pico-y-pala-por-sus-desaparecidos-en-el-norte-de-mexico\">Con pico y pala por sus desaparecidos en el norte de M\u00e9xico<\/a><br \/>\n<em>El Economista<\/em><\/p>\n<p><strong>02\/09\/15. <\/strong><a href=\"http:\/\/grieta.org.mx\/index.php\/2015\/09\/02\/oculto-medina-cifra-negra-de-desapariciones-acusa-ong\">Ocult\u00f3 Medina \u201ccifra negra\u201d de desapariciones, acusa ONG<\/a><br \/>\n<em>Proceso<\/em><\/p>\n<p><strong>10\/07\/15. <\/strong><a href=\"http:\/\/grieta.org.mx\/index.php\/2015\/07\/10\/familiares-somos-los-otros-desaparecidos\">\u201cFamiliares somos los otros desaparecidos\u201d<\/a><br \/>\n<em>El Debate<\/em><\/p>\n<p><strong>09\/07\/15. <\/strong><a href=\"http:\/\/grieta.org.mx\/index.php\/2015\/07\/09\/cifra-negra-de-desapariciones-en-nl-seria-de-8-por-cada-10-casos\">Cifra negra de desapariciones en NL ser\u00eda de 8 por cada 10 casos<\/a><br \/>\n<em>Proceso<\/em><\/p>\n<p><strong>22\/03\/15. <\/strong><a href=\"http:\/\/grieta.org.mx\/index.php\/2015\/03\/22\/hay-mas-de-10-mil-desaparecidos-fundenl\">Hay m\u00e1s de 10 mil desaparecidos: Fundenl<\/a><br \/>\n<em>Milenio<\/em><\/p>\n","protected":false},"excerpt":{"rendered":"<p>03\/08\/16. Empeora situaci\u00f3n de v\u00edctimas de desaparici\u00f3n en Nuevo Le\u00f3nVanguardia Mx 10\/06\/16. Familias de Nuevo Le\u00f3n piden localizar a padres desaparecidos Vanguardia Mx 10\/01\/16. Realizan evento en memoria de desaparecidos &hellip; <a href=\"https:\/\/www.grieta.org.mx\/index.php\/2016\/08\/05\/desaparecidos-en-nuevo-leon\/\" class=\"more-link\">Leer m\u00e1s<\/a><\/p>\n","protected":false},"author":2,"featured_media":21928,"comment_status":"closed","ping_status":"open","sticky":false,"template":"","format":"standard","meta":{"ngg_post_thumbnail":0,"_jetpack_newsletter_access":"","_jetpack_dont_email_post_to_subs":false,"_jetpack_newsletter_tier_id":0,"_jetpack_memberships_contains_paywalled_content":false,"_jetpack_memberships_contains_paid_content":false,"footnotes":""},"categories":[87,2,24],"tags":[],"class_list":["post-4894","post","type-post","status-publish","format-standard","has-post-thumbnail","hentry","category-desaparecidos","category-noticias-nacionales","category-nuevo-leon","entry"],"jetpack_featured_media_url":"https:\/\/www.grieta.org.mx\/wp-content\/uploads\/2018\/03\/14524434_1106112876131411_958039263622046936_o.jpg","jetpack_sharing_enabled":true,"jetpack_shortlink":"https:\/\/wp.me\/p7ZJR4-1gW","jetpack_likes_enabled":false,"jetpack-related-posts":[{"id":19297,"url":"https:\/\/www.grieta.org.mx\/index.php\/2016\/08\/03\/empeora-situacion-de-victimas-de-desaparicion-en-nuevo-leon\/","url_meta":{"origin":4894,"position":0},"title":"Empeora situaci\u00f3n de v\u00edctimas de desaparici\u00f3n en Nuevo Le\u00f3n","author":"grieta","date":"3 agosto, 2016","format":false,"excerpt":"Aracely Chantaka Para los familiares de desaparecidos en la entidad, la situaci\u00f3n de atenci\u00f3n para sus casos ha empeorado por parte de la Procuradur\u00eda General de Justicia en el estado, en relaci\u00f3n con el sexenio anterior Monterrey, Nuevo Le\u00f3n.- Para los familiares de desaparecidos en la entidad, la situaci\u00f3n de\u2026","rel":"","context":"En &quot;CINTILLO&quot;","block_context":{"text":"CINTILLO","link":"https:\/\/www.grieta.org.mx\/index.php\/category\/cintillo\/"},"img":{"alt_text":"","src":"https:\/\/i0.wp.com\/www.grieta.org.mx\/wp-content\/uploads\/2018\/03\/14524434_1106112876131411_958039263622046936_o.jpg?resize=350%2C200&ssl=1","width":350,"height":200,"srcset":"https:\/\/i0.wp.com\/www.grieta.org.mx\/wp-content\/uploads\/2018\/03\/14524434_1106112876131411_958039263622046936_o.jpg?resize=350%2C200&ssl=1 1x, https:\/\/i0.wp.com\/www.grieta.org.mx\/wp-content\/uploads\/2018\/03\/14524434_1106112876131411_958039263622046936_o.jpg?resize=525%2C300&ssl=1 1.5x, https:\/\/i0.wp.com\/www.grieta.org.mx\/wp-content\/uploads\/2018\/03\/14524434_1106112876131411_958039263622046936_o.jpg?resize=700%2C400&ssl=1 2x"},"classes":[]},{"id":33322,"url":"https:\/\/www.grieta.org.mx\/index.php\/2019\/05\/11\/en-nuevo-leon-desapariciones-van-a-la-baja-pero-homicidios-al-alza\/","url_meta":{"origin":4894,"position":1},"title":"En Nuevo Le\u00f3n, desapariciones van a la baja\u2026 pero homicidios al alza","author":"grieta","date":"11 mayo, 2019","format":false,"excerpt":"Aracely Garza \/ Exc\u00e9lsior Al contrario de las ejecuciones, en Nuevo Le\u00f3n los casos de desapariciones han bajado, de acuerdo con lo que report\u00f3 Ciudadanos en Apoyo a los Derechos Humanos NUEVO LE\u00d3N. Al contrario de las ejecuciones, en Nuevo Le\u00f3n los casos de desapariciones han bajado, de acuerdo con\u2026","rel":"","context":"En &quot;CINTILLO&quot;","block_context":{"text":"CINTILLO","link":"https:\/\/www.grieta.org.mx\/index.php\/category\/cintillo\/"},"img":{"alt_text":"","src":"https:\/\/i0.wp.com\/www.grieta.org.mx\/wp-content\/uploads\/2019\/05\/En-Nuevo-Le%C3%B3n-desapariciones-van-a-la-baja%E2%80%A6-pero-homicidios-al-alza-nl-may.jpg?resize=350%2C200&ssl=1","width":350,"height":200,"srcset":"https:\/\/i0.wp.com\/www.grieta.org.mx\/wp-content\/uploads\/2019\/05\/En-Nuevo-Le%C3%B3n-desapariciones-van-a-la-baja%E2%80%A6-pero-homicidios-al-alza-nl-may.jpg?resize=350%2C200&ssl=1 1x, https:\/\/i0.wp.com\/www.grieta.org.mx\/wp-content\/uploads\/2019\/05\/En-Nuevo-Le%C3%B3n-desapariciones-van-a-la-baja%E2%80%A6-pero-homicidios-al-alza-nl-may.jpg?resize=525%2C300&ssl=1 1.5x"},"classes":[]},{"id":14049,"url":"https:\/\/www.grieta.org.mx\/index.php\/2016\/06\/10\/familias-de-nuevo-leon-piden-localizar-a-padres-desaparecidos\/","url_meta":{"origin":4894,"position":2},"title":"Familias de Nuevo Le\u00f3n piden localizar a padres desaparecidos","author":"grieta","date":"10 junio, 2016","format":false,"excerpt":"Aracely Chantaka Foto: Aracely Chantaka Con una marcha que inici\u00f3 en las instalaciones de la Pur\u00edsima el contingente manifest\u00f3 su descontento por los casos de desapariciones en la entidad Nuevo Le\u00f3n.- En el marco de la pr\u00f3xima celebraci\u00f3n del D\u00eda del Padre, integrantes de Ciudadanos en Apoyo a los Derechos\u2026","rel":"","context":"En &quot;CINTILLO&quot;","block_context":{"text":"CINTILLO","link":"https:\/\/www.grieta.org.mx\/index.php\/category\/cintillo\/"},"img":{"alt_text":"","src":"https:\/\/i0.wp.com\/www.grieta.org.mx\/wp-content\/uploads\/2018\/03\/14524434_1106112876131411_958039263622046936_o.jpg?resize=350%2C200&ssl=1","width":350,"height":200,"srcset":"https:\/\/i0.wp.com\/www.grieta.org.mx\/wp-content\/uploads\/2018\/03\/14524434_1106112876131411_958039263622046936_o.jpg?resize=350%2C200&ssl=1 1x, https:\/\/i0.wp.com\/www.grieta.org.mx\/wp-content\/uploads\/2018\/03\/14524434_1106112876131411_958039263622046936_o.jpg?resize=525%2C300&ssl=1 1.5x, https:\/\/i0.wp.com\/www.grieta.org.mx\/wp-content\/uploads\/2018\/03\/14524434_1106112876131411_958039263622046936_o.jpg?resize=700%2C400&ssl=1 2x"},"classes":[]},{"id":33316,"url":"https:\/\/www.grieta.org.mx\/index.php\/2019\/05\/10\/cinco-madres-de-desaparecidos-en-nuevo-leon-murieron-sin-encontrar-justicia-cadhac\/","url_meta":{"origin":4894,"position":3},"title":"Cinco madres de desaparecidos en Nuevo Le\u00f3n murieron sin encontrar justicia: CADHAC","author":"grieta","date":"10 mayo, 2019","format":false,"excerpt":"Lauren Franco \/ Contral\u00ednea Este viernes 10 de mayo, decenas de personas se reunieron en la Plaza de la Pur\u00edsima, en el Centro de Monterrey, en el marco de la \u201cMarcha en memoria de las madres de personas desaparecidos que murieron sin encontrar a sus hijos\u201d. De acuerdo con la\u2026","rel":"","context":"En &quot;CINTILLO&quot;","block_context":{"text":"CINTILLO","link":"https:\/\/www.grieta.org.mx\/index.php\/category\/cintillo\/"},"img":{"alt_text":"","src":"https:\/\/i0.wp.com\/www.grieta.org.mx\/wp-content\/uploads\/2019\/05\/Cinco-madres-de-desaparecidos-en-Nuevo-Le%C3%B3n-murieron-sin-encontrar-justicia-CADHAC-nl-may.jpg?resize=350%2C200&ssl=1","width":350,"height":200,"srcset":"https:\/\/i0.wp.com\/www.grieta.org.mx\/wp-content\/uploads\/2019\/05\/Cinco-madres-de-desaparecidos-en-Nuevo-Le%C3%B3n-murieron-sin-encontrar-justicia-CADHAC-nl-may.jpg?resize=350%2C200&ssl=1 1x, https:\/\/i0.wp.com\/www.grieta.org.mx\/wp-content\/uploads\/2019\/05\/Cinco-madres-de-desaparecidos-en-Nuevo-Le%C3%B3n-murieron-sin-encontrar-justicia-CADHAC-nl-may.jpg?resize=525%2C300&ssl=1 1.5x"},"classes":[]},{"id":23357,"url":"https:\/\/www.grieta.org.mx\/index.php\/2018\/05\/31\/exigen-a-estado-mayores-esfuerzos-por-desaparecidos-nuevo-leon\/","url_meta":{"origin":4894,"position":4},"title":"Exigen a Estado mayores esfuerzos por desaparecidos (Nuevo Le\u00f3n)","author":"grieta","date":"31 mayo, 2018","format":false,"excerpt":"Iram Hern\u00e1ndez \/ El Horizonte Este mi\u00e9rcoles, integrantes de Amores y de Cadhac se manifestaron en la Explanada de los H\u00e9roes para exigir mayores esfuerzos y resultados a las autoridades para esclarecer situaci\u00f3n de personas desaparecidas Integrantes de la Agrupaci\u00f3n de Mujeres Organizadas por los Ejecutados, Secuestrados y Desaparecidos (Amores)\u2026","rel":"","context":"En &quot;CINTILLO&quot;","block_context":{"text":"CINTILLO","link":"https:\/\/www.grieta.org.mx\/index.php\/category\/cintillo\/"},"img":{"alt_text":"","src":"https:\/\/i0.wp.com\/www.grieta.org.mx\/wp-content\/uploads\/2018\/05\/Exigen-a-Estado-mayores-esfuerzos-por-desaparecidos.jpg?resize=350%2C200&ssl=1","width":350,"height":200,"srcset":"https:\/\/i0.wp.com\/www.grieta.org.mx\/wp-content\/uploads\/2018\/05\/Exigen-a-Estado-mayores-esfuerzos-por-desaparecidos.jpg?resize=350%2C200&ssl=1 1x, https:\/\/i0.wp.com\/www.grieta.org.mx\/wp-content\/uploads\/2018\/05\/Exigen-a-Estado-mayores-esfuerzos-por-desaparecidos.jpg?resize=525%2C300&ssl=1 1.5x, https:\/\/i0.wp.com\/www.grieta.org.mx\/wp-content\/uploads\/2018\/05\/Exigen-a-Estado-mayores-esfuerzos-por-desaparecidos.jpg?resize=700%2C400&ssl=1 2x, https:\/\/i0.wp.com\/www.grieta.org.mx\/wp-content\/uploads\/2018\/05\/Exigen-a-Estado-mayores-esfuerzos-por-desaparecidos.jpg?resize=1050%2C600&ssl=1 3x"},"classes":[]},{"id":33319,"url":"https:\/\/www.grieta.org.mx\/index.php\/2019\/05\/10\/marchan-madres-en-nuevo-leon-por-sus-hijos-desaparecidos\/","url_meta":{"origin":4894,"position":5},"title":"Marchan madres en Nuevo Le\u00f3n por sus hijos desaparecidos","author":"grieta","date":"10 mayo, 2019","format":false,"excerpt":"Aracely Chantaka \/ Vanguardia La movilizaci\u00f3n se registr\u00f3, este viernes, en el marco del D\u00eda de las Madres y congreg\u00f3 a decenas de integrantes de esa agrupaci\u00f3n que es respaldada por Ciudadanos en Apoyo a los Derechos Humanos (Cadhac) Monterrey, Nuevo Le\u00f3n.- La ausencia de un hijo desaparecido no se\u2026","rel":"","context":"En &quot;CINTILLO&quot;","block_context":{"text":"CINTILLO","link":"https:\/\/www.grieta.org.mx\/index.php\/category\/cintillo\/"},"img":{"alt_text":"","src":"https:\/\/i0.wp.com\/www.grieta.org.mx\/wp-content\/uploads\/2019\/05\/Marchan-madres-en-Nuevo-Le%C3%B3n-por-sus-hijos-desaparecidos-nl-may.jpg?resize=350%2C200&ssl=1","width":350,"height":200,"srcset":"https:\/\/i0.wp.com\/www.grieta.org.mx\/wp-content\/uploads\/2019\/05\/Marchan-madres-en-Nuevo-Le%C3%B3n-por-sus-hijos-desaparecidos-nl-may.jpg?resize=350%2C200&ssl=1 1x, https:\/\/i0.wp.com\/www.grieta.org.mx\/wp-content\/uploads\/2019\/05\/Marchan-madres-en-Nuevo-Le%C3%B3n-por-sus-hijos-desaparecidos-nl-may.jpg?resize=525%2C300&ssl=1 1.5x, https:\/\/i0.wp.com\/www.grieta.org.mx\/wp-content\/uploads\/2019\/05\/Marchan-madres-en-Nuevo-Le%C3%B3n-por-sus-hijos-desaparecidos-nl-may.jpg?resize=700%2C400&ssl=1 2x"},"classes":[]}],"_links":{"self":[{"href":"https:\/\/www.grieta.org.mx\/index.php\/wp-json\/wp\/v2\/posts\/4894","targetHints":{"allow":["GET"]}}],"collection":[{"href":"https:\/\/www.grieta.org.mx\/index.php\/wp-json\/wp\/v2\/posts"}],"about":[{"href":"https:\/\/www.grieta.org.mx\/index.php\/wp-json\/wp\/v2\/types\/post"}],"author":[{"embeddable":true,"href":"https:\/\/www.grieta.org.mx\/index.php\/wp-json\/wp\/v2\/users\/2"}],"replies":[{"embeddable":true,"href":"https:\/\/www.grieta.org.mx\/index.php\/wp-json\/wp\/v2\/comments?post=4894"}],"version-history":[{"count":1,"href":"https:\/\/www.grieta.org.mx\/index.php\/wp-json\/wp\/v2\/posts\/4894\/revisions"}],"predecessor-version":[{"id":19299,"href":"https:\/\/www.grieta.org.mx\/index.php\/wp-json\/wp\/v2\/posts\/4894\/revisions\/19299"}],"wp:featuredmedia":[{"embeddable":true,"href":"https:\/\/www.grieta.org.mx\/index.php\/wp-json\/wp\/v2\/media\/21928"}],"wp:attachment":[{"href":"https:\/\/www.grieta.org.mx\/index.php\/wp-json\/wp\/v2\/media?parent=4894"}],"wp:term":[{"taxonomy":"category","embeddable":true,"href":"https:\/\/www.grieta.org.mx\/index.php\/wp-json\/wp\/v2\/categories?post=4894"},{"taxonomy":"post_tag","embeddable":true,"href":"https:\/\/www.grieta.org.mx\/index.php\/wp-json\/wp\/v2\/tags?post=4894"}],"curies":[{"name":"wp","href":"https:\/\/api.w.org\/{rel}","templated":true}]}}