{"id":48929,"date":"2020-05-10T15:40:09","date_gmt":"2020-05-10T20:40:09","guid":{"rendered":"http:\/\/www.grieta.org.mx\/?p=48929"},"modified":"2020-05-11T15:54:35","modified_gmt":"2020-05-11T20:54:35","slug":"el-tren-maya-privatizara-los-ejidos","status":"publish","type":"post","link":"https:\/\/www.grieta.org.mx\/index.php\/2020\/05\/10\/el-tren-maya-privatizara-los-ejidos\/","title":{"rendered":"&#8220;El Tren Maya privatizar\u00e1 los ejidos&#8221;"},"content":{"rendered":"<p><img loading=\"lazy\" decoding=\"async\" data-attachment-id=\"48930\" data-permalink=\"https:\/\/www.grieta.org.mx\/index.php\/2020\/05\/10\/el-tren-maya-privatizara-los-ejidos\/trenmaya_-fotos_lucia_e_-isabel\/\" data-orig-file=\"https:\/\/www.grieta.org.mx\/wp-content\/uploads\/2020\/05\/trenMaya_-fotos_lucia_e_-Isabel-e1589230173724.jpg\" data-orig-size=\"800,500\" data-comments-opened=\"0\" data-image-meta=\"{&quot;aperture&quot;:&quot;0&quot;,&quot;credit&quot;:&quot;&quot;,&quot;camera&quot;:&quot;&quot;,&quot;caption&quot;:&quot;&quot;,&quot;created_timestamp&quot;:&quot;0&quot;,&quot;copyright&quot;:&quot;&quot;,&quot;focal_length&quot;:&quot;0&quot;,&quot;iso&quot;:&quot;0&quot;,&quot;shutter_speed&quot;:&quot;0&quot;,&quot;title&quot;:&quot;&quot;,&quot;orientation&quot;:&quot;1&quot;}\" data-image-title=\"trenMaya_-fotos_lucia_e_-Isabel\" data-image-description=\"\" data-image-caption=\"\" data-medium-file=\"https:\/\/www.grieta.org.mx\/wp-content\/uploads\/2020\/05\/trenMaya_-fotos_lucia_e_-Isabel-300x188.jpg\" data-large-file=\"https:\/\/www.grieta.org.mx\/wp-content\/uploads\/2020\/05\/trenMaya_-fotos_lucia_e_-Isabel-e1589230173724.jpg\" src=\"http:\/\/www.grieta.org.mx\/wp-content\/uploads\/2020\/05\/trenMaya_-fotos_lucia_e_-Isabel-e1589230173724.jpg\" alt=\"\" width=\"800\" height=\"500\" class=\"aligncenter size-full wp-image-48930\" \/>Texto: Ricardo Hern\u00e1ndez \/ Foto: Archivo  Luc\u00eda Vergara \/ Pie de P\u00e1gina<\/p>\n<blockquote><p>Los ejidos donde Fonatur crear\u00e1 infraestructura relativa al Tren Maya deber\u00e1n cambiar su r\u00e9gimen de propiedad social a privada. La investigadora Violeta N\u00fa\u00f1ez Rodr\u00edguez alerta que esto podr\u00eda tratarse de un \u00abdespojo elegante\u00bb. Fonatur, en cambio, asegura que es innovaci\u00f3n<\/p><\/blockquote>\n<p>Los ejidos donde se crear\u00e1n polos de desarrollo relativos al Tren Maya cambiar\u00e1n su r\u00e9gimen de propiedad social a privada. As\u00ed lo advirti\u00f3 Violeta N\u00fa\u00f1ez Rodr\u00edguez, investigadora de la Universidad Aut\u00f3noma Metropolitana (UAM).<\/p>\n<p>Si los ejidatarios ceden sus tierras a un Fideicomiso de Infraestructura y Bienes Ra\u00edces (Fibra), deber\u00e1n privatizarlas, pues la Ley de la Reforma Agraria no permite colocar certificados burs\u00e1tiles de ejidos en el mercado de capitales, como el gobierno mexicano propone.<\/p>\n<p>Ello podr\u00eda conducir al despojo y venta de ejidos, y va en contrasentido a lo prometido por la actual administraci\u00f3n federal: impedir la comercializaci\u00f3n de propiedad social, afirma N\u00fa\u00f1ez.<br \/>\nLa \u00abletra chiquita\u00bb del proyecto<\/p>\n<p>El planteamiento del Fondo Nacional de Fomento al Turismo (Fonatur) es que ejidatarios y empresarios formen una sociedad, donde los primeros aportar\u00e1n la tierra y los segundos, la infraestructura.<\/p>\n<p>Los bienes ingresar\u00e1n a un fideicomiso y se colocar\u00e1n certificados burs\u00e1tiles en la Bolsa Mexicana de Valores. Una vez ah\u00ed, dichos certificados podr\u00e1n ser adquiridos por inversionistas. Finalmente, los socios recibir\u00e1n recursos provenientes, tanto de la venta de certificados, como de parte del propio Fideicomiso. Pero estos recursos no ser\u00e1n en la misma proporci\u00f3n. Depender\u00e1 de las acciones que cada uno tenga en la sociedad. <\/p>\n<p>\u201cUna vez que las tierras han sido ingresadas al Fideicomiso no hay vuelta atr\u00e1s\u201d, dijo en entrevista telef\u00f3nica la docente adscrita al Departamento de Producci\u00f3n Econ\u00f3mica.<\/p>\n<p>Y es que, de acuerdo con la Ley del Mercados de Valores, las Fibras son irrevocables.<\/p>\n<p>Solo pasados cuatro a\u00f1os de finalizarse la construcci\u00f3n de los inmuebles en los polos de desarrollo, los ejidatarios podr\u00e1n enajenarlos. O bien, tendr\u00edan que comprar las acciones de sus socios los empresarios para recuperar la propiedad. <\/p>\n<p>En cualquier caso, lo que fue propiedad comunal quedar\u00e1 como propiedad privada, y la puerta quedar\u00e1 abierta al desarrollo urbano. La vocaci\u00f3n agr\u00edcola se perder\u00e1. As\u00ed lo comenta la profesora de tiempo completo.<\/p>\n<p>La inequidad entre socios ser\u00e1 manifiesta. Los empresarios estar\u00e1n en mejores condiciones para contar con m\u00e1s acciones en la sociedad y, consecuentemente, con mayores retribuciones.<\/p>\n<p>Adem\u00e1s, la Fibra es de renta variable. Es decir, depende de la confianza de los inversionistas en M\u00e9xico y en la oferta y la demanda. Esto no les garantiza a los comuneros una ganancia, comenta la docente.<\/p>\n<p>    \u201cLas Fibras podr\u00edan significar un proceso de \u2018despojo elegante\u2019. [Esto] debido a que, adem\u00e1s de que los ejidatarios nunca podr\u00e1n recuperar su tierra si lo quisieran, porque sobre ella estar\u00e1n los proyectos inmobiliarios, tampoco, tienen garantizada la rentabilidad. Quiz\u00e1 en un futuro no les quedar\u00eda m\u00e1s opci\u00f3n que vender las acciones que reciban por sus tierras\u201d, remat\u00f3.<\/p>\n<p>La versi\u00f3n de Fonatur<\/p>\n<p>Consultado al respecto, Rogelio Jim\u00e9nez Pons, titular del Fonatur, confirm\u00f3 que es necesario privatizar los ejidos, a fin de bursatilizarlos. La Ley de la Reforma Agraria no contempla el modelo de fideicomiso.<\/p>\n<p>El objetivo es, defendi\u00f3 Jim\u00e9nez Pons, empoderar a los ejidatarios mediante un beneficio econ\u00f3mico que luego podr\u00e1n reinvertir en su comunidad.<\/p>\n<p>\u201cLos beneficios podr\u00e1n invertirlos en el resto de su territorio; que se conviertan \u2013ya dentro de sus normas, sus culturas y sus formas de organizaci\u00f3n que ellos determinen\u2013 en recursos para seguir invirtiendo.<\/p>\n<p>\u00abA nosotros no nos interesa que [los ejidatarios] s\u00f3lo sean parte del esquema del turismo; sino que tengan recursos para reinvertir la plusval\u00eda en el resto de los ejidos. Este empoderamiento es la base fundamental de justicia del proyecto\u201d, dijo por tel\u00e9fono.<\/p>\n<p>La gran ventaja, a\u00f1adi\u00f3, es que los terrenos que ofrezcan aumentar\u00e1n su valor; obtendr\u00e1n una mayor plusval\u00eda.<\/p>\n<p>Adem\u00e1s, detall\u00f3 el funcionario, hay candados para resguardar las tierras comunales. Los ejidatarios no podr\u00e1n vender m\u00e1s del 50 por ciento de su propiedad; y en los polos de desarrollo s\u00f3lo se permitir\u00e1 desarrollar el 30 por ciento. En el resto se conservar\u00e1 la vegetaci\u00f3n.<\/p>\n<p>Avanzar en el proyecto del Tren Maya y financiar los polos de desarrollo mediante la Fibra es para Jim\u00e9nez Pons una necesidad. Su prop\u00f3sito es desarrollar el sureste con orden y bajo reglas claras. Seg\u00fan el funcionario, la falta de reglas alent\u00f3 un desarrollo desordenado en otros lugares.<\/p>\n<p>    \u201cTe voy a poner un ejemplo del desastre que ha significado el desarrollo en la Pen\u00ednsula. En el ejido de Tulum, que son 23 mil hect\u00e1reas, ya vendieron el 70 por ciento. Sin ning\u00fan plan de desarrollo, sin ninguna l\u00f3gica ni nada. Es un caos terrible\u201d, afirm\u00f3.<\/p>\n<p>Urbanizar con l\u00edmites, reglas, esquemas y con la participaci\u00f3n de ejidatarios, sostiene, beneficiar\u00e1 a la regi\u00f3n.<\/p>\n<p>Finalmente, anunci\u00f3 que est\u00e1n por firmar los compromisos para avanzar en las Fibras con ejidatarios de Cob\u00e1, Puerto Morelos, Tulum, Bacalar, Palenque e Izamal.<br \/>\n\u00abInnovaci\u00f3n\u00bb financiera<\/p>\n<p>Humberto Calzada, analista financiero de Rankia M\u00e9xico y Latinoam\u00e9rica, asegura que M\u00e9xico estar\u00eda innovando en materia financiera. En todo el planeta, dice, no hay precedentes de bursatilizaci\u00f3n de tierras comunales.  <\/p>\n<p>    \u00abSi se da este proceso, estar\u00edamos frente a un evento de innovaci\u00f3n financiero y \u00fanico a nivel mundial. Yo no he conocido otro modelo en el que se privatice la propiedad comunal. Ser\u00eda un precedente\u00bb, dijo. Humberto Calzada, analista financiero.<\/p>\n<p><a href=\"https:\/\/piedepagina.mx\/el-tren-maya-privatizara-los-ejidos\/\" rel=\"noopener noreferrer\" target=\"_blank\">https:\/\/piedepagina.mx\/el-tren-maya-privatizara-los-ejidos\/<\/a><\/p>\n","protected":false},"excerpt":{"rendered":"<p>Texto: Ricardo Hern\u00e1ndez \/ Foto: Archivo Luc\u00eda Vergara \/ Pie de P\u00e1gina Los ejidos donde Fonatur crear\u00e1 infraestructura relativa al Tren Maya deber\u00e1n cambiar su r\u00e9gimen de propiedad social a &hellip; <a href=\"https:\/\/www.grieta.org.mx\/index.php\/2020\/05\/10\/el-tren-maya-privatizara-los-ejidos\/\" class=\"more-link\">Leer m\u00e1s<\/a><\/p>\n","protected":false},"author":2,"featured_media":48930,"comment_status":"closed","ping_status":"closed","sticky":false,"template":"","format":"standard","meta":{"ngg_post_thumbnail":0,"_jetpack_newsletter_access":"","_jetpack_dont_email_post_to_subs":false,"_jetpack_newsletter_tier_id":0,"_jetpack_memberships_contains_paywalled_content":false,"_jetpack_memberships_contains_paid_content":false,"footnotes":""},"categories":[11,80,3,922,926,944,952,2,28,1875,1876,1877,2026,36],"tags":[3342,1878],"class_list":["post-48929","post","type-post","status-publish","format-standard","has-post-thumbnail","hentry","category-campeche","category-cintillo","category-megaproyectos","category-megaproyectos-estados","category-mp-campeche","category-mp-quintana-roo","category-mp-yucatan","category-noticias-nacionales","category-quintana-roo","category-resistencia-al-tren-maya-en-la-peninsula-de-yucatan","category-resistencia-al-tren-maya-en-la-peninsula-de-yucatan-quintana-roo","category-resistencia-al-tren-maya-en-la-peninsula-de-yucatan-campeche","category-tren-maya","category-yucatan","tag-fibras","tag-tren-maya","entry"],"jetpack_featured_media_url":"https:\/\/www.grieta.org.mx\/wp-content\/uploads\/2020\/05\/trenMaya_-fotos_lucia_e_-Isabel-e1589230173724.jpg","jetpack_sharing_enabled":true,"jetpack_shortlink":"https:\/\/wp.me\/p7ZJR4-cJb","jetpack_likes_enabled":false,"jetpack-related-posts":[{"id":47874,"url":"https:\/\/www.grieta.org.mx\/index.php\/2020\/04\/13\/las-vias-torcidas-del-tren-maya-video\/","url_meta":{"origin":48929,"position":0},"title":"Las v\u00edas torcidas del tren maya (Video)","author":"grieta","date":"13 abril, 2020","format":false,"excerpt":"https:\/\/www.youtube.com\/watch?v=k8FRX9eT0YY","rel":"","context":"En &quot;16. Pueblo Maya&quot;","block_context":{"text":"16. Pueblo Maya","link":"https:\/\/www.grieta.org.mx\/index.php\/category\/espejos-de-la-resistencia\/16-pueblo-maya\/"},"img":{"alt_text":"","src":"https:\/\/i0.wp.com\/www.grieta.org.mx\/wp-content\/uploads\/2020\/04\/ViasTorcidasTrenMaya.png?resize=350%2C200&ssl=1","width":350,"height":200,"srcset":"https:\/\/i0.wp.com\/www.grieta.org.mx\/wp-content\/uploads\/2020\/04\/ViasTorcidasTrenMaya.png?resize=350%2C200&ssl=1 1x, https:\/\/i0.wp.com\/www.grieta.org.mx\/wp-content\/uploads\/2020\/04\/ViasTorcidasTrenMaya.png?resize=525%2C300&ssl=1 1.5x, https:\/\/i0.wp.com\/www.grieta.org.mx\/wp-content\/uploads\/2020\/04\/ViasTorcidasTrenMaya.png?resize=700%2C400&ssl=1 2x"},"classes":[]},{"id":35945,"url":"https:\/\/www.grieta.org.mx\/index.php\/2019\/07\/05\/expansion-de-megaproyectos-en-la-peninsula-de-yucatan-video\/","url_meta":{"origin":48929,"position":1},"title":"Expansi\u00f3n de Megaproyectos en la Pen\u00ednsula de Yucat\u00e1n (Video)","author":"grieta","date":"5 julio, 2019","format":false,"excerpt":"https:\/\/youtu.be\/qLBARIAaBsI","rel":"","context":"En &quot;Campeche&quot;","block_context":{"text":"Campeche","link":"https:\/\/www.grieta.org.mx\/index.php\/category\/noticias-nacionales\/campeche\/"},"img":{"alt_text":"","src":"https:\/\/i0.wp.com\/img.youtube.com\/vi\/qLBARIAaBsI\/0.jpg?resize=350%2C200","width":350,"height":200},"classes":[]},{"id":52154,"url":"https:\/\/www.grieta.org.mx\/index.php\/2020\/07\/02\/acusan-al-tren-maya-de-atentar-contra-el-tejido-comunitario\/","url_meta":{"origin":48929,"position":2},"title":"Acusan al Tren Maya de atentar contra el tejido comunitario","author":"grieta","date":"2 julio, 2020","format":false,"excerpt":"Pablo Puerto \/ Yucat\u00e1n a la Mano El Consejo Civil Mexicano para la Silvicultura Sostenible (CCMSS) acus\u00f3 al proyecto del Tren Maya de romper el tejido comunitario en la Pen\u00ednsula de Yucat\u00e1n, situaci\u00f3n que complica las opciones de reproducir su cultura para confirmar una poblaci\u00f3n urbanizada. A trav\u00e9s de un\u2026","rel":"","context":"En &quot;Campeche&quot;","block_context":{"text":"Campeche","link":"https:\/\/www.grieta.org.mx\/index.php\/category\/noticias-nacionales\/campeche\/"},"img":{"alt_text":"","src":"https:\/\/i0.wp.com\/www.grieta.org.mx\/wp-content\/uploads\/2020\/07\/AcusanAlTren-e1596122559447.png?resize=350%2C200&ssl=1","width":350,"height":200,"srcset":"https:\/\/i0.wp.com\/www.grieta.org.mx\/wp-content\/uploads\/2020\/07\/AcusanAlTren-e1596122559447.png?resize=350%2C200&ssl=1 1x, https:\/\/i0.wp.com\/www.grieta.org.mx\/wp-content\/uploads\/2020\/07\/AcusanAlTren-e1596122559447.png?resize=525%2C300&ssl=1 1.5x, https:\/\/i0.wp.com\/www.grieta.org.mx\/wp-content\/uploads\/2020\/07\/AcusanAlTren-e1596122559447.png?resize=700%2C400&ssl=1 2x"},"classes":[]},{"id":56437,"url":"https:\/\/www.grieta.org.mx\/index.php\/2021\/01\/27\/demandan-a-fonatur-por-continuar-obras-del-tren-maya-en-campeche\/","url_meta":{"origin":48929,"position":3},"title":"Demandan a Fonatur por continuar obras del Tren Maya en Campeche","author":"grieta","date":"27 enero, 2021","format":false,"excerpt":"Jos\u00e9 Valencia \/ Por Esto! Ejidatarios de Xbacab presentaron una denuncia ante el Tribunal Agrario por el desacato en que ha incurrido el Fondo Nacional de Fomento al Turismo (Fonatur) al continuar con las obras del Tren Maya, que debieron haber sido detenidas desde d\u00edas pasados tras la suspensi\u00f3n que\u2026","rel":"","context":"En &quot;Campeche&quot;","block_context":{"text":"Campeche","link":"https:\/\/www.grieta.org.mx\/index.php\/category\/noticias-nacionales\/campeche\/"},"img":{"alt_text":"","src":"https:\/\/i0.wp.com\/www.grieta.org.mx\/wp-content\/uploads\/2021\/01\/DemandanFonaturTrenCampeche.png?resize=350%2C200&ssl=1","width":350,"height":200,"srcset":"https:\/\/i0.wp.com\/www.grieta.org.mx\/wp-content\/uploads\/2021\/01\/DemandanFonaturTrenCampeche.png?resize=350%2C200&ssl=1 1x, https:\/\/i0.wp.com\/www.grieta.org.mx\/wp-content\/uploads\/2021\/01\/DemandanFonaturTrenCampeche.png?resize=525%2C300&ssl=1 1.5x"},"classes":[]},{"id":38759,"url":"https:\/\/www.grieta.org.mx\/index.php\/2019\/09\/02\/fonatur-contempla-la-expropiacion-de-terrenos-para-la-ruta-del-tren-maya-ante-resistencia-de-ejidatarios\/","url_meta":{"origin":48929,"position":4},"title":"Fonatur contempla la expropiaci\u00f3n de terrenos para la ruta del Tren Maya, ante resistencia de ejidatarios","author":"grieta","date":"2 septiembre, 2019","format":false,"excerpt":"Sara\u00ed Reyes\/Noticaribe CANC\u00daN, MX.- Al dar a conocer que ya cuentan con la anuencia del 98% de los ejidos por donde pasar\u00e1 la ruta del Tren Maya solo para poder entrar a hacer estudios de viabilidad, el director jur\u00eddico del Fondo Nacional del Fomento al Turismo (Fonatur), Alejandro Varela, dio\u2026","rel":"","context":"En &quot;Campeche&quot;","block_context":{"text":"Campeche","link":"https:\/\/www.grieta.org.mx\/index.php\/category\/noticias-nacionales\/campeche\/"},"img":{"alt_text":"","src":"https:\/\/i0.wp.com\/www.grieta.org.mx\/wp-content\/uploads\/2019\/09\/TrenMalla-e1567565189957.png?resize=350%2C200&ssl=1","width":350,"height":200,"srcset":"https:\/\/i0.wp.com\/www.grieta.org.mx\/wp-content\/uploads\/2019\/09\/TrenMalla-e1567565189957.png?resize=350%2C200&ssl=1 1x, https:\/\/i0.wp.com\/www.grieta.org.mx\/wp-content\/uploads\/2019\/09\/TrenMalla-e1567565189957.png?resize=525%2C300&ssl=1 1.5x, https:\/\/i0.wp.com\/www.grieta.org.mx\/wp-content\/uploads\/2019\/09\/TrenMalla-e1567565189957.png?resize=700%2C400&ssl=1 2x"},"classes":[]},{"id":49176,"url":"https:\/\/www.grieta.org.mx\/index.php\/2020\/05\/14\/cndh-pide-suspender-de-manera-urgente-obras-del-tren-maya\/","url_meta":{"origin":48929,"position":5},"title":"CNDH pide suspender de manera urgente obras del Tren Maya","author":"grieta","date":"14 mayo, 2020","format":false,"excerpt":"Lilia Balam \/ Informe Fracto El organismo emiti\u00f3 medidas cautelares al FONATUR para detener las actividades no esenciales relacionadas con el proyecto ferroviario, pues las obras vulnerar\u00edan los derechos de la poblaci\u00f3n. La Comisi\u00f3n Nacional de los Derechos Humanos (CNDH), solicit\u00f3 al Fondo Nacional de Fomento al Turismo (FONATUR), suspender\u2026","rel":"","context":"En &quot;Campeche&quot;","block_context":{"text":"Campeche","link":"https:\/\/www.grieta.org.mx\/index.php\/category\/noticias-nacionales\/campeche\/"},"img":{"alt_text":"","src":"https:\/\/i0.wp.com\/www.grieta.org.mx\/wp-content\/uploads\/2020\/05\/Tren_Maya_CNDH-1536x1003-e1589496540443.jpg?resize=350%2C200&ssl=1","width":350,"height":200,"srcset":"https:\/\/i0.wp.com\/www.grieta.org.mx\/wp-content\/uploads\/2020\/05\/Tren_Maya_CNDH-1536x1003-e1589496540443.jpg?resize=350%2C200&ssl=1 1x, https:\/\/i0.wp.com\/www.grieta.org.mx\/wp-content\/uploads\/2020\/05\/Tren_Maya_CNDH-1536x1003-e1589496540443.jpg?resize=525%2C300&ssl=1 1.5x, https:\/\/i0.wp.com\/www.grieta.org.mx\/wp-content\/uploads\/2020\/05\/Tren_Maya_CNDH-1536x1003-e1589496540443.jpg?resize=700%2C400&ssl=1 2x"},"classes":[]}],"_links":{"self":[{"href":"https:\/\/www.grieta.org.mx\/index.php\/wp-json\/wp\/v2\/posts\/48929","targetHints":{"allow":["GET"]}}],"collection":[{"href":"https:\/\/www.grieta.org.mx\/index.php\/wp-json\/wp\/v2\/posts"}],"about":[{"href":"https:\/\/www.grieta.org.mx\/index.php\/wp-json\/wp\/v2\/types\/post"}],"author":[{"embeddable":true,"href":"https:\/\/www.grieta.org.mx\/index.php\/wp-json\/wp\/v2\/users\/2"}],"replies":[{"embeddable":true,"href":"https:\/\/www.grieta.org.mx\/index.php\/wp-json\/wp\/v2\/comments?post=48929"}],"version-history":[{"count":1,"href":"https:\/\/www.grieta.org.mx\/index.php\/wp-json\/wp\/v2\/posts\/48929\/revisions"}],"predecessor-version":[{"id":48931,"href":"https:\/\/www.grieta.org.mx\/index.php\/wp-json\/wp\/v2\/posts\/48929\/revisions\/48931"}],"wp:featuredmedia":[{"embeddable":true,"href":"https:\/\/www.grieta.org.mx\/index.php\/wp-json\/wp\/v2\/media\/48930"}],"wp:attachment":[{"href":"https:\/\/www.grieta.org.mx\/index.php\/wp-json\/wp\/v2\/media?parent=48929"}],"wp:term":[{"taxonomy":"category","embeddable":true,"href":"https:\/\/www.grieta.org.mx\/index.php\/wp-json\/wp\/v2\/categories?post=48929"},{"taxonomy":"post_tag","embeddable":true,"href":"https:\/\/www.grieta.org.mx\/index.php\/wp-json\/wp\/v2\/tags?post=48929"}],"curies":[{"name":"wp","href":"https:\/\/api.w.org\/{rel}","templated":true}]}}