{"id":48926,"date":"2020-05-10T15:27:12","date_gmt":"2020-05-10T20:27:12","guid":{"rendered":"http:\/\/www.grieta.org.mx\/?p=48926"},"modified":"2020-05-11T15:39:07","modified_gmt":"2020-05-11T20:39:07","slug":"denuncian-ejidatarios-de-tecoh-despojo-de-tierras-yucatan","status":"publish","type":"post","link":"https:\/\/www.grieta.org.mx\/index.php\/2020\/05\/10\/denuncian-ejidatarios-de-tecoh-despojo-de-tierras-yucatan\/","title":{"rendered":"Denuncian ejidatarios de Tecoh despojo de tierras (Yucat\u00e1n)"},"content":{"rendered":"<p><img loading=\"lazy\" decoding=\"async\" data-attachment-id=\"48927\" data-permalink=\"https:\/\/www.grieta.org.mx\/index.php\/2020\/05\/10\/denuncian-ejidatarios-de-tecoh-despojo-de-tierras-yucatan\/despojotecoh\/\" data-orig-file=\"https:\/\/www.grieta.org.mx\/wp-content\/uploads\/2020\/05\/DespojoTecoh.png\" data-orig-size=\"593,539\" data-comments-opened=\"0\" data-image-meta=\"{&quot;aperture&quot;:&quot;0&quot;,&quot;credit&quot;:&quot;&quot;,&quot;camera&quot;:&quot;&quot;,&quot;caption&quot;:&quot;&quot;,&quot;created_timestamp&quot;:&quot;0&quot;,&quot;copyright&quot;:&quot;&quot;,&quot;focal_length&quot;:&quot;0&quot;,&quot;iso&quot;:&quot;0&quot;,&quot;shutter_speed&quot;:&quot;0&quot;,&quot;title&quot;:&quot;&quot;,&quot;orientation&quot;:&quot;0&quot;}\" data-image-title=\"DespojoTecoh\" data-image-description=\"\" data-image-caption=\"\" data-medium-file=\"https:\/\/www.grieta.org.mx\/wp-content\/uploads\/2020\/05\/DespojoTecoh-300x273.png\" data-large-file=\"https:\/\/www.grieta.org.mx\/wp-content\/uploads\/2020\/05\/DespojoTecoh.png\" src=\"http:\/\/www.grieta.org.mx\/wp-content\/uploads\/2020\/05\/DespojoTecoh.png\" alt=\"\" width=\"593\" height=\"539\" class=\"aligncenter size-full wp-image-48927\" srcset=\"https:\/\/www.grieta.org.mx\/wp-content\/uploads\/2020\/05\/DespojoTecoh.png 593w, https:\/\/www.grieta.org.mx\/wp-content\/uploads\/2020\/05\/DespojoTecoh-300x273.png 300w, https:\/\/www.grieta.org.mx\/wp-content\/uploads\/2020\/05\/DespojoTecoh-550x500.png 550w\" sizes=\"auto, (max-width: 593px) 100vw, 593px\" \/><\/p>\n<p>Rafael Mis Cob\u00e1 \/ PorEsto!<br \/>\nEjidatarios de Tecoh denunciaron que el alcalde y el comisario de esa comunidad act\u00faan en complicidad para despojar de sus tierras a los campesinos, adem\u00e1s de que han celebrado asambleas sin acatar las medidas de prevenci\u00f3n sanitaria, con los riesgos que ello implica para la salud de los pobladores.<br \/>\nEn un documento enviado al Gobierno del Estado, as\u00ed como a las autoridades federales, los campesinos inconformes \u2013encabezados por Baldomero Ku Ceh\u2013, subrayaron que el comisariado Ejidal Mauro Manzanero Chan y el presidente municipal Felipe Audomaro May Itz\u00e1, han operado al margen de la ley para vender las tierras a grupos de especuladores.<br \/>\nIndicaron que todo parece se\u00f1alar que la complicidad con que act\u00faan el alcalde y el comisario les deja buenas ganancias, al recibir, por parte de los especuladores, miles de pesos por el trabajo sucio que realizan aprovech\u00e1ndose de sus cargos.<\/p>\n<p>Despojo de mil hect\u00e1reas<\/p>\n<p>Se\u00f1alaron que, adem\u00e1s de esas irregularidades, lo grave en estos momentos es que en plena contingencia sanitaria por el Covid-19 convocaron, hace unos d\u00edas, a una asamblea general a los mil 369 ejidatarios, a quienes les pagaron la m\u00edsera suma de 150 pesos por la venta de seis predios.<br \/>\nAdem\u00e1s, la asamblea no debi\u00f3 ser legal porque, entre otras cosas, ni siquiera se nombr\u00f3 al presidente de debate y s\u00f3lo fue para que se entregara a los ejidatarios los 150 pesos.<br \/>\n\u201cSe\u00f1ores \u2013precisa el documento\u2013, esta autoridad municipal y ejidal se est\u00e1n aprovechando de la necesidad en estos momentos cr\u00edticos\u201d.<br \/>\nDe igual forma, se se\u00f1ala que el 23 de abril de 2017 se despoj\u00f3 a los ejidatarios de un total de mil hect\u00e1reas y \u00fanicamente se les pag\u00f3 a un peso con cincuenta centavos el metro cuadrado.<br \/>\n\u201cEstas personas no tienen un poquito de verg\u00fcenza cuando se les hizo ver que no est\u00e1 correcto lo que hacen, y ordenaron a la Polic\u00eda Municipal sacarme, y me arrastraron seis metros y atropellaron una persona discapacitada\u201d, remarc\u00f3 Baldomero Ku.<\/p>\n<p><a href=\"https:\/\/www.poresto.net\/2020\/05\/10\/denuncian-ejidatarios-de-tecoh-despojo-de-tierras\/\" rel=\"noopener noreferrer\" target=\"_blank\">https:\/\/www.poresto.net\/2020\/05\/10\/denuncian-ejidatarios-de-tecoh-despojo-de-tierras\/<\/a><\/p>\n","protected":false},"excerpt":{"rendered":"<p>Rafael Mis Cob\u00e1 \/ PorEsto! Ejidatarios de Tecoh denunciaron que el alcalde y el comisario de esa comunidad act\u00faan en complicidad para despojar de sus tierras a los campesinos, adem\u00e1s &hellip; <a href=\"https:\/\/www.grieta.org.mx\/index.php\/2020\/05\/10\/denuncian-ejidatarios-de-tecoh-despojo-de-tierras-yucatan\/\" class=\"more-link\">Leer m\u00e1s<\/a><\/p>\n","protected":false},"author":2,"featured_media":48927,"comment_status":"closed","ping_status":"closed","sticky":false,"template":"","format":"standard","meta":{"ngg_post_thumbnail":0,"_jetpack_newsletter_access":"","_jetpack_dont_email_post_to_subs":false,"_jetpack_newsletter_tier_id":0,"_jetpack_memberships_contains_paywalled_content":false,"_jetpack_memberships_contains_paid_content":false,"footnotes":""},"categories":[80,3272,2,1071,36],"tags":[3241,2311,175],"class_list":["post-48926","post","type-post","status-publish","format-standard","has-post-thumbnail","hentry","category-cintillo","category-covid-19-en-yucatan","category-noticias-nacionales","category-resistencia-al-despojo-de-tierras-ejidales-en-yucatan","category-yucatan","tag-covid-19","tag-despojo-de-tierras","tag-ejidatarios","entry"],"jetpack_featured_media_url":"https:\/\/www.grieta.org.mx\/wp-content\/uploads\/2020\/05\/DespojoTecoh.png","jetpack_sharing_enabled":true,"jetpack_shortlink":"https:\/\/wp.me\/p7ZJR4-cJ8","jetpack_likes_enabled":false,"jetpack-related-posts":[{"id":56989,"url":"https:\/\/www.grieta.org.mx\/index.php\/2021\/02\/11\/ejidatarios-protestan-por-venta-ilegal-de-tierras-en-muxupip-yucatan\/","url_meta":{"origin":48926,"position":0},"title":"Ejidatarios protestan por venta ilegal de tierras en Muxupip (Yucat\u00e1n)","author":"grieta","date":"11 febrero, 2021","format":false,"excerpt":"Reporteros Hoy M\u00e9rida, Yucat\u00e1n; 11 de febrero de 2021 (ACOM).- Unos 80 ejidatarios del municipio de Muxupip se manifestaron en el Tribunal Agrario Unitario de M\u00e9rida para exigir la devoluci\u00f3n de mil 600 hect\u00e1reas de terreno que habr\u00edan sido vendidas de manera ilegal a 3 empresarios. Los quejosos, quienes gritaban\u2026","rel":"","context":"En &quot;CINTILLO&quot;","block_context":{"text":"CINTILLO","link":"https:\/\/www.grieta.org.mx\/index.php\/category\/cintillo\/"},"img":{"alt_text":"","src":"https:\/\/i0.wp.com\/www.grieta.org.mx\/wp-content\/uploads\/2021\/02\/Ejidatarios-de-Muxupip-scaled-1.jpg?resize=350%2C200&ssl=1","width":350,"height":200,"srcset":"https:\/\/i0.wp.com\/www.grieta.org.mx\/wp-content\/uploads\/2021\/02\/Ejidatarios-de-Muxupip-scaled-1.jpg?resize=350%2C200&ssl=1 1x, https:\/\/i0.wp.com\/www.grieta.org.mx\/wp-content\/uploads\/2021\/02\/Ejidatarios-de-Muxupip-scaled-1.jpg?resize=525%2C300&ssl=1 1.5x, https:\/\/i0.wp.com\/www.grieta.org.mx\/wp-content\/uploads\/2021\/02\/Ejidatarios-de-Muxupip-scaled-1.jpg?resize=700%2C400&ssl=1 2x"},"classes":[]},{"id":71599,"url":"https:\/\/www.grieta.org.mx\/index.php\/2025\/04\/12\/despojados-de-168-hectareas-yucatan\/","url_meta":{"origin":48926,"position":1},"title":"Despojados de 168 hect\u00e1reas (Yucat\u00e1n)","author":"grieta","date":"12 abril, 2025","format":false,"excerpt":"Sol Yucat\u00e1n Ejidatarios del municipio de Baca, han alzado la voz para denunciar el despojo y la deforestaci\u00f3n ilegal de al menos 168 hect\u00e1reas de tierras ejidales de uso com\u00fan sin el permiso correspondiente. Ejidatarios del municipio de Baca, han alzado la voz para denunciar el despojo y la deforestaci\u00f3n\u2026","rel":"","context":"En &quot;CINTILLO&quot;","block_context":{"text":"CINTILLO","link":"https:\/\/www.grieta.org.mx\/index.php\/category\/cintillo\/"},"img":{"alt_text":"","src":"https:\/\/i0.wp.com\/www.grieta.org.mx\/wp-content\/uploads\/2025\/04\/Baca-e1744760844210.jpg?resize=350%2C200&ssl=1","width":350,"height":200,"srcset":"https:\/\/i0.wp.com\/www.grieta.org.mx\/wp-content\/uploads\/2025\/04\/Baca-e1744760844210.jpg?resize=350%2C200&ssl=1 1x, https:\/\/i0.wp.com\/www.grieta.org.mx\/wp-content\/uploads\/2025\/04\/Baca-e1744760844210.jpg?resize=525%2C300&ssl=1 1.5x, https:\/\/i0.wp.com\/www.grieta.org.mx\/wp-content\/uploads\/2025\/04\/Baca-e1744760844210.jpg?resize=700%2C400&ssl=1 2x"},"classes":[]},{"id":56992,"url":"https:\/\/www.grieta.org.mx\/index.php\/2021\/02\/14\/turba-de-ejidatarios-suspende-asamblea-informativa-en-acanceh-yucatan\/","url_meta":{"origin":48926,"position":2},"title":"Turba de ejidatarios suspende asamblea informativa en Acanceh (Yucat\u00e1n)","author":"grieta","date":"14 febrero, 2021","format":false,"excerpt":"Por Esto! El grupo de campesinos ingres\u00f3 a la fuerza para evitar que se realizara la asamblea Una turba de ejidatarios ingres\u00f3 a la fuerza a la casa ejidal de Acanceh para suspender la asamblea informativa en donde se aprobar\u00eda la venta de terrenos ejidales y se acordar\u00eda el pago\u2026","rel":"","context":"En &quot;CINTILLO&quot;","block_context":{"text":"CINTILLO","link":"https:\/\/www.grieta.org.mx\/index.php\/category\/cintillo\/"},"img":{"alt_text":"","src":"https:\/\/i0.wp.com\/www.grieta.org.mx\/wp-content\/uploads\/2021\/02\/Acanche.png?resize=350%2C200&ssl=1","width":350,"height":200,"srcset":"https:\/\/i0.wp.com\/www.grieta.org.mx\/wp-content\/uploads\/2021\/02\/Acanche.png?resize=350%2C200&ssl=1 1x, https:\/\/i0.wp.com\/www.grieta.org.mx\/wp-content\/uploads\/2021\/02\/Acanche.png?resize=525%2C300&ssl=1 1.5x"},"classes":[]},{"id":22252,"url":"https:\/\/www.grieta.org.mx\/index.php\/2018\/02\/15\/bloquean-ejidatarios-oficinas-para-exigir-el-pago-de-sus-tierras-yucatan\/","url_meta":{"origin":48926,"position":3},"title":"Bloquean ejidatarios oficinas para exigir el pago de sus tierras (Yucat\u00e1n)","author":"grieta","date":"15 febrero, 2018","format":false,"excerpt":"M\u00e9rida, Yucat\u00e1n; (ACOM).- Campesinos del ejido de Cinco Colonias bloquearon el acceso a las oficinas de la sede de la Secretar\u00eda de Comunicaciones y Transportes (SCT), en la colonia Brisas del Norte, para exigir celeridad en el pago de un terreno de su propiedad sobre el que se construy\u00f3 parte\u2026","rel":"","context":"En &quot;CINTILLO&quot;","block_context":{"text":"CINTILLO","link":"https:\/\/www.grieta.org.mx\/index.php\/category\/cintillo\/"},"img":{"alt_text":"","src":"https:\/\/i0.wp.com\/www.grieta.org.mx\/wp-content\/uploads\/2018\/03\/IMG_20180215_092954.jpg?resize=350%2C200&ssl=1","width":350,"height":200,"srcset":"https:\/\/i0.wp.com\/www.grieta.org.mx\/wp-content\/uploads\/2018\/03\/IMG_20180215_092954.jpg?resize=350%2C200&ssl=1 1x, https:\/\/i0.wp.com\/www.grieta.org.mx\/wp-content\/uploads\/2018\/03\/IMG_20180215_092954.jpg?resize=525%2C300&ssl=1 1.5x"},"classes":[]},{"id":57790,"url":"https:\/\/www.grieta.org.mx\/index.php\/2021\/03\/19\/mafia-agraria-en-yucatan-ejidatarios-de-sierra-papacal-son-despojados-de-sus-tierras\/","url_meta":{"origin":48926,"position":4},"title":"Mafia Agraria en Yucat\u00e1n: Ejidatarios de Sierra Papacal son despojados de sus tierras","author":"grieta","date":"19 marzo, 2021","format":false,"excerpt":"Leandro Chac\u00f3n \/ PorEsto! Los campesinos de la comisaria meridiana denunciaron el despojo de mas de 2 mil hect\u00e1reas de tierras Los representantes de ejidatarios de la comisar\u00eda meridana de Sierra Papacal, Buenaventura Pech Eu\u00e1n, as\u00ed como Vidal Pool Jim\u00e9nez, informaron que una vez m\u00e1s van en contra de lo\u2026","rel":"","context":"En &quot;CINTILLO&quot;","block_context":{"text":"CINTILLO","link":"https:\/\/www.grieta.org.mx\/index.php\/category\/cintillo\/"},"img":{"alt_text":"","src":"https:\/\/i0.wp.com\/www.grieta.org.mx\/wp-content\/uploads\/2021\/03\/MafiaAgrariaSierraPapacal-e1616191072171.png?resize=350%2C200&ssl=1","width":350,"height":200,"srcset":"https:\/\/i0.wp.com\/www.grieta.org.mx\/wp-content\/uploads\/2021\/03\/MafiaAgrariaSierraPapacal-e1616191072171.png?resize=350%2C200&ssl=1 1x, https:\/\/i0.wp.com\/www.grieta.org.mx\/wp-content\/uploads\/2021\/03\/MafiaAgrariaSierraPapacal-e1616191072171.png?resize=525%2C300&ssl=1 1.5x, https:\/\/i0.wp.com\/www.grieta.org.mx\/wp-content\/uploads\/2021\/03\/MafiaAgrariaSierraPapacal-e1616191072171.png?resize=700%2C400&ssl=1 2x"},"classes":[]},{"id":64507,"url":"https:\/\/www.grieta.org.mx\/index.php\/2022\/06\/30\/ejidatarios-de-seye-continuan-lucha-tras-ser-despojados-de-7-mil-hectareas-de-sus-tierras-yucatan\/","url_meta":{"origin":48926,"position":5},"title":"Ejidatarios de Sey\u00e9 contin\u00faan lucha tras ser despojados de 7 mil hect\u00e1reas de sus tierras (Yucat\u00e1n)","author":"grieta","date":"30 junio, 2022","format":false,"excerpt":"Enrique Chan \/ Por Esto! Ejidatarios inconformes con la actuaci\u00f3n de los excomisarios, Lorenzo Cauich Miam y Francisco Burgos Pech, continuaron ayer las acciones para la devoluci\u00f3n de las 7 mil 500 hect\u00e1reas de tierra que se le hab\u00edan despojado a los campesinos para venderlas a personas for\u00e1neas y empresarios,\u2026","rel":"","context":"En &quot;CINTILLO&quot;","block_context":{"text":"CINTILLO","link":"https:\/\/www.grieta.org.mx\/index.php\/category\/cintillo\/"},"img":{"alt_text":"","src":"https:\/\/i0.wp.com\/www.grieta.org.mx\/wp-content\/uploads\/2022\/06\/Seye-e1657403855217.png?resize=350%2C200&ssl=1","width":350,"height":200,"srcset":"https:\/\/i0.wp.com\/www.grieta.org.mx\/wp-content\/uploads\/2022\/06\/Seye-e1657403855217.png?resize=350%2C200&ssl=1 1x, https:\/\/i0.wp.com\/www.grieta.org.mx\/wp-content\/uploads\/2022\/06\/Seye-e1657403855217.png?resize=525%2C300&ssl=1 1.5x, https:\/\/i0.wp.com\/www.grieta.org.mx\/wp-content\/uploads\/2022\/06\/Seye-e1657403855217.png?resize=700%2C400&ssl=1 2x"},"classes":[]}],"_links":{"self":[{"href":"https:\/\/www.grieta.org.mx\/index.php\/wp-json\/wp\/v2\/posts\/48926","targetHints":{"allow":["GET"]}}],"collection":[{"href":"https:\/\/www.grieta.org.mx\/index.php\/wp-json\/wp\/v2\/posts"}],"about":[{"href":"https:\/\/www.grieta.org.mx\/index.php\/wp-json\/wp\/v2\/types\/post"}],"author":[{"embeddable":true,"href":"https:\/\/www.grieta.org.mx\/index.php\/wp-json\/wp\/v2\/users\/2"}],"replies":[{"embeddable":true,"href":"https:\/\/www.grieta.org.mx\/index.php\/wp-json\/wp\/v2\/comments?post=48926"}],"version-history":[{"count":1,"href":"https:\/\/www.grieta.org.mx\/index.php\/wp-json\/wp\/v2\/posts\/48926\/revisions"}],"predecessor-version":[{"id":48928,"href":"https:\/\/www.grieta.org.mx\/index.php\/wp-json\/wp\/v2\/posts\/48926\/revisions\/48928"}],"wp:featuredmedia":[{"embeddable":true,"href":"https:\/\/www.grieta.org.mx\/index.php\/wp-json\/wp\/v2\/media\/48927"}],"wp:attachment":[{"href":"https:\/\/www.grieta.org.mx\/index.php\/wp-json\/wp\/v2\/media?parent=48926"}],"wp:term":[{"taxonomy":"category","embeddable":true,"href":"https:\/\/www.grieta.org.mx\/index.php\/wp-json\/wp\/v2\/categories?post=48926"},{"taxonomy":"post_tag","embeddable":true,"href":"https:\/\/www.grieta.org.mx\/index.php\/wp-json\/wp\/v2\/tags?post=48926"}],"curies":[{"name":"wp","href":"https:\/\/api.w.org\/{rel}","templated":true}]}}