{"id":48903,"date":"2020-05-10T15:02:22","date_gmt":"2020-05-10T20:02:22","guid":{"rendered":"http:\/\/www.grieta.org.mx\/?p=48903"},"modified":"2020-05-10T19:07:32","modified_gmt":"2020-05-11T00:07:32","slug":"asesinan-a-ambientalista-en-tierra-blanca-oaxaca","status":"publish","type":"post","link":"https:\/\/www.grieta.org.mx\/index.php\/2020\/05\/10\/asesinan-a-ambientalista-en-tierra-blanca-oaxaca\/","title":{"rendered":"Asesinan a ambientalista en Tierra Blanca, Oaxaca"},"content":{"rendered":"<p>Proceso \/ Pedro Mat\u00edas.<\/p>\n<p><img loading=\"lazy\" decoding=\"async\" data-attachment-id=\"48904\" data-permalink=\"https:\/\/www.grieta.org.mx\/index.php\/2020\/05\/10\/asesinan-a-ambientalista-en-tierra-blanca-oaxaca\/eugui-roy-870x522\/\" data-orig-file=\"https:\/\/www.grieta.org.mx\/wp-content\/uploads\/2020\/05\/Eugui-Roy-870x522.jpg\" data-orig-size=\"870,522\" data-comments-opened=\"0\" data-image-meta=\"{&quot;aperture&quot;:&quot;0&quot;,&quot;credit&quot;:&quot;&quot;,&quot;camera&quot;:&quot;&quot;,&quot;caption&quot;:&quot;&quot;,&quot;created_timestamp&quot;:&quot;0&quot;,&quot;copyright&quot;:&quot;&quot;,&quot;focal_length&quot;:&quot;0&quot;,&quot;iso&quot;:&quot;0&quot;,&quot;shutter_speed&quot;:&quot;0&quot;,&quot;title&quot;:&quot;&quot;,&quot;orientation&quot;:&quot;1&quot;}\" data-image-title=\"Eugui-Roy-870&amp;#215;522\" data-image-description=\"\" data-image-caption=\"\" data-medium-file=\"https:\/\/www.grieta.org.mx\/wp-content\/uploads\/2020\/05\/Eugui-Roy-870x522-300x180.jpg\" data-large-file=\"https:\/\/www.grieta.org.mx\/wp-content\/uploads\/2020\/05\/Eugui-Roy-870x522.jpg\" class=\"aligncenter wp-image-48904\" src=\"http:\/\/www.grieta.org.mx\/wp-content\/uploads\/2020\/05\/Eugui-Roy-870x522.jpg\" alt=\"\" width=\"800\" height=\"480\" srcset=\"https:\/\/www.grieta.org.mx\/wp-content\/uploads\/2020\/05\/Eugui-Roy-870x522.jpg 870w, https:\/\/www.grieta.org.mx\/wp-content\/uploads\/2020\/05\/Eugui-Roy-870x522-300x180.jpg 300w, https:\/\/www.grieta.org.mx\/wp-content\/uploads\/2020\/05\/Eugui-Roy-870x522-768x461.jpg 768w, https:\/\/www.grieta.org.mx\/wp-content\/uploads\/2020\/05\/Eugui-Roy-870x522-833x500.jpg 833w\" sizes=\"auto, (max-width: 800px) 100vw, 800px\" \/><br \/>\nEl ambientalista y estudiante del Instituto Tecnol\u00f3gico del Valle de Oaxaca, Eugui Roy. Foto: Facebook<\/p>\n<p>OAXACA, Oax.\u2013 El ambientalista y estudiante del Instituto Tecnol\u00f3gico del Valle de Oaxaca, Eugui Roy, fue asesinado en la comunidad de Tierra Blanca, perteneciente a San Agust\u00edn Loxicha.<\/p>\n<p>Los hechos ocurrieron el pasado jueves 7 de mayo cuando el defensor de la naturaleza, de escasos 21 a\u00f1os, se encontraba en el rancho Magnolia, ubicado en la zona cafetalera de Tierra Blanca, en San Agust\u00edn Loxicha, donde decidi\u00f3 pasar la cuarentena por el covid-19.<\/p>\n<p>Aunque oficialmente no ha sido confirmado el crimen, el conductor del programa \u201cIndomable por naturaleza\u201d, Arturo Islas Allende, se uni\u00f3 a la exigencia de la familia de Eugui Roy para exigir justicia.<\/p>\n<p>Trascendi\u00f3 que Eugui Roy estudiaba el segundo semestre de la carrera de Biolog\u00eda en el Instituto Tecnol\u00f3gico del Valle de Oaxaca, al tiempo que se dedicaba al cuidado, defensa y preservaci\u00f3n de reptiles y anfibios.<\/p>\n<p>Eugui Roy pertenec\u00eda a la Organizaci\u00f3n para la Conservaci\u00f3n del Medioambiente en Oaxaca llamado \u201cBiologgers Divulgacion de las ciencias y naturaleza\u201d donde continuamente alimentaba con fotos y videos de sus descubrimientos en sus expediciones por la Sierra Sur de Oaxaca, de donde proven\u00eda.<\/p>\n<p>El caso trascendi\u00f3 en las redes sociales debido a que amigos y compa\u00f1eros ambientalistas se sumaron a la exigencia de justicia y pidieron al gobernador de Oaxaca, Alejandro Murat Hinojosa, y al fiscal general, Rub\u00e9n Vasconcelos M\u00e9ndez, dar con los responsables.<\/p>\n<p>Integrantes del Colectivo Los Tlacuas despidi\u00f3 a su amigo con el siguiente mensaje:<\/p>\n<p>\u201cHoy, la biolog\u00eda est\u00e1 de luto. Nos unimos a alzar la voz y rendir un peque\u00f1o homenaje a nuestro amigo Eugui, quien perdi\u00f3 la vida en manos de personas sin escr\u00fapulos; malditos todos aquellos que quitan la vida a una persona inocente y valiente por defender lo que muchos de nosotros no nos atrevemos \u2018nuestra madre naturaleza\u2019\u201d.<\/p>\n<p>A su vez, el conductor del programa \u201cIndomable por naturaleza\u201d dijo que M\u00e9xico perdi\u00f3 a un \u201corgullo\u201d, pues no hab\u00eda conocido a una persona tan apasionada de los repites como lo fue este joven.<\/p>\n<p>\u201cTen\u00edamos un mexicano bien ching\u00f3n que estaba luchando por la protecci\u00f3n de la naturaleza y le arrebatan la vida, lo mataron por defender la naturaleza, no es mi papel hacer una publicaci\u00f3n profunda, pero s\u00ed exigir a las autoridades de Oaxaca que se sepa qui\u00e9nes son los responsables, la muerte de este gran hombre no puede quedar impune\u201d, resalt\u00f3.<\/p>\n<p>Finalmente, profesores del Instituto Tecnol\u00f3gico del Valle de Oaxaca se unieron a las condolencias para los familiares por el asesinato del joven ambientalista y pidieron pronta resignaci\u00f3n.<\/p>\n<p><a href=\"https:\/\/www.proceso.com.mx\/629459\/asesinan-a-ambientalista-en-tierra-blanca-oaxaca\" target=\"_blank\" rel=\"noopener noreferrer\">https:\/\/www.proceso.com.mx\/629459\/asesinan-a-ambientalista-en-tierra-blanca-oaxaca<\/a><\/p>\n","protected":false},"excerpt":{"rendered":"<p>Proceso \/ Pedro Mat\u00edas. El ambientalista y estudiante del Instituto Tecnol\u00f3gico del Valle de Oaxaca, Eugui Roy. Foto: Facebook OAXACA, Oax.\u2013 El ambientalista y estudiante del Instituto Tecnol\u00f3gico del Valle &hellip; <a href=\"https:\/\/www.grieta.org.mx\/index.php\/2020\/05\/10\/asesinan-a-ambientalista-en-tierra-blanca-oaxaca\/\" class=\"more-link\">Leer m\u00e1s<\/a><\/p>\n","protected":false},"author":2,"featured_media":48904,"comment_status":"closed","ping_status":"closed","sticky":false,"template":"","format":"standard","meta":{"ngg_post_thumbnail":0,"_jetpack_newsletter_access":"","_jetpack_dont_email_post_to_subs":false,"_jetpack_newsletter_tier_id":0,"_jetpack_memberships_contains_paywalled_content":false,"_jetpack_memberships_contains_paid_content":false,"footnotes":""},"categories":[80,2,25,1496,2909],"tags":[],"class_list":["post-48903","post","type-post","status-publish","format-standard","has-post-thumbnail","hentry","category-cintillo","category-noticias-nacionales","category-oaxaca","category-represion-en-oaxaca","category-resistencias-y-rebeldias-en-oaxaca","entry"],"jetpack_featured_media_url":"https:\/\/www.grieta.org.mx\/wp-content\/uploads\/2020\/05\/Eugui-Roy-870x522.jpg","jetpack_sharing_enabled":true,"jetpack_shortlink":"https:\/\/wp.me\/p7ZJR4-cIL","jetpack_likes_enabled":false,"jetpack-related-posts":[{"id":33035,"url":"https:\/\/www.grieta.org.mx\/index.php\/2019\/05\/02\/ejecutan-a-director-de-radio-estereo-cafetal-en-una-emboscada-en-san-agustin-loxicha-oaxaca\/","url_meta":{"origin":48903,"position":0},"title":"Ejecutan a director de radio Est\u00e9reo Cafetal en una emboscada en San Agust\u00edn Loxicha (Oaxaca)","author":"grieta","date":"2 mayo, 2019","format":false,"excerpt":"P\u00e1gina 3. Pedro Mat\u00edas, Oaxaca.- El director de la radio Est\u00e9reo Cafetal 98.7 FM \u201cLa Voz Zapoteca\u201d, Tel\u00e9sforo Santiago Enr\u00edquez, fue emboscado hoy y asesinado en el municipio de San Agust\u00edn Loxicha, ubicado en la Sierra Sur de Oaxaca. El maestro de la Secci\u00f3n 22 del Sindicato Nacional de Trabajadores\u2026","rel":"","context":"En &quot;CINTILLO&quot;","block_context":{"text":"CINTILLO","link":"https:\/\/www.grieta.org.mx\/index.php\/category\/cintillo\/"},"img":{"alt_text":"","src":"https:\/\/i0.wp.com\/www.grieta.org.mx\/wp-content\/uploads\/2018\/03\/14524434_1106112876131411_958039263622046936_o.jpg?resize=350%2C200&ssl=1","width":350,"height":200,"srcset":"https:\/\/i0.wp.com\/www.grieta.org.mx\/wp-content\/uploads\/2018\/03\/14524434_1106112876131411_958039263622046936_o.jpg?resize=350%2C200&ssl=1 1x, https:\/\/i0.wp.com\/www.grieta.org.mx\/wp-content\/uploads\/2018\/03\/14524434_1106112876131411_958039263622046936_o.jpg?resize=525%2C300&ssl=1 1.5x, https:\/\/i0.wp.com\/www.grieta.org.mx\/wp-content\/uploads\/2018\/03\/14524434_1106112876131411_958039263622046936_o.jpg?resize=700%2C400&ssl=1 2x"},"classes":[]},{"id":2066,"url":"https:\/\/www.grieta.org.mx\/index.php\/2015\/12\/17\/situacion-de-presos-loxicha-en-oaxaca\/","url_meta":{"origin":48903,"position":1},"title":"Situaci\u00f3n de presos loxicha en Oaxaca","author":"grieta","date":"17 diciembre, 2015","format":false,"excerpt":"17\/12\/15. Luego de18 a\u00f1os de prisi\u00f3n buscar\u00e1n libertad de presos loxicha Despertar de Oaxaca 17\/12\/15. Piden libertad para \u201cex guerrillero\u201d tras 18 a\u00f1os Noticias Net","rel":"","context":"En &quot;NOTICIAS NACIONALES&quot;","block_context":{"text":"NOTICIAS NACIONALES","link":"https:\/\/www.grieta.org.mx\/index.php\/category\/noticias-nacionales\/"},"img":{"alt_text":"","src":"https:\/\/i0.wp.com\/www.grieta.org.mx\/wp-content\/uploads\/2018\/03\/14524434_1106112876131411_958039263622046936_o.jpg?resize=350%2C200&ssl=1","width":350,"height":200,"srcset":"https:\/\/i0.wp.com\/www.grieta.org.mx\/wp-content\/uploads\/2018\/03\/14524434_1106112876131411_958039263622046936_o.jpg?resize=350%2C200&ssl=1 1x, https:\/\/i0.wp.com\/www.grieta.org.mx\/wp-content\/uploads\/2018\/03\/14524434_1106112876131411_958039263622046936_o.jpg?resize=525%2C300&ssl=1 1.5x, https:\/\/i0.wp.com\/www.grieta.org.mx\/wp-content\/uploads\/2018\/03\/14524434_1106112876131411_958039263622046936_o.jpg?resize=700%2C400&ssl=1 2x"},"classes":[]},{"id":41529,"url":"https:\/\/www.grieta.org.mx\/index.php\/2019\/11\/20\/coordinacion-entre-defensoras-y-sociedad-civil-permitio-la-localizacion-de-la-ambientalista-irma-galindo-rnddhm-oaxaca\/","url_meta":{"origin":48903,"position":2},"title":"Coordinaci\u00f3n entre defensoras y sociedad civil permiti\u00f3 la localizaci\u00f3n de la ambientalista Irma Galindo: RNDDHM (Oaxaca)","author":"grieta","date":"20 noviembre, 2019","format":false,"excerpt":"Proceso \/ Pedro Mat\u00edas. La ambientalista Irma Galindo hab\u00eda desaparecido el 10 de noviembre. Foto: Especial. Oaxaca, Oax. (apro).- La Red Nacional de Defensoras de Derechos Humanos en M\u00e9xico (RNDDHM) afirm\u00f3 que por acciones de coordinaci\u00f3n entre defensoras y la sociedad civil se logr\u00f3 dar con el paradero de la\u2026","rel":"","context":"En &quot;CINTILLO&quot;","block_context":{"text":"CINTILLO","link":"https:\/\/www.grieta.org.mx\/index.php\/category\/cintillo\/"},"img":{"alt_text":"","src":"https:\/\/i0.wp.com\/www.grieta.org.mx\/wp-content\/uploads\/2019\/11\/Irma-870x522-1.jpg?resize=350%2C200&ssl=1","width":350,"height":200,"srcset":"https:\/\/i0.wp.com\/www.grieta.org.mx\/wp-content\/uploads\/2019\/11\/Irma-870x522-1.jpg?resize=350%2C200&ssl=1 1x, https:\/\/i0.wp.com\/www.grieta.org.mx\/wp-content\/uploads\/2019\/11\/Irma-870x522-1.jpg?resize=525%2C300&ssl=1 1.5x, https:\/\/i0.wp.com\/www.grieta.org.mx\/wp-content\/uploads\/2019\/11\/Irma-870x522-1.jpg?resize=700%2C400&ssl=1 2x"},"classes":[]},{"id":71240,"url":"https:\/\/www.grieta.org.mx\/index.php\/2025\/03\/01\/asesinan-a-cristino-castro-perea-ambientalista-y-defensor-comunitario-en-santiago-astata-oaxaca-contaba-con-medidas-de-proteccion-del-mecanismo\/","url_meta":{"origin":48903,"position":3},"title":"Asesinan a Cristino Castro Perea, ambientalista y defensor comunitario en Santiago Astata, Oaxaca; contaba con medidas de protecci\u00f3n del Mecanismo","author":"grieta","date":"1 marzo, 2025","format":false,"excerpt":"Imagen: Itsmo Press Diana Manzo Oaxaca, Oax.- Ayer por la tarde, a\u00fan con medidas de protecci\u00f3n, fue asesinado Cristino Castro Perea conocido como \u201cTino Castro\u201d de 63 a\u00f1os de edad, integrante del colectivo de defensores ambientalistas de Barra de la Cruz y defensor comunitario en el municipio de Santiago Astata,\u2026","rel":"","context":"En &quot;CINTILLO&quot;","block_context":{"text":"CINTILLO","link":"https:\/\/www.grieta.org.mx\/index.php\/category\/cintillo\/"},"img":{"alt_text":"","src":"https:\/\/i0.wp.com\/www.grieta.org.mx\/wp-content\/uploads\/2025\/03\/Gk_EEiLWYAAuzeD.jpeg?resize=350%2C200&ssl=1","width":350,"height":200,"srcset":"https:\/\/i0.wp.com\/www.grieta.org.mx\/wp-content\/uploads\/2025\/03\/Gk_EEiLWYAAuzeD.jpeg?resize=350%2C200&ssl=1 1x, https:\/\/i0.wp.com\/www.grieta.org.mx\/wp-content\/uploads\/2025\/03\/Gk_EEiLWYAAuzeD.jpeg?resize=525%2C300&ssl=1 1.5x, https:\/\/i0.wp.com\/www.grieta.org.mx\/wp-content\/uploads\/2025\/03\/Gk_EEiLWYAAuzeD.jpeg?resize=700%2C400&ssl=1 2x"},"classes":[]},{"id":41300,"url":"https:\/\/www.grieta.org.mx\/index.php\/2019\/11\/19\/emiten-alerta-tras-la-desaparicion-de-la-ambientalista-irma-galindo-oaxaca\/","url_meta":{"origin":48903,"position":4},"title":"Emiten alerta tras la desaparici\u00f3n de la ambientalista Irma Galindo (Oaxaca)","author":"grieta","date":"19 noviembre, 2019","format":false,"excerpt":"Proceso \/ Pedro Mat\u00edas. La ambientalista Irma Galindo fue vista por \u00faltima vez el 10 de noviembre. Foto: Especial Oaxaca, Oax. (apro).- La Red Nacional de Defensoras de Derechos Humanos en M\u00e9xico emiti\u00f3 una alerta por la desaparici\u00f3n de la defensora ind\u00edgena de los bosques de la mixteca de Oaxaca,\u2026","rel":"","context":"En &quot;CINTILLO&quot;","block_context":{"text":"CINTILLO","link":"https:\/\/www.grieta.org.mx\/index.php\/category\/cintillo\/"},"img":{"alt_text":"","src":"https:\/\/i0.wp.com\/www.grieta.org.mx\/wp-content\/uploads\/2019\/11\/Irma-870x522.jpg?resize=350%2C200&ssl=1","width":350,"height":200,"srcset":"https:\/\/i0.wp.com\/www.grieta.org.mx\/wp-content\/uploads\/2019\/11\/Irma-870x522.jpg?resize=350%2C200&ssl=1 1x, https:\/\/i0.wp.com\/www.grieta.org.mx\/wp-content\/uploads\/2019\/11\/Irma-870x522.jpg?resize=525%2C300&ssl=1 1.5x, https:\/\/i0.wp.com\/www.grieta.org.mx\/wp-content\/uploads\/2019\/11\/Irma-870x522.jpg?resize=700%2C400&ssl=1 2x"},"classes":[]},{"id":42105,"url":"https:\/\/www.grieta.org.mx\/index.php\/2019\/12\/11\/ejecutan-a-agente-municipal-de-loxicha-senalan-como-autor-intelectual-a-oscar-valencia-oacaxa\/","url_meta":{"origin":48903,"position":5},"title":"Ejecutan a agente municipal de Loxicha; se\u00f1alan como autor intelectual a \u00d3scar Valencia (Oacaxa)","author":"grieta","date":"11 diciembre, 2019","format":false,"excerpt":"P\u00e1gina 3 \/ Pedro Mat\u00edas. OAXACA, Oax.- El agente municipal de San Francisco Loxicha, Alejandro Enr\u00edquez Jos\u00e9, fue ejecutado en las primeras horas de este mi\u00e9rcoles 11 de diciembre en su domicilio ubicado en la comunidad de Bella Vista, denunci\u00f3 el Consejo de Comunidades Ind\u00edgenas de la Regi\u00f3n Loxicha y\u2026","rel":"","context":"En &quot;CINTILLO&quot;","block_context":{"text":"CINTILLO","link":"https:\/\/www.grieta.org.mx\/index.php\/category\/cintillo\/"},"img":{"alt_text":"","src":"https:\/\/i0.wp.com\/www.grieta.org.mx\/wp-content\/uploads\/2018\/03\/14524434_1106112876131411_958039263622046936_o.jpg?resize=350%2C200&ssl=1","width":350,"height":200,"srcset":"https:\/\/i0.wp.com\/www.grieta.org.mx\/wp-content\/uploads\/2018\/03\/14524434_1106112876131411_958039263622046936_o.jpg?resize=350%2C200&ssl=1 1x, https:\/\/i0.wp.com\/www.grieta.org.mx\/wp-content\/uploads\/2018\/03\/14524434_1106112876131411_958039263622046936_o.jpg?resize=525%2C300&ssl=1 1.5x, https:\/\/i0.wp.com\/www.grieta.org.mx\/wp-content\/uploads\/2018\/03\/14524434_1106112876131411_958039263622046936_o.jpg?resize=700%2C400&ssl=1 2x"},"classes":[]}],"_links":{"self":[{"href":"https:\/\/www.grieta.org.mx\/index.php\/wp-json\/wp\/v2\/posts\/48903","targetHints":{"allow":["GET"]}}],"collection":[{"href":"https:\/\/www.grieta.org.mx\/index.php\/wp-json\/wp\/v2\/posts"}],"about":[{"href":"https:\/\/www.grieta.org.mx\/index.php\/wp-json\/wp\/v2\/types\/post"}],"author":[{"embeddable":true,"href":"https:\/\/www.grieta.org.mx\/index.php\/wp-json\/wp\/v2\/users\/2"}],"replies":[{"embeddable":true,"href":"https:\/\/www.grieta.org.mx\/index.php\/wp-json\/wp\/v2\/comments?post=48903"}],"version-history":[{"count":1,"href":"https:\/\/www.grieta.org.mx\/index.php\/wp-json\/wp\/v2\/posts\/48903\/revisions"}],"predecessor-version":[{"id":48905,"href":"https:\/\/www.grieta.org.mx\/index.php\/wp-json\/wp\/v2\/posts\/48903\/revisions\/48905"}],"wp:featuredmedia":[{"embeddable":true,"href":"https:\/\/www.grieta.org.mx\/index.php\/wp-json\/wp\/v2\/media\/48904"}],"wp:attachment":[{"href":"https:\/\/www.grieta.org.mx\/index.php\/wp-json\/wp\/v2\/media?parent=48903"}],"wp:term":[{"taxonomy":"category","embeddable":true,"href":"https:\/\/www.grieta.org.mx\/index.php\/wp-json\/wp\/v2\/categories?post=48903"},{"taxonomy":"post_tag","embeddable":true,"href":"https:\/\/www.grieta.org.mx\/index.php\/wp-json\/wp\/v2\/tags?post=48903"}],"curies":[{"name":"wp","href":"https:\/\/api.w.org\/{rel}","templated":true}]}}