{"id":48884,"date":"2020-05-07T16:30:07","date_gmt":"2020-05-07T21:30:07","guid":{"rendered":"http:\/\/www.grieta.org.mx\/?p=48884"},"modified":"2020-05-09T16:40:12","modified_gmt":"2020-05-09T21:40:12","slug":"miente-gobierno-de-nayarit-sobre-entrega-de-despensas-en-ejidos-en-cuarentena-denuncian-docentes-y-jubilados","status":"publish","type":"post","link":"https:\/\/www.grieta.org.mx\/index.php\/2020\/05\/07\/miente-gobierno-de-nayarit-sobre-entrega-de-despensas-en-ejidos-en-cuarentena-denuncian-docentes-y-jubilados\/","title":{"rendered":"Miente Gobierno de Nayarit sobre entrega de despensas en ejidos en cuarentena, denuncian docentes y jubilados"},"content":{"rendered":"<p><img loading=\"lazy\" decoding=\"async\" data-attachment-id=\"48885\" data-permalink=\"https:\/\/www.grieta.org.mx\/index.php\/2020\/05\/07\/miente-gobierno-de-nayarit-sobre-entrega-de-despensas-en-ejidos-en-cuarentena-denuncian-docentes-y-jubilados\/entrega-despensas-nayarit\/\" data-orig-file=\"https:\/\/www.grieta.org.mx\/wp-content\/uploads\/2020\/05\/Entrega-despensas-Nayarit.jpg\" data-orig-size=\"768,479\" data-comments-opened=\"0\" data-image-meta=\"{&quot;aperture&quot;:&quot;0&quot;,&quot;credit&quot;:&quot;&quot;,&quot;camera&quot;:&quot;&quot;,&quot;caption&quot;:&quot;&quot;,&quot;created_timestamp&quot;:&quot;0&quot;,&quot;copyright&quot;:&quot;&quot;,&quot;focal_length&quot;:&quot;0&quot;,&quot;iso&quot;:&quot;0&quot;,&quot;shutter_speed&quot;:&quot;0&quot;,&quot;title&quot;:&quot;&quot;,&quot;orientation&quot;:&quot;0&quot;}\" data-image-title=\"Entrega despensas Nayarit\" data-image-description=\"\" data-image-caption=\"\" data-medium-file=\"https:\/\/www.grieta.org.mx\/wp-content\/uploads\/2020\/05\/Entrega-despensas-Nayarit-300x187.jpg\" data-large-file=\"https:\/\/www.grieta.org.mx\/wp-content\/uploads\/2020\/05\/Entrega-despensas-Nayarit.jpg\" class=\"aligncenter wp-image-48885\" src=\"http:\/\/www.grieta.org.mx\/wp-content\/uploads\/2020\/05\/Entrega-despensas-Nayarit.jpg\" alt=\"\" width=\"800\" height=\"499\" srcset=\"https:\/\/www.grieta.org.mx\/wp-content\/uploads\/2020\/05\/Entrega-despensas-Nayarit.jpg 768w, https:\/\/www.grieta.org.mx\/wp-content\/uploads\/2020\/05\/Entrega-despensas-Nayarit-300x187.jpg 300w\" sizes=\"auto, (max-width: 800px) 100vw, 800px\" \/><\/p>\n<p>Foto: Crys Ben\u00edtez<\/p>\n<p class=\"subtitle\"><em>Ante esta situaci\u00f3n, docentes hacen un llamado al Ejecutivo, para que las instancias \u201cdejen de saludar con sombrero ajeno&#8221;<\/em><\/p>\n<p>Crys Ben\u00edtez \/ El Occidental<\/p>\n<p>Tepic, Nayarit.- Sumamente molestos es como se encuentran maestros y jubilados de las comunidades de San Miguel y Cofrad\u00eda de Juanacatl\u00e1n, municipio de Jala, quienes con gran esfuerzo se cooperaron entre todos, para llevar despensas a sus pobladores, sin embargo el Gobierno del Estado decidi\u00f3 adjudicarse el apoyo.<\/p>\n<p>Los docentes conscientes de la situaci\u00f3n por la que est\u00e1n pasando los habitantes de ambas comunidades, tras implementarse la cuarentena posterior a confirmarse el contagio por Covid-19 de dos personas, una en cada ejido, decidieron hacer la &#8220;vaquita&#8221; y con el recurso recaudado adquirieron los art\u00edculos de la canasta b\u00e1sicas.<\/p>\n<p>A ra\u00edz del cerco sanitario los profesores no pod\u00edan ingresar a ninguno de los ejidos, es por eso que entregaron las despensas a los elementos de la Secretar\u00eda de Seguridad y Protecci\u00f3n Ciudadana (SSPC), para que llevar\u00e1n a cabo la repartici\u00f3n, lo cual hicieron, no sin antes &#8220;alzarse el cuello&#8221;.<\/p>\n<p>En un comunicado dicha dependencia aseguraba que la ayuda proven\u00eda del Gobierno, hecho que caus\u00f3 indignaci\u00f3n entre los docentes, pues no solo no reconoc\u00eda su labor, sino que adem\u00e1s la administraci\u00f3n en el af\u00e1n de quedar bien, confirmaba que la entrega de alimentos ven\u00eda por parte de ellos.<\/p>\n<p>Ante esta situaci\u00f3n, hacen un llamado al Ejecutivo, para que las instancias \u201cdejen de saludar con sombrero ajeno&#8221;, pues aunque no buscan el reconocimiento por la labor que hicieron, tampoco les parece que se adornen con el esfuerzo de este sector.<\/p>\n<p><a href=\"https:\/\/www.eloccidental.com.mx\/local\/miente-gobierno-de-nayarit-sobre-entrega-de-despensas-en-ejidos-en-cuarentena-coronavirus-pandemia-oms-fase-3-mexico-5201922.html\">https:\/\/www.eloccidental.com.mx\/local\/miente-gobierno-de-nayarit-sobre-entrega-de-despensas-en-ejidos-en-cuarentena-coronavirus-pandemia-oms-fase-3-mexico-5201922.html<\/a><\/p>\n","protected":false},"excerpt":{"rendered":"<p>Foto: Crys Ben\u00edtez Ante esta situaci\u00f3n, docentes hacen un llamado al Ejecutivo, para que las instancias \u201cdejen de saludar con sombrero ajeno&#8221; Crys Ben\u00edtez \/ El Occidental Tepic, Nayarit.- Sumamente &hellip; <a href=\"https:\/\/www.grieta.org.mx\/index.php\/2020\/05\/07\/miente-gobierno-de-nayarit-sobre-entrega-de-despensas-en-ejidos-en-cuarentena-denuncian-docentes-y-jubilados\/\" class=\"more-link\">Leer m\u00e1s<\/a><\/p>\n","protected":false},"author":2,"featured_media":48885,"comment_status":"closed","ping_status":"closed","sticky":false,"template":"","format":"standard","meta":{"ngg_post_thumbnail":0,"_jetpack_newsletter_access":"","_jetpack_dont_email_post_to_subs":false,"_jetpack_newsletter_tier_id":0,"_jetpack_memberships_contains_paywalled_content":false,"_jetpack_memberships_contains_paid_content":false,"footnotes":""},"categories":[80,3306,23,2],"tags":[2450,1361,1356],"class_list":["post-48884","post","type-post","status-publish","format-standard","has-post-thumbnail","hentry","category-cintillo","category-covid-19-en-nayarit","category-nayarit","category-noticias-nacionales","tag-protesta-maestros","tag-protestas-de-maestros","tag-protestas-maestros-jubilados","entry"],"jetpack_featured_media_url":"https:\/\/www.grieta.org.mx\/wp-content\/uploads\/2020\/05\/Entrega-despensas-Nayarit.jpg","jetpack_sharing_enabled":true,"jetpack_shortlink":"https:\/\/wp.me\/p7ZJR4-cIs","jetpack_likes_enabled":false,"jetpack-related-posts":[{"id":39071,"url":"https:\/\/www.grieta.org.mx\/index.php\/2019\/09\/06\/ignora-ayuntamiento-de-tepic-a-jubilados-y-pensionados-nayarit\/","url_meta":{"origin":48884,"position":0},"title":"Ignora Ayuntamiento de Tepic a jubilados y pensionados (Nayarit)","author":"grieta","date":"6 septiembre, 2019","format":false,"excerpt":"Foto: Crys Ben\u00edtez Crys Ben\u00edtez \/ El Occidental TEPIC, Nayarit (OEM-INFORMEX). - Pese a que todas unas vidas sirvieron a la Secretar\u00eda de Seguridad de Tepic, los ahora pensionados y jubilados de la dependencia, pr\u00e1cticamente viven en la miseria, pues hasta el momento el gobierno municipal no ha atendido sus\u2026","rel":"","context":"En &quot;CINTILLO&quot;","block_context":{"text":"CINTILLO","link":"https:\/\/www.grieta.org.mx\/index.php\/category\/cintillo\/"},"img":{"alt_text":"","src":"https:\/\/i0.wp.com\/www.grieta.org.mx\/wp-content\/uploads\/2019\/09\/unnamed-1.jpg?resize=350%2C200&ssl=1","width":350,"height":200,"srcset":"https:\/\/i0.wp.com\/www.grieta.org.mx\/wp-content\/uploads\/2019\/09\/unnamed-1.jpg?resize=350%2C200&ssl=1 1x, https:\/\/i0.wp.com\/www.grieta.org.mx\/wp-content\/uploads\/2019\/09\/unnamed-1.jpg?resize=525%2C300&ssl=1 1.5x, https:\/\/i0.wp.com\/www.grieta.org.mx\/wp-content\/uploads\/2019\/09\/unnamed-1.jpg?resize=700%2C400&ssl=1 2x"},"classes":[]},{"id":56191,"url":"https:\/\/www.grieta.org.mx\/index.php\/2021\/01\/07\/gobernador-se-burla-de-maestros-nayarit\/","url_meta":{"origin":48884,"position":1},"title":"Gobernador se burla de maestros (Nayarit)","author":"grieta","date":"7 enero, 2021","format":false,"excerpt":"Foto: Archivo Les sali\u00f3 con \u201ccuentas mochas\u201d, solo les pag\u00f3 20 d\u00edas de aguinaldo y les qued\u00f3 a deber la prima vacacional, ajuste de calendario, bono de despensa, d\u00edas din\u00e1micos, bono de esparcimiento a jubilados, pago a tutores, entre otros conceptos Mildra Ben\u00edtez Robledo \/ Realidades de Nayarit As\u00ed lo\u2026","rel":"","context":"En &quot;CINTILLO&quot;","block_context":{"text":"CINTILLO","link":"https:\/\/www.grieta.org.mx\/index.php\/category\/cintillo\/"},"img":{"alt_text":"","src":"https:\/\/i0.wp.com\/www.grieta.org.mx\/wp-content\/uploads\/2018\/03\/14524434_1106112876131411_958039263622046936_o.jpg?resize=350%2C200&ssl=1","width":350,"height":200,"srcset":"https:\/\/i0.wp.com\/www.grieta.org.mx\/wp-content\/uploads\/2018\/03\/14524434_1106112876131411_958039263622046936_o.jpg?resize=350%2C200&ssl=1 1x, https:\/\/i0.wp.com\/www.grieta.org.mx\/wp-content\/uploads\/2018\/03\/14524434_1106112876131411_958039263622046936_o.jpg?resize=525%2C300&ssl=1 1.5x, https:\/\/i0.wp.com\/www.grieta.org.mx\/wp-content\/uploads\/2018\/03\/14524434_1106112876131411_958039263622046936_o.jpg?resize=700%2C400&ssl=1 2x"},"classes":[]},{"id":51688,"url":"https:\/\/www.grieta.org.mx\/index.php\/2020\/07\/07\/jubilados-de-la-uan-reclaman-pagos-pendientes-nayarit\/","url_meta":{"origin":48884,"position":2},"title":"Jubilados de la UAN reclaman pagos pendientes (Nayarit)","author":"grieta","date":"7 julio, 2020","format":false,"excerpt":"Imagen: Realidades de Nayarit Javier Rojo Fregoso \/ Realidades de Nayarit Tepic, Nayarit.- Martes 07 de julio del 2020.- Siguen miles de docentes, academicos de la Universidad Aut\u00f3noma de Nayarit (UAN) activos, jubilados y pensionados, molestos con la parte patronal pero tambi\u00e9n con su llamado dirigente sindical, Francisco Haro, l\u00edder\u2026","rel":"","context":"En &quot;CINTILLO&quot;","block_context":{"text":"CINTILLO","link":"https:\/\/www.grieta.org.mx\/index.php\/category\/cintillo\/"},"img":{"alt_text":"","src":"https:\/\/i0.wp.com\/www.grieta.org.mx\/wp-content\/uploads\/2020\/07\/monedas.jpg?resize=350%2C200&ssl=1","width":350,"height":200,"srcset":"https:\/\/i0.wp.com\/www.grieta.org.mx\/wp-content\/uploads\/2020\/07\/monedas.jpg?resize=350%2C200&ssl=1 1x, https:\/\/i0.wp.com\/www.grieta.org.mx\/wp-content\/uploads\/2020\/07\/monedas.jpg?resize=525%2C300&ssl=1 1.5x, https:\/\/i0.wp.com\/www.grieta.org.mx\/wp-content\/uploads\/2020\/07\/monedas.jpg?resize=700%2C400&ssl=1 2x"},"classes":[]},{"id":42711,"url":"https:\/\/www.grieta.org.mx\/index.php\/2020\/01\/03\/maestros-exigen-al-gobernador-que-les-pague-nayarit\/","url_meta":{"origin":48884,"position":3},"title":"Maestros exigen al gobernador que les pague (Nayarit)","author":"grieta","date":"3 enero, 2020","format":false,"excerpt":"Amenazan con paro de labores e instalar un plant\u00f3n frente a Palacio de Gobierno Foto: Realidades de Nayarit Tepic, Nayarit.- Viernes 03 de enero del 2020.- En Nayarit m\u00e1s de Cuatro Mil Quinientos docentes estatales, damas y caballeros, no iniciar\u00e1n labores como est\u00e1 plasmado en el calendario educativo escolar, este\u2026","rel":"","context":"En &quot;CINTILLO&quot;","block_context":{"text":"CINTILLO","link":"https:\/\/www.grieta.org.mx\/index.php\/category\/cintillo\/"},"img":{"alt_text":"","src":"https:\/\/i0.wp.com\/www.grieta.org.mx\/wp-content\/uploads\/2020\/01\/asglasd.jpg?resize=350%2C200&ssl=1","width":350,"height":200,"srcset":"https:\/\/i0.wp.com\/www.grieta.org.mx\/wp-content\/uploads\/2020\/01\/asglasd.jpg?resize=350%2C200&ssl=1 1x, https:\/\/i0.wp.com\/www.grieta.org.mx\/wp-content\/uploads\/2020\/01\/asglasd.jpg?resize=525%2C300&ssl=1 1.5x, https:\/\/i0.wp.com\/www.grieta.org.mx\/wp-content\/uploads\/2020\/01\/asglasd.jpg?resize=700%2C400&ssl=1 2x"},"classes":[]},{"id":55984,"url":"https:\/\/www.grieta.org.mx\/index.php\/2020\/12\/23\/retrasaran-maestros-regreso-a-clases-por-falta-de-aguinaldos-en-nayarit\/","url_meta":{"origin":48884,"position":4},"title":"Retrasar\u00e1n maestros regreso a clases por falta de aguinaldos en Nayarit","author":"grieta","date":"23 diciembre, 2020","format":false,"excerpt":"Foto: Realidades de Nayarit Seguir\u00e1n manifest\u00e1ndose y exigiendo sus derechos Crys Ben\u00edtez \/ El Occidental TEPIC, Nayarit (OEM-Informex). -Maestros de la Secci\u00f3n 49 del Sindicato Nacional de Trabajadores de la Educaci\u00f3n (SNTE) en Nayarit, han manifestado que tomar\u00e1n acciones dr\u00e1sticas, ante la falta de pagos correspondientes a los aguinaldos y\u2026","rel":"","context":"En &quot;CINTILLO&quot;","block_context":{"text":"CINTILLO","link":"https:\/\/www.grieta.org.mx\/index.php\/category\/cintillo\/"},"img":{"alt_text":"","src":"https:\/\/i0.wp.com\/www.grieta.org.mx\/wp-content\/uploads\/2020\/12\/verde-1-636x420-1.jpg?resize=350%2C200&ssl=1","width":350,"height":200,"srcset":"https:\/\/i0.wp.com\/www.grieta.org.mx\/wp-content\/uploads\/2020\/12\/verde-1-636x420-1.jpg?resize=350%2C200&ssl=1 1x, https:\/\/i0.wp.com\/www.grieta.org.mx\/wp-content\/uploads\/2020\/12\/verde-1-636x420-1.jpg?resize=525%2C300&ssl=1 1.5x"},"classes":[]},{"id":57286,"url":"https:\/\/www.grieta.org.mx\/index.php\/2021\/02\/27\/maestros-jubilados-realizan-caravana-contra-esquema-de-pension-en-merida-yucatan\/","url_meta":{"origin":48884,"position":5},"title":"Maestros jubilados realizan caravana contra esquema de pensi\u00f3n en M\u00e9rida (Yucat\u00e1n)","author":"grieta","date":"27 febrero, 2021","format":false,"excerpt":"Redacci\u00f3n PorEsto! A minutos de terminar una manifestaci\u00f3n de m\u00e9dicos en el Monumento a la Patria, una caravana de maestros se moviliz\u00f3 de este inmueble al Palacio de Gobierno, quienes pidieron que sus esquemas de pensi\u00f3n no se base en Unidades Medida de Actualizaci\u00f3n (UMA), sino en salarios m\u00ednimos, ya\u2026","rel":"","context":"En &quot;CINTILLO&quot;","block_context":{"text":"CINTILLO","link":"https:\/\/www.grieta.org.mx\/index.php\/category\/cintillo\/"},"img":{"alt_text":"","src":"https:\/\/i0.wp.com\/www.grieta.org.mx\/wp-content\/uploads\/2021\/03\/MaestrosJubilados-e1614803008514.png?resize=350%2C200&ssl=1","width":350,"height":200,"srcset":"https:\/\/i0.wp.com\/www.grieta.org.mx\/wp-content\/uploads\/2021\/03\/MaestrosJubilados-e1614803008514.png?resize=350%2C200&ssl=1 1x, https:\/\/i0.wp.com\/www.grieta.org.mx\/wp-content\/uploads\/2021\/03\/MaestrosJubilados-e1614803008514.png?resize=525%2C300&ssl=1 1.5x, https:\/\/i0.wp.com\/www.grieta.org.mx\/wp-content\/uploads\/2021\/03\/MaestrosJubilados-e1614803008514.png?resize=700%2C400&ssl=1 2x"},"classes":[]}],"_links":{"self":[{"href":"https:\/\/www.grieta.org.mx\/index.php\/wp-json\/wp\/v2\/posts\/48884","targetHints":{"allow":["GET"]}}],"collection":[{"href":"https:\/\/www.grieta.org.mx\/index.php\/wp-json\/wp\/v2\/posts"}],"about":[{"href":"https:\/\/www.grieta.org.mx\/index.php\/wp-json\/wp\/v2\/types\/post"}],"author":[{"embeddable":true,"href":"https:\/\/www.grieta.org.mx\/index.php\/wp-json\/wp\/v2\/users\/2"}],"replies":[{"embeddable":true,"href":"https:\/\/www.grieta.org.mx\/index.php\/wp-json\/wp\/v2\/comments?post=48884"}],"version-history":[{"count":1,"href":"https:\/\/www.grieta.org.mx\/index.php\/wp-json\/wp\/v2\/posts\/48884\/revisions"}],"predecessor-version":[{"id":48886,"href":"https:\/\/www.grieta.org.mx\/index.php\/wp-json\/wp\/v2\/posts\/48884\/revisions\/48886"}],"wp:featuredmedia":[{"embeddable":true,"href":"https:\/\/www.grieta.org.mx\/index.php\/wp-json\/wp\/v2\/media\/48885"}],"wp:attachment":[{"href":"https:\/\/www.grieta.org.mx\/index.php\/wp-json\/wp\/v2\/media?parent=48884"}],"wp:term":[{"taxonomy":"category","embeddable":true,"href":"https:\/\/www.grieta.org.mx\/index.php\/wp-json\/wp\/v2\/categories?post=48884"},{"taxonomy":"post_tag","embeddable":true,"href":"https:\/\/www.grieta.org.mx\/index.php\/wp-json\/wp\/v2\/tags?post=48884"}],"curies":[{"name":"wp","href":"https:\/\/api.w.org\/{rel}","templated":true}]}}