{"id":48855,"date":"2020-05-04T14:44:39","date_gmt":"2020-05-04T19:44:39","guid":{"rendered":"http:\/\/www.grieta.org.mx\/?p=48855"},"modified":"2020-05-09T14:57:28","modified_gmt":"2020-05-09T19:57:28","slug":"la-pobreza-alimentaria-golpea-a-165-mil-colimenses-colima","status":"publish","type":"post","link":"https:\/\/www.grieta.org.mx\/index.php\/2020\/05\/04\/la-pobreza-alimentaria-golpea-a-165-mil-colimenses-colima\/","title":{"rendered":"La pobreza alimentaria golpea a 165 mil colimenses (Colima)"},"content":{"rendered":"<p><img loading=\"lazy\" decoding=\"async\" data-attachment-id=\"48858\" data-permalink=\"https:\/\/www.grieta.org.mx\/index.php\/2020\/05\/04\/la-pobreza-alimentaria-golpea-a-165-mil-colimenses-colima\/colima-tierra-de-pobres-3\/\" data-orig-file=\"https:\/\/www.grieta.org.mx\/wp-content\/uploads\/2020\/05\/Colima-tierra-de-pobres.png\" data-orig-size=\"761,422\" data-comments-opened=\"0\" data-image-meta=\"{&quot;aperture&quot;:&quot;0&quot;,&quot;credit&quot;:&quot;&quot;,&quot;camera&quot;:&quot;&quot;,&quot;caption&quot;:&quot;&quot;,&quot;created_timestamp&quot;:&quot;0&quot;,&quot;copyright&quot;:&quot;&quot;,&quot;focal_length&quot;:&quot;0&quot;,&quot;iso&quot;:&quot;0&quot;,&quot;shutter_speed&quot;:&quot;0&quot;,&quot;title&quot;:&quot;&quot;,&quot;orientation&quot;:&quot;0&quot;}\" data-image-title=\"Colima-tierra-de-pobres\" data-image-description=\"\" data-image-caption=\"\" data-medium-file=\"https:\/\/www.grieta.org.mx\/wp-content\/uploads\/2020\/05\/Colima-tierra-de-pobres-300x166.png\" data-large-file=\"https:\/\/www.grieta.org.mx\/wp-content\/uploads\/2020\/05\/Colima-tierra-de-pobres.png\" class=\"aligncenter wp-image-48858\" src=\"http:\/\/www.grieta.org.mx\/wp-content\/uploads\/2020\/05\/Colima-tierra-de-pobres.png\" alt=\"\" width=\"801\" height=\"444\" srcset=\"https:\/\/www.grieta.org.mx\/wp-content\/uploads\/2020\/05\/Colima-tierra-de-pobres.png 761w, https:\/\/www.grieta.org.mx\/wp-content\/uploads\/2020\/05\/Colima-tierra-de-pobres-300x166.png 300w\" sizes=\"auto, (max-width: 801px) 100vw, 801px\" \/><\/p>\n<p>Foto: Diario Avanzada<\/p>\n<p>Heidi de Le\u00f3n Guti\u00e9rrez \/ Diario Avanzada<\/p>\n<p>Colima, M\u00e9xico, Avanzada (04\/05\/2020).- La pobreza no es igual para todos; para algunos consiste en no tener una vivienda, un trabajo bien remunerado y para otros, en no tener alimentos para comer y poder alimentar a su familia.<\/p>\n<p>La pobreza alimentaria es una realidad que est\u00e1 golpeando a el 21 por ciento de la poblaci\u00f3n en Colima y su situaci\u00f3n se ha agravado, a partir de las medidas de \u00a0aislamiento social que decret\u00f3 el pasado 18 de marzo el gobernador de Colima, Ignacio Peralta S\u00e1nchez.<\/p>\n<p>De acuerdo al CONEVAL,\u00a0en la entidad existen 165 mil personas en pobreza alimentaria, equivalentes al 21 por ciento de la poblaci\u00f3n, es decir, que las personas que se encuentran en esta condici\u00f3n, no cuentan con los recursos econ\u00f3micos para garantizar las tres comidas al d\u00eda.<\/p>\n<p>Los indicadores muestran que la pobreza alimentaria se duplic\u00f3 entre el 2008 y el 2018, pese a los programas sociales que se implementaron durante los gobiernos correspondientes a esos a\u00f1os.<\/p>\n<p>Por su parte, la encuesta Nacional de Ingresos y Gastos en los Hogares (ENIGH) 2016, la cual fue realizada por el Instituto Nacional de Geograf\u00eda y Estad\u00edstica (INEGI) expone que en el 32.7 por ciento de los hogares colimenses, alg\u00fan menor de edad, en edad escolar, no tuvo acceso a una alimentaci\u00f3n variada y sana debido a que sus progenitores o tutores no contaban con el dinero suficiente para poder proporcion\u00e1rsela.<\/p>\n<p>La misma situaci\u00f3n de pobreza ocasion\u00f3 que en el 29.8 por ciento de los hogares encuestados,\u00a0alg\u00fan menor comiera menos de lo que deb\u00eda comer.<\/p>\n<p>Adem\u00e1s, el 6.1 por ciento de los hogares que participaron en el ejercicio que realiz\u00f3 el INEGI, un menor de edad\u00a0 comi\u00f3 una vez al d\u00eda o no lo hizo durante todo el d\u00eda, por falta de recursos econ\u00f3micos o alimentos para satisfacer su necesidad alimentaria.<\/p>\n<p><a href=\"https:\/\/www.diarioavanzada.com.mx\/?p=12364\">https:\/\/www.diarioavanzada.com.mx\/?p=12364<\/a><\/p>\n","protected":false},"excerpt":{"rendered":"<p>Foto: Diario Avanzada Heidi de Le\u00f3n Guti\u00e9rrez \/ Diario Avanzada Colima, M\u00e9xico, Avanzada (04\/05\/2020).- La pobreza no es igual para todos; para algunos consiste en no tener una vivienda, un &hellip; <a href=\"https:\/\/www.grieta.org.mx\/index.php\/2020\/05\/04\/la-pobreza-alimentaria-golpea-a-165-mil-colimenses-colima\/\" class=\"more-link\">Leer m\u00e1s<\/a><\/p>\n","protected":false},"author":2,"featured_media":48858,"comment_status":"closed","ping_status":"closed","sticky":false,"template":"","format":"standard","meta":{"ngg_post_thumbnail":0,"_jetpack_newsletter_access":"","_jetpack_dont_email_post_to_subs":false,"_jetpack_newsletter_tier_id":0,"_jetpack_memberships_contains_paywalled_content":false,"_jetpack_memberships_contains_paid_content":false,"footnotes":""},"categories":[80,13,910,2192,2,83],"tags":[3137,2966,2962,3222],"class_list":["post-48855","post","type-post","status-publish","format-standard","has-post-thumbnail","hentry","category-cintillo","category-colima","category-explotacion-y-precariedad-laboral","category-explotacion-y-precariedad-laboral-en-colima","category-noticias-nacionales","category-temas-nacionales","tag-aumento-de-la-pobreza","tag-canasta-alimentaria","tag-precarizacion-de-la-vida","tag-trabajo-precario","entry"],"jetpack_featured_media_url":"https:\/\/www.grieta.org.mx\/wp-content\/uploads\/2020\/05\/Colima-tierra-de-pobres.png","jetpack_sharing_enabled":true,"jetpack_shortlink":"https:\/\/wp.me\/p7ZJR4-cHZ","jetpack_likes_enabled":false,"jetpack-related-posts":[{"id":68876,"url":"https:\/\/www.grieta.org.mx\/index.php\/2024\/05\/08\/trabajadores-cada-vez-mas-pobres-colima\/","url_meta":{"origin":48855,"position":0},"title":"Trabajadores, cada vez m\u00e1s pobres (Colima)","author":"grieta","date":"8 mayo, 2024","format":false,"excerpt":"Imagen: Ilustrativa, Diario Avanzada Heidi de Le\u00f3n Guti\u00e9rrez \/ Diario Avanzada Colima, M\u00e9xico, Avanzada (08\/05\/2024).- En Colima, cada vez se complican m\u00e1s las cosas para la poblaci\u00f3n econ\u00f3micamente activa: no solo padecen la falta de trabajos diversificados, tambi\u00e9n la falta de salarios que permitan cubrir las necesidades b\u00e1sicas. En el\u2026","rel":"","context":"En &quot;CINTILLO&quot;","block_context":{"text":"CINTILLO","link":"https:\/\/www.grieta.org.mx\/index.php\/category\/cintillo\/"},"img":{"alt_text":"","src":"https:\/\/i0.wp.com\/www.grieta.org.mx\/wp-content\/uploads\/2024\/05\/img_8814-1.jpg?resize=350%2C200&ssl=1","width":350,"height":200,"srcset":"https:\/\/i0.wp.com\/www.grieta.org.mx\/wp-content\/uploads\/2024\/05\/img_8814-1.jpg?resize=350%2C200&ssl=1 1x, https:\/\/i0.wp.com\/www.grieta.org.mx\/wp-content\/uploads\/2024\/05\/img_8814-1.jpg?resize=525%2C300&ssl=1 1.5x, https:\/\/i0.wp.com\/www.grieta.org.mx\/wp-content\/uploads\/2024\/05\/img_8814-1.jpg?resize=700%2C400&ssl=1 2x, https:\/\/i0.wp.com\/www.grieta.org.mx\/wp-content\/uploads\/2024\/05\/img_8814-1.jpg?resize=1050%2C600&ssl=1 3x, https:\/\/i0.wp.com\/www.grieta.org.mx\/wp-content\/uploads\/2024\/05\/img_8814-1.jpg?resize=1400%2C800&ssl=1 4x"},"classes":[]},{"id":46893,"url":"https:\/\/www.grieta.org.mx\/index.php\/2020\/03\/26\/172-mil-trabajadores-en-colima-sufren-pobreza-laboral\/","url_meta":{"origin":48855,"position":1},"title":"172 mil trabajadores en Colima sufren pobreza laboral","author":"grieta","date":"26 marzo, 2020","format":false,"excerpt":"Foto: Diario Avanzada Heidi de Le\u00f3n Guti\u00e9rrez \/ Diario Avanzada Colima, M\u00e9xico, Avanzada (26\/03\/2020).- En Colima, el 23 por ciento de la poblaci\u00f3n registra un ingreso laboral inferior al costo de la canasta b\u00e1sica, seg\u00fan la medici\u00f3n realizada por el Consejo Nacional de Evaluaci\u00f3n (Coneval), durante el cuarto trimestre de\u2026","rel":"","context":"En &quot;CINTILLO&quot;","block_context":{"text":"CINTILLO","link":"https:\/\/www.grieta.org.mx\/index.php\/category\/cintillo\/"},"img":{"alt_text":"","src":"https:\/\/i0.wp.com\/www.grieta.org.mx\/wp-content\/uploads\/2020\/03\/Colima-tierra-de-pobres.png?resize=350%2C200&ssl=1","width":350,"height":200,"srcset":"https:\/\/i0.wp.com\/www.grieta.org.mx\/wp-content\/uploads\/2020\/03\/Colima-tierra-de-pobres.png?resize=350%2C200&ssl=1 1x, https:\/\/i0.wp.com\/www.grieta.org.mx\/wp-content\/uploads\/2020\/03\/Colima-tierra-de-pobres.png?resize=525%2C300&ssl=1 1.5x, https:\/\/i0.wp.com\/www.grieta.org.mx\/wp-content\/uploads\/2020\/03\/Colima-tierra-de-pobres.png?resize=700%2C400&ssl=1 2x"},"classes":[]},{"id":68690,"url":"https:\/\/www.grieta.org.mx\/index.php\/2024\/03\/28\/pobreza-alimentaria-165-mil-colimenses-colima\/","url_meta":{"origin":48855,"position":2},"title":"Pobreza alimentaria: 165 mil colimenses (Colima)","author":"grieta","date":"28 marzo, 2024","format":false,"excerpt":"Imagen: Diario Avanzada Heidi de Le\u00f3n Guti\u00e9rrez \/ Diario Avanzada Colima, M\u00e9xico, Avanzada (28\/03\/2024).- La falta de alimentos se ha convertido en una dura realidad para una gran parte de la poblaci\u00f3n colimense, especialmente para aquellos menores de 18 a\u00f1os que residen en \u00e1reas urbanas, seg\u00fan datos proporcionados por el\u2026","rel":"","context":"En &quot;CINTILLO&quot;","block_context":{"text":"CINTILLO","link":"https:\/\/www.grieta.org.mx\/index.php\/category\/cintillo\/"},"img":{"alt_text":"","src":"https:\/\/i0.wp.com\/www.grieta.org.mx\/wp-content\/uploads\/2024\/03\/aaa-102.jpg?resize=350%2C200&ssl=1","width":350,"height":200,"srcset":"https:\/\/i0.wp.com\/www.grieta.org.mx\/wp-content\/uploads\/2024\/03\/aaa-102.jpg?resize=350%2C200&ssl=1 1x, https:\/\/i0.wp.com\/www.grieta.org.mx\/wp-content\/uploads\/2024\/03\/aaa-102.jpg?resize=525%2C300&ssl=1 1.5x, https:\/\/i0.wp.com\/www.grieta.org.mx\/wp-content\/uploads\/2024\/03\/aaa-102.jpg?resize=700%2C400&ssl=1 2x, https:\/\/i0.wp.com\/www.grieta.org.mx\/wp-content\/uploads\/2024\/03\/aaa-102.jpg?resize=1050%2C600&ssl=1 3x"},"classes":[]},{"id":40706,"url":"https:\/\/www.grieta.org.mx\/index.php\/2019\/08\/21\/en-pobreza-laboral-el-43-de-los-trabajadores-en-tecoman-colima\/","url_meta":{"origin":48855,"position":3},"title":"En pobreza laboral el 43% de los trabajadores en Tecom\u00e1n (Colima)","author":"grieta","date":"21 agosto, 2019","format":false,"excerpt":"Foto: Diario Avanzada Heidi de Le\u00f3n Guti\u00e9rrez \/ Diario Avanzada Colima, M\u00e9xico, Avanzada (21\/08\/2019).- El 43 por ciento de la poblaci\u00f3n econ\u00f3micamente activa en el municipio de Tecom\u00e1n, gana hasta dos salarios m\u00ednimos por su trabajo, es decir, aproximadamente 3 mil pesos mensuales. As\u00ed lo establece el Plan Municipal de\u2026","rel":"","context":"En &quot;CINTILLO&quot;","block_context":{"text":"CINTILLO","link":"https:\/\/www.grieta.org.mx\/index.php\/category\/cintillo\/"},"img":{"alt_text":"","src":"https:\/\/i0.wp.com\/www.grieta.org.mx\/wp-content\/uploads\/2019\/10\/POBREZA-TECOMAN.jpg?resize=350%2C200&ssl=1","width":350,"height":200,"srcset":"https:\/\/i0.wp.com\/www.grieta.org.mx\/wp-content\/uploads\/2019\/10\/POBREZA-TECOMAN.jpg?resize=350%2C200&ssl=1 1x, https:\/\/i0.wp.com\/www.grieta.org.mx\/wp-content\/uploads\/2019\/10\/POBREZA-TECOMAN.jpg?resize=525%2C300&ssl=1 1.5x, https:\/\/i0.wp.com\/www.grieta.org.mx\/wp-content\/uploads\/2019\/10\/POBREZA-TECOMAN.jpg?resize=700%2C400&ssl=1 2x"},"classes":[]},{"id":66387,"url":"https:\/\/www.grieta.org.mx\/index.php\/2023\/03\/01\/el-27-de-los-trabajadores-en-colima-se-encuentran-en-una-situacion-agravada-de-pobreza-extrema-laboral\/","url_meta":{"origin":48855,"position":4},"title":"El 27 % de los trabajadores en Colima se encuentran en una situaci\u00f3n agravada de pobreza extrema laboral","author":"grieta","date":"1 marzo, 2023","format":false,"excerpt":"Imagen: Diario Avanzada Heidi de Le\u00f3n Guti\u00e9rrez \/ Diario Avanzada Colima, M\u00e9xico, Comunicado (01\/02\/2023).- En Colima, el 27 por ciento de la poblaci\u00f3n que trabajaba no recibe ni un salario m\u00ednimo por la labor que desempe\u00f1a, lo que ubica a la entidad en una situaci\u00f3n inferior a la l\u00ednea de\u2026","rel":"","context":"En &quot;CINTILLO&quot;","block_context":{"text":"CINTILLO","link":"https:\/\/www.grieta.org.mx\/index.php\/category\/cintillo\/"},"img":{"alt_text":"","src":"https:\/\/i0.wp.com\/www.grieta.org.mx\/wp-content\/uploads\/2023\/03\/Justicia.jpg?resize=350%2C200&ssl=1","width":350,"height":200,"srcset":"https:\/\/i0.wp.com\/www.grieta.org.mx\/wp-content\/uploads\/2023\/03\/Justicia.jpg?resize=350%2C200&ssl=1 1x, https:\/\/i0.wp.com\/www.grieta.org.mx\/wp-content\/uploads\/2023\/03\/Justicia.jpg?resize=525%2C300&ssl=1 1.5x"},"classes":[]},{"id":47180,"url":"https:\/\/www.grieta.org.mx\/index.php\/2020\/04\/01\/233-mil-colimenses-viven-al-dia-no-pueden-parar-colima\/","url_meta":{"origin":48855,"position":5},"title":"233 mil colimenses \u201cviven al d\u00eda\u201d, no pueden parar (Colima)","author":"grieta","date":"1 abril, 2020","format":false,"excerpt":"Foto: Diario Avanzada Heidi de Le\u00f3n Gutierrez \/ Diario Avanazada Colima, M\u00e9xico, Avanzada (01\/04\/2020).- Las medidas de aislamiento social decretadas para \u00a0frenar el contagio del Covid-19 en Colima no s\u00f3lo est\u00e1n afectando gravemente a los restauranteros y trabajadores del sector tur\u00edstico, tambi\u00e9n a 233 mil colimenses que se encuentran en\u2026","rel":"","context":"En &quot;CINTILLO&quot;","block_context":{"text":"CINTILLO","link":"https:\/\/www.grieta.org.mx\/index.php\/category\/cintillo\/"},"img":{"alt_text":"","src":"https:\/\/i0.wp.com\/www.grieta.org.mx\/wp-content\/uploads\/2020\/04\/Colima-tierra-de-pobres.png?resize=350%2C200&ssl=1","width":350,"height":200,"srcset":"https:\/\/i0.wp.com\/www.grieta.org.mx\/wp-content\/uploads\/2020\/04\/Colima-tierra-de-pobres.png?resize=350%2C200&ssl=1 1x, https:\/\/i0.wp.com\/www.grieta.org.mx\/wp-content\/uploads\/2020\/04\/Colima-tierra-de-pobres.png?resize=525%2C300&ssl=1 1.5x, https:\/\/i0.wp.com\/www.grieta.org.mx\/wp-content\/uploads\/2020\/04\/Colima-tierra-de-pobres.png?resize=700%2C400&ssl=1 2x"},"classes":[]}],"_links":{"self":[{"href":"https:\/\/www.grieta.org.mx\/index.php\/wp-json\/wp\/v2\/posts\/48855","targetHints":{"allow":["GET"]}}],"collection":[{"href":"https:\/\/www.grieta.org.mx\/index.php\/wp-json\/wp\/v2\/posts"}],"about":[{"href":"https:\/\/www.grieta.org.mx\/index.php\/wp-json\/wp\/v2\/types\/post"}],"author":[{"embeddable":true,"href":"https:\/\/www.grieta.org.mx\/index.php\/wp-json\/wp\/v2\/users\/2"}],"replies":[{"embeddable":true,"href":"https:\/\/www.grieta.org.mx\/index.php\/wp-json\/wp\/v2\/comments?post=48855"}],"version-history":[{"count":1,"href":"https:\/\/www.grieta.org.mx\/index.php\/wp-json\/wp\/v2\/posts\/48855\/revisions"}],"predecessor-version":[{"id":48859,"href":"https:\/\/www.grieta.org.mx\/index.php\/wp-json\/wp\/v2\/posts\/48855\/revisions\/48859"}],"wp:featuredmedia":[{"embeddable":true,"href":"https:\/\/www.grieta.org.mx\/index.php\/wp-json\/wp\/v2\/media\/48858"}],"wp:attachment":[{"href":"https:\/\/www.grieta.org.mx\/index.php\/wp-json\/wp\/v2\/media?parent=48855"}],"wp:term":[{"taxonomy":"category","embeddable":true,"href":"https:\/\/www.grieta.org.mx\/index.php\/wp-json\/wp\/v2\/categories?post=48855"},{"taxonomy":"post_tag","embeddable":true,"href":"https:\/\/www.grieta.org.mx\/index.php\/wp-json\/wp\/v2\/tags?post=48855"}],"curies":[{"name":"wp","href":"https:\/\/api.w.org\/{rel}","templated":true}]}}