{"id":48850,"date":"2020-05-04T14:27:22","date_gmt":"2020-05-04T19:27:22","guid":{"rendered":"http:\/\/www.grieta.org.mx\/?p=48850"},"modified":"2020-05-09T14:46:05","modified_gmt":"2020-05-09T19:46:05","slug":"tiene-presidente-obrador-otros-datos-para-federacion-hospitales-covid-19-de-chetumal-y-tulum-ya-estan-funcionando-aunque-aun-no-pueden-recibir-pacientes","status":"publish","type":"post","link":"https:\/\/www.grieta.org.mx\/index.php\/2020\/05\/04\/tiene-presidente-obrador-otros-datos-para-federacion-hospitales-covid-19-de-chetumal-y-tulum-ya-estan-funcionando-aunque-aun-no-pueden-recibir-pacientes\/","title":{"rendered":"Tiene Presidente Obrador \u2018otros datos\u2019: Para Federaci\u00f3n, hospitales COVID-19 de Chetumal y Tulum ya est\u00e1n funcionando\u2026 aunque a\u00fan no pueden recibir pacientes"},"content":{"rendered":"<p><img loading=\"lazy\" decoding=\"async\" data-attachment-id=\"48854\" data-permalink=\"https:\/\/www.grieta.org.mx\/index.php\/2020\/05\/04\/tiene-presidente-obrador-otros-datos-para-federacion-hospitales-covid-19-de-chetumal-y-tulum-ya-estan-funcionando-aunque-aun-no-pueden-recibir-pacientes\/hospital-3\/\" data-orig-file=\"https:\/\/www.grieta.org.mx\/wp-content\/uploads\/2020\/05\/Hospital.png\" data-orig-size=\"738,346\" data-comments-opened=\"0\" data-image-meta=\"{&quot;aperture&quot;:&quot;0&quot;,&quot;credit&quot;:&quot;&quot;,&quot;camera&quot;:&quot;&quot;,&quot;caption&quot;:&quot;&quot;,&quot;created_timestamp&quot;:&quot;0&quot;,&quot;copyright&quot;:&quot;&quot;,&quot;focal_length&quot;:&quot;0&quot;,&quot;iso&quot;:&quot;0&quot;,&quot;shutter_speed&quot;:&quot;0&quot;,&quot;title&quot;:&quot;&quot;,&quot;orientation&quot;:&quot;0&quot;}\" data-image-title=\"Hospital\" data-image-description=\"\" data-image-caption=\"\" data-medium-file=\"https:\/\/www.grieta.org.mx\/wp-content\/uploads\/2020\/05\/Hospital-300x141.png\" data-large-file=\"https:\/\/www.grieta.org.mx\/wp-content\/uploads\/2020\/05\/Hospital.png\" src=\"http:\/\/www.grieta.org.mx\/wp-content\/uploads\/2020\/05\/Hospital.png\" alt=\"\" width=\"738\" height=\"346\" class=\"aligncenter size-full wp-image-48854\" srcset=\"https:\/\/www.grieta.org.mx\/wp-content\/uploads\/2020\/05\/Hospital.png 738w, https:\/\/www.grieta.org.mx\/wp-content\/uploads\/2020\/05\/Hospital-300x141.png 300w\" sizes=\"auto, (max-width: 738px) 100vw, 738px\" \/><\/p>\n<p>AGENCIA SIM \/ Noticaribe<br \/>\nCIUDAD DE M\u00c9XICO.- Desde el 15 de abril pasado, la Secretar\u00eda de la Defensa Nacional (Sedena) recibi\u00f3 las instalaciones del hospital oncol\u00f3gico de Chetumal, inmueble que servir\u00e1 para la atenci\u00f3n de pacientes del COVID-19, seg\u00fan anunci\u00f3 el propio presidente de M\u00e9xico, Andr\u00e9s Manuel L\u00f3pez Obrador, donde tambi\u00e9n se habilitar\u00e1 el Hospital General de Tulum.<\/p>\n<p>Pero hasta hoy en ambos hospitales no se puede recibir a ning\u00fan paciente, pues todav\u00eda est\u00e1n con la habilitaci\u00f3n de las instalaciones de material y equipo; adem\u00e1s a la espera que llegue el personal militar que ser\u00e1 el que atender\u00e1 en dichas instalaciones. Por otro lado, falta la contrataci\u00f3n y capacitaci\u00f3n del personal auxiliar, la adquisici\u00f3n de medicamentos e insumos, la habilitaci\u00f3n y equipamiento de farmacia y los espacios de atenci\u00f3n de pacientes de COVID-19.<\/p>\n<p>Sin embargo, hoy en la conferencia \u201cma\u00f1anera\u201d del Presidente de M\u00e9xico, el Secretario de la Defensa Nacional, Luis Cresencio Sandoval Gonz\u00e1lez dijo que \u201cen Quintana Roo se tiene un hospital militar y dos del Insabi, en Chetumal est\u00e1 nuestro hospital; tenemos otro de (especialidades) oncol\u00f3gicas en Chetumal y otro en Tulum\u201d, donde se tiene un total de 115 camas de hospitalizaci\u00f3n, \u201clas mismas que est\u00e1n disponibles\u201d.<\/p>\n<p>Ante reporteros de la fuente, el Secretario de la Defensa Nacional present\u00f3 la gr\u00e1fica donde se especifica con \u201clo que se cuenta en Quintana Roo y se especifica que el Hospital Militar de Zona (HMZ), que est\u00e1 en Chetumal se tienen habilitadas para hospitalizaci\u00f3n 20 camas y otro n\u00famero igual para terapia intensiva; en el Hospital Oncol\u00f3gico, tambi\u00e9n en Chetumal, se tienen 45 camas para hospitalizaci\u00f3n y 25 para terapia intensiva; en el Hospital de Tulum se tienen 50 camas para hospitalizaci\u00f3n y 20 para terapia intensiva; esto hace un total de 115 camas para hospitalizaci\u00f3n m\u00e1s 65 de terapia intensiva que podr\u00e1n ocupar los pacientes y ser\u00e1n atendidos por personal de la Sedena.<\/p>\n<p>Hasta hoy, ni en el Hospital Oncol\u00f3gico de Chetumal, ni en el General de Tulum se cuenta con esas \u201ccamas disponibles\u201d, pues a penas el s\u00e1bado pasado (2 de mayo) lleg\u00f3 parte de lo que se utilizar\u00e1 para la reconversi\u00f3n de ambos hospitales; en el nosocomio de Tulum el gobierno del Estado todav\u00eda trabaja en la rehabilitaci\u00f3n de las instalaciones y falta que llegue el personal de la Sedena.<\/p>\n<p>Sandoval Gonz\u00e1lez agreg\u00f3 que \u201cen iguales circunstancias aqu\u00ed (en Quintana Roo) tenemos en terapia intensiva 65 camas entre las tres instalaciones (Hospital militar, Chetumal y Tulum), ya se pueden ocupar con hospitalizaci\u00f3n, pero en espera de los ventiladores para convertirlas en terapia intensiva\u201d.<\/p>\n<p>Aunque no se especific\u00f3 qu\u00e9 d\u00eda, si se dijo que en mayo entrar\u00edan en funcionamiento ambos hospitales. En Tulum solo se tiene habilitado el espacio, pero falta que llegue todo el material y equipo.<br \/>\nLa Secretar\u00eda de Marina dio a conocer en la misma conferencia que se asignar\u00e1n 5 m\u00e9dicos y cinco enfermeros al Hospital regional 7; adem\u00e1s de enviar diez personas de apoyo m\u00e9dico al Regional N\u00famero 3, ambos nosocomios en Quintana Roo. <\/p>\n<p><a href=\"https:\/\/noticaribe.com.mx\/2020\/05\/04\/tiene-presidente-obrador-otros-datos-para-federacion-hospitales-covid-19-de-chetumal-y-tulum-ya-estan-funcionando-aunque-aun-no-pueden-recibir-pacientes\/\" rel=\"noopener noreferrer\" target=\"_blank\">https:\/\/noticaribe.com.mx\/2020\/05\/04\/tiene-presidente-obrador-otros-datos-para-federacion-hospitales-covid-19-de-chetumal-y-tulum-ya-estan-funcionando-aunque-aun-no-pueden-recibir-pacientes\/<\/a><\/p>\n","protected":false},"excerpt":{"rendered":"<p>AGENCIA SIM \/ Noticaribe CIUDAD DE M\u00c9XICO.- Desde el 15 de abril pasado, la Secretar\u00eda de la Defensa Nacional (Sedena) recibi\u00f3 las instalaciones del hospital oncol\u00f3gico de Chetumal, inmueble que &hellip; <a href=\"https:\/\/www.grieta.org.mx\/index.php\/2020\/05\/04\/tiene-presidente-obrador-otros-datos-para-federacion-hospitales-covid-19-de-chetumal-y-tulum-ya-estan-funcionando-aunque-aun-no-pueden-recibir-pacientes\/\" class=\"more-link\">Leer m\u00e1s<\/a><\/p>\n","protected":false},"author":2,"featured_media":48854,"comment_status":"closed","ping_status":"closed","sticky":false,"template":"","format":"standard","meta":{"ngg_post_thumbnail":0,"_jetpack_newsletter_access":"","_jetpack_dont_email_post_to_subs":false,"_jetpack_newsletter_tier_id":0,"_jetpack_memberships_contains_paywalled_content":false,"_jetpack_memberships_contains_paid_content":false,"footnotes":""},"categories":[80,3279,918,2853,2,28,83],"tags":[3241,2367],"class_list":["post-48850","post","type-post","status-publish","format-standard","has-post-thumbnail","hentry","category-cintillo","category-covid-19-en-quintana-roo","category-privatizacion-del-sector-salud","category-crisis-en-el-sector-salud-en-quintana-roo","category-noticias-nacionales","category-quintana-roo","category-temas-nacionales","tag-covid-19","tag-crisis-en-el-sector-salud","entry"],"jetpack_featured_media_url":"https:\/\/www.grieta.org.mx\/wp-content\/uploads\/2020\/05\/Hospital.png","jetpack_sharing_enabled":true,"jetpack_shortlink":"https:\/\/wp.me\/p7ZJR4-cHU","jetpack_likes_enabled":false,"jetpack-related-posts":[{"id":63373,"url":"https:\/\/www.grieta.org.mx\/index.php\/2022\/02\/12\/enfermeras-quedan-sin-trabajo-y-hasta-mueren-por-covid-19-quintana-roo\/","url_meta":{"origin":48850,"position":0},"title":"Enfermeras quedan sin trabajo y hasta mueren por COVID-19 (Quintana Roo)","author":"grieta","date":"12 febrero, 2022","format":false,"excerpt":"Efr\u00e9n Mart\u00edn \/ La Verdad Al menos el 70 por ciento de los 400 trabajadores de la salud que se desempe\u00f1aban como suplentes y que no fueron recontratados por la Secretar\u00eda de Salud al concluir enero, han dado positivo a COVID-19 y de ellos, ocho fallecieron sin recibir ning\u00fan tipo\u2026","rel":"","context":"En &quot;CINTILLO&quot;","block_context":{"text":"CINTILLO","link":"https:\/\/www.grieta.org.mx\/index.php\/category\/cintillo\/"},"img":{"alt_text":"","src":"https:\/\/i0.wp.com\/www.grieta.org.mx\/wp-content\/uploads\/2022\/02\/Enfermeras-e1644797796592.png?resize=350%2C200&ssl=1","width":350,"height":200,"srcset":"https:\/\/i0.wp.com\/www.grieta.org.mx\/wp-content\/uploads\/2022\/02\/Enfermeras-e1644797796592.png?resize=350%2C200&ssl=1 1x, https:\/\/i0.wp.com\/www.grieta.org.mx\/wp-content\/uploads\/2022\/02\/Enfermeras-e1644797796592.png?resize=525%2C300&ssl=1 1.5x, https:\/\/i0.wp.com\/www.grieta.org.mx\/wp-content\/uploads\/2022\/02\/Enfermeras-e1644797796592.png?resize=700%2C400&ssl=1 2x"},"classes":[]},{"id":55967,"url":"https:\/\/www.grieta.org.mx\/index.php\/2020\/12\/24\/100-trabajadores-de-la-salud-en-q-roo-son-despedidos-por-insabi\/","url_meta":{"origin":48850,"position":1},"title":"100 trabajadores de la salud en Q.Roo son despedidos por INSABI","author":"grieta","date":"24 diciembre, 2020","format":false,"excerpt":"Gustavo Guardian \/ Yucat\u00e1n a la Mano Personal m\u00e9dico recibi\u00f3 el aviso de que su contrato termina a partir del 31 de diciembre. Quintana Roo empezar\u00e1 el 2021 con 100 trabajadores de salud menos en el \u00e1rea de atenci\u00f3n a COVID-19, porque a solo d\u00edas de concluir el a\u00f1o, el\u2026","rel":"","context":"En &quot;CINTILLO&quot;","block_context":{"text":"CINTILLO","link":"https:\/\/www.grieta.org.mx\/index.php\/category\/cintillo\/"},"img":{"alt_text":"","src":"https:\/\/i0.wp.com\/www.grieta.org.mx\/wp-content\/uploads\/2020\/12\/InsabiQRoo-e1609090541376.png?resize=350%2C200&ssl=1","width":350,"height":200,"srcset":"https:\/\/i0.wp.com\/www.grieta.org.mx\/wp-content\/uploads\/2020\/12\/InsabiQRoo-e1609090541376.png?resize=350%2C200&ssl=1 1x, https:\/\/i0.wp.com\/www.grieta.org.mx\/wp-content\/uploads\/2020\/12\/InsabiQRoo-e1609090541376.png?resize=525%2C300&ssl=1 1.5x, https:\/\/i0.wp.com\/www.grieta.org.mx\/wp-content\/uploads\/2020\/12\/InsabiQRoo-e1609090541376.png?resize=700%2C400&ssl=1 2x"},"classes":[]},{"id":55818,"url":"https:\/\/www.grieta.org.mx\/index.php\/2020\/12\/18\/se-extiende-reclamo-por-el-bono-covid-se-suma-personal-del-hospital-general-de-cancun-a-protestas-por-promesa-de-apoyo-presidencial\/","url_meta":{"origin":48850,"position":2},"title":"Se extiende reclamo por el  \u2018Bono Covid\u2019: Se suma personal del Hospital General de Canc\u00fan a protestas por promesa de apoyo presidencial","author":"grieta","date":"18 diciembre, 2020","format":false,"excerpt":"Sara\u00ed Reyes \/ Noticaribe CANC\u00daN, MX.- Alrededor de 50 trabajadores de la salud del Hospital General de Canc\u00fan se manifestaron este mediod\u00eda en las afueras de las instalaciones del nosocomio, para exigir el pago del \u2018bono COVID-19\u2019 que les prometi\u00f3 el gobierno federal a todos los de la primera l\u00ednea\u2026","rel":"","context":"En &quot;CINTILLO&quot;","block_context":{"text":"CINTILLO","link":"https:\/\/www.grieta.org.mx\/index.php\/category\/cintillo\/"},"img":{"alt_text":"","src":"https:\/\/i0.wp.com\/www.grieta.org.mx\/wp-content\/uploads\/2020\/12\/WhatsApp-Image-2020-12-18-at-1.07.00-PM-1.jpg?resize=350%2C200&ssl=1","width":350,"height":200,"srcset":"https:\/\/i0.wp.com\/www.grieta.org.mx\/wp-content\/uploads\/2020\/12\/WhatsApp-Image-2020-12-18-at-1.07.00-PM-1.jpg?resize=350%2C200&ssl=1 1x, https:\/\/i0.wp.com\/www.grieta.org.mx\/wp-content\/uploads\/2020\/12\/WhatsApp-Image-2020-12-18-at-1.07.00-PM-1.jpg?resize=525%2C300&ssl=1 1.5x"},"classes":[]},{"id":47785,"url":"https:\/\/www.grieta.org.mx\/index.php\/2020\/04\/10\/nueva-protesta-en-hospital-de-chetumal-denuncian-enfermeras-que-se-maquillan-cifras-al-calificar-de-neumonia-atipica-posibles-casos-de-covid-19-reclaman-equipos-e-insumos-para-aten\/","url_meta":{"origin":48850,"position":3},"title":"Nueva protesta en hospital de Chetumal: Denuncian enfermeras que se \u2018maquillan\u2019 cifras al calificar de neumon\u00eda at\u00edpica posibles casos de COVID-19; reclaman equipos e insumos para atender a pacientes","author":"grieta","date":"10 abril, 2020","format":false,"excerpt":"Rafael Brice\u00f1o \/ Noticaribe CHETUMAL, MX.- Al confirmar que en el Hospital General se \u201cmaquillan\u201d cifras al calificar de neumon\u00edas at\u00edpicas los posibles casos de COVID-19, personal de enfermer\u00eda confirm\u00f3 la situaci\u00f3n que prevalece al interior del nosocomio al estar expuestos al contagio por la falta de un \u00e1rea aislada\u2026","rel":"","context":"En &quot;CINTILLO&quot;","block_context":{"text":"CINTILLO","link":"https:\/\/www.grieta.org.mx\/index.php\/category\/cintillo\/"},"img":{"alt_text":"","src":"https:\/\/i0.wp.com\/www.grieta.org.mx\/wp-content\/uploads\/2020\/04\/HospitalChetumal.png?resize=350%2C200&ssl=1","width":350,"height":200,"srcset":"https:\/\/i0.wp.com\/www.grieta.org.mx\/wp-content\/uploads\/2020\/04\/HospitalChetumal.png?resize=350%2C200&ssl=1 1x, https:\/\/i0.wp.com\/www.grieta.org.mx\/wp-content\/uploads\/2020\/04\/HospitalChetumal.png?resize=525%2C300&ssl=1 1.5x"},"classes":[]},{"id":38950,"url":"https:\/\/www.grieta.org.mx\/index.php\/2019\/09\/07\/luchamos-por-vivir-mujeres-con-cancer-de-mama-exigen-apertura-del-hospital-oncologico-en-chetumal-y-abastecimiento-de-medicamentos-para-afrontar-la-enfermedad\/","url_meta":{"origin":48850,"position":4},"title":"\u00a1Luchamos por vivir!: Mujeres con c\u00e1ncer de mama exigen apertura del Hospital Oncol\u00f3gico en Chetumal y abastecimiento de medicamentos para afrontar la enfermedad","author":"grieta","date":"7 septiembre, 2019","format":false,"excerpt":"Rafael Brice\u00f1o\/ Noticaribe CHETUMAL, MX.- Mujeres que padecen c\u00e1ncer de mama realizaron una protesta pac\u00edfica para pedir la apertura del Hospital Oncol\u00f3gico de Chetumal y tener la posibilidad de recibir los tratamientos de quimioterapia sin tener que trasladarse a los estados de Yucat\u00e1n y Campeche, debido a que se ha\u2026","rel":"","context":"En &quot;CINTILLO&quot;","block_context":{"text":"CINTILLO","link":"https:\/\/www.grieta.org.mx\/index.php\/category\/cintillo\/"},"img":{"alt_text":"","src":"https:\/\/i0.wp.com\/www.grieta.org.mx\/wp-content\/uploads\/2019\/09\/Chetumal-e1567998603630.png?resize=350%2C200&ssl=1","width":350,"height":200,"srcset":"https:\/\/i0.wp.com\/www.grieta.org.mx\/wp-content\/uploads\/2019\/09\/Chetumal-e1567998603630.png?resize=350%2C200&ssl=1 1x, https:\/\/i0.wp.com\/www.grieta.org.mx\/wp-content\/uploads\/2019\/09\/Chetumal-e1567998603630.png?resize=525%2C300&ssl=1 1.5x, https:\/\/i0.wp.com\/www.grieta.org.mx\/wp-content\/uploads\/2019\/09\/Chetumal-e1567998603630.png?resize=700%2C400&ssl=1 2x"},"classes":[]},{"id":68733,"url":"https:\/\/www.grieta.org.mx\/index.php\/2024\/03\/28\/ante-ambiente-laboral-tenso-issste-amenaza-de-paro-total-en-chetumal-quintana-roo\/","url_meta":{"origin":48850,"position":5},"title":"Ante ambiente laboral \u2018tenso\u2019, ISSSTE amenaza de paro total en Chetumal (Quintana Roo)","author":"grieta","date":"28 marzo, 2024","format":false,"excerpt":"Armando Galera \/ Novedades Quintana Roo Pacientes del hospital del Instituto de Seguridad y Servicios Sociales de los Trabajadores del Estado (ISSSTE) se encuentran temerosos de que su atenci\u00f3n m\u00e9dica se suspenda, luego de que personal de la cl\u00ednica amenazara con un paro de labores definitivo a partir de la\u2026","rel":"","context":"En &quot;CINTILLO&quot;","block_context":{"text":"CINTILLO","link":"https:\/\/www.grieta.org.mx\/index.php\/category\/cintillo\/"},"img":{"alt_text":"","src":"https:\/\/i0.wp.com\/www.grieta.org.mx\/wp-content\/uploads\/2024\/04\/ChetumalIssste-e1712170051802.jpg?resize=350%2C200&ssl=1","width":350,"height":200,"srcset":"https:\/\/i0.wp.com\/www.grieta.org.mx\/wp-content\/uploads\/2024\/04\/ChetumalIssste-e1712170051802.jpg?resize=350%2C200&ssl=1 1x, https:\/\/i0.wp.com\/www.grieta.org.mx\/wp-content\/uploads\/2024\/04\/ChetumalIssste-e1712170051802.jpg?resize=525%2C300&ssl=1 1.5x, https:\/\/i0.wp.com\/www.grieta.org.mx\/wp-content\/uploads\/2024\/04\/ChetumalIssste-e1712170051802.jpg?resize=700%2C400&ssl=1 2x"},"classes":[]}],"_links":{"self":[{"href":"https:\/\/www.grieta.org.mx\/index.php\/wp-json\/wp\/v2\/posts\/48850","targetHints":{"allow":["GET"]}}],"collection":[{"href":"https:\/\/www.grieta.org.mx\/index.php\/wp-json\/wp\/v2\/posts"}],"about":[{"href":"https:\/\/www.grieta.org.mx\/index.php\/wp-json\/wp\/v2\/types\/post"}],"author":[{"embeddable":true,"href":"https:\/\/www.grieta.org.mx\/index.php\/wp-json\/wp\/v2\/users\/2"}],"replies":[{"embeddable":true,"href":"https:\/\/www.grieta.org.mx\/index.php\/wp-json\/wp\/v2\/comments?post=48850"}],"version-history":[{"count":1,"href":"https:\/\/www.grieta.org.mx\/index.php\/wp-json\/wp\/v2\/posts\/48850\/revisions"}],"predecessor-version":[{"id":48856,"href":"https:\/\/www.grieta.org.mx\/index.php\/wp-json\/wp\/v2\/posts\/48850\/revisions\/48856"}],"wp:featuredmedia":[{"embeddable":true,"href":"https:\/\/www.grieta.org.mx\/index.php\/wp-json\/wp\/v2\/media\/48854"}],"wp:attachment":[{"href":"https:\/\/www.grieta.org.mx\/index.php\/wp-json\/wp\/v2\/media?parent=48850"}],"wp:term":[{"taxonomy":"category","embeddable":true,"href":"https:\/\/www.grieta.org.mx\/index.php\/wp-json\/wp\/v2\/categories?post=48850"},{"taxonomy":"post_tag","embeddable":true,"href":"https:\/\/www.grieta.org.mx\/index.php\/wp-json\/wp\/v2\/tags?post=48850"}],"curies":[{"name":"wp","href":"https:\/\/api.w.org\/{rel}","templated":true}]}}