{"id":48799,"date":"2020-05-01T21:15:43","date_gmt":"2020-05-02T02:15:43","guid":{"rendered":"http:\/\/www.grieta.org.mx\/?p=48799"},"modified":"2020-05-09T10:55:13","modified_gmt":"2020-05-09T15:55:13","slug":"enfermera-el-oficio-mas-peligroso-del-mundo-despues-de-domador-guanajuato","status":"publish","type":"post","link":"https:\/\/www.grieta.org.mx\/index.php\/2020\/05\/01\/enfermera-el-oficio-mas-peligroso-del-mundo-despues-de-domador-guanajuato\/","title":{"rendered":"Enfermera: el oficio m\u00e1s peligroso del mundo, despu\u00e9s de domador (Guanajuato)"},"content":{"rendered":"<blockquote><p>Elena confiesa los miedos a los que se enfrenta en medio de una pandemia, en la que ella es una de las protagonistas. Este es su relato \u00edntimo<\/p><\/blockquote>\n<figure id=\"attachment_48801\" aria-describedby=\"caption-attachment-48801\" style=\"width: 983px\" class=\"wp-caption aligncenter\"><img loading=\"lazy\" decoding=\"async\" data-attachment-id=\"48801\" data-permalink=\"https:\/\/www.grieta.org.mx\/index.php\/2020\/05\/01\/enfermera-el-oficio-mas-peligroso-del-mundo-despues-de-domador-guanajuato\/trabajadorsanitarioeloficiomaspeligrosodelmundo-focus-0-0-983-557\/\" data-orig-file=\"https:\/\/www.grieta.org.mx\/wp-content\/uploads\/2020\/05\/trabajadorsanitarioeloficiomaspeligrosodelmundo-focus-0-0-983-557.jpg\" data-orig-size=\"983,557\" data-comments-opened=\"0\" data-image-meta=\"{&quot;aperture&quot;:&quot;0&quot;,&quot;credit&quot;:&quot;&quot;,&quot;camera&quot;:&quot;&quot;,&quot;caption&quot;:&quot;&quot;,&quot;created_timestamp&quot;:&quot;0&quot;,&quot;copyright&quot;:&quot;&quot;,&quot;focal_length&quot;:&quot;0&quot;,&quot;iso&quot;:&quot;0&quot;,&quot;shutter_speed&quot;:&quot;0&quot;,&quot;title&quot;:&quot;&quot;,&quot;orientation&quot;:&quot;0&quot;}\" data-image-title=\"trabajadorsanitarioeloficiomaspeligrosodelmundo-focus-0-0-983-557\" data-image-description=\"\" data-image-caption=\"&lt;p&gt;Actualmente hay 26 trabajadores de la salud contagiados de Covid en Guanajuato (Foto; La Vanguardia)&lt;\/p&gt;\n\" data-medium-file=\"https:\/\/www.grieta.org.mx\/wp-content\/uploads\/2020\/05\/trabajadorsanitarioeloficiomaspeligrosodelmundo-focus-0-0-983-557-300x170.jpg\" data-large-file=\"https:\/\/www.grieta.org.mx\/wp-content\/uploads\/2020\/05\/trabajadorsanitarioeloficiomaspeligrosodelmundo-focus-0-0-983-557.jpg\" class=\"size-full wp-image-48801\" src=\"http:\/\/www.grieta.org.mx\/wp-content\/uploads\/2020\/05\/trabajadorsanitarioeloficiomaspeligrosodelmundo-focus-0-0-983-557.jpg\" alt=\"\" width=\"983\" height=\"557\" srcset=\"https:\/\/www.grieta.org.mx\/wp-content\/uploads\/2020\/05\/trabajadorsanitarioeloficiomaspeligrosodelmundo-focus-0-0-983-557.jpg 983w, https:\/\/www.grieta.org.mx\/wp-content\/uploads\/2020\/05\/trabajadorsanitarioeloficiomaspeligrosodelmundo-focus-0-0-983-557-300x170.jpg 300w, https:\/\/www.grieta.org.mx\/wp-content\/uploads\/2020\/05\/trabajadorsanitarioeloficiomaspeligrosodelmundo-focus-0-0-983-557-768x435.jpg 768w, https:\/\/www.grieta.org.mx\/wp-content\/uploads\/2020\/05\/trabajadorsanitarioeloficiomaspeligrosodelmundo-focus-0-0-983-557-882x500.jpg 882w\" sizes=\"auto, (max-width: 983px) 100vw, 983px\" \/><figcaption id=\"caption-attachment-48801\" class=\"wp-caption-text\">Actualmente hay 26 trabajadores de la salud contagiados de Covid en Guanajuato (Foto; La Vanguardia)<\/figcaption><\/figure>\n<p>PABLO C\u00c9SAR CARRILLO, La Silla Rota, Guanajuato, 01\/05\/2020<\/p>\n<p>Ella le tiene miedo al virus. Ella quisiera renunciar en el hospital e irse lejos, pero no puede hacerlo porque necesita el trabajo. Ella ejerce el oficio m\u00e1s peligroso del mundo hoy d\u00eda: trabajadora sanitaria de un hospital del Seguro Social en medio de una pandemia mortal llamada coronavirus.<\/p>\n<p>Ser trabajador sanitario en estos tiempos es tan peligroso como ser domador de leones. Como ganarse la vida cazando tiburones. Ella acepta platicar con La Silla Rota de lo que realmente piensa y siente, pero pide ser llamada Elena, para no ser identificada por sus jefes del hospital.<\/p>\n<figure id=\"attachment_48800\" aria-describedby=\"caption-attachment-48800\" style=\"width: 800px\" class=\"wp-caption aligncenter\"><img loading=\"lazy\" decoding=\"async\" data-attachment-id=\"48800\" data-permalink=\"https:\/\/www.grieta.org.mx\/index.php\/2020\/05\/01\/enfermera-el-oficio-mas-peligroso-del-mundo-despues-de-domador-guanajuato\/enfermera-5\/\" data-orig-file=\"https:\/\/www.grieta.org.mx\/wp-content\/uploads\/2020\/05\/enfermera.jpg\" data-orig-size=\"750,425\" data-comments-opened=\"0\" data-image-meta=\"{&quot;aperture&quot;:&quot;0&quot;,&quot;credit&quot;:&quot;&quot;,&quot;camera&quot;:&quot;&quot;,&quot;caption&quot;:&quot;&quot;,&quot;created_timestamp&quot;:&quot;0&quot;,&quot;copyright&quot;:&quot;&quot;,&quot;focal_length&quot;:&quot;0&quot;,&quot;iso&quot;:&quot;0&quot;,&quot;shutter_speed&quot;:&quot;0&quot;,&quot;title&quot;:&quot;&quot;,&quot;orientation&quot;:&quot;0&quot;}\" data-image-title=\"enfermera\" data-image-description=\"\" data-image-caption=\"&lt;p&gt;Actualmente hay 26 trabajadores de la salud contagiados de Covid en Guanajuato (Foto; La Vangiardia)&lt;\/p&gt;\n\" data-medium-file=\"https:\/\/www.grieta.org.mx\/wp-content\/uploads\/2020\/05\/enfermera-300x170.jpg\" data-large-file=\"https:\/\/www.grieta.org.mx\/wp-content\/uploads\/2020\/05\/enfermera.jpg\" class=\"wp-image-48800\" src=\"http:\/\/www.grieta.org.mx\/wp-content\/uploads\/2020\/05\/enfermera.jpg\" alt=\"\" width=\"800\" height=\"453\" srcset=\"https:\/\/www.grieta.org.mx\/wp-content\/uploads\/2020\/05\/enfermera.jpg 750w, https:\/\/www.grieta.org.mx\/wp-content\/uploads\/2020\/05\/enfermera-300x170.jpg 300w\" sizes=\"auto, (max-width: 800px) 100vw, 800px\" \/><figcaption id=\"caption-attachment-48800\" class=\"wp-caption-text\">Actualmente hay 26 trabajadores de salud infectados de Covid en Guanajuato, las autoridades sanitarias se\u00f1alaron que no precisamente se contagiaron en los hospitales. Foto: tomada de la Silla Rota<\/figcaption><\/figure>\n<p>Ella debe combatir al virus, sin verlo, teni\u00e9ndolo cerca, con riesgo de recibir un garrazo o una mordida mortal. Hay un temor fundado: En la Ciudad de M\u00e9xico, en la Cl\u00ednica 30, acaba de morir infectado el doctor Pepe Porras, quien hab\u00eda pedido estar en la primera l\u00ednea de combate.<\/p>\n<p>En Veracruz, fue infectada Rosita, una se\u00f1ora que trabajaba como guardia de seguridad de la Cl\u00ednica 71 del IMSS y muri\u00f3 en cuesti\u00f3n de d\u00edas. Y en Guanajuato ya son 26 trabajadores de salud que est\u00e1n contagiados de Covid-19.<\/p>\n<figure id=\"attachment_48802\" aria-describedby=\"caption-attachment-48802\" style=\"width: 750px\" class=\"wp-caption aligncenter\"><img loading=\"lazy\" decoding=\"async\" data-attachment-id=\"48802\" data-permalink=\"https:\/\/www.grieta.org.mx\/index.php\/2020\/05\/01\/enfermera-el-oficio-mas-peligroso-del-mundo-despues-de-domador-guanajuato\/rosita\/\" data-orig-file=\"https:\/\/www.grieta.org.mx\/wp-content\/uploads\/2020\/05\/rosita.jpg\" data-orig-size=\"750,425\" data-comments-opened=\"0\" data-image-meta=\"{&quot;aperture&quot;:&quot;0&quot;,&quot;credit&quot;:&quot;&quot;,&quot;camera&quot;:&quot;&quot;,&quot;caption&quot;:&quot;&quot;,&quot;created_timestamp&quot;:&quot;0&quot;,&quot;copyright&quot;:&quot;&quot;,&quot;focal_length&quot;:&quot;0&quot;,&quot;iso&quot;:&quot;0&quot;,&quot;shutter_speed&quot;:&quot;0&quot;,&quot;title&quot;:&quot;&quot;,&quot;orientation&quot;:&quot;0&quot;}\" data-image-title=\"rosita\" data-image-description=\"\" data-image-caption=\"&lt;p&gt;Rosita trabajaba como guardia de seguridad en el Hospital General de Zona 71, en Veracruz. Ah\u00ed se contagi\u00f3 de coronavirus, falleci\u00f3 el pasado 19 de abril&lt;\/p&gt;\n\" data-medium-file=\"https:\/\/www.grieta.org.mx\/wp-content\/uploads\/2020\/05\/rosita-300x170.jpg\" data-large-file=\"https:\/\/www.grieta.org.mx\/wp-content\/uploads\/2020\/05\/rosita.jpg\" class=\"size-full wp-image-48802\" src=\"http:\/\/www.grieta.org.mx\/wp-content\/uploads\/2020\/05\/rosita.jpg\" alt=\"\" width=\"750\" height=\"425\" srcset=\"https:\/\/www.grieta.org.mx\/wp-content\/uploads\/2020\/05\/rosita.jpg 750w, https:\/\/www.grieta.org.mx\/wp-content\/uploads\/2020\/05\/rosita-300x170.jpg 300w\" sizes=\"auto, (max-width: 750px) 100vw, 750px\" \/><figcaption id=\"caption-attachment-48802\" class=\"wp-caption-text\">Rosita trabajaba como guardia de seguridad en el Hospital General de Zona 71, en Veracruz. Ah\u00ed se contagi\u00f3 de coronavirus, falleci\u00f3 el pasado 19 de abril.<\/figcaption><\/figure>\n<p>La capacidad de destrucci\u00f3n del enemigo, est\u00e1 documentada. En Espa\u00f1a se han enfermado 26 mil doctores y enfermeras (y han muerto 26 trabajadores sanitarios en esta pandemia). Una enfermera de Italia, Daniela Trezzi, se suicid\u00f3 hace d\u00edas porque fue contagiada y no quer\u00eda contagiar a los dem\u00e1s.<\/p>\n<p>La primera batalla es psicol\u00f3gica. En Le\u00f3n, m\u00e9dicos y enfermeros de la Cl\u00ednica T-1 y de la Unidad 58, hicieron un paro hace d\u00edas y exigieron equipo de protecci\u00f3n. &#8220;No me niego a trabajar, requiero protecci\u00f3n&#8221;, dec\u00edan las pancartas. D\u00edas despu\u00e9s, se dio otro plant\u00f3n en la Cl\u00ednica T-48. &#8220;Exigimos material de calidad&#8221;, dec\u00edan las cartulinas.<\/p>\n<figure id=\"attachment_48803\" aria-describedby=\"caption-attachment-48803\" style=\"width: 750px\" class=\"wp-caption aligncenter\"><img loading=\"lazy\" decoding=\"async\" data-attachment-id=\"48803\" data-permalink=\"https:\/\/www.grieta.org.mx\/index.php\/2020\/05\/01\/enfermera-el-oficio-mas-peligroso-del-mundo-despues-de-domador-guanajuato\/manifestacionenimssleon\/\" data-orig-file=\"https:\/\/www.grieta.org.mx\/wp-content\/uploads\/2020\/05\/manifestacionenimssleon.jpg\" data-orig-size=\"750,425\" data-comments-opened=\"0\" data-image-meta=\"{&quot;aperture&quot;:&quot;0&quot;,&quot;credit&quot;:&quot;&quot;,&quot;camera&quot;:&quot;&quot;,&quot;caption&quot;:&quot;&quot;,&quot;created_timestamp&quot;:&quot;0&quot;,&quot;copyright&quot;:&quot;&quot;,&quot;focal_length&quot;:&quot;0&quot;,&quot;iso&quot;:&quot;0&quot;,&quot;shutter_speed&quot;:&quot;0&quot;,&quot;title&quot;:&quot;&quot;,&quot;orientation&quot;:&quot;0&quot;}\" data-image-title=\"manifestacionenimssleon\" data-image-description=\"\" data-image-caption=\"&lt;p&gt;Enfermeras y m\u00e9dicos de la cl\u00ednica 58 del IMSS en Le\u00f3n confesaron que no ten\u00edan guantes desde hace 6 meses. Foto: Tomada de La Silla Rota.&lt;\/p&gt;\n\" data-medium-file=\"https:\/\/www.grieta.org.mx\/wp-content\/uploads\/2020\/05\/manifestacionenimssleon-300x170.jpg\" data-large-file=\"https:\/\/www.grieta.org.mx\/wp-content\/uploads\/2020\/05\/manifestacionenimssleon.jpg\" class=\"size-full wp-image-48803\" src=\"http:\/\/www.grieta.org.mx\/wp-content\/uploads\/2020\/05\/manifestacionenimssleon.jpg\" alt=\"\" width=\"750\" height=\"425\" srcset=\"https:\/\/www.grieta.org.mx\/wp-content\/uploads\/2020\/05\/manifestacionenimssleon.jpg 750w, https:\/\/www.grieta.org.mx\/wp-content\/uploads\/2020\/05\/manifestacionenimssleon-300x170.jpg 300w\" sizes=\"auto, (max-width: 750px) 100vw, 750px\" \/><figcaption id=\"caption-attachment-48803\" class=\"wp-caption-text\">Enfermeras y m\u00e9dicos de la cl\u00ednica 58 del IMSS en Le\u00f3n confesaron que no ten\u00edan guantes desde hace 6 meses. Foto: Tomada de La Silla Rota.<\/figcaption><\/figure>\n<p>En ocho estados del pa\u00eds ha habido protestas por falta de insumos de protecci\u00f3n, como cubrebocas, guantes y batas impermeables. Es como si mandaran a un domador a enfrentar a los leones sin un latigo. Los mismos doctores y enfermeros -que se prepararon toda su vida para esto-, est\u00e1n asustados.<\/p>\n<p>Elena trabaja con temor. Ella recibe a los enfermos. Ella los ve entrar devastados al hospital por los efectos del virus. Ella vive con un alto grado de exposici\u00f3n al coronavirus. Por eso ella se compr\u00f3 sus cubrebocas y sus guantes, con su dinero. Ella ha tomado sus precauciones. Ella carga su gel antibacterial en la bolsa. Ella se lava las manos 20 o 30 veces al d\u00eda, pero trabaja aterrada.<\/p>\n<p>Ah\u00ed viene el coronavirus. El personal de salud entiende que su responsabilidad es encarar la pandemia desde su trinchera. \u00bfPero a qu\u00e9 precio? \u00bfLos m\u00e9dicos est\u00e1n dispuestos a dar la vida por los dem\u00e1s?<\/p>\n<figure id=\"attachment_48804\" aria-describedby=\"caption-attachment-48804\" style=\"width: 750px\" class=\"wp-caption aligncenter\"><img loading=\"lazy\" decoding=\"async\" data-attachment-id=\"48804\" data-permalink=\"https:\/\/www.grieta.org.mx\/index.php\/2020\/05\/01\/enfermera-el-oficio-mas-peligroso-del-mundo-despues-de-domador-guanajuato\/protestaenlat51\/\" data-orig-file=\"https:\/\/www.grieta.org.mx\/wp-content\/uploads\/2020\/05\/protestaenlat51.jpg\" data-orig-size=\"750,469\" data-comments-opened=\"0\" data-image-meta=\"{&quot;aperture&quot;:&quot;0&quot;,&quot;credit&quot;:&quot;&quot;,&quot;camera&quot;:&quot;&quot;,&quot;caption&quot;:&quot;&quot;,&quot;created_timestamp&quot;:&quot;0&quot;,&quot;copyright&quot;:&quot;&quot;,&quot;focal_length&quot;:&quot;0&quot;,&quot;iso&quot;:&quot;0&quot;,&quot;shutter_speed&quot;:&quot;0&quot;,&quot;title&quot;:&quot;&quot;,&quot;orientation&quot;:&quot;0&quot;}\" data-image-title=\"protestaenlat51\" data-image-description=\"\" data-image-caption=\"&lt;p&gt;El personal m\u00e9dico de la T-51 del IMSS en Le\u00f3n tambi\u00e9n exigi\u00f3 equipo de protecci\u00f3n para enfrentar la pandemia. Foto: Tomada de la Silla Rota&lt;\/p&gt;\n\" data-medium-file=\"https:\/\/www.grieta.org.mx\/wp-content\/uploads\/2020\/05\/protestaenlat51-300x188.jpg\" data-large-file=\"https:\/\/www.grieta.org.mx\/wp-content\/uploads\/2020\/05\/protestaenlat51.jpg\" class=\"size-full wp-image-48804\" src=\"http:\/\/www.grieta.org.mx\/wp-content\/uploads\/2020\/05\/protestaenlat51.jpg\" alt=\"\" width=\"750\" height=\"469\" srcset=\"https:\/\/www.grieta.org.mx\/wp-content\/uploads\/2020\/05\/protestaenlat51.jpg 750w, https:\/\/www.grieta.org.mx\/wp-content\/uploads\/2020\/05\/protestaenlat51-300x188.jpg 300w\" sizes=\"auto, (max-width: 750px) 100vw, 750px\" \/><figcaption id=\"caption-attachment-48804\" class=\"wp-caption-text\">El personal m\u00e9dico de la T-51 del IMSS en Le\u00f3n tambi\u00e9n exigi\u00f3 equipo de protecci\u00f3n para enfrentar la pandemia. Foto: Tomada de la Silla Rota<\/figcaption><\/figure>\n<p>Elena s\u00ed dar\u00eda su vida en el cumplimiento de su deber, pero tiene una hija peque\u00f1a. Ella no puede dejar a su ni\u00f1a sin madre. As\u00ed que ella quiso retirarse y olvidarse de todo: un d\u00eda se report\u00f3 enferma. Se fue al Sindicato Nacional de Trabajadores del Seguro Social y fingi\u00f3 estar enferma.<br \/>\nElla exager\u00f3 al explicar c\u00f3mo se sent\u00eda. &#8220;Les dije que no pod\u00eda dormir, que no estaba en condiciones de trabajar, pero no me creyeron&#8221;, confiesa. Le dieron unas pastillas para dormir y unos antidepresivos y la mandaron a trabajar. Despu\u00e9s ella pidi\u00f3 un permiso laboral para ausentarse y no se lo dieron. Le dijeron que en esta \u00e9poca no hay permisos.<\/p>\n<p>Una amiga suya, s\u00ed consigui\u00f3 una incapacidad por enfermedad. &#8220;Mi amiga fue al Sindicato y les dijo que ten\u00eda asma y s\u00ed le creyeron&#8221;, platica. La dejaron ir a su casa, antes de que llegara el virus. Su amiga tampoco estaba enferma, pero le creyeron.<\/p>\n<figure id=\"attachment_48805\" aria-describedby=\"caption-attachment-48805\" style=\"width: 750px\" class=\"wp-caption aligncenter\"><img loading=\"lazy\" decoding=\"async\" data-attachment-id=\"48805\" data-permalink=\"https:\/\/www.grieta.org.mx\/index.php\/2020\/05\/01\/enfermera-el-oficio-mas-peligroso-del-mundo-despues-de-domador-guanajuato\/enfermeros\/\" data-orig-file=\"https:\/\/www.grieta.org.mx\/wp-content\/uploads\/2020\/05\/enfermeros.jpg\" data-orig-size=\"750,425\" data-comments-opened=\"0\" data-image-meta=\"{&quot;aperture&quot;:&quot;0&quot;,&quot;credit&quot;:&quot;&quot;,&quot;camera&quot;:&quot;&quot;,&quot;caption&quot;:&quot;&quot;,&quot;created_timestamp&quot;:&quot;0&quot;,&quot;copyright&quot;:&quot;&quot;,&quot;focal_length&quot;:&quot;0&quot;,&quot;iso&quot;:&quot;0&quot;,&quot;shutter_speed&quot;:&quot;0&quot;,&quot;title&quot;:&quot;&quot;,&quot;orientation&quot;:&quot;0&quot;}\" data-image-title=\"enfermeros\" data-image-description=\"\" data-image-caption=\"&lt;p&gt;Te puede interesar&lt;br \/&gt;\nLSR-&lt;\/p&gt;\n&lt;p&gt;En riesgo m\u00e1s de 20 trabajadores de Salud contagiados de covid-19&lt;\/p&gt;\n&lt;p&gt;Ella le tiene miedo al virus. Ella quisiera renunciar en el hospital e irse lejos, pero no puede hacerlo porque necesita el trabajo. Ella ejerce el oficio m\u00e1s peligroso del mundo hoy d\u00eda: trabajadora sanitaria de un hospital del Seguro Social en medio de una pandemia mortal llamada coronavirus.&lt;\/p&gt;\n&lt;p&gt;    &amp;#8220;Tengo mucho miedo&amp;#8221;, dice Elena, al salir del hospital. &amp;#8220;Pero Dios me proteger\u00e1&amp;#8221;.&lt;\/p&gt;\n&lt;p&gt;Ser trabajador sanitario en estos tiempos es tan peligroso como ser domador de leones. Como ganarse la vida cazando tiburones. Ella acepta platicar con La Silla Rota de lo que realmente piensa y siente, pero pide ser llamada Elena, para no ser identificada por sus jefes del hospital.&lt;\/p&gt;\n&lt;p&gt;Actualmente hay 26 trabajadores de salud infectados de Covid en Guanajuato, las autoridades sanitarias se\u00f1alaron que no precisamente se contagiaron en los hospitales&lt;\/p&gt;\n&lt;p&gt;Te puede interesar&lt;br \/&gt;\nLSR-&lt;\/p&gt;\n&lt;p&gt;Fallece enfermero en IMSS La Raza, infectado de covid-19&lt;\/p&gt;\n&lt;p&gt;Ella debe combatir al virus, sin verlo, teni\u00e9ndolo cerca, con riesgo de recibir un garrazo o una mordida mortal. Hay un temor fundado: En la Ciudad de M\u00e9xico, en la Cl\u00ednica 30, acaba de morir infectado el doctor Pepe Porras, quien hab\u00eda pedido estar en la primera l\u00ednea de combate.&lt;\/p&gt;\n&lt;p&gt;En Veracruz, fue infectada Rosita, una se\u00f1ora que trabajaba como guardia de seguridad de la Cl\u00ednica 71 del IMSS y muri\u00f3 en cuesti\u00f3n de d\u00edas. Y en Guanajuato ya son 26 trabajadores de salud que est\u00e1n contagiados de Covid-19.&lt;\/p&gt;\n&lt;p&gt;Rosita trabajaba como guardia de seguridad en el Hospital General de Zona 71, en Veracruz. Ah\u00ed se contagi\u00f3 de coronavirus, falleci\u00f3 el pasado 19 de abril&lt;\/p&gt;\n&lt;p&gt;Te puede interesar&lt;br \/&gt;\nLSR-&lt;\/p&gt;\n&lt;p&gt;Ellos son los 3 m\u00e9dicos y el enfermero que murieron por covid&lt;\/p&gt;\n&lt;p&gt;La capacidad de destrucci\u00f3n del enemigo, est\u00e1 documentada. En Espa\u00f1a se han enfermedado 26 mil doctores y enfermeras (y han muerto 26 trabajadores sanitarios en esta pandemia). Una enfermera de Italia, Daniela Trezzi, se suicid\u00f3 hace d\u00edas porque fue contagiada y no quer\u00eda contagiar a los dem\u00e1s.&lt;\/p&gt;\n&lt;p&gt;La primera batalla es psicol\u00f3gica. En Le\u00f3n, m\u00e9dicos y enfermeros de la Cl\u00ednica T-1 y de la Unidad 58, hicieron un paro hace d\u00edas y exigieron equipo de protecci\u00f3n. &amp;#8220;No me niego a trabajar, requiero protecci\u00f3n&amp;#8221;, dec\u00edan las pancartas. D\u00edas despu\u00e9s, se dio otro plant\u00f3n en la Cl\u00ednica T-48. &amp;#8220;Exigimos material de calidad&amp;#8221;, dec\u00edan las cartulinas.&lt;\/p&gt;\n&lt;p&gt;Enfermeras y m\u00e9dicos de la cl\u00ednica 58 del IMSS en Le\u00f3n confesaron que no ten\u00edan guantes desde hace 6 meses&lt;\/p&gt;\n&lt;p&gt;Te puede interesar&lt;br \/&gt;\nLSR-&lt;\/p&gt;\n&lt;p&gt;Rosita, guardia de seguridad del IMSS, v\u00edctima 13 de covid en Veracruz&lt;\/p&gt;\n&lt;p&gt;En ocho estados del pa\u00eds ha habido protestas por falta de insumos de protecci\u00f3n, como cubrebocas, guantes y batas impermeables. Es como si mandaran a un domador a enfrentar a los leones sin un latigo. Los mismos doctores y enfermeros -que se prepararon toda su vida para esto-, est\u00e1n asustados.&lt;\/p&gt;\n&lt;p&gt;Elena trabaja con temor. Ella recibe a los enfermos. Ella los ve entrar devastados al hospital por los efectos del virus. Ella vive con un alto grado de exposici\u00f3n al coronavirus. Por eso ella se compr\u00f3 sus cubrebocas y sus guantes, con su dinero. Ella ha tomado sus precauciones. Ella carga su gel antibacterial en la bolsa. Ella se lava las manos 20 o 30 veces al d\u00eda, pero trabaja aterrada.&lt;\/p&gt;\n&lt;p&gt;Ah\u00ed viene el coronavirus. El personal de salud entiende que su responsabilidad es encarar la pandemia desde su trinchera. \u00bfPero a qu\u00e9 precio? \u00bfLos m\u00e9dicos est\u00e1n dispuestos a dar la vida por los dem\u00e1s?&lt;\/p&gt;\n&lt;p&gt;El personal m\u00e9dico de la T-51 del IMSS en Le\u00f3n tambi\u00e9n exigi\u00f3 equipo de protecci\u00f3n para enfrentar la pandemia &lt;\/p&gt;\n&lt;p&gt;Te puede interesar&lt;br \/&gt;\nLSR-&lt;\/p&gt;\n&lt;p&gt;&amp;#8220;No tenemos guantes desde hace 6 meses&amp;#8221;: m\u00e9dicos de la C-58 del IMSS&lt;\/p&gt;\n&lt;p&gt;Elena s\u00ed dar\u00eda su vida en el cumplimiento de su deber, pero tiene una hija peque\u00f1a. Ella no puede dejar a su ni\u00f1a sin madre. As\u00ed que ella quiso retirarse y olvidarse de todo: un d\u00eda se report\u00f3 enferma. Se fue al Sindicato Nacional de Trabajadores del Seguro Social y fingi\u00f3 estar enferma.&lt;\/p&gt;\n&lt;p&gt;Ella exager\u00f3 al explicar c\u00f3mo se sent\u00eda. &amp;#8220;Les dije que no pod\u00eda dormir, que no estaba en condiciones de trabajar, pero no me creyeron&amp;#8221;, confiesa. Le dieron unas pastillas para dormir y unos antidepresivos y la mandaron a trabajar. Despu\u00e9s ella pidi\u00f3 un permiso laboral para ausentarse y no se lo dieron. Le dijeron que en esta \u00e9poca no hay permisos.&lt;\/p&gt;\n&lt;p&gt;Una amiga suya, s\u00ed consigui\u00f3 una incapacidad por enfermedad. &amp;#8220;Mi amiga fue al Sindicato y les dijo que ten\u00eda asma y s\u00ed le creyeron&amp;#8221;, platica. La dejaron ir a su casa, antes de que llegara el virus. Su amiga tampoco estaba enferma, pero le creyeron.&lt;\/p&gt;\n&lt;p&gt;Muchos enfermeros en el pa\u00eds han denunciado la baja calidad de los insumos que les entrega el Gobierno Federal. Foto: Tomada de la Silla Rota&lt;\/p&gt;\n\" data-medium-file=\"https:\/\/www.grieta.org.mx\/wp-content\/uploads\/2020\/05\/enfermeros-300x170.jpg\" data-large-file=\"https:\/\/www.grieta.org.mx\/wp-content\/uploads\/2020\/05\/enfermeros.jpg\" class=\"size-full wp-image-48805\" src=\"http:\/\/www.grieta.org.mx\/wp-content\/uploads\/2020\/05\/enfermeros.jpg\" alt=\"\" width=\"750\" height=\"425\" srcset=\"https:\/\/www.grieta.org.mx\/wp-content\/uploads\/2020\/05\/enfermeros.jpg 750w, https:\/\/www.grieta.org.mx\/wp-content\/uploads\/2020\/05\/enfermeros-300x170.jpg 300w\" sizes=\"auto, (max-width: 750px) 100vw, 750px\" \/><figcaption id=\"caption-attachment-48805\" class=\"wp-caption-text\"><br \/>Muchos enfermeros en el pa\u00eds han denunciado la baja calidad de los insumos que les entrega el Gobierno Federal. Foto: Tomada de la Silla Rota<\/figcaption><\/figure>\n<p>Su familia le pide que mejor renuncie. Le dicen que deje todo y se vaya a casa, con su hija. Un hermano incluso ya se ofreci\u00f3 a darle dinero, si es necesario. &#8220;Yo te pago tu comida. Yo te doy dinero. Pero ya salte de ah\u00ed&#8221;, le ha dicho su hermano, como si ella estuviera nadando con tiburones. Pero Elena se niega. &#8220;\u00bfY si me equivoco? \u00bfY si renuncio y no pasa nada?&#8221;, dice.<\/p>\n<p>A ella le cost\u00f3 mucho conseguir este empleo. Tuvo que pagar 50 mil pesos para conseguir una plaza. Es un buen trabajo. El IMSS paga bien, tiene buenas prestaciones y nunca falla. Pase lo que pase, el IMSS resiste. Es un empleo bueno para alguien como ella. Elena reflexiona: &#8220;Si me salgo de aqu\u00ed, no volver\u00e9 a encontrar un trabajo as\u00ed&#8221;. Aqu\u00ed le dan permisos para ausentarse. Aqu\u00ed est\u00e1 segura econ\u00f3micamente.<\/p>\n<p>Pero ah\u00ed viene el coronavirus. Ella quiere cumplir con su responsabilidad, con plenitud y satisfacci\u00f3n, pero no est\u00e1 f\u00e1cil. No tiene vocaci\u00f3n de m\u00e1rtir. No espera un diploma, ni un premio, ni aplausos. Ella podr\u00eda sacrificarse por los dem\u00e1s, pero no quiere dejar sola a su hija.<\/p>\n<p>Elena es madre soltera. Su ni\u00f1a la necesita.<\/p>\n<figure id=\"attachment_48806\" aria-describedby=\"caption-attachment-48806\" style=\"width: 750px\" class=\"wp-caption aligncenter\"><img loading=\"lazy\" decoding=\"async\" data-attachment-id=\"48806\" data-permalink=\"https:\/\/www.grieta.org.mx\/index.php\/2020\/05\/01\/enfermera-el-oficio-mas-peligroso-del-mundo-despues-de-domador-guanajuato\/medicosdechiapas\/\" data-orig-file=\"https:\/\/www.grieta.org.mx\/wp-content\/uploads\/2020\/05\/medicosdechiapas.jpg\" data-orig-size=\"750,425\" data-comments-opened=\"0\" data-image-meta=\"{&quot;aperture&quot;:&quot;0&quot;,&quot;credit&quot;:&quot;&quot;,&quot;camera&quot;:&quot;&quot;,&quot;caption&quot;:&quot;&quot;,&quot;created_timestamp&quot;:&quot;0&quot;,&quot;copyright&quot;:&quot;&quot;,&quot;focal_length&quot;:&quot;0&quot;,&quot;iso&quot;:&quot;0&quot;,&quot;shutter_speed&quot;:&quot;0&quot;,&quot;title&quot;:&quot;&quot;,&quot;orientation&quot;:&quot;0&quot;}\" data-image-title=\"medicosdechiapas\" data-image-description=\"\" data-image-caption=\"&lt;p&gt;Una enfermera de Chiapas manifest\u00f3 el desabasto de equipo m\u00e9dico en plena emergencia sanitaria&lt;\/p&gt;\n\" data-medium-file=\"https:\/\/www.grieta.org.mx\/wp-content\/uploads\/2020\/05\/medicosdechiapas-300x170.jpg\" data-large-file=\"https:\/\/www.grieta.org.mx\/wp-content\/uploads\/2020\/05\/medicosdechiapas.jpg\" src=\"http:\/\/www.grieta.org.mx\/wp-content\/uploads\/2020\/05\/medicosdechiapas.jpg\" alt=\"\" width=\"750\" height=\"425\" class=\"size-full wp-image-48806\" srcset=\"https:\/\/www.grieta.org.mx\/wp-content\/uploads\/2020\/05\/medicosdechiapas.jpg 750w, https:\/\/www.grieta.org.mx\/wp-content\/uploads\/2020\/05\/medicosdechiapas-300x170.jpg 300w\" sizes=\"auto, (max-width: 750px) 100vw, 750px\" \/><figcaption id=\"caption-attachment-48806\" class=\"wp-caption-text\">Una enfermera de Chiapas manifest\u00f3 el desabasto de equipo m\u00e9dico en plena emergencia sanitaria<\/figcaption><\/figure>\n<p>Ella ha tomado decisiones importantes en estos d\u00edas: por ejemplo decidi\u00f3 quedarse sola en casa y enviar a su hija con la abuela, una se\u00f1ora de la tercera edad que no puede recibir visitas.<\/p>\n<p>&#8220;Yo soy de alto riesgo. Mientras estoy aqu\u00ed, soy de alto riesgo. Entonces le ped\u00ed a mi mam\u00e1 que cuidara a mi hija. Se la llev\u00f3 y est\u00e1 all\u00e1. Tengo un mes sin verla&#8221;, platica. &#8220;No quiero verla, porque no quiero contagiarla. Si un d\u00eda me infecto, ser\u00e9 yo sola. No quiero infectar a mi hija, ni a mi madre&#8221;, dice. Ella resiste. Ella aguanta. &#8220;Me voy a quedar sin ver a mi hija, hasta que pase la pandemia&#8221;, afirma.<\/p>\n<p>El virus agarra al IMSS con las defensas bajas. El Covid-19 llega justo cuando hay una reestructuraci\u00f3n interna. No hay dinero y no hay medicinas. Tampoco hay una estrategia. No hay claridad en el mensaje a los trabajadores. Y lo peor: no hay \u00e1nimo.<\/p>\n<p>Al contrario, hay un des\u00e1nimo institucional. Los trabajadores sanitarios se sienten maltratados por la Instituci\u00f3n. A\u00fan as\u00ed, s\u00ed hay esp\u00edritu de grupo. Hay solidaridad entre compa\u00f1eros, hay orgullo por el oficio y ha salido a flote el sentido de responsabilidad. Hay doctoras y doctores que cumplen con su labor y que est\u00e1n a la altura de la pandemia.<\/p>\n<figure id=\"attachment_48808\" aria-describedby=\"caption-attachment-48808\" style=\"width: 750px\" class=\"wp-caption aligncenter\"><img loading=\"lazy\" decoding=\"async\" data-attachment-id=\"48808\" data-permalink=\"https:\/\/www.grieta.org.mx\/index.php\/2020\/05\/01\/enfermera-el-oficio-mas-peligroso-del-mundo-despues-de-domador-guanajuato\/umae48leon\/\" data-orig-file=\"https:\/\/www.grieta.org.mx\/wp-content\/uploads\/2020\/05\/umae48leon.jpg\" data-orig-size=\"750,425\" data-comments-opened=\"0\" data-image-meta=\"{&quot;aperture&quot;:&quot;0&quot;,&quot;credit&quot;:&quot;&quot;,&quot;camera&quot;:&quot;&quot;,&quot;caption&quot;:&quot;&quot;,&quot;created_timestamp&quot;:&quot;0&quot;,&quot;copyright&quot;:&quot;&quot;,&quot;focal_length&quot;:&quot;0&quot;,&quot;iso&quot;:&quot;0&quot;,&quot;shutter_speed&quot;:&quot;0&quot;,&quot;title&quot;:&quot;&quot;,&quot;orientation&quot;:&quot;0&quot;}\" data-image-title=\"umae48leon\" data-image-description=\"\" data-image-caption=\"&lt;p&gt;Las manifestaciones por equipo m\u00e9dico se han repetido en diversas ciudades. En Le\u00f3n, el personal de la UMAE 48 del IMSS tambi\u00e9n exigi\u00f3 protecci\u00f3n, confesaron que ellos han tenido que comprar el material m\u00e9dico con su propio dinero. Foto: Tomada de la Silla Rota.&lt;\/p&gt;\n\" data-medium-file=\"https:\/\/www.grieta.org.mx\/wp-content\/uploads\/2020\/05\/umae48leon-300x170.jpg\" data-large-file=\"https:\/\/www.grieta.org.mx\/wp-content\/uploads\/2020\/05\/umae48leon.jpg\" src=\"http:\/\/www.grieta.org.mx\/wp-content\/uploads\/2020\/05\/umae48leon.jpg\" alt=\"\" width=\"750\" height=\"425\" class=\"size-full wp-image-48808\" srcset=\"https:\/\/www.grieta.org.mx\/wp-content\/uploads\/2020\/05\/umae48leon.jpg 750w, https:\/\/www.grieta.org.mx\/wp-content\/uploads\/2020\/05\/umae48leon-300x170.jpg 300w\" sizes=\"auto, (max-width: 750px) 100vw, 750px\" \/><figcaption id=\"caption-attachment-48808\" class=\"wp-caption-text\">Las manifestaciones por equipo m\u00e9dico se han repetido en diversas ciudades. En Le\u00f3n, el personal de la UMAE 48 del IMSS tambi\u00e9n exigi\u00f3 protecci\u00f3n, confesaron que ellos han tenido que comprar el material m\u00e9dico con su propio dinero. Foto: Tomada de la Silla Rota.<\/figcaption><\/figure>\n<p>Ella est\u00e1 muy nerviosa. Ella tiene cada vez m\u00e1s sentimientos encontrados. A veces cree que el coronavirus la va a atrapar y va a terminar con su vida como con Rosita en Veracruz. Pero tambi\u00e9n a veces cree que todo saldr\u00e1 bien y que salvar\u00e1n muchas vidas. A veces ella piensa que est\u00e1 arriesgando demasiado como Pepe Porras en la Cl\u00ednica 30 del DF. Pero tambi\u00e9n a veces piensa que vale la pena arriesgar.<\/p>\n<p>Todo el d\u00eda ella piensa en eso: en el riesgo del oficio. En el peligro de ser sanitario. En la estad\u00edstica. En la probabilidad. En la posibilidad de salir infectada. En la posibilidad de librarla y salvar su empleo, como un domador encara al le\u00f3n y sale victorioso, tal y como un pescador enfrenta al tibur\u00f3n o justo como un m\u00e9dico combate al coronavirus.<\/p>\n<p><a href=\"https:\/\/guanajuato.lasillarota.com\/estados\/enfermera-el-oficio-mas-peligroso-del-mundo-despues-de-domador-elena-virus-hospital-trabajo\/387269\">https:\/\/guanajuato.lasillarota.com\/estados\/enfermera-el-oficio-mas-peligroso-del-mundo-despues-de-domador-elena-virus-hospital-trabajo\/387269<\/a><\/p>\n","protected":false},"excerpt":{"rendered":"<p>Elena confiesa los miedos a los que se enfrenta en medio de una pandemia, en la que ella es una de las protagonistas. Este es su relato \u00edntimo PABLO C\u00c9SAR &hellip; <a href=\"https:\/\/www.grieta.org.mx\/index.php\/2020\/05\/01\/enfermera-el-oficio-mas-peligroso-del-mundo-despues-de-domador-guanajuato\/\" class=\"more-link\">Leer m\u00e1s<\/a><\/p>\n","protected":false},"author":2,"featured_media":48801,"comment_status":"closed","ping_status":"closed","sticky":false,"template":"","format":"standard","meta":{"ngg_post_thumbnail":0,"_jetpack_newsletter_access":"","_jetpack_dont_email_post_to_subs":false,"_jetpack_newsletter_tier_id":0,"_jetpack_memberships_contains_paywalled_content":false,"_jetpack_memberships_contains_paid_content":false,"footnotes":""},"categories":[80,2638,3239,2595,17],"tags":[3241,1290,1550,3265],"class_list":["post-48799","post","type-post","status-publish","format-standard","has-post-thumbnail","hentry","category-cintillo","category-conflictos-laborales-en-el-sector-publico-en-guanajuato","category-covid-19-en-guanajuato","category-crisis-en-el-sector-salud-en-guanajuato","category-guanajuato","tag-covid-19","tag-precariedad-laboral","tag-precariedad-presupuestal","tag-protestas-de-medicos-y-enfermeras","entry"],"jetpack_featured_media_url":"https:\/\/www.grieta.org.mx\/wp-content\/uploads\/2020\/05\/trabajadorsanitarioeloficiomaspeligrosodelmundo-focus-0-0-983-557.jpg","jetpack_sharing_enabled":true,"jetpack_shortlink":"https:\/\/wp.me\/p7ZJR4-cH5","jetpack_likes_enabled":false,"jetpack-related-posts":[{"id":49816,"url":"https:\/\/www.grieta.org.mx\/index.php\/2020\/05\/15\/despiden-a-dos-medicos-que-solicitaron-insumos-en-guanajuato\/","url_meta":{"origin":48799,"position":0},"title":"Despiden a dos m\u00e9dicos que solicitaron insumos en Guanajuato","author":"grieta","date":"15 mayo, 2020","format":false,"excerpt":"Una de las empleadas despedidas acot\u00f3 que no le han presentado el documento que avale la baja; la demanda era por productos m\u00e9dicos y medidas de seguridad ante el Covid-19 REdacci\u00f3n Eje Central, 15 de mayo de 2020 La pandemia de Covid-19 contin\u00faa dejando estragos en nuestro pa\u00eds, uno de\u2026","rel":"","context":"En &quot;CINTILLO&quot;","block_context":{"text":"CINTILLO","link":"https:\/\/www.grieta.org.mx\/index.php\/category\/cintillo\/"},"img":{"alt_text":"","src":"https:\/\/i0.wp.com\/www.grieta.org.mx\/wp-content\/uploads\/2018\/03\/14524434_1106112876131411_958039263622046936_o.jpg?resize=350%2C200&ssl=1","width":350,"height":200,"srcset":"https:\/\/i0.wp.com\/www.grieta.org.mx\/wp-content\/uploads\/2018\/03\/14524434_1106112876131411_958039263622046936_o.jpg?resize=350%2C200&ssl=1 1x, https:\/\/i0.wp.com\/www.grieta.org.mx\/wp-content\/uploads\/2018\/03\/14524434_1106112876131411_958039263622046936_o.jpg?resize=525%2C300&ssl=1 1.5x, https:\/\/i0.wp.com\/www.grieta.org.mx\/wp-content\/uploads\/2018\/03\/14524434_1106112876131411_958039263622046936_o.jpg?resize=700%2C400&ssl=1 2x"},"classes":[]},{"id":40675,"url":"https:\/\/www.grieta.org.mx\/index.php\/2019\/10\/23\/medicos-de-hospital-en-guanajuato-denuncian-maltrato\/","url_meta":{"origin":48799,"position":1},"title":"M\u00e9dicos de hospital en Guanajuato denuncian maltrato","author":"grieta","date":"23 octubre, 2019","format":false,"excerpt":"Piden que sea revisado el actuar de responsables de esta cl\u00ednica La Prensa | Vox Populi, 23 de octubre de 2019. Ante el silencio de autoridades del Instituto Mexicano del Seguro Social (IMSS) a las denuncias de acoso sexual y laboral de que son v\u00edctimas, m\u00e9dicos residentes del servicio de\u2026","rel":"","context":"En &quot;CINTILLO&quot;","block_context":{"text":"CINTILLO","link":"https:\/\/www.grieta.org.mx\/index.php\/category\/cintillo\/"},"img":{"alt_text":"","src":"https:\/\/i0.wp.com\/www.grieta.org.mx\/wp-content\/uploads\/2019\/10\/ClinicaLeon.png?resize=350%2C200&ssl=1","width":350,"height":200,"srcset":"https:\/\/i0.wp.com\/www.grieta.org.mx\/wp-content\/uploads\/2019\/10\/ClinicaLeon.png?resize=350%2C200&ssl=1 1x, https:\/\/i0.wp.com\/www.grieta.org.mx\/wp-content\/uploads\/2019\/10\/ClinicaLeon.png?resize=525%2C300&ssl=1 1.5x, https:\/\/i0.wp.com\/www.grieta.org.mx\/wp-content\/uploads\/2019\/10\/ClinicaLeon.png?resize=700%2C400&ssl=1 2x"},"classes":[]},{"id":47695,"url":"https:\/\/www.grieta.org.mx\/index.php\/2020\/04\/04\/inegi-obliga-a-encuestadores-de-guanajuato-firmar-su-renuncia\/","url_meta":{"origin":48799,"position":2},"title":"INEGI obliga a encuestadores de Guanajuato firmar su renuncia","author":"grieta","date":"4 abril, 2020","format":false,"excerpt":"por LaVerdad, Guanajuato, 04 de Abril de 2020 A partir del lunes 30 de marzo, personal de confianza del Instituto Nacional de Estad\u00edstica y Geograf\u00eda (INEGI) comenz\u00f3 a recoger mochilas, uniformes, dispositivos electr\u00f3nicos, credenciales, cuestionarios y etiquetas a los encuestadores y ayer viernes, fueron obligados a firmar su renuncia al\u2026","rel":"","context":"En &quot;CINTILLO&quot;","block_context":{"text":"CINTILLO","link":"https:\/\/www.grieta.org.mx\/index.php\/category\/cintillo\/"},"img":{"alt_text":"","src":"https:\/\/i0.wp.com\/www.grieta.org.mx\/wp-content\/uploads\/2020\/04\/inegi_obliga_a_encuestadores_de_guanajuato_firmar_su_renuncia.jpg_793492074.jpg?resize=350%2C200&ssl=1","width":350,"height":200,"srcset":"https:\/\/i0.wp.com\/www.grieta.org.mx\/wp-content\/uploads\/2020\/04\/inegi_obliga_a_encuestadores_de_guanajuato_firmar_su_renuncia.jpg_793492074.jpg?resize=350%2C200&ssl=1 1x, https:\/\/i0.wp.com\/www.grieta.org.mx\/wp-content\/uploads\/2020\/04\/inegi_obliga_a_encuestadores_de_guanajuato_firmar_su_renuncia.jpg_793492074.jpg?resize=525%2C300&ssl=1 1.5x, https:\/\/i0.wp.com\/www.grieta.org.mx\/wp-content\/uploads\/2020\/04\/inegi_obliga_a_encuestadores_de_guanajuato_firmar_su_renuncia.jpg_793492074.jpg?resize=700%2C400&ssl=1 2x"},"classes":[]},{"id":50022,"url":"https:\/\/www.grieta.org.mx\/index.php\/2020\/05\/26\/en-guanajuato-covid-19-arrebato-la-vida-a-5-trabajadores-de-la-salud-hay-102-contagiados\/","url_meta":{"origin":48799,"position":3},"title":"En Guanajuato, covid-19 arrebat\u00f3 la vida a 5 trabajadores de la salud; hay 102 contagiados","author":"grieta","date":"26 mayo, 2020","format":false,"excerpt":"Ver\u00f3nica Espinosa\/ Proceso, 26 de mayo de 2020 GUANAJUATO, Gto. (apro).- Los trabajadores de la salud fallecidos en la entidad a causa del covid-19 suman cinco hasta este mi\u00e9rcoles y 102 los contagiados, seg\u00fan el reporte la Secretar\u00eda de Salud. Ayer muri\u00f3 un m\u00e9dico de 53 a\u00f1os que laboraba en\u2026","rel":"","context":"En &quot;CINTILLO&quot;","block_context":{"text":"CINTILLO","link":"https:\/\/www.grieta.org.mx\/index.php\/category\/cintillo\/"},"img":{"alt_text":"","src":"https:\/\/i0.wp.com\/www.grieta.org.mx\/wp-content\/uploads\/2020\/05\/Guanajuato-870x522.jpg?resize=350%2C200&ssl=1","width":350,"height":200,"srcset":"https:\/\/i0.wp.com\/www.grieta.org.mx\/wp-content\/uploads\/2020\/05\/Guanajuato-870x522.jpg?resize=350%2C200&ssl=1 1x, https:\/\/i0.wp.com\/www.grieta.org.mx\/wp-content\/uploads\/2020\/05\/Guanajuato-870x522.jpg?resize=525%2C300&ssl=1 1.5x, https:\/\/i0.wp.com\/www.grieta.org.mx\/wp-content\/uploads\/2020\/05\/Guanajuato-870x522.jpg?resize=700%2C400&ssl=1 2x"},"classes":[]},{"id":37466,"url":"https:\/\/www.grieta.org.mx\/index.php\/2019\/08\/01\/tambien-pasantes-de-medicina-de-guanajuato-se-unen-a-paro-nacional\/","url_meta":{"origin":48799,"position":4},"title":"Tambi\u00e9n pasantes de Medicina de Guanajuato se unen a paro nacional","author":"grieta","date":"1 agosto, 2019","format":false,"excerpt":"Reclaman 200 pasantes condiciones dignas; piden que las becas sean proporcionales a la carga de trabajo que tienen, y mayor seguridad. Por: Redacci\u00f3n AM Le\u00f3n Guanajuato 01 de Agosto de 2019 Le\u00f3n.- Decenas de estudiantes y pasantes de medicina del estado de Guanajuato, se manifestaron en las calles de Le\u00f3n,\u2026","rel":"","context":"En &quot;CINTILLO&quot;","block_context":{"text":"CINTILLO","link":"https:\/\/www.grieta.org.mx\/index.php\/category\/cintillo\/"},"img":{"alt_text":"","src":"https:\/\/i0.wp.com\/www.grieta.org.mx\/wp-content\/uploads\/2019\/08\/leon-protesta-estudiantes-pasantes-medicina.png?resize=350%2C200&ssl=1","width":350,"height":200,"srcset":"https:\/\/i0.wp.com\/www.grieta.org.mx\/wp-content\/uploads\/2019\/08\/leon-protesta-estudiantes-pasantes-medicina.png?resize=350%2C200&ssl=1 1x, https:\/\/i0.wp.com\/www.grieta.org.mx\/wp-content\/uploads\/2019\/08\/leon-protesta-estudiantes-pasantes-medicina.png?resize=525%2C300&ssl=1 1.5x, https:\/\/i0.wp.com\/www.grieta.org.mx\/wp-content\/uploads\/2019\/08\/leon-protesta-estudiantes-pasantes-medicina.png?resize=700%2C400&ssl=1 2x"},"classes":[]},{"id":51465,"url":"https:\/\/www.grieta.org.mx\/index.php\/2020\/06\/17\/salamanca-sin-camas-para-pacientes-covid-rompe-record-de-casos-guanajuato\/","url_meta":{"origin":48799,"position":5},"title":"Salamanca sin camas para pacientes Covid, rompe record de casos (Guanajuato)","author":"grieta","date":"17 junio, 2020","format":false,"excerpt":"Her\u00e9ndira Gonz\u00e1lez \/ Meganoticias, 17-06-2020 Salamanca ya no cuenta con camas disponibles para pacientes Covid, Salamanca entr\u00f3 en un record hist\u00f3rico al confirmar 30 nuevos casos, en 24 horas. Actualmente Salamanca tiene 278 casos confirmados. La jurisdicci\u00f3n sanitaria V y sus municipios que la conforman Uriangato, Morole\u00f3n, Yuriria, Jaral del\u2026","rel":"","context":"En &quot;CINTILLO&quot;","block_context":{"text":"CINTILLO","link":"https:\/\/www.grieta.org.mx\/index.php\/category\/cintillo\/"},"img":{"alt_text":"","src":"https:\/\/i0.wp.com\/www.grieta.org.mx\/wp-content\/uploads\/2018\/03\/14524434_1106112876131411_958039263622046936_o.jpg?resize=350%2C200&ssl=1","width":350,"height":200,"srcset":"https:\/\/i0.wp.com\/www.grieta.org.mx\/wp-content\/uploads\/2018\/03\/14524434_1106112876131411_958039263622046936_o.jpg?resize=350%2C200&ssl=1 1x, https:\/\/i0.wp.com\/www.grieta.org.mx\/wp-content\/uploads\/2018\/03\/14524434_1106112876131411_958039263622046936_o.jpg?resize=525%2C300&ssl=1 1.5x, https:\/\/i0.wp.com\/www.grieta.org.mx\/wp-content\/uploads\/2018\/03\/14524434_1106112876131411_958039263622046936_o.jpg?resize=700%2C400&ssl=1 2x"},"classes":[]}],"_links":{"self":[{"href":"https:\/\/www.grieta.org.mx\/index.php\/wp-json\/wp\/v2\/posts\/48799","targetHints":{"allow":["GET"]}}],"collection":[{"href":"https:\/\/www.grieta.org.mx\/index.php\/wp-json\/wp\/v2\/posts"}],"about":[{"href":"https:\/\/www.grieta.org.mx\/index.php\/wp-json\/wp\/v2\/types\/post"}],"author":[{"embeddable":true,"href":"https:\/\/www.grieta.org.mx\/index.php\/wp-json\/wp\/v2\/users\/2"}],"replies":[{"embeddable":true,"href":"https:\/\/www.grieta.org.mx\/index.php\/wp-json\/wp\/v2\/comments?post=48799"}],"version-history":[{"count":1,"href":"https:\/\/www.grieta.org.mx\/index.php\/wp-json\/wp\/v2\/posts\/48799\/revisions"}],"predecessor-version":[{"id":48809,"href":"https:\/\/www.grieta.org.mx\/index.php\/wp-json\/wp\/v2\/posts\/48799\/revisions\/48809"}],"wp:featuredmedia":[{"embeddable":true,"href":"https:\/\/www.grieta.org.mx\/index.php\/wp-json\/wp\/v2\/media\/48801"}],"wp:attachment":[{"href":"https:\/\/www.grieta.org.mx\/index.php\/wp-json\/wp\/v2\/media?parent=48799"}],"wp:term":[{"taxonomy":"category","embeddable":true,"href":"https:\/\/www.grieta.org.mx\/index.php\/wp-json\/wp\/v2\/categories?post=48799"},{"taxonomy":"post_tag","embeddable":true,"href":"https:\/\/www.grieta.org.mx\/index.php\/wp-json\/wp\/v2\/tags?post=48799"}],"curies":[{"name":"wp","href":"https:\/\/api.w.org\/{rel}","templated":true}]}}