{"id":48792,"date":"2020-05-03T16:29:31","date_gmt":"2020-05-03T21:29:31","guid":{"rendered":"http:\/\/www.grieta.org.mx\/?p=48792"},"modified":"2020-05-08T16:54:49","modified_gmt":"2020-05-08T21:54:49","slug":"maquiladoras-fabrican-cubrebocas-con-empleados-en-grupo-de-riesgo-yucatan","status":"publish","type":"post","link":"https:\/\/www.grieta.org.mx\/index.php\/2020\/05\/03\/maquiladoras-fabrican-cubrebocas-con-empleados-en-grupo-de-riesgo-yucatan\/","title":{"rendered":"Maquiladoras fabrican cubrebocas con empleados en grupo de riesgo (Yucat\u00e1n)"},"content":{"rendered":"<p><img loading=\"lazy\" decoding=\"async\" data-attachment-id=\"48793\" data-permalink=\"https:\/\/www.grieta.org.mx\/index.php\/2020\/05\/03\/maquiladoras-fabrican-cubrebocas-con-empleados-en-grupo-de-riesgo-yucatan\/galery8-560x416\/\" data-orig-file=\"https:\/\/www.grieta.org.mx\/wp-content\/uploads\/2020\/05\/galery8-560x416.jpg\" data-orig-size=\"560,416\" data-comments-opened=\"0\" data-image-meta=\"{&quot;aperture&quot;:&quot;0&quot;,&quot;credit&quot;:&quot;&quot;,&quot;camera&quot;:&quot;&quot;,&quot;caption&quot;:&quot;&quot;,&quot;created_timestamp&quot;:&quot;0&quot;,&quot;copyright&quot;:&quot;&quot;,&quot;focal_length&quot;:&quot;0&quot;,&quot;iso&quot;:&quot;0&quot;,&quot;shutter_speed&quot;:&quot;0&quot;,&quot;title&quot;:&quot;&quot;,&quot;orientation&quot;:&quot;0&quot;}\" data-image-title=\"galery8-560&amp;#215;416\" data-image-description=\"\" data-image-caption=\"\" data-medium-file=\"https:\/\/www.grieta.org.mx\/wp-content\/uploads\/2020\/05\/galery8-560x416-300x223.jpg\" data-large-file=\"https:\/\/www.grieta.org.mx\/wp-content\/uploads\/2020\/05\/galery8-560x416.jpg\" src=\"http:\/\/www.grieta.org.mx\/wp-content\/uploads\/2020\/05\/galery8-560x416.jpg\" alt=\"\" width=\"560\" height=\"416\" class=\"aligncenter size-full wp-image-48793\" srcset=\"https:\/\/www.grieta.org.mx\/wp-content\/uploads\/2020\/05\/galery8-560x416.jpg 560w, https:\/\/www.grieta.org.mx\/wp-content\/uploads\/2020\/05\/galery8-560x416-300x223.jpg 300w\" sizes=\"auto, (max-width: 560px) 100vw, 560px\" \/><\/p>\n<blockquote><p>Pobladores del sur de Yucat\u00e1n denuncian que Coprotex mantiene trabajando en sus plantas a personas con enfermedades cr\u00f3nico-degenerativas y adultos mayores, a pesar de que son los m\u00e1s vulnerables en la contingencia sanitaria.<\/p><\/blockquote>\n<p> Herbeth Escalante \/ Haz Ruido<\/p>\n<p>M\u00e9rida, Yucat\u00e1n, 3 de mayo de 2020.- Pobladores del sur de Yucat\u00e1n denunciaron que en la actual contingencia sanitaria, la empresa Corporativo Profesional Textil (Coprotex) mantiene laborando en sus maquiladoras a personas que pertenecen al grupo de riesgo de sufrir complicaciones de salud en caso de contagiarse de Covid-19, pues algunas tienen enfermedades cr\u00f3nico-degenerativas y otras son adultos mayores.<\/p>\n<p>En la actual emergencia, dicha empresa sigue laborando en sus naves de Tekax, Tzucacab y Peto, pues se encargan de confeccionar cubrebocas y chemices quir\u00fargicos que supuestamente distribuyen al Gobierno del Estado y a otros clientes de la Rep\u00fablica. Es decir, realizan una actividad esencial en la pandemia.<\/p>\n<p>Sin embargo, habitantes de esta zona de la entidad se\u00f1alaron que Coprotex se contradice, pues obliga a sus costureros que forman parte del grupo de riesgo a que sigan trabajando, lo que ha generado incertidumbre entre la comunidad.<\/p>\n<p>\u201cHay personas diab\u00e9ticas y mayores de 65 a\u00f1os que siguen yendo a las maquiladoras, eso es peligroso porque son los m\u00e1s vulnerables a morir si se enferman de coronavirus\u201d, indicaron algunos pobladores que denunciaron esta anomal\u00eda a Haz Ruido.<\/p>\n<p>La preocupaci\u00f3n de la gente aument\u00f3 luego que se enteraron que en Tekax se han confirmado ocho casos positivos de personas contagiadas de Covid-19, mientras que en Peto hay uno. En ambas localidades, Coprotex tiene decenas de empleados laborando.<\/p>\n<p>Adem\u00e1s, los denunciantes averiguaron que en esa f\u00e1brica no se respeta la sana distancia, pues los costureros laboran uno a lado de otro. Adem\u00e1s, sus jornadas son extensas, de 8 de la ma\u00f1ana a 6:15 de la tarde.<\/p>\n<p>Declararon que entienden que es necesario en estos momentos confeccionar cubrebocas en Yucat\u00e1n, ya que es un producto que escasea a nivel internacional en esta pandemia, pero indicaron que deber\u00edan tener consideraci\u00f3n con su personal que est\u00e1 en situaci\u00f3n de vulnerabilidad por su edad y padecimientos cr\u00f3nicos.<\/p>\n<p>\u201cSabemos que los empleados que est\u00e1n en grupo de riesgo han pedido a sus jefes que les den permiso de quedarse en casa, pero no se los permiten, les responden que en todo caso que renuncien\u201d, cont\u00f3 otro de los denunciantes.<\/p>\n<p>Coprotex tambi\u00e9n tiene plantas en los municipios de Sey\u00e9, Cacalch\u00e9n, Hom\u00fan y Huh\u00ed, en donde al parecer tambi\u00e9n mantienen a sus costureros trabajando.<\/p>\n<p>De acuerdo a su p\u00e1gina oficial, la empresa est\u00e1 registrada en el padr\u00f3n de proveedores del Gobierno de Yucat\u00e1n con el n\u00famero SAF-PP-1488-13-809-14. Al mes, fabrican 300 mil prendas para diferentes clientes en todo el pa\u00eds. <\/p>\n<p><a href=\"http:\/\/www.hazruido.mx\/reportes\/maquiladoras-fabrican-cubrebocas-con-empleados-en-grupo-de-riesgo\/\" rel=\"noopener noreferrer\" target=\"_blank\">http:\/\/www.hazruido.mx\/reportes\/maquiladoras-fabrican-cubrebocas-con-empleados-en-grupo-de-riesgo\/<\/a><\/p>\n","protected":false},"excerpt":{"rendered":"<p>Pobladores del sur de Yucat\u00e1n denuncian que Coprotex mantiene trabajando en sus plantas a personas con enfermedades cr\u00f3nico-degenerativas y adultos mayores, a pesar de que son los m\u00e1s vulnerables en &hellip; <a href=\"https:\/\/www.grieta.org.mx\/index.php\/2020\/05\/03\/maquiladoras-fabrican-cubrebocas-con-empleados-en-grupo-de-riesgo-yucatan\/\" class=\"more-link\">Leer m\u00e1s<\/a><\/p>\n","protected":false},"author":2,"featured_media":48793,"comment_status":"closed","ping_status":"closed","sticky":false,"template":"","format":"standard","meta":{"ngg_post_thumbnail":0,"_jetpack_newsletter_access":"","_jetpack_dont_email_post_to_subs":false,"_jetpack_newsletter_tier_id":0,"_jetpack_memberships_contains_paywalled_content":false,"_jetpack_memberships_contains_paid_content":false,"footnotes":""},"categories":[80,1072,3272,910,2,83,36],"tags":[3241,2841,2003],"class_list":["post-48792","post","type-post","status-publish","format-standard","has-post-thumbnail","hentry","category-cintillo","category-conflictos-laborales-en-yucatan","category-covid-19-en-yucatan","category-explotacion-y-precariedad-laboral","category-noticias-nacionales","category-temas-nacionales","category-yucatan","tag-covid-19","tag-explotacion-y-precariedad-laboral","tag-maquiladoras","entry"],"jetpack_featured_media_url":"https:\/\/www.grieta.org.mx\/wp-content\/uploads\/2020\/05\/galery8-560x416.jpg","jetpack_sharing_enabled":true,"jetpack_shortlink":"https:\/\/wp.me\/p7ZJR4-cGY","jetpack_likes_enabled":false,"jetpack-related-posts":[{"id":50190,"url":"https:\/\/www.grieta.org.mx\/index.php\/2020\/06\/03\/maquiladoras-de-yucatan-despiden-a-unos-mil-empleados\/","url_meta":{"origin":48792,"position":0},"title":"Maquiladoras de Yucat\u00e1n despiden a unos mil empleados","author":"grieta","date":"3 junio, 2020","format":false,"excerpt":"La Verdad Dos maquiladoras de Tizim\u00edn, Yucat\u00e1n, despidieron a unos mil empleados apenas un d\u00eda despu\u00e9s de retornar a la actividad. Una p\u00e9sima noticia esperaba a unos mil empleados de las maquiladoras de Tizim\u00edn que decidieron tomar esta decisi\u00f3n apenas un d\u00eda despu\u00e9s de haber retornada a la actividad en\u2026","rel":"","context":"En &quot;CINTILLO&quot;","block_context":{"text":"CINTILLO","link":"https:\/\/www.grieta.org.mx\/index.php\/category\/cintillo\/"},"img":{"alt_text":"","src":"https:\/\/i0.wp.com\/www.grieta.org.mx\/wp-content\/uploads\/2020\/06\/DespidosMaquiladoras-e1591232233120.png?resize=350%2C200&ssl=1","width":350,"height":200,"srcset":"https:\/\/i0.wp.com\/www.grieta.org.mx\/wp-content\/uploads\/2020\/06\/DespidosMaquiladoras-e1591232233120.png?resize=350%2C200&ssl=1 1x, https:\/\/i0.wp.com\/www.grieta.org.mx\/wp-content\/uploads\/2020\/06\/DespidosMaquiladoras-e1591232233120.png?resize=525%2C300&ssl=1 1.5x, https:\/\/i0.wp.com\/www.grieta.org.mx\/wp-content\/uploads\/2020\/06\/DespidosMaquiladoras-e1591232233120.png?resize=700%2C400&ssl=1 2x"},"classes":[]},{"id":47264,"url":"https:\/\/www.grieta.org.mx\/index.php\/2020\/04\/02\/van-casi-500-despidos-por-contingencia-sanitaria-en-yucatan\/","url_meta":{"origin":48792,"position":1},"title":"Van casi 500 despidos por contingencia sanitaria en Yucat\u00e1n","author":"grieta","date":"2 abril, 2020","format":false,"excerpt":"Itzel Chan \/ Noticaribe M\u00c9RIDA, MX.- Alrededor de 500 despidos en empresas formales son los que se registran en Yucat\u00e1n como consecuencia de la emergencia nacional por el coronavirus (Covid-19). A pesar de que el subsecretario de Salud, Hugo L\u00f3pez-Gatell Ram\u00edrez, ha hecho un llamado a empresarios a respaldar a\u2026","rel":"","context":"En &quot;CINTILLO&quot;","block_context":{"text":"CINTILLO","link":"https:\/\/www.grieta.org.mx\/index.php\/category\/cintillo\/"},"img":{"alt_text":"","src":"https:\/\/i0.wp.com\/www.grieta.org.mx\/wp-content\/uploads\/2020\/04\/Despidos.png?resize=350%2C200&ssl=1","width":350,"height":200,"srcset":"https:\/\/i0.wp.com\/www.grieta.org.mx\/wp-content\/uploads\/2020\/04\/Despidos.png?resize=350%2C200&ssl=1 1x, https:\/\/i0.wp.com\/www.grieta.org.mx\/wp-content\/uploads\/2020\/04\/Despidos.png?resize=525%2C300&ssl=1 1.5x, https:\/\/i0.wp.com\/www.grieta.org.mx\/wp-content\/uploads\/2020\/04\/Despidos.png?resize=700%2C400&ssl=1 2x"},"classes":[]},{"id":48397,"url":"https:\/\/www.grieta.org.mx\/index.php\/2020\/04\/27\/protestan-empleados-de-keken-y-temen-contagio-de-covid-19-yucatan\/","url_meta":{"origin":48792,"position":2},"title":"Protestan empleados de Kek\u00e9n y temen contagio de COVID-19 (Yucat\u00e1n)","author":"grieta","date":"27 abril, 2020","format":false,"excerpt":"Itzel Chan \/ Noticaribe M\u00c9RIDA, MX. \u2013 Este d\u00eda, empleados de la empresa yucateca Kek\u00e9n realizaron una protesta a las afueras de una de las plantas, pues denuncian que diariamente se ponen en riesgo ante contagios de coronavirus (Covid-19), aunado a que ya se confirmaron dos casos entre la plantilla\u2026","rel":"","context":"En &quot;CINTILLO&quot;","block_context":{"text":"CINTILLO","link":"https:\/\/www.grieta.org.mx\/index.php\/category\/cintillo\/"},"img":{"alt_text":"","src":"https:\/\/i0.wp.com\/www.grieta.org.mx\/wp-content\/uploads\/2020\/04\/ProtestaKeken.png?resize=350%2C200&ssl=1","width":350,"height":200,"srcset":"https:\/\/i0.wp.com\/www.grieta.org.mx\/wp-content\/uploads\/2020\/04\/ProtestaKeken.png?resize=350%2C200&ssl=1 1x, https:\/\/i0.wp.com\/www.grieta.org.mx\/wp-content\/uploads\/2020\/04\/ProtestaKeken.png?resize=525%2C300&ssl=1 1.5x, https:\/\/i0.wp.com\/www.grieta.org.mx\/wp-content\/uploads\/2020\/04\/ProtestaKeken.png?resize=700%2C400&ssl=1 2x"},"classes":[]},{"id":47776,"url":"https:\/\/www.grieta.org.mx\/index.php\/2020\/04\/06\/desesperados-por-la-contingencia-pescadores-protestaron-en-progreso\/","url_meta":{"origin":48792,"position":3},"title":"Desesperados por la contingencia, pescadores protestaron en Progreso","author":"grieta","date":"6 abril, 2020","format":false,"excerpt":"Debido a que las que actividades econ\u00f3micas est\u00e1n paralizadas por la emergencia sanitaria del Covid-19, no pueden salir a pescar ni a trabajar de alba\u00f1iler\u00eda, por lo que se han quedado sin dinero. Al final, el ayuntamiento del puerto les ofreci\u00f3 150 pesos en vales de despensa. Por Redacci\u00f3n \/\u2026","rel":"","context":"En &quot;CINTILLO&quot;","block_context":{"text":"CINTILLO","link":"https:\/\/www.grieta.org.mx\/index.php\/category\/cintillo\/"},"img":{"alt_text":"","src":"https:\/\/i0.wp.com\/www.grieta.org.mx\/wp-content\/uploads\/2020\/04\/pescadores-560x416.jpg?resize=350%2C200&ssl=1","width":350,"height":200,"srcset":"https:\/\/i0.wp.com\/www.grieta.org.mx\/wp-content\/uploads\/2020\/04\/pescadores-560x416.jpg?resize=350%2C200&ssl=1 1x, https:\/\/i0.wp.com\/www.grieta.org.mx\/wp-content\/uploads\/2020\/04\/pescadores-560x416.jpg?resize=525%2C300&ssl=1 1.5x"},"classes":[]},{"id":68576,"url":"https:\/\/www.grieta.org.mx\/index.php\/2024\/03\/04\/denuncian-corrupcion-en-asignacion-de-plazas-en-el-issste-yucatan\/","url_meta":{"origin":48792,"position":4},"title":"Denuncian corrupci\u00f3n en asignaci\u00f3n de plazas en el ISSSTE (Yucat\u00e1n)","author":"grieta","date":"4 marzo, 2024","format":false,"excerpt":"Alejandro Rubalcaba \/ Desde el Balc\u00f3n Empleados suplentes exigen certidumbre laboral y pago de sus quincenas M\u00e9rida, Yucat\u00e1n, a 4 de marzo de 2024.- Este lunes, personal m\u00e9dico y de enfermer\u00eda del Instituto de Seguridad y Servicios Sociales de los Trabajadores del Estado (ISSSTE) en Yucat\u00e1n exigieron su incorporaci\u00f3n a\u2026","rel":"","context":"En &quot;CINTILLO&quot;","block_context":{"text":"CINTILLO","link":"https:\/\/www.grieta.org.mx\/index.php\/category\/cintillo\/"},"img":{"alt_text":"","src":"https:\/\/i0.wp.com\/www.grieta.org.mx\/wp-content\/uploads\/2024\/03\/Issste-1-e1709580215754.jpg?resize=350%2C200&ssl=1","width":350,"height":200,"srcset":"https:\/\/i0.wp.com\/www.grieta.org.mx\/wp-content\/uploads\/2024\/03\/Issste-1-e1709580215754.jpg?resize=350%2C200&ssl=1 1x, https:\/\/i0.wp.com\/www.grieta.org.mx\/wp-content\/uploads\/2024\/03\/Issste-1-e1709580215754.jpg?resize=525%2C300&ssl=1 1.5x, https:\/\/i0.wp.com\/www.grieta.org.mx\/wp-content\/uploads\/2024\/03\/Issste-1-e1709580215754.jpg?resize=700%2C400&ssl=1 2x"},"classes":[]},{"id":48035,"url":"https:\/\/www.grieta.org.mx\/index.php\/2020\/04\/21\/mas-protestas-en-palacio-de-gobierno-piden-apoyo-para-comer-yucatan\/","url_meta":{"origin":48792,"position":5},"title":"M\u00e1s protestas en Palacio de Gobierno: piden apoyo &#8220;para comer&#8221; (Yucat\u00e1n)","author":"grieta","date":"21 abril, 2020","format":false,"excerpt":"Gabriel Chan \/ Diario de Yucat\u00e1n M\u00c9RIDA.- \"Ya no hay recursos, ya se solicit\u00f3 al Gobierno Federal para que podamos atender a todos\", afirm\u00f3 un funcionario p\u00fablico a personas que acudieron a protestar y reclamar ayuda en el Palacio de Gobierno \"para poder comer\". Otra respuesta fue que a todos\u2026","rel":"","context":"En &quot;CINTILLO&quot;","block_context":{"text":"CINTILLO","link":"https:\/\/www.grieta.org.mx\/index.php\/category\/cintillo\/"},"img":{"alt_text":"","src":"https:\/\/i0.wp.com\/www.grieta.org.mx\/wp-content\/uploads\/2020\/04\/PalacioYuc.png?resize=350%2C200&ssl=1","width":350,"height":200,"srcset":"https:\/\/i0.wp.com\/www.grieta.org.mx\/wp-content\/uploads\/2020\/04\/PalacioYuc.png?resize=350%2C200&ssl=1 1x, https:\/\/i0.wp.com\/www.grieta.org.mx\/wp-content\/uploads\/2020\/04\/PalacioYuc.png?resize=525%2C300&ssl=1 1.5x"},"classes":[]}],"_links":{"self":[{"href":"https:\/\/www.grieta.org.mx\/index.php\/wp-json\/wp\/v2\/posts\/48792","targetHints":{"allow":["GET"]}}],"collection":[{"href":"https:\/\/www.grieta.org.mx\/index.php\/wp-json\/wp\/v2\/posts"}],"about":[{"href":"https:\/\/www.grieta.org.mx\/index.php\/wp-json\/wp\/v2\/types\/post"}],"author":[{"embeddable":true,"href":"https:\/\/www.grieta.org.mx\/index.php\/wp-json\/wp\/v2\/users\/2"}],"replies":[{"embeddable":true,"href":"https:\/\/www.grieta.org.mx\/index.php\/wp-json\/wp\/v2\/comments?post=48792"}],"version-history":[{"count":1,"href":"https:\/\/www.grieta.org.mx\/index.php\/wp-json\/wp\/v2\/posts\/48792\/revisions"}],"predecessor-version":[{"id":48794,"href":"https:\/\/www.grieta.org.mx\/index.php\/wp-json\/wp\/v2\/posts\/48792\/revisions\/48794"}],"wp:featuredmedia":[{"embeddable":true,"href":"https:\/\/www.grieta.org.mx\/index.php\/wp-json\/wp\/v2\/media\/48793"}],"wp:attachment":[{"href":"https:\/\/www.grieta.org.mx\/index.php\/wp-json\/wp\/v2\/media?parent=48792"}],"wp:term":[{"taxonomy":"category","embeddable":true,"href":"https:\/\/www.grieta.org.mx\/index.php\/wp-json\/wp\/v2\/categories?post=48792"},{"taxonomy":"post_tag","embeddable":true,"href":"https:\/\/www.grieta.org.mx\/index.php\/wp-json\/wp\/v2\/tags?post=48792"}],"curies":[{"name":"wp","href":"https:\/\/api.w.org\/{rel}","templated":true}]}}