{"id":4872,"date":"2015-11-01T22:27:16","date_gmt":"2015-11-01T22:27:16","guid":{"rendered":"http:\/\/50.22.11.12\/~grietaor\/?p=4872"},"modified":"2016-03-25T22:39:36","modified_gmt":"2016-03-25T22:39:36","slug":"reporteros-camarografos-y-fotografos-de-nuevo-leon-recuerdan-con-altar-a-periodistas-asesinados","status":"publish","type":"post","link":"https:\/\/www.grieta.org.mx\/index.php\/2015\/11\/01\/reporteros-camarografos-y-fotografos-de-nuevo-leon-recuerdan-con-altar-a-periodistas-asesinados\/","title":{"rendered":"Reporteros, camar\u00f3grafos y fot\u00f3grafos de Nuevo Le\u00f3n recuerdan con altar a periodistas asesinados"},"content":{"rendered":"<p><strong>01\/11\/15. <\/strong><a href=\"http:\/\/grieta.org.mx\/index.php\/2015\/11\/01\/en-nuevo-leon-recuerdan-con-altar-a-regina-martinez-y-ruben-espinosa\">En Nuevo Le\u00f3n, recuerdan con altar a Regina Mart\u00ednez y Rub\u00e9n Espinosa<\/a><br  \/><em>Proceso<\/em><br  \/><\/p>\n","protected":false},"excerpt":{"rendered":"<p>01\/11\/15. En Nuevo Le\u00f3n, recuerdan con altar a Regina Mart\u00ednez y Rub\u00e9n EspinosaProceso<\/p>\n","protected":false},"author":2,"featured_media":21928,"comment_status":"closed","ping_status":"open","sticky":false,"template":"","format":"standard","meta":{"ngg_post_thumbnail":0,"_jetpack_newsletter_access":"","_jetpack_dont_email_post_to_subs":false,"_jetpack_newsletter_tier_id":0,"_jetpack_memberships_contains_paywalled_content":false,"_jetpack_memberships_contains_paid_content":false,"footnotes":""},"categories":[2,24],"tags":[],"class_list":["post-4872","post","type-post","status-publish","format-standard","has-post-thumbnail","hentry","category-noticias-nacionales","category-nuevo-leon","entry"],"jetpack_featured_media_url":"https:\/\/www.grieta.org.mx\/wp-content\/uploads\/2018\/03\/14524434_1106112876131411_958039263622046936_o.jpg","jetpack_sharing_enabled":true,"jetpack_shortlink":"https:\/\/wp.me\/p7ZJR4-1gA","jetpack_likes_enabled":false,"jetpack-related-posts":[{"id":4871,"url":"https:\/\/www.grieta.org.mx\/index.php\/2015\/11\/01\/en-nuevo-leon-recuerdan-con-altar-a-regina-martinez-y-ruben-espinosa\/","url_meta":{"origin":4872,"position":0},"title":"En Nuevo Le\u00f3n, recuerdan con altar a Regina Mart\u00ednez y Rub\u00e9n Espinosa","author":"grieta","date":"1 noviembre, 2015","format":false,"excerpt":"Proceso JUAN ALBERTO CEDILLO MONTERREY, NL (proceso.com.mx).- Reporteros, camar\u00f3grafos y fot\u00f3grafos organizados en la Red de Periodistas del Noreste y la Asociaci\u00f3n de Periodistas Jos\u00e9 Alvarado colocaron un altar de muertos en honor a los colaboradores de Proceso, Regina Mart\u00ednez y Rub\u00e9n Espinosa, as\u00ed como a los colegas asesinados en\u2026","rel":"","context":"En &quot;CINTILLO&quot;","block_context":{"text":"CINTILLO","link":"https:\/\/www.grieta.org.mx\/index.php\/category\/cintillo\/"},"img":{"alt_text":"","src":"https:\/\/i0.wp.com\/www.grieta.org.mx\/wp-content\/uploads\/2018\/03\/14524434_1106112876131411_958039263622046936_o.jpg?resize=350%2C200&ssl=1","width":350,"height":200,"srcset":"https:\/\/i0.wp.com\/www.grieta.org.mx\/wp-content\/uploads\/2018\/03\/14524434_1106112876131411_958039263622046936_o.jpg?resize=350%2C200&ssl=1 1x, https:\/\/i0.wp.com\/www.grieta.org.mx\/wp-content\/uploads\/2018\/03\/14524434_1106112876131411_958039263622046936_o.jpg?resize=525%2C300&ssl=1 1.5x, https:\/\/i0.wp.com\/www.grieta.org.mx\/wp-content\/uploads\/2018\/03\/14524434_1106112876131411_958039263622046936_o.jpg?resize=700%2C400&ssl=1 2x"},"classes":[]},{"id":1554,"url":"https:\/\/www.grieta.org.mx\/index.php\/2016\/04\/24\/feminicidios-en-nuevo-leon\/","url_meta":{"origin":4872,"position":1},"title":"Feminicidios en Nuevo Le\u00f3n","author":"grieta","date":"24 abril, 2016","format":false,"excerpt":"24\/04\/16. \u2018Todo lo quieren tapar\u2019Milenio Monterrey 28\/08\/16. Piden declaratoria de Alerta de G\u00e9nero en Nuevo Le\u00f3nVanguardia Mx 03\/03\/16. #8M \u00bfCu\u00e1ntas ni\u00f1as y mujeres MENOS vamos a contar, Nuevo Le\u00f3n? Desinform\u00e9monos","rel":"","context":"En &quot;NOTICIAS NACIONALES&quot;","block_context":{"text":"NOTICIAS NACIONALES","link":"https:\/\/www.grieta.org.mx\/index.php\/category\/noticias-nacionales\/"},"img":{"alt_text":"","src":"https:\/\/i0.wp.com\/www.grieta.org.mx\/wp-content\/uploads\/2018\/03\/14524434_1106112876131411_958039263622046936_o.jpg?resize=350%2C200&ssl=1","width":350,"height":200,"srcset":"https:\/\/i0.wp.com\/www.grieta.org.mx\/wp-content\/uploads\/2018\/03\/14524434_1106112876131411_958039263622046936_o.jpg?resize=350%2C200&ssl=1 1x, https:\/\/i0.wp.com\/www.grieta.org.mx\/wp-content\/uploads\/2018\/03\/14524434_1106112876131411_958039263622046936_o.jpg?resize=525%2C300&ssl=1 1.5x, https:\/\/i0.wp.com\/www.grieta.org.mx\/wp-content\/uploads\/2018\/03\/14524434_1106112876131411_958039263622046936_o.jpg?resize=700%2C400&ssl=1 2x"},"classes":[]},{"id":12316,"url":"https:\/\/www.grieta.org.mx\/index.php\/2016\/05\/10\/desalojo-de-comerciantes-en-nuevo-leon\/","url_meta":{"origin":4872,"position":2},"title":"Desalojo de comerciantes en Nuevo Le\u00f3n","author":"grieta","date":"10 mayo, 2016","format":false,"excerpt":"06\/05\/16. Desalojo a artesanos Triquis en Monterrey Nuevo Le\u00f3nCentro de Medios Libres","rel":"","context":"En &quot;NOTICIAS NACIONALES&quot;","block_context":{"text":"NOTICIAS NACIONALES","link":"https:\/\/www.grieta.org.mx\/index.php\/category\/noticias-nacionales\/"},"img":{"alt_text":"","src":"https:\/\/i0.wp.com\/www.grieta.org.mx\/wp-content\/uploads\/2018\/03\/14524434_1106112876131411_958039263622046936_o.jpg?resize=350%2C200&ssl=1","width":350,"height":200,"srcset":"https:\/\/i0.wp.com\/www.grieta.org.mx\/wp-content\/uploads\/2018\/03\/14524434_1106112876131411_958039263622046936_o.jpg?resize=350%2C200&ssl=1 1x, https:\/\/i0.wp.com\/www.grieta.org.mx\/wp-content\/uploads\/2018\/03\/14524434_1106112876131411_958039263622046936_o.jpg?resize=525%2C300&ssl=1 1.5x, https:\/\/i0.wp.com\/www.grieta.org.mx\/wp-content\/uploads\/2018\/03\/14524434_1106112876131411_958039263622046936_o.jpg?resize=700%2C400&ssl=1 2x"},"classes":[]},{"id":4145,"url":"https:\/\/www.grieta.org.mx\/index.php\/2016\/04\/08\/parques-industriales-en-nuevo-leon\/","url_meta":{"origin":4872,"position":3},"title":"Parques industriales en Nuevo Le\u00f3n","author":"grieta","date":"8 abril, 2016","format":false,"excerpt":"08\/04\/16. Nuevo Le\u00f3n abre centro de desarrollo de tecnolog\u00edaEl Economista 04\/04\/16. Hakkai invierte 20 mdd ?en Nuevo Le\u00f3nEl Economista 16\/03\/16. Cinco empresas de China, con planes de invertir en Nuevo Le\u00f3nEl Economista 01\/12\/15. Firma japonesa concreta inversi\u00f3n de 34 mdd en MonterreyEl Economista 30\/11\/15. Interpuerto captar\u00e1 en 2015 inversiones por\u2026","rel":"","context":"En &quot;NOTICIAS NACIONALES&quot;","block_context":{"text":"NOTICIAS NACIONALES","link":"https:\/\/www.grieta.org.mx\/index.php\/category\/noticias-nacionales\/"},"img":{"alt_text":"","src":"https:\/\/i0.wp.com\/www.grieta.org.mx\/wp-content\/uploads\/2018\/03\/14524434_1106112876131411_958039263622046936_o.jpg?resize=350%2C200&ssl=1","width":350,"height":200,"srcset":"https:\/\/i0.wp.com\/www.grieta.org.mx\/wp-content\/uploads\/2018\/03\/14524434_1106112876131411_958039263622046936_o.jpg?resize=350%2C200&ssl=1 1x, https:\/\/i0.wp.com\/www.grieta.org.mx\/wp-content\/uploads\/2018\/03\/14524434_1106112876131411_958039263622046936_o.jpg?resize=525%2C300&ssl=1 1.5x, https:\/\/i0.wp.com\/www.grieta.org.mx\/wp-content\/uploads\/2018\/03\/14524434_1106112876131411_958039263622046936_o.jpg?resize=700%2C400&ssl=1 2x"},"classes":[]},{"id":4883,"url":"https:\/\/www.grieta.org.mx\/index.php\/2016\/09\/06\/fracturacion-hidraulica-en-nuevo-leon\/","url_meta":{"origin":4872,"position":4},"title":"Fracking en Nuevo Le\u00f3n","author":"grieta","date":"6 septiembre, 2016","format":false,"excerpt":"06\/09\/16. Organizaciones demandan investigar relaci\u00f3n de sismo en Nuevo Le\u00f3n con frackingSomos el medio 20\/09\/15. Experto: \u2018fracking\u2019 pone en riesgo a Monterrey El Universal 28\/03\/15. El Fracking Vieja pr\u00e1ctica en Nuevo Le\u00f3n 2 de abril Puebla Directo 10\/03\/15. Alienta Ley de Aguas el \u2018fracking\u2019, acusan No a Monterrey VI","rel":"","context":"En &quot;NOTICIAS NACIONALES&quot;","block_context":{"text":"NOTICIAS NACIONALES","link":"https:\/\/www.grieta.org.mx\/index.php\/category\/noticias-nacionales\/"},"img":{"alt_text":"","src":"https:\/\/i0.wp.com\/www.grieta.org.mx\/wp-content\/uploads\/2018\/03\/14524434_1106112876131411_958039263622046936_o.jpg?resize=350%2C200&ssl=1","width":350,"height":200,"srcset":"https:\/\/i0.wp.com\/www.grieta.org.mx\/wp-content\/uploads\/2018\/03\/14524434_1106112876131411_958039263622046936_o.jpg?resize=350%2C200&ssl=1 1x, https:\/\/i0.wp.com\/www.grieta.org.mx\/wp-content\/uploads\/2018\/03\/14524434_1106112876131411_958039263622046936_o.jpg?resize=525%2C300&ssl=1 1.5x, https:\/\/i0.wp.com\/www.grieta.org.mx\/wp-content\/uploads\/2018\/03\/14524434_1106112876131411_958039263622046936_o.jpg?resize=700%2C400&ssl=1 2x"},"classes":[]},{"id":4403,"url":"https:\/\/www.grieta.org.mx\/index.php\/2015\/08\/02\/protestan-en-nuevo-leon-por-el-multihomicidio-en-la-narvarte\/","url_meta":{"origin":4872,"position":5},"title":"Protestan en Nuevo Le\u00f3n por el multihomicidio en la Narvarte","author":"grieta","date":"2 agosto, 2015","format":false,"excerpt":"02\/08\/15. Periodistas de Nuevo Le\u00f3n se suman a exigencia de justicia por asesinato de Rub\u00e9n Proceso","rel":"","context":"En &quot;NOTICIAS NACIONALES&quot;","block_context":{"text":"NOTICIAS NACIONALES","link":"https:\/\/www.grieta.org.mx\/index.php\/category\/noticias-nacionales\/"},"img":{"alt_text":"","src":"https:\/\/i0.wp.com\/www.grieta.org.mx\/wp-content\/uploads\/2018\/03\/14524434_1106112876131411_958039263622046936_o.jpg?resize=350%2C200&ssl=1","width":350,"height":200,"srcset":"https:\/\/i0.wp.com\/www.grieta.org.mx\/wp-content\/uploads\/2018\/03\/14524434_1106112876131411_958039263622046936_o.jpg?resize=350%2C200&ssl=1 1x, https:\/\/i0.wp.com\/www.grieta.org.mx\/wp-content\/uploads\/2018\/03\/14524434_1106112876131411_958039263622046936_o.jpg?resize=525%2C300&ssl=1 1.5x, https:\/\/i0.wp.com\/www.grieta.org.mx\/wp-content\/uploads\/2018\/03\/14524434_1106112876131411_958039263622046936_o.jpg?resize=700%2C400&ssl=1 2x"},"classes":[]}],"_links":{"self":[{"href":"https:\/\/www.grieta.org.mx\/index.php\/wp-json\/wp\/v2\/posts\/4872","targetHints":{"allow":["GET"]}}],"collection":[{"href":"https:\/\/www.grieta.org.mx\/index.php\/wp-json\/wp\/v2\/posts"}],"about":[{"href":"https:\/\/www.grieta.org.mx\/index.php\/wp-json\/wp\/v2\/types\/post"}],"author":[{"embeddable":true,"href":"https:\/\/www.grieta.org.mx\/index.php\/wp-json\/wp\/v2\/users\/2"}],"replies":[{"embeddable":true,"href":"https:\/\/www.grieta.org.mx\/index.php\/wp-json\/wp\/v2\/comments?post=4872"}],"version-history":[{"count":1,"href":"https:\/\/www.grieta.org.mx\/index.php\/wp-json\/wp\/v2\/posts\/4872\/revisions"}],"predecessor-version":[{"id":4874,"href":"https:\/\/www.grieta.org.mx\/index.php\/wp-json\/wp\/v2\/posts\/4872\/revisions\/4874"}],"wp:featuredmedia":[{"embeddable":true,"href":"https:\/\/www.grieta.org.mx\/index.php\/wp-json\/wp\/v2\/media\/21928"}],"wp:attachment":[{"href":"https:\/\/www.grieta.org.mx\/index.php\/wp-json\/wp\/v2\/media?parent=4872"}],"wp:term":[{"taxonomy":"category","embeddable":true,"href":"https:\/\/www.grieta.org.mx\/index.php\/wp-json\/wp\/v2\/categories?post=4872"},{"taxonomy":"post_tag","embeddable":true,"href":"https:\/\/www.grieta.org.mx\/index.php\/wp-json\/wp\/v2\/tags?post=4872"}],"curies":[{"name":"wp","href":"https:\/\/api.w.org\/{rel}","templated":true}]}}