{"id":4871,"date":"2015-11-01T22:26:50","date_gmt":"2015-11-01T22:26:50","guid":{"rendered":"http:\/\/50.22.11.12\/~grietaor\/?p=4871"},"modified":"2016-03-25T22:38:40","modified_gmt":"2016-03-25T22:38:40","slug":"en-nuevo-leon-recuerdan-con-altar-a-regina-martinez-y-ruben-espinosa","status":"publish","type":"post","link":"https:\/\/www.grieta.org.mx\/index.php\/2015\/11\/01\/en-nuevo-leon-recuerdan-con-altar-a-regina-martinez-y-ruben-espinosa\/","title":{"rendered":"En Nuevo Le\u00f3n, recuerdan con altar a Regina Mart\u00ednez y Rub\u00e9n Espinosa"},"content":{"rendered":"<p>Proceso<\/p>\n<p>JUAN ALBERTO CEDILLO<\/p>\n<p>MONTERREY, NL (proceso.com.mx).- Reporteros, camar\u00f3grafos y fot\u00f3grafos organizados en la Red de Periodistas del Noreste y la Asociaci\u00f3n de Periodistas Jos\u00e9 Alvarado colocaron un altar de muertos en honor a los colaboradores de Proceso, Regina Mart\u00ednez y Rub\u00e9n Espinosa, as\u00ed como a los colegas asesinados en los \u00faltimos a\u00f1os en M\u00e9xico.<\/p>\n<p>El altar se edific\u00f3 la ma\u00f1ana del domingo a un lado del Monumento a la Libertad de Expresi\u00f3n que encuentra ubicado en la Macroplaza del centro de Monterrey.<\/p>\n<p>\u201cLos asesinatos contra los periodistas en M\u00e9xico suman cerca de 100 la \u00faltima d\u00e9cada as\u00ed como 20 desaparecidos. Adem\u00e1s, se han registrado 47 agresiones de diversos tipos en contra de medios de comunicaci\u00f3n\u201d, asegur\u00f3 Jes\u00fas \u00d3scar Gonz\u00e1lez, vocero de las organizaciones.<\/p>\n<p>Destac\u00f3 que el altar es un homenaje a los periodistas mexicanos que han sido v\u00edctimas de los pol\u00edticos y la delincuencia organizada, en especial a los colegas de Veracruz.<\/p>\n<p>\u201cJavier Duarte ha sido impotente para frenar los ataques a los comunicadores as\u00ed que exigimos que ya termine con la impunidad que priva en su estado\u201d, agreg\u00f3 el portavoz.<\/p>\n<p>\u201cLos comunicadores de Monterrey demandamos a las autoridades federales y estatales realicen una investigaci\u00f3n profunda sobre estas agresiones y se resuelvan los cr\u00edmenes que atentan contra la libertad de expresi\u00f3n\u201d, concluy\u00f3 Oscar Gonz\u00e1lez.<\/p>\n<p>Durante el sexenio de Duarte suman 13 los periodistas asesinados y un total de 16 en los dos sexenios pasados.<\/p>\n<p><a href=\"http:\/\/www.proceso.com.mx\/?p=419671\" target=\"_blank\">www.proceso.com.mx\/?p=419671<\/a><\/p>\n","protected":false},"excerpt":{"rendered":"<p>Proceso JUAN ALBERTO CEDILLO MONTERREY, NL (proceso.com.mx).- Reporteros, camar\u00f3grafos y fot\u00f3grafos organizados en la Red de Periodistas del Noreste y la Asociaci\u00f3n de Periodistas Jos\u00e9 Alvarado colocaron un altar de &hellip; <a href=\"https:\/\/www.grieta.org.mx\/index.php\/2015\/11\/01\/en-nuevo-leon-recuerdan-con-altar-a-regina-martinez-y-ruben-espinosa\/\" class=\"more-link\">Leer m\u00e1s<\/a><\/p>\n","protected":false},"author":2,"featured_media":21928,"comment_status":"closed","ping_status":"open","sticky":false,"template":"","format":"standard","meta":{"ngg_post_thumbnail":0,"_jetpack_newsletter_access":"","_jetpack_dont_email_post_to_subs":false,"_jetpack_newsletter_tier_id":0,"_jetpack_memberships_contains_paywalled_content":false,"_jetpack_memberships_contains_paid_content":false,"footnotes":""},"categories":[80,202],"tags":[374,373],"class_list":["post-4871","post","type-post","status-publish","format-standard","has-post-thumbnail","hentry","category-cintillo","category-nuevo-leon","tag-regina-martinez","tag-ruben-espinosa","entry"],"jetpack_featured_media_url":"https:\/\/www.grieta.org.mx\/wp-content\/uploads\/2018\/03\/14524434_1106112876131411_958039263622046936_o.jpg","jetpack_sharing_enabled":true,"jetpack_shortlink":"https:\/\/wp.me\/p7ZJR4-1gz","jetpack_likes_enabled":false,"jetpack-related-posts":[{"id":4872,"url":"https:\/\/www.grieta.org.mx\/index.php\/2015\/11\/01\/reporteros-camarografos-y-fotografos-de-nuevo-leon-recuerdan-con-altar-a-periodistas-asesinados\/","url_meta":{"origin":4871,"position":0},"title":"Reporteros, camar\u00f3grafos y fot\u00f3grafos de Nuevo Le\u00f3n recuerdan con altar a periodistas asesinados","author":"grieta","date":"1 noviembre, 2015","format":false,"excerpt":"01\/11\/15. En Nuevo Le\u00f3n, recuerdan con altar a Regina Mart\u00ednez y Rub\u00e9n EspinosaProceso","rel":"","context":"En &quot;NOTICIAS NACIONALES&quot;","block_context":{"text":"NOTICIAS NACIONALES","link":"https:\/\/www.grieta.org.mx\/index.php\/category\/noticias-nacionales\/"},"img":{"alt_text":"","src":"https:\/\/i0.wp.com\/www.grieta.org.mx\/wp-content\/uploads\/2018\/03\/14524434_1106112876131411_958039263622046936_o.jpg?resize=350%2C200&ssl=1","width":350,"height":200,"srcset":"https:\/\/i0.wp.com\/www.grieta.org.mx\/wp-content\/uploads\/2018\/03\/14524434_1106112876131411_958039263622046936_o.jpg?resize=350%2C200&ssl=1 1x, https:\/\/i0.wp.com\/www.grieta.org.mx\/wp-content\/uploads\/2018\/03\/14524434_1106112876131411_958039263622046936_o.jpg?resize=525%2C300&ssl=1 1.5x, https:\/\/i0.wp.com\/www.grieta.org.mx\/wp-content\/uploads\/2018\/03\/14524434_1106112876131411_958039263622046936_o.jpg?resize=700%2C400&ssl=1 2x"},"classes":[]},{"id":4402,"url":"https:\/\/www.grieta.org.mx\/index.php\/2015\/08\/02\/periodistas-de-nuevo-leon-se-suman-a-exigencia-de-justicia-por-asesinato-de-ruben\/","url_meta":{"origin":4871,"position":1},"title":"Periodistas de Nuevo Le\u00f3n se suman a exigencia de justicia por asesinato de Rub\u00e9n","author":"grieta","date":"2 agosto, 2015","format":false,"excerpt":"Proceso MONTERREY, N.L. (proceso.com.mx).- Periodistas de Nuevo Le\u00f3n protestaron esta tarde por el asesinato del fot\u00f3grafo de Proceso, Rub\u00e9n Espinosa, quien fue encontrado muerto el s\u00e1bado en el Distrito Federal. Una ofrenda floral luctuosa con la leyenda: \u201cPeriodistas: ni un muerto m\u00e1s\u201d, fue colocada al pie del Monumento de la\u2026","rel":"","context":"En &quot;CINTILLO&quot;","block_context":{"text":"CINTILLO","link":"https:\/\/www.grieta.org.mx\/index.php\/category\/cintillo\/"},"img":{"alt_text":"","src":"https:\/\/i0.wp.com\/www.grieta.org.mx\/wp-content\/uploads\/2018\/03\/14524434_1106112876131411_958039263622046936_o.jpg?resize=350%2C200&ssl=1","width":350,"height":200,"srcset":"https:\/\/i0.wp.com\/www.grieta.org.mx\/wp-content\/uploads\/2018\/03\/14524434_1106112876131411_958039263622046936_o.jpg?resize=350%2C200&ssl=1 1x, https:\/\/i0.wp.com\/www.grieta.org.mx\/wp-content\/uploads\/2018\/03\/14524434_1106112876131411_958039263622046936_o.jpg?resize=525%2C300&ssl=1 1.5x, https:\/\/i0.wp.com\/www.grieta.org.mx\/wp-content\/uploads\/2018\/03\/14524434_1106112876131411_958039263622046936_o.jpg?resize=700%2C400&ssl=1 2x"},"classes":[]},{"id":9354,"url":"https:\/\/www.grieta.org.mx\/index.php\/2016\/02\/11\/periodistas-se-manifiestan-contra-gobierno-de-veracruz\/","url_meta":{"origin":4871,"position":2},"title":"Periodistas se manifiestan contra gobierno de Veracruz","author":"grieta","date":"11 febrero, 2016","format":false,"excerpt":"Somos el medio No se mata la verdad matando periodistas Autor(es): Mario Marlo Eduardo Blas Covarrubias CDMX 11 febrero 2016.- Una vez m\u00e1s, representantes de los medios de comunicaci\u00f3n entre fot\u00f3grafos, reporteros y camar\u00f3grafos, se dieron cita en la representaci\u00f3n de Veracruz para manifestarse contra la impunidad, omisi\u00f3n y violencia\u2026","rel":"","context":"En &quot;CINTILLO&quot;","block_context":{"text":"CINTILLO","link":"https:\/\/www.grieta.org.mx\/index.php\/category\/cintillo\/"},"img":{"alt_text":"","src":"https:\/\/i0.wp.com\/www.grieta.org.mx\/wp-content\/uploads\/2018\/03\/14524434_1106112876131411_958039263622046936_o.jpg?resize=350%2C200&ssl=1","width":350,"height":200,"srcset":"https:\/\/i0.wp.com\/www.grieta.org.mx\/wp-content\/uploads\/2018\/03\/14524434_1106112876131411_958039263622046936_o.jpg?resize=350%2C200&ssl=1 1x, https:\/\/i0.wp.com\/www.grieta.org.mx\/wp-content\/uploads\/2018\/03\/14524434_1106112876131411_958039263622046936_o.jpg?resize=525%2C300&ssl=1 1.5x, https:\/\/i0.wp.com\/www.grieta.org.mx\/wp-content\/uploads\/2018\/03\/14524434_1106112876131411_958039263622046936_o.jpg?resize=700%2C400&ssl=1 2x"},"classes":[]},{"id":25700,"url":"https:\/\/www.grieta.org.mx\/index.php\/2018\/07\/31\/no-nos-vamos-a-callar-familiares-y-amigos-de-ruben-espinosa-al-exigir-justicia-por-caso-narvarte\/","url_meta":{"origin":4871,"position":3},"title":"\u201cNo nos vamos a callar\u201d: familiares y amigos de Rub\u00e9n Espinosa al exigir justicia por caso Narvarte","author":"grieta","date":"31 julio, 2018","format":false,"excerpt":"No\u00e9 Zavaleta \/ Proceso XALAPA, Ver. (apro).- Un mural con los rostros de Rub\u00e9n Espinosa, fotoperiodista colaborador de Proceso, y de Nadia Vera, activista cultural, con las leyendas \u201cEn Defensa de la Memoria\u201d y \u201cJusticia para Todos\u201d, sirvi\u00f3 para conmemorar el tercer aniversario del multihomicidio de la colonia Narvarte, en\u2026","rel":"","context":"En &quot;CINTILLO&quot;","block_context":{"text":"CINTILLO","link":"https:\/\/www.grieta.org.mx\/index.php\/category\/cintillo\/"},"img":{"alt_text":"","src":"https:\/\/i0.wp.com\/www.grieta.org.mx\/wp-content\/uploads\/2018\/08\/jjj-1.jpg?resize=350%2C200&ssl=1","width":350,"height":200,"srcset":"https:\/\/i0.wp.com\/www.grieta.org.mx\/wp-content\/uploads\/2018\/08\/jjj-1.jpg?resize=350%2C200&ssl=1 1x, https:\/\/i0.wp.com\/www.grieta.org.mx\/wp-content\/uploads\/2018\/08\/jjj-1.jpg?resize=525%2C300&ssl=1 1.5x, https:\/\/i0.wp.com\/www.grieta.org.mx\/wp-content\/uploads\/2018\/08\/jjj-1.jpg?resize=700%2C400&ssl=1 2x"},"classes":[]},{"id":7550,"url":"https:\/\/www.grieta.org.mx\/index.php\/2015\/08\/06\/protestan-periodistas-tlaxcaltecas-por-el-crimen-del-periodista-ruben-espinosa\/","url_meta":{"origin":4871,"position":4},"title":"Protestan periodistas tlaxcaltecas por el crimen del periodista Rub\u00e9n Espinosa","author":"grieta","date":"6 agosto, 2015","format":false,"excerpt":"\u00c1gora Plural Los periodistas tlaxcaltecas se congregaron en el Congreso y frente al Palacio de Gobierno Tlaxcala, Tlax; a 6 de agosto 2015 Jorge Lezama En el Congreso de Tlaxcala y frente al palacio de gobierno, periodistas de diversos medios de comunicaci\u00f3n estatales y nacionales se reunieron para protestar en\u2026","rel":"","context":"En &quot;CINTILLO&quot;","block_context":{"text":"CINTILLO","link":"https:\/\/www.grieta.org.mx\/index.php\/category\/cintillo\/"},"img":{"alt_text":"","src":"https:\/\/i0.wp.com\/www.grieta.org.mx\/wp-content\/uploads\/2018\/03\/14524434_1106112876131411_958039263622046936_o.jpg?resize=350%2C200&ssl=1","width":350,"height":200,"srcset":"https:\/\/i0.wp.com\/www.grieta.org.mx\/wp-content\/uploads\/2018\/03\/14524434_1106112876131411_958039263622046936_o.jpg?resize=350%2C200&ssl=1 1x, https:\/\/i0.wp.com\/www.grieta.org.mx\/wp-content\/uploads\/2018\/03\/14524434_1106112876131411_958039263622046936_o.jpg?resize=525%2C300&ssl=1 1.5x, https:\/\/i0.wp.com\/www.grieta.org.mx\/wp-content\/uploads\/2018\/03\/14524434_1106112876131411_958039263622046936_o.jpg?resize=700%2C400&ssl=1 2x"},"classes":[]},{"id":8918,"url":"https:\/\/www.grieta.org.mx\/index.php\/2015\/08\/03\/repudian-periodistas-michoacanos-el-asesinato-de-ruben-espinosa\/","url_meta":{"origin":4871,"position":5},"title":"Repudian periodistas michoacanos el asesinato de Rub\u00e9n Espinosa","author":"Admin","date":"3 agosto, 2015","format":false,"excerpt":"Tanto reporteros gr\u00e1ficos, as\u00ed como escritos exigieron adem\u00e1s un alto definitivo a las agresiones y asesinatos contra periodistas Por Carlos Arrieta Corresponsal Michoac\u00e1n.- De espaldas hacia la clase pol\u00edtica en los eventos convocados para este lunes y con pancartas, fue la manera en la que levantaron la voz los periodistas\u2026","rel":"","context":"En &quot;CINTILLO&quot;","block_context":{"text":"CINTILLO","link":"https:\/\/www.grieta.org.mx\/index.php\/category\/cintillo\/"},"img":{"alt_text":"","src":"https:\/\/i0.wp.com\/www.grieta.org.mx\/wp-content\/uploads\/2018\/03\/14524434_1106112876131411_958039263622046936_o.jpg?resize=350%2C200&ssl=1","width":350,"height":200,"srcset":"https:\/\/i0.wp.com\/www.grieta.org.mx\/wp-content\/uploads\/2018\/03\/14524434_1106112876131411_958039263622046936_o.jpg?resize=350%2C200&ssl=1 1x, https:\/\/i0.wp.com\/www.grieta.org.mx\/wp-content\/uploads\/2018\/03\/14524434_1106112876131411_958039263622046936_o.jpg?resize=525%2C300&ssl=1 1.5x, https:\/\/i0.wp.com\/www.grieta.org.mx\/wp-content\/uploads\/2018\/03\/14524434_1106112876131411_958039263622046936_o.jpg?resize=700%2C400&ssl=1 2x"},"classes":[]}],"_links":{"self":[{"href":"https:\/\/www.grieta.org.mx\/index.php\/wp-json\/wp\/v2\/posts\/4871","targetHints":{"allow":["GET"]}}],"collection":[{"href":"https:\/\/www.grieta.org.mx\/index.php\/wp-json\/wp\/v2\/posts"}],"about":[{"href":"https:\/\/www.grieta.org.mx\/index.php\/wp-json\/wp\/v2\/types\/post"}],"author":[{"embeddable":true,"href":"https:\/\/www.grieta.org.mx\/index.php\/wp-json\/wp\/v2\/users\/2"}],"replies":[{"embeddable":true,"href":"https:\/\/www.grieta.org.mx\/index.php\/wp-json\/wp\/v2\/comments?post=4871"}],"version-history":[{"count":1,"href":"https:\/\/www.grieta.org.mx\/index.php\/wp-json\/wp\/v2\/posts\/4871\/revisions"}],"predecessor-version":[{"id":4873,"href":"https:\/\/www.grieta.org.mx\/index.php\/wp-json\/wp\/v2\/posts\/4871\/revisions\/4873"}],"wp:featuredmedia":[{"embeddable":true,"href":"https:\/\/www.grieta.org.mx\/index.php\/wp-json\/wp\/v2\/media\/21928"}],"wp:attachment":[{"href":"https:\/\/www.grieta.org.mx\/index.php\/wp-json\/wp\/v2\/media?parent=4871"}],"wp:term":[{"taxonomy":"category","embeddable":true,"href":"https:\/\/www.grieta.org.mx\/index.php\/wp-json\/wp\/v2\/categories?post=4871"},{"taxonomy":"post_tag","embeddable":true,"href":"https:\/\/www.grieta.org.mx\/index.php\/wp-json\/wp\/v2\/tags?post=4871"}],"curies":[{"name":"wp","href":"https:\/\/api.w.org\/{rel}","templated":true}]}}