{"id":4868,"date":"2016-03-22T22:20:02","date_gmt":"2016-03-22T22:20:02","guid":{"rendered":"http:\/\/50.22.11.12\/~grietaor\/?p=4868"},"modified":"2016-03-25T22:22:09","modified_gmt":"2016-03-25T22:22:09","slug":"renueva-estado-prorroga-a-mty-vi-ahora-da-9-meses","status":"publish","type":"post","link":"https:\/\/www.grieta.org.mx\/index.php\/2016\/03\/22\/renueva-estado-prorroga-a-mty-vi-ahora-da-9-meses\/","title":{"rendered":"RENUEVA ESTADO PR\u00d3RROGA A MTY VI; AHORA DA 9 MESES"},"content":{"rendered":"<p>No a Monterrey VI<\/p>\n<p>\u00c1ngel Charles<\/p>\n<p>Agua y Drenaje (AyD) de Monterrey anunci\u00f3 ayer una nueva pr\u00f3rroga, ahora de nueve meses, al contrato de APP de Monterrey VI al asegurar que busca mantener viva la concesi\u00f3n de agua del proyecto mientras se define una alternativa.<\/p>\n<p>\u00c9sta es la segunda ocasi\u00f3n en que el Estado pide una pr\u00f3rroga al contrato, ya que en septiembre pasado -en el \u00faltimo mes de la Administraci\u00f3n del Gobernador Rodrigo Medina- aval\u00f3 una extensi\u00f3n de seis meses, que vence esta semana.<\/p>\n<p>Enrique Torres, director de AyD, recalc\u00f3 ayer que la extensi\u00f3n del contrato no significa que vayan a seguir con el pol\u00e9mico esquema original planteado por Medina, al que calific\u00f3 de inviable.<\/p>\n<p>\u201cEstamos decidiendo prorrogarlo porque hoy no tenemos algo que proponerle al Gobierno federal como alternativa\u201d, explic\u00f3 Torres.<\/p>\n<p>\u201cMientras no la tengamos\u201d, dijo, \u201cla \u00fanica manera de mantener viva la concesi\u00f3n (del agua) es manteniendo vivo el proyecto y es a trav\u00e9s del contrato\u201d.<\/p>\n<p>Medina buscaba que Monterrey VI trajera agua de la Cuenca del R\u00edo P\u00e1nuco y fuera financiado por una Asociaci\u00f3n P\u00fablico-Privada (APP) con un costo al erario de m\u00e1s de 60 mil millones de pesos durante 27 a\u00f1os.<\/p>\n<p>Torres detall\u00f3 que el Fondo de Agua Metropolitano, que preside Eugenio Clariond, en conjunto con AyD, est\u00e1 realizando los estudios y en mayo podr\u00eda haber indicios de cu\u00e1l es la mejor alternativa.<\/p>\n<p>\u201cVeremos si es necesario hacer otro contrato o modificar \u00e9se\u201d, dijo.<\/p>\n<p>\u201cLo ideal\u201d, a\u00f1adi\u00f3, \u201ces romper con toda la parte del escepticismo de la sociedad: que son las empresas involucradas\u201d.<\/p>\n<p>Adem\u00e1s de su necesidad y costo, Monterrey VI fue criticado porque en el consorcio que gan\u00f3 la obra est\u00e1n Grupo Higa y Pyecsa, se\u00f1aladas como constructoras favoritas del Presidente Enrique Pe\u00f1a y de Medina, respectivamente.<\/p>\n<p>El titular de AyD asegur\u00f3 ayer que \u201ces incierta\u201d la cantidad que tendr\u00edan que pagar por cancelar el proyecto original porque dependen de las reclamaciones.<\/p>\n<p>-En la transici\u00f3n se habl\u00f3 de 14 millones de pesos, pero ahora el Gobernador Jaime Rodr\u00edguez habla de 600 millones, se le cuestion\u00f3.<\/p>\n<p>\u201cEs lo que viene en la penalidad. Eso es lo escrito (los 14 millones de pesos)\u201d, respondi\u00f3 Torres, \u201cpero eso no contempla los posibles reclamos.<\/p>\n<p>\u201c(Las constructoras) hablan de inversiones grandes para poder llegar al punto donde est\u00e1n.<\/p>\n<p>\u201cSon estudios, compra de algunas cosas, pero no lo conozco, no lo s\u00e9\u201d, a\u00f1adi\u00f3. \u201cEllos tendr\u00e1n que demandarlo y comprobarlo\u201d.<\/p>\n<p><a href=\"http:\/\/noamonterreyvi.com\/2016\/03\/22\/renueva-estado-prorroga-a-mty-vi-9-meses\/\" target=\"_blank\">http:\/\/noamonterreyvi.com\/2016\/03\/22\/renueva-estado-prorroga-a-mty-vi-9-meses\/<\/a><\/p>\n","protected":false},"excerpt":{"rendered":"<p>No a Monterrey VI \u00c1ngel Charles Agua y Drenaje (AyD) de Monterrey anunci\u00f3 ayer una nueva pr\u00f3rroga, ahora de nueve meses, al contrato de APP de Monterrey VI al asegurar &hellip; <a href=\"https:\/\/www.grieta.org.mx\/index.php\/2016\/03\/22\/renueva-estado-prorroga-a-mty-vi-ahora-da-9-meses\/\" class=\"more-link\">Leer m\u00e1s<\/a><\/p>\n","protected":false},"author":2,"featured_media":21928,"comment_status":"closed","ping_status":"open","sticky":false,"template":"","format":"standard","meta":{"ngg_post_thumbnail":0,"_jetpack_newsletter_access":"","_jetpack_dont_email_post_to_subs":false,"_jetpack_newsletter_tier_id":0,"_jetpack_memberships_contains_paywalled_content":false,"_jetpack_memberships_contains_paid_content":false,"footnotes":""},"categories":[80,202,38],"tags":[358],"class_list":["post-4868","post","type-post","status-publish","format-standard","has-post-thumbnail","hentry","category-cintillo","category-nuevo-leon","category-proyectos-hidricos","tag-monterrey-vi","entry"],"jetpack_featured_media_url":"https:\/\/www.grieta.org.mx\/wp-content\/uploads\/2018\/03\/14524434_1106112876131411_958039263622046936_o.jpg","jetpack_sharing_enabled":true,"jetpack_shortlink":"https:\/\/wp.me\/p7ZJR4-1gw","jetpack_likes_enabled":false,"jetpack-related-posts":[{"id":4802,"url":"https:\/\/www.grieta.org.mx\/index.php\/2016\/01\/18\/exigen-con-protesta-frenar-monterrey-vi\/","url_meta":{"origin":4868,"position":0},"title":"Exigen con protesta frenar Monterrey VI","author":"grieta","date":"18 enero, 2016","format":false,"excerpt":"No a Monterrey VI Jos\u00e9 Villas\u00e1ez Monterrey, M\u00e9xico (18 enero 2016).- Con gritos de \u201c\u00a1No a Monterrey VI!\u201d y \u201c\u00a1Cumple, Bronco!\u201d, alrededor de 150 ciudadanos exigieron ayer al Gobernador Jaime Rodr\u00edguez que cumpla su promesa de campa\u00f1a de dar marcha atr\u00e1s a Monterrey VI. Por casi dos horas, integrantes de\u2026","rel":"","context":"En &quot;CINTILLO&quot;","block_context":{"text":"CINTILLO","link":"https:\/\/www.grieta.org.mx\/index.php\/category\/cintillo\/"},"img":{"alt_text":"","src":"https:\/\/i0.wp.com\/www.grieta.org.mx\/wp-content\/uploads\/2018\/03\/14524434_1106112876131411_958039263622046936_o.jpg?resize=350%2C200&ssl=1","width":350,"height":200,"srcset":"https:\/\/i0.wp.com\/www.grieta.org.mx\/wp-content\/uploads\/2018\/03\/14524434_1106112876131411_958039263622046936_o.jpg?resize=350%2C200&ssl=1 1x, https:\/\/i0.wp.com\/www.grieta.org.mx\/wp-content\/uploads\/2018\/03\/14524434_1106112876131411_958039263622046936_o.jpg?resize=525%2C300&ssl=1 1.5x, https:\/\/i0.wp.com\/www.grieta.org.mx\/wp-content\/uploads\/2018\/03\/14524434_1106112876131411_958039263622046936_o.jpg?resize=700%2C400&ssl=1 2x"},"classes":[]},{"id":4833,"url":"https:\/\/www.grieta.org.mx\/index.php\/2016\/02\/19\/avanzaba-mty-vi-sin-bases\/","url_meta":{"origin":4868,"position":1},"title":"AVANZABA MTY VI\u2026 SIN BASES","author":"grieta","date":"19 febrero, 2016","format":false,"excerpt":"No a Monterrey VI Advierte ASF anomal\u00edas. Se\u00f1alan que proyecto se promovi\u00f3 en 2014 sin acreditar viabilidad t\u00e9cnica y financiera Ver\u00f3nica Ayala M\u00c9XICO.- El proyecto hidr\u00e1ulico Monterrey VI fue impulsado por la pasada Administraci\u00f3n estatal sin contar con un esquema financiero viable ni un an\u00e1lisis t\u00e9cnico que sustentaran la obra,\u2026","rel":"","context":"En &quot;CINTILLO&quot;","block_context":{"text":"CINTILLO","link":"https:\/\/www.grieta.org.mx\/index.php\/category\/cintillo\/"},"img":{"alt_text":"","src":"https:\/\/i0.wp.com\/www.grieta.org.mx\/wp-content\/uploads\/2018\/03\/14524434_1106112876131411_958039263622046936_o.jpg?resize=350%2C200&ssl=1","width":350,"height":200,"srcset":"https:\/\/i0.wp.com\/www.grieta.org.mx\/wp-content\/uploads\/2018\/03\/14524434_1106112876131411_958039263622046936_o.jpg?resize=350%2C200&ssl=1 1x, https:\/\/i0.wp.com\/www.grieta.org.mx\/wp-content\/uploads\/2018\/03\/14524434_1106112876131411_958039263622046936_o.jpg?resize=525%2C300&ssl=1 1.5x, https:\/\/i0.wp.com\/www.grieta.org.mx\/wp-content\/uploads\/2018\/03\/14524434_1106112876131411_958039263622046936_o.jpg?resize=700%2C400&ssl=1 2x"},"classes":[]},{"id":4559,"url":"https:\/\/www.grieta.org.mx\/index.php\/2015\/07\/17\/advierten-falta-de-sustento-en-proyecto-monterrey-vi\/","url_meta":{"origin":4868,"position":2},"title":"Advierten falta de sustento en proyecto Monterrey VI","author":"grieta","date":"17 julio, 2015","format":false,"excerpt":"No a Monterrey VI Se\u00f1alan ONGs que documentos evidencian ilegalidad de la obra Perla Mart\u00ednez Mariano N\u00fa\u00f1ez, , representante legal de los organismos en el amparo contra Monterrey VI, calific\u00f3 el proyecto como carente de sustento. Foto: El Norte. Con los documentos obtenidos dentro del juicio de amparo promovido contra\u2026","rel":"","context":"En &quot;CINTILLO&quot;","block_context":{"text":"CINTILLO","link":"https:\/\/www.grieta.org.mx\/index.php\/category\/cintillo\/"},"img":{"alt_text":"","src":"https:\/\/i0.wp.com\/www.grieta.org.mx\/wp-content\/uploads\/2018\/03\/14524434_1106112876131411_958039263622046936_o.jpg?resize=350%2C200&ssl=1","width":350,"height":200,"srcset":"https:\/\/i0.wp.com\/www.grieta.org.mx\/wp-content\/uploads\/2018\/03\/14524434_1106112876131411_958039263622046936_o.jpg?resize=350%2C200&ssl=1 1x, https:\/\/i0.wp.com\/www.grieta.org.mx\/wp-content\/uploads\/2018\/03\/14524434_1106112876131411_958039263622046936_o.jpg?resize=525%2C300&ssl=1 1.5x, https:\/\/i0.wp.com\/www.grieta.org.mx\/wp-content\/uploads\/2018\/03\/14524434_1106112876131411_958039263622046936_o.jpg?resize=700%2C400&ssl=1 2x"},"classes":[]},{"id":4567,"url":"https:\/\/www.grieta.org.mx\/index.php\/2015\/07\/08\/monterrey-vi-cronica-de-una-obra-polemica\/","url_meta":{"origin":4868,"position":3},"title":"Monterrey VI, cr\u00f3nica de una obra pol\u00e9mica","author":"grieta","date":"8 julio, 2015","format":false,"excerpt":"Milenio Eduardo Mendieta Monterrey, NL. Pese a que el proyecto Monterrey VI ha sido considerado desde hace un par de a\u00f1os en los planes de mandatarios estatales y federales, el acueducto ha creado pol\u00e9mica en la sociedad regiomontana casi desde su planteamiento. De acuerdo a reportes period\u00edsticos, el presidente Enrique\u2026","rel":"","context":"En &quot;CINTILLO&quot;","block_context":{"text":"CINTILLO","link":"https:\/\/www.grieta.org.mx\/index.php\/category\/cintillo\/"},"img":{"alt_text":"","src":"https:\/\/i0.wp.com\/www.grieta.org.mx\/wp-content\/uploads\/2018\/03\/14524434_1106112876131411_958039263622046936_o.jpg?resize=350%2C200&ssl=1","width":350,"height":200,"srcset":"https:\/\/i0.wp.com\/www.grieta.org.mx\/wp-content\/uploads\/2018\/03\/14524434_1106112876131411_958039263622046936_o.jpg?resize=350%2C200&ssl=1 1x, https:\/\/i0.wp.com\/www.grieta.org.mx\/wp-content\/uploads\/2018\/03\/14524434_1106112876131411_958039263622046936_o.jpg?resize=525%2C300&ssl=1 1.5x, https:\/\/i0.wp.com\/www.grieta.org.mx\/wp-content\/uploads\/2018\/03\/14524434_1106112876131411_958039263622046936_o.jpg?resize=700%2C400&ssl=1 2x"},"classes":[]},{"id":4534,"url":"https:\/\/www.grieta.org.mx\/index.php\/2015\/10\/10\/confirma-el-bronco-cancelacion-de-monterrey-vi\/","url_meta":{"origin":4868,"position":4},"title":"Confirma \u2018El Bronco\u2019 cancelaci\u00f3n de Monterrey VI","author":"grieta","date":"10 octubre, 2015","format":false,"excerpt":"El ma\u00f1ana Sin recursos para cubrir los costos de la obra Monterrey, N. L. El gobernador del Estado, Jaime Rodr\u00edguez, \u201cEl Bronco\u201d confirm\u00f3 ayer la cancelaci\u00f3n del pol\u00e9mico proyecto hidr\u00e1ulico Monterrey VI, con el cual se pretend\u00eda traer agua del r\u00edo P\u00e1nuco. Durante la reuni\u00f3n del Consejo de Agua y\u2026","rel":"","context":"En &quot;CINTILLO&quot;","block_context":{"text":"CINTILLO","link":"https:\/\/www.grieta.org.mx\/index.php\/category\/cintillo\/"},"img":{"alt_text":"","src":"https:\/\/i0.wp.com\/www.grieta.org.mx\/wp-content\/uploads\/2018\/03\/14524434_1106112876131411_958039263622046936_o.jpg?resize=350%2C200&ssl=1","width":350,"height":200,"srcset":"https:\/\/i0.wp.com\/www.grieta.org.mx\/wp-content\/uploads\/2018\/03\/14524434_1106112876131411_958039263622046936_o.jpg?resize=350%2C200&ssl=1 1x, https:\/\/i0.wp.com\/www.grieta.org.mx\/wp-content\/uploads\/2018\/03\/14524434_1106112876131411_958039263622046936_o.jpg?resize=525%2C300&ssl=1 1.5x, https:\/\/i0.wp.com\/www.grieta.org.mx\/wp-content\/uploads\/2018\/03\/14524434_1106112876131411_958039263622046936_o.jpg?resize=700%2C400&ssl=1 2x"},"classes":[]},{"id":4530,"url":"https:\/\/www.grieta.org.mx\/index.php\/2016\/09\/14\/proyecto-hidraulico-monterrey-vi\/","url_meta":{"origin":4868,"position":5},"title":"Proyecto Hidr\u00e1ulico Monterrey VI","author":"grieta","date":"14 septiembre, 2016","format":false,"excerpt":"13\/09\/16. Admite gobernador acuerdo con EPN sobre Monterrey VI'Milenio Monterrey 14\/08\/16. Proyecto de acueducto en Monterrey 'sigue vivo'El Economista 07\/07\/16. Exigen revisar alternativas a proyecto Monterrey VI Milenio Monterrey 18\/06\/16. Monterrey VI da\u00f1ar\u00eda a sectores productivos Milenio Tamaulipas 21\/05\/16. Planta gobernador a inconformes con Monterrey VI Milenio Monterrey 16\/05\/16. En\u2026","rel":"","context":"En &quot;NOTICIAS NACIONALES&quot;","block_context":{"text":"NOTICIAS NACIONALES","link":"https:\/\/www.grieta.org.mx\/index.php\/category\/noticias-nacionales\/"},"img":{"alt_text":"","src":"https:\/\/i0.wp.com\/www.grieta.org.mx\/wp-content\/uploads\/2018\/03\/14524434_1106112876131411_958039263622046936_o.jpg?resize=350%2C200&ssl=1","width":350,"height":200,"srcset":"https:\/\/i0.wp.com\/www.grieta.org.mx\/wp-content\/uploads\/2018\/03\/14524434_1106112876131411_958039263622046936_o.jpg?resize=350%2C200&ssl=1 1x, https:\/\/i0.wp.com\/www.grieta.org.mx\/wp-content\/uploads\/2018\/03\/14524434_1106112876131411_958039263622046936_o.jpg?resize=525%2C300&ssl=1 1.5x, https:\/\/i0.wp.com\/www.grieta.org.mx\/wp-content\/uploads\/2018\/03\/14524434_1106112876131411_958039263622046936_o.jpg?resize=700%2C400&ssl=1 2x"},"classes":[]}],"_links":{"self":[{"href":"https:\/\/www.grieta.org.mx\/index.php\/wp-json\/wp\/v2\/posts\/4868","targetHints":{"allow":["GET"]}}],"collection":[{"href":"https:\/\/www.grieta.org.mx\/index.php\/wp-json\/wp\/v2\/posts"}],"about":[{"href":"https:\/\/www.grieta.org.mx\/index.php\/wp-json\/wp\/v2\/types\/post"}],"author":[{"embeddable":true,"href":"https:\/\/www.grieta.org.mx\/index.php\/wp-json\/wp\/v2\/users\/2"}],"replies":[{"embeddable":true,"href":"https:\/\/www.grieta.org.mx\/index.php\/wp-json\/wp\/v2\/comments?post=4868"}],"version-history":[{"count":1,"href":"https:\/\/www.grieta.org.mx\/index.php\/wp-json\/wp\/v2\/posts\/4868\/revisions"}],"predecessor-version":[{"id":4869,"href":"https:\/\/www.grieta.org.mx\/index.php\/wp-json\/wp\/v2\/posts\/4868\/revisions\/4869"}],"wp:featuredmedia":[{"embeddable":true,"href":"https:\/\/www.grieta.org.mx\/index.php\/wp-json\/wp\/v2\/media\/21928"}],"wp:attachment":[{"href":"https:\/\/www.grieta.org.mx\/index.php\/wp-json\/wp\/v2\/media?parent=4868"}],"wp:term":[{"taxonomy":"category","embeddable":true,"href":"https:\/\/www.grieta.org.mx\/index.php\/wp-json\/wp\/v2\/categories?post=4868"},{"taxonomy":"post_tag","embeddable":true,"href":"https:\/\/www.grieta.org.mx\/index.php\/wp-json\/wp\/v2\/tags?post=4868"}],"curies":[{"name":"wp","href":"https:\/\/api.w.org\/{rel}","templated":true}]}}