{"id":48677,"date":"2020-05-07T16:24:53","date_gmt":"2020-05-07T21:24:53","guid":{"rendered":"http:\/\/www.grieta.org.mx\/?p=48677"},"modified":"2020-05-11T16:10:18","modified_gmt":"2020-05-11T21:10:18","slug":"obreras-y-obreros-realizan-pintas-contra-la-explotacion-y-condiciones-de-insalubridad-en-las-maquiladoras-en-ciudad-juarez","status":"publish","type":"post","link":"https:\/\/www.grieta.org.mx\/index.php\/2020\/05\/07\/obreras-y-obreros-realizan-pintas-contra-la-explotacion-y-condiciones-de-insalubridad-en-las-maquiladoras-en-ciudad-juarez\/","title":{"rendered":"Obreras y obreros\u00a0realizan pintas contra la explotaci\u00f3n y condiciones de insalubridad en las maquiladoras en Ciudad Ju\u00e1rez"},"content":{"rendered":"<div id=\"magicdomid225\" class=\"ace-line\">&nbsp;<\/div>\n<div id=\"magicdomid4\" class=\"ace-line\"><strong><span class=\"author-a-qz70za7oiyz78zz83zz66zz83zz75zhnz73zs\">Colectivo Grieta, 07 de mayo de 2020<\/span><\/strong><\/div>\n<div>&nbsp;<\/div>\n<div id=\"magicdomid199\" class=\"ace-line\"><span class=\"author-a-qz70za7oiyz78zz83zz66zz83zz75zhnz73zs\">En una acci\u00f3n dislocada, desde las primeras horas del primero de<\/span><span class=\"author-a-k2vz69zgz80zwh21z87zqz72zz73zfx\">&nbsp;<\/span><span class=\"author-a-qz70za7oiyz78zz83zz66zz83zz75zhnz73zs\">mayo de 2020, colectivos de trabajadores y trabajadoras de la industria maquiladora realizaron pintas de denuncia contra las empresas maquiladoras ubicadas en Ciudad Ju\u00e1rez.&nbsp;<\/span><span class=\"author-a-k2vz69zgz80zwh21z87zqz72zz73zfx\">L<\/span><span class=\"author-a-qz70za7oiyz78zz83zz66zz83zz75zhnz73zs\">as paredes y portones de diferentes plantas industriales se llenaron de pintas que, con la consigna &#8220;La Makila&nbsp;<\/span><span class=\"author-a-k2vz69zgz80zwh21z87zqz72zz73zfx\">t<\/span><span class=\"author-a-qz70za7oiyz78zz83zz66zz83zz75zhnz73zs\">e aniquila&#8221; denunciaron las p\u00e9simas condiciones de salubridad que enfrentan todos lo d\u00edas los y las obreras en este tipo de f\u00e1bricas. La movilizaci\u00f3n de los trabajadores de la industria maquiladora ocurre en un momento en el que el gobierno de L\u00f3pez Obrador, as\u00ed como los gobiernos de los estados de la frontera norte de M\u00e9xico han comenzado a hablar de la necesidad de &#8220;<a href=\"https:\/\/www.grieta.org.mx\/index.php\/2020\/05\/05\/desempleo-y-precarizacion-del-trabajo-en-la-industria-maquiladora-en-el-contexto-de-la-pandemia\/\">reabrir<\/a>&#8221; las plantas industriales<\/span><span class=\"author-a-k2vz69zgz80zwh21z87zqz72zz73zfx\">&nbsp;dedicadas a la exportaci\u00f3n<\/span><span class=\"author-a-qz70za7oiyz78zz83zz66zz83zz75zhnz73zs\">,&nbsp;<\/span><span class=\"author-a-k2vz69zgz80zwh21z87zqz72zz73zfx\">c<\/span><span class=\"author-a-qz70za7oiyz78zz83zz66zz83zz75zhnz73zs\">e<\/span><span class=\"author-a-k2vz69zgz80zwh21z87zqz72zz73zfx\">diendo<\/span><span class=\"author-a-qz70za7oiyz78zz83zz66zz83zz75zhnz73zs\">&nbsp;a las presiones de <\/span><span class=\"author-a-k2vz69zgz80zwh21z87zqz72zz73zfx\">reapertura que llegan desde el gobierno de Trump<\/span><span class=\"author-a-qz70za7oiyz78zz83zz66zz83zz75zhnz73zs\">,&nbsp;<\/span><span class=\"author-a-k2vz69zgz80zwh21z87zqz72zz73zfx\">mismas que responden&nbsp;<\/span><span class=\"author-a-qz70za7oiyz78zz83zz66zz83zz75zhnz73zs\">&nbsp;<\/span><span class=\"author-a-k2vz69zgz80zwh21z87zqz72zz73zfx\">a&nbsp;<\/span><span class=\"author-a-qz70za7oiyz78zz83zz66zz83zz75zhnz73zs\">fabricantes de armamento<\/span><span class=\"author-a-k2vz69zgz80zwh21z87zqz72zz73zfx\">&nbsp;y automotrices que<\/span><span class=\"author-a-qz70za7oiyz78zz83zz66zz83zz75zhnz73zs\">&nbsp;dependen de la producci\u00f3n de partes&nbsp;<\/span><span class=\"author-a-k2vz69zgz80zwh21z87zqz72zz73zfx\">elaboradas con<\/span><span class=\"author-a-qz70za7oiyz78zz83zz66zz83zz75zhnz73zs\"> mano de obra barata de este lado de la frontera.&nbsp;<\/span><\/div>\n<div>\n<div>&nbsp;<\/div>\n<div>&nbsp;<\/div>\n<div>\n<figure id=\"attachment_48703\" aria-describedby=\"caption-attachment-48703\" style=\"width: 800px\" class=\"wp-caption aligncenter\"><img loading=\"lazy\" decoding=\"async\" data-attachment-id=\"48703\" data-permalink=\"https:\/\/www.grieta.org.mx\/index.php\/2020\/05\/07\/obreras-y-obreros-realizan-pintas-contra-la-explotacion-y-condiciones-de-insalubridad-en-las-maquiladoras-en-ciudad-juarez\/a-25\/\" data-orig-file=\"https:\/\/www.grieta.org.mx\/wp-content\/uploads\/2020\/05\/A.jpg\" data-orig-size=\"1280,720\" data-comments-opened=\"0\" data-image-meta=\"{&quot;aperture&quot;:&quot;0&quot;,&quot;credit&quot;:&quot;&quot;,&quot;camera&quot;:&quot;&quot;,&quot;caption&quot;:&quot;&quot;,&quot;created_timestamp&quot;:&quot;0&quot;,&quot;copyright&quot;:&quot;&quot;,&quot;focal_length&quot;:&quot;0&quot;,&quot;iso&quot;:&quot;0&quot;,&quot;shutter_speed&quot;:&quot;0&quot;,&quot;title&quot;:&quot;&quot;,&quot;orientation&quot;:&quot;0&quot;}\" data-image-title=\"A\" data-image-description=\"\" data-image-caption=\"\" data-medium-file=\"https:\/\/www.grieta.org.mx\/wp-content\/uploads\/2020\/05\/A-300x169.jpg\" data-large-file=\"https:\/\/www.grieta.org.mx\/wp-content\/uploads\/2020\/05\/A-1024x576.jpg\" class=\"wp-image-48703\" src=\"http:\/\/www.grieta.org.mx\/wp-content\/uploads\/2020\/05\/A.jpg\" alt=\"\" width=\"800\" height=\"450\" srcset=\"https:\/\/www.grieta.org.mx\/wp-content\/uploads\/2020\/05\/A.jpg 1280w, https:\/\/www.grieta.org.mx\/wp-content\/uploads\/2020\/05\/A-300x169.jpg 300w, https:\/\/www.grieta.org.mx\/wp-content\/uploads\/2020\/05\/A-768x432.jpg 768w, https:\/\/www.grieta.org.mx\/wp-content\/uploads\/2020\/05\/A-1024x576.jpg 1024w, https:\/\/www.grieta.org.mx\/wp-content\/uploads\/2020\/05\/A-889x500.jpg 889w\" sizes=\"auto, (max-width: 800px) 100vw, 800px\" \/><figcaption id=\"caption-attachment-48703\" class=\"wp-caption-text\">Foto: Facebook Colectivo Salud, Trabajo y Dignidad<\/figcaption><\/figure>\n<p>&nbsp;<\/p>\n<div>&nbsp;<\/div>\n<div id=\"magicdomid192\" class=\"ace-line\"><span class=\"author-a-qz70za7oiyz78zz83zz66zz83zz75zhnz73zs\">Los trabajadores denuniciaron tanto en sus pintas,&nbsp;<\/span><span class=\"author-a-k2vz69zgz80zwh21z87zqz72zz73zfx\">como en ilustraciones<\/span><span class=\"author-a-qz70za7oiyz78zz83zz66zz83zz75zhnz73zs\">&nbsp;distribu\u00edd<\/span><span class=\"author-a-k2vz69zgz80zwh21z87zqz72zz73zfx\">as<\/span><span class=\"author-a-qz70za7oiyz78zz83zz66zz83zz75zhnz73zs\">&nbsp;de manera electr\u00f3nica, que so<\/span><span class=\"author-a-k2vz69zgz80zwh21z87zqz72zz73zfx\">lamente<\/span><span class=\"author-a-qz70za7oiyz78zz83zz66zz83zz75zhnz73zs\">&nbsp;en Ciudad Ju\u00e1rez, el 69% de los casos de COVID-19 atendidos en los hospitales&nbsp; corresponden a trabaj<\/span><span class=\"author-a-k2vz69zgz80zwh21z87zqz72zz73zfx\">a<\/span><span class=\"author-a-qz70za7oiyz78zz83zz66zz83zz75zhnz73zs\">dores<\/span><span class=\"author-a-k2vz69zgz80zwh21z87zqz72zz73zfx\">&nbsp;y trabajadoras<\/span><span class=\"author-a-qz70za7oiyz78zz83zz66zz83zz75zhnz73zs\">&nbsp;de la industria maquiladora. Al mismo tiempo se\u00f1alan que muchas de las plantas se han mantenido abiertas, a pesar de producir productos como cables el\u00e9ctricos y textiles para la industria automotriz, los cuales no debe<\/span><span class=\"author-a-k2vz69zgz80zwh21z87zqz72zz73zfx\">\u00edan ser<\/span><span class=\"author-a-qz70za7oiyz78zz83zz66zz83zz75zhnz73zs\"> ser considerados como &#8220;actividad esencial&#8221;. En sus <a href=\"https:\/\/www.facebook.com\/Salud-trabajo-y-dignidad-Ju%C3%A1rez-100224838335693\/?pageid=100224838335693&amp;ftentidentifier=121365892888254&amp;padding=0\">publicaciones<\/a> de facebook<\/span><span class=\"author-a-qz70za7oiyz78zz83zz66zz83zz75zhnz73zs\"> el colectivo SALUD, TRABAJO Y DIGNIDAD<\/span><span class=\"author-a-qz70za7oiyz78zz83zz66zz83zz75zhnz73zs\">&nbsp;se\u00f1al\u00f3 adem\u00e1s que mientras&nbsp;<\/span><span class=\"author-a-k2vz69zgz80zwh21z87zqz72zz73zfx\">que<\/span><span class=\"author-a-qz70za7oiyz78zz83zz66zz83zz75zhnz73zs\">&nbsp;Ciudad Ju\u00e1rez no es considerada&nbsp;<\/span><span class=\"author-a-k2vz69zgz80zwh21z87zqz72zz73zfx\">por el presidente L\u00f3pez Obrador como&nbsp;<\/span><span class=\"author-a-qz70za7oiyz78zz83zz66zz83zz75zhnz73zs\">una zona de alto contagio, entre los 392 casos de COVID-19 que se reconocen oficialmente para la ciudad, la tasa de mortalidad es del 28%, superior a la ya elevada tasa de defunciones que hay en M\u00e9xico por la enfermedad (alrededor del 10% de los casos confirmados seg\u00fan las cifras que se pueden conocer en este momento). &#8220;Capitalismo salvaje&#8221;, resume una de las pintas efectuadas la madrugada del pasado viernes. Y es que por lo dem\u00e1s,&nbsp;<\/span><span class=\"author-a-k2vz69zgz80zwh21z87zqz72zz73zfx\">las&nbsp;<\/span><span class=\"author-a-qz70za7oiyz78zz83zz66zz83zz75zhnz73zs\">condiciones de trabajo que ya eran insalubres antes de la pandemia, son ahora un riesgo real de muerte.<\/span><\/div>\n<div>&nbsp;<\/div>\n<div id=\"magicdomid8\" class=\"ace-line\">&nbsp;<\/div>\n<div id=\"magicdomid195\" class=\"ace-line\"><span class=\"author-a-qz70za7oiyz78zz83zz66zz83zz75zhnz73zs\">&nbsp;<\/span><\/div>\n<\/div>\n<div>&nbsp;<\/div>\n<div>\n<figure id=\"attachment_48705\" aria-describedby=\"caption-attachment-48705\" style=\"width: 800px\" class=\"wp-caption aligncenter\"><img loading=\"lazy\" decoding=\"async\" data-attachment-id=\"48705\" data-permalink=\"https:\/\/www.grieta.org.mx\/index.php\/2020\/05\/07\/obreras-y-obreros-realizan-pintas-contra-la-explotacion-y-condiciones-de-insalubridad-en-las-maquiladoras-en-ciudad-juarez\/c-10\/\" data-orig-file=\"https:\/\/www.grieta.org.mx\/wp-content\/uploads\/2020\/05\/C.jpg\" data-orig-size=\"1216,684\" data-comments-opened=\"0\" data-image-meta=\"{&quot;aperture&quot;:&quot;0&quot;,&quot;credit&quot;:&quot;&quot;,&quot;camera&quot;:&quot;&quot;,&quot;caption&quot;:&quot;&quot;,&quot;created_timestamp&quot;:&quot;0&quot;,&quot;copyright&quot;:&quot;&quot;,&quot;focal_length&quot;:&quot;0&quot;,&quot;iso&quot;:&quot;0&quot;,&quot;shutter_speed&quot;:&quot;0&quot;,&quot;title&quot;:&quot;&quot;,&quot;orientation&quot;:&quot;0&quot;}\" data-image-title=\"C\" data-image-description=\"\" data-image-caption=\"\" data-medium-file=\"https:\/\/www.grieta.org.mx\/wp-content\/uploads\/2020\/05\/C-300x169.jpg\" data-large-file=\"https:\/\/www.grieta.org.mx\/wp-content\/uploads\/2020\/05\/C-1024x576.jpg\" class=\"wp-image-48705\" src=\"http:\/\/www.grieta.org.mx\/wp-content\/uploads\/2020\/05\/C.jpg\" alt=\"\" width=\"800\" height=\"450\" srcset=\"https:\/\/www.grieta.org.mx\/wp-content\/uploads\/2020\/05\/C.jpg 1216w, https:\/\/www.grieta.org.mx\/wp-content\/uploads\/2020\/05\/C-300x169.jpg 300w, https:\/\/www.grieta.org.mx\/wp-content\/uploads\/2020\/05\/C-768x432.jpg 768w, https:\/\/www.grieta.org.mx\/wp-content\/uploads\/2020\/05\/C-1024x576.jpg 1024w, https:\/\/www.grieta.org.mx\/wp-content\/uploads\/2020\/05\/C-889x500.jpg 889w\" sizes=\"auto, (max-width: 800px) 100vw, 800px\" \/><figcaption id=\"caption-attachment-48705\" class=\"wp-caption-text\">Foto: Facebook Colectivo Salud, Trabajo y Dignidad<\/figcaption><\/figure>\n<\/div>\n<div>&nbsp;<\/div>\n<div>\n<figure id=\"attachment_48706\" aria-describedby=\"caption-attachment-48706\" style=\"width: 800px\" class=\"wp-caption aligncenter\"><img loading=\"lazy\" decoding=\"async\" data-attachment-id=\"48706\" data-permalink=\"https:\/\/www.grieta.org.mx\/index.php\/2020\/05\/07\/obreras-y-obreros-realizan-pintas-contra-la-explotacion-y-condiciones-de-insalubridad-en-las-maquiladoras-en-ciudad-juarez\/d-8\/\" data-orig-file=\"https:\/\/www.grieta.org.mx\/wp-content\/uploads\/2020\/05\/D.jpg\" data-orig-size=\"1216,684\" data-comments-opened=\"0\" data-image-meta=\"{&quot;aperture&quot;:&quot;0&quot;,&quot;credit&quot;:&quot;&quot;,&quot;camera&quot;:&quot;&quot;,&quot;caption&quot;:&quot;&quot;,&quot;created_timestamp&quot;:&quot;0&quot;,&quot;copyright&quot;:&quot;&quot;,&quot;focal_length&quot;:&quot;0&quot;,&quot;iso&quot;:&quot;0&quot;,&quot;shutter_speed&quot;:&quot;0&quot;,&quot;title&quot;:&quot;&quot;,&quot;orientation&quot;:&quot;0&quot;}\" data-image-title=\"D\" data-image-description=\"\" data-image-caption=\"\" data-medium-file=\"https:\/\/www.grieta.org.mx\/wp-content\/uploads\/2020\/05\/D-300x169.jpg\" data-large-file=\"https:\/\/www.grieta.org.mx\/wp-content\/uploads\/2020\/05\/D-1024x576.jpg\" class=\"wp-image-48706\" src=\"http:\/\/www.grieta.org.mx\/wp-content\/uploads\/2020\/05\/D.jpg\" alt=\"\" width=\"800\" height=\"450\" srcset=\"https:\/\/www.grieta.org.mx\/wp-content\/uploads\/2020\/05\/D.jpg 1216w, https:\/\/www.grieta.org.mx\/wp-content\/uploads\/2020\/05\/D-300x169.jpg 300w, https:\/\/www.grieta.org.mx\/wp-content\/uploads\/2020\/05\/D-768x432.jpg 768w, https:\/\/www.grieta.org.mx\/wp-content\/uploads\/2020\/05\/D-1024x576.jpg 1024w, https:\/\/www.grieta.org.mx\/wp-content\/uploads\/2020\/05\/D-889x500.jpg 889w\" sizes=\"auto, (max-width: 800px) 100vw, 800px\" \/><figcaption id=\"caption-attachment-48706\" class=\"wp-caption-text\">Foto: Facebook Colectivo Salud, Trabajo y Dignidad<\/figcaption><\/figure>\n<\/div>\n<\/div>\n<div>&nbsp;<\/div>\n<div>&nbsp;<\/div>\n<div><span class=\"author-a-qz70za7oiyz78zz83zz66zz83zz75zhnz73zs\">Los colectivos de trabajadores denuncian&nbsp; que las opciones que los patrones le han planteado a los trabajadores son \u00fanicamente tres: 1) renunciar voluntariamente a sus trabajos, 2) quedarse en su casa, recibiendo solo medio sueldo, o 3) continuar trabaj<\/span><span class=\"author-a-k2vz69zgz80zwh21z87zqz72zz73zfx\">a<\/span><span class=\"author-a-qz70za7oiyz78zz83zz66zz83zz75zhnz73zs\">n<\/span><span class=\"author-a-k2vz69zgz80zwh21z87zqz72zz73zfx\">d<\/span><span class=\"author-a-qz70za7oiyz78zz83zz66zz83zz75zhnz73zs\">o normalmente a cambio de recibir un bono de entre 700 y 1200 pesos. Para los empresarios la vida es una mercanc\u00eda m\u00e1s y la sana distancia se mide en pesos y d\u00f3lares en la forma de ganancias extra\u00eddas de los de abajo. Para los y las trabajadoras de la maquila en Ciudad Ju\u00e1rez la cosa es igualmente clara &#8220;la vida por encima de las ganancias&#8221;. As\u00ed, en medio de la pandemia de COVID-19, no hubo desfiles, no hubo actos de relumbr\u00f3n, pero en las calles de Ju\u00e1rez, la lucha sigue y el ingenio de la gente de a pie se hizo patente en las paredes, ara\u00f1ando grietas en el muro.<\/span><\/div>\n<div>&nbsp;<\/div>\n<div>&nbsp;<\/div>\n<div>&nbsp;<\/div>\n<div>\n<div>\n<figure id=\"attachment_48708\" aria-describedby=\"caption-attachment-48708\" style=\"width: 800px\" class=\"wp-caption aligncenter\"><img loading=\"lazy\" decoding=\"async\" data-attachment-id=\"48708\" data-permalink=\"https:\/\/www.grieta.org.mx\/index.php\/2020\/05\/07\/obreras-y-obreros-realizan-pintas-contra-la-explotacion-y-condiciones-de-insalubridad-en-las-maquiladoras-en-ciudad-juarez\/f\/\" data-orig-file=\"https:\/\/www.grieta.org.mx\/wp-content\/uploads\/2020\/05\/F.jpg\" data-orig-size=\"1040,780\" data-comments-opened=\"0\" data-image-meta=\"{&quot;aperture&quot;:&quot;0&quot;,&quot;credit&quot;:&quot;&quot;,&quot;camera&quot;:&quot;&quot;,&quot;caption&quot;:&quot;&quot;,&quot;created_timestamp&quot;:&quot;0&quot;,&quot;copyright&quot;:&quot;&quot;,&quot;focal_length&quot;:&quot;0&quot;,&quot;iso&quot;:&quot;0&quot;,&quot;shutter_speed&quot;:&quot;0&quot;,&quot;title&quot;:&quot;&quot;,&quot;orientation&quot;:&quot;0&quot;}\" data-image-title=\"F\" data-image-description=\"\" data-image-caption=\"\" data-medium-file=\"https:\/\/www.grieta.org.mx\/wp-content\/uploads\/2020\/05\/F-300x225.jpg\" data-large-file=\"https:\/\/www.grieta.org.mx\/wp-content\/uploads\/2020\/05\/F-1024x768.jpg\" class=\"wp-image-48708\" src=\"http:\/\/www.grieta.org.mx\/wp-content\/uploads\/2020\/05\/F.jpg\" alt=\"\" width=\"800\" height=\"600\" srcset=\"https:\/\/www.grieta.org.mx\/wp-content\/uploads\/2020\/05\/F.jpg 1040w, https:\/\/www.grieta.org.mx\/wp-content\/uploads\/2020\/05\/F-300x225.jpg 300w, https:\/\/www.grieta.org.mx\/wp-content\/uploads\/2020\/05\/F-768x576.jpg 768w, https:\/\/www.grieta.org.mx\/wp-content\/uploads\/2020\/05\/F-1024x768.jpg 1024w, https:\/\/www.grieta.org.mx\/wp-content\/uploads\/2020\/05\/F-667x500.jpg 667w\" sizes=\"auto, (max-width: 800px) 100vw, 800px\" \/><figcaption id=\"caption-attachment-48708\" class=\"wp-caption-text\">Foto: Facebook Colectivo Salud, Trabajo y Dignidad<\/figcaption><\/figure>\n<figure id=\"attachment_48707\" aria-describedby=\"caption-attachment-48707\" style=\"width: 600px\" class=\"wp-caption aligncenter\"><img loading=\"lazy\" decoding=\"async\" data-attachment-id=\"48707\" data-permalink=\"https:\/\/www.grieta.org.mx\/index.php\/2020\/05\/07\/obreras-y-obreros-realizan-pintas-contra-la-explotacion-y-condiciones-de-insalubridad-en-las-maquiladoras-en-ciudad-juarez\/e-3\/\" data-orig-file=\"https:\/\/www.grieta.org.mx\/wp-content\/uploads\/2020\/05\/E.jpg\" data-orig-size=\"780,1040\" data-comments-opened=\"0\" data-image-meta=\"{&quot;aperture&quot;:&quot;0&quot;,&quot;credit&quot;:&quot;&quot;,&quot;camera&quot;:&quot;&quot;,&quot;caption&quot;:&quot;&quot;,&quot;created_timestamp&quot;:&quot;0&quot;,&quot;copyright&quot;:&quot;&quot;,&quot;focal_length&quot;:&quot;0&quot;,&quot;iso&quot;:&quot;0&quot;,&quot;shutter_speed&quot;:&quot;0&quot;,&quot;title&quot;:&quot;&quot;,&quot;orientation&quot;:&quot;0&quot;}\" data-image-title=\"E\" data-image-description=\"\" data-image-caption=\"\" data-medium-file=\"https:\/\/www.grieta.org.mx\/wp-content\/uploads\/2020\/05\/E-225x300.jpg\" data-large-file=\"https:\/\/www.grieta.org.mx\/wp-content\/uploads\/2020\/05\/E-768x1024.jpg\" class=\"wp-image-48707\" src=\"http:\/\/www.grieta.org.mx\/wp-content\/uploads\/2020\/05\/E.jpg\" alt=\"\" width=\"600\" height=\"800\" srcset=\"https:\/\/www.grieta.org.mx\/wp-content\/uploads\/2020\/05\/E.jpg 780w, https:\/\/www.grieta.org.mx\/wp-content\/uploads\/2020\/05\/E-225x300.jpg 225w, https:\/\/www.grieta.org.mx\/wp-content\/uploads\/2020\/05\/E-768x1024.jpg 768w, https:\/\/www.grieta.org.mx\/wp-content\/uploads\/2020\/05\/E-375x500.jpg 375w\" sizes=\"auto, (max-width: 600px) 100vw, 600px\" \/><figcaption id=\"caption-attachment-48707\" class=\"wp-caption-text\">Foto: Facebook Colectivo Salud, Trabajo y Dignidad<\/figcaption><\/figure>\n<\/div>\n<div>&nbsp;<\/div>\n<div>&nbsp;<\/div>\n<div>&nbsp;<\/div>\n<div>&nbsp;<\/div>\n<div>\n<figure id=\"attachment_48714\" aria-describedby=\"caption-attachment-48714\" style=\"width: 800px\" class=\"wp-caption aligncenter\"><img loading=\"lazy\" decoding=\"async\" data-attachment-id=\"48714\" data-permalink=\"https:\/\/www.grieta.org.mx\/index.php\/2020\/05\/07\/obreras-y-obreros-realizan-pintas-contra-la-explotacion-y-condiciones-de-insalubridad-en-las-maquiladoras-en-ciudad-juarez\/l-2\/\" data-orig-file=\"https:\/\/www.grieta.org.mx\/wp-content\/uploads\/2020\/05\/L-1.jpg\" data-orig-size=\"1024,768\" data-comments-opened=\"0\" data-image-meta=\"{&quot;aperture&quot;:&quot;0&quot;,&quot;credit&quot;:&quot;&quot;,&quot;camera&quot;:&quot;&quot;,&quot;caption&quot;:&quot;&quot;,&quot;created_timestamp&quot;:&quot;0&quot;,&quot;copyright&quot;:&quot;&quot;,&quot;focal_length&quot;:&quot;0&quot;,&quot;iso&quot;:&quot;0&quot;,&quot;shutter_speed&quot;:&quot;0&quot;,&quot;title&quot;:&quot;&quot;,&quot;orientation&quot;:&quot;0&quot;}\" data-image-title=\"L\" data-image-description=\"\" data-image-caption=\"\" data-medium-file=\"https:\/\/www.grieta.org.mx\/wp-content\/uploads\/2020\/05\/L-1-300x225.jpg\" data-large-file=\"https:\/\/www.grieta.org.mx\/wp-content\/uploads\/2020\/05\/L-1-1024x768.jpg\" class=\"wp-image-48714\" src=\"http:\/\/www.grieta.org.mx\/wp-content\/uploads\/2020\/05\/L-1.jpg\" alt=\"\" width=\"800\" height=\"600\" srcset=\"https:\/\/www.grieta.org.mx\/wp-content\/uploads\/2020\/05\/L-1.jpg 1024w, https:\/\/www.grieta.org.mx\/wp-content\/uploads\/2020\/05\/L-1-300x225.jpg 300w, https:\/\/www.grieta.org.mx\/wp-content\/uploads\/2020\/05\/L-1-768x576.jpg 768w, https:\/\/www.grieta.org.mx\/wp-content\/uploads\/2020\/05\/L-1-667x500.jpg 667w\" sizes=\"auto, (max-width: 800px) 100vw, 800px\" \/><figcaption id=\"caption-attachment-48714\" class=\"wp-caption-text\">Foto: Facebook Colectivo Salud, Trabajo y Dignidad<\/figcaption><\/figure>\n<figure id=\"attachment_48713\" aria-describedby=\"caption-attachment-48713\" style=\"width: 600px\" class=\"wp-caption aligncenter\"><img loading=\"lazy\" decoding=\"async\" data-attachment-id=\"48713\" data-permalink=\"https:\/\/www.grieta.org.mx\/index.php\/2020\/05\/07\/obreras-y-obreros-realizan-pintas-contra-la-explotacion-y-condiciones-de-insalubridad-en-las-maquiladoras-en-ciudad-juarez\/k\/\" data-orig-file=\"https:\/\/www.grieta.org.mx\/wp-content\/uploads\/2020\/05\/K.jpg\" data-orig-size=\"780,1040\" data-comments-opened=\"0\" data-image-meta=\"{&quot;aperture&quot;:&quot;0&quot;,&quot;credit&quot;:&quot;&quot;,&quot;camera&quot;:&quot;&quot;,&quot;caption&quot;:&quot;&quot;,&quot;created_timestamp&quot;:&quot;0&quot;,&quot;copyright&quot;:&quot;&quot;,&quot;focal_length&quot;:&quot;0&quot;,&quot;iso&quot;:&quot;0&quot;,&quot;shutter_speed&quot;:&quot;0&quot;,&quot;title&quot;:&quot;&quot;,&quot;orientation&quot;:&quot;0&quot;}\" data-image-title=\"K\" data-image-description=\"\" data-image-caption=\"\" data-medium-file=\"https:\/\/www.grieta.org.mx\/wp-content\/uploads\/2020\/05\/K-225x300.jpg\" data-large-file=\"https:\/\/www.grieta.org.mx\/wp-content\/uploads\/2020\/05\/K-768x1024.jpg\" class=\"wp-image-48713\" src=\"http:\/\/www.grieta.org.mx\/wp-content\/uploads\/2020\/05\/K.jpg\" alt=\"\" width=\"600\" height=\"800\" srcset=\"https:\/\/www.grieta.org.mx\/wp-content\/uploads\/2020\/05\/K.jpg 780w, https:\/\/www.grieta.org.mx\/wp-content\/uploads\/2020\/05\/K-225x300.jpg 225w, https:\/\/www.grieta.org.mx\/wp-content\/uploads\/2020\/05\/K-768x1024.jpg 768w, https:\/\/www.grieta.org.mx\/wp-content\/uploads\/2020\/05\/K-375x500.jpg 375w\" sizes=\"auto, (max-width: 600px) 100vw, 600px\" \/><figcaption id=\"caption-attachment-48713\" class=\"wp-caption-text\">Foto: Facebook Colectivo Salud, Trabajo y Dignidad<\/figcaption><\/figure>\n<\/div>\n<div>&nbsp;<\/div>\n<\/div>\n<div id=\"magicdomid6\" class=\"ace-line\">&nbsp;<\/div>\n<div id=\"magicdomid195\" class=\"ace-line\">&nbsp;<\/div>\n<div>&nbsp;<\/div>\n<div>Ilustraciones distribuidas por los y las trabajadoras:<\/div>\n<div><img loading=\"lazy\" decoding=\"async\" data-attachment-id=\"48681\" data-permalink=\"https:\/\/www.grieta.org.mx\/index.php\/2020\/05\/07\/obreras-y-obreros-realizan-pintas-contra-la-explotacion-y-condiciones-de-insalubridad-en-las-maquiladoras-en-ciudad-juarez\/1-61\/\" data-orig-file=\"https:\/\/www.grieta.org.mx\/wp-content\/uploads\/2020\/05\/1-2.jpg\" data-orig-size=\"960,960\" data-comments-opened=\"0\" data-image-meta=\"{&quot;aperture&quot;:&quot;0&quot;,&quot;credit&quot;:&quot;&quot;,&quot;camera&quot;:&quot;&quot;,&quot;caption&quot;:&quot;&quot;,&quot;created_timestamp&quot;:&quot;0&quot;,&quot;copyright&quot;:&quot;&quot;,&quot;focal_length&quot;:&quot;0&quot;,&quot;iso&quot;:&quot;0&quot;,&quot;shutter_speed&quot;:&quot;0&quot;,&quot;title&quot;:&quot;&quot;,&quot;orientation&quot;:&quot;0&quot;}\" data-image-title=\"1\" data-image-description=\"\" data-image-caption=\"\" data-medium-file=\"https:\/\/www.grieta.org.mx\/wp-content\/uploads\/2020\/05\/1-2-300x300.jpg\" data-large-file=\"https:\/\/www.grieta.org.mx\/wp-content\/uploads\/2020\/05\/1-2.jpg\" class=\"alignleft wp-image-48681\" src=\"http:\/\/www.grieta.org.mx\/wp-content\/uploads\/2020\/05\/1-2.jpg\" alt=\"\" width=\"600\" height=\"600\" srcset=\"https:\/\/www.grieta.org.mx\/wp-content\/uploads\/2020\/05\/1-2.jpg 960w, https:\/\/www.grieta.org.mx\/wp-content\/uploads\/2020\/05\/1-2-150x150.jpg 150w, https:\/\/www.grieta.org.mx\/wp-content\/uploads\/2020\/05\/1-2-300x300.jpg 300w, https:\/\/www.grieta.org.mx\/wp-content\/uploads\/2020\/05\/1-2-768x768.jpg 768w, https:\/\/www.grieta.org.mx\/wp-content\/uploads\/2020\/05\/1-2-130x130.jpg 130w, https:\/\/www.grieta.org.mx\/wp-content\/uploads\/2020\/05\/1-2-500x500.jpg 500w\" sizes=\"auto, (max-width: 600px) 100vw, 600px\" \/><\/div>\n<div><img loading=\"lazy\" decoding=\"async\" data-attachment-id=\"48682\" data-permalink=\"https:\/\/www.grieta.org.mx\/index.php\/2020\/05\/07\/obreras-y-obreros-realizan-pintas-contra-la-explotacion-y-condiciones-de-insalubridad-en-las-maquiladoras-en-ciudad-juarez\/2-54\/\" data-orig-file=\"https:\/\/www.grieta.org.mx\/wp-content\/uploads\/2020\/05\/2-1.jpg\" data-orig-size=\"960,960\" data-comments-opened=\"0\" data-image-meta=\"{&quot;aperture&quot;:&quot;0&quot;,&quot;credit&quot;:&quot;&quot;,&quot;camera&quot;:&quot;&quot;,&quot;caption&quot;:&quot;&quot;,&quot;created_timestamp&quot;:&quot;0&quot;,&quot;copyright&quot;:&quot;&quot;,&quot;focal_length&quot;:&quot;0&quot;,&quot;iso&quot;:&quot;0&quot;,&quot;shutter_speed&quot;:&quot;0&quot;,&quot;title&quot;:&quot;&quot;,&quot;orientation&quot;:&quot;0&quot;}\" data-image-title=\"2\" data-image-description=\"\" data-image-caption=\"\" data-medium-file=\"https:\/\/www.grieta.org.mx\/wp-content\/uploads\/2020\/05\/2-1-300x300.jpg\" data-large-file=\"https:\/\/www.grieta.org.mx\/wp-content\/uploads\/2020\/05\/2-1.jpg\" class=\"alignleft wp-image-48682\" src=\"http:\/\/www.grieta.org.mx\/wp-content\/uploads\/2020\/05\/2-1.jpg\" alt=\"\" width=\"600\" height=\"600\" srcset=\"https:\/\/www.grieta.org.mx\/wp-content\/uploads\/2020\/05\/2-1.jpg 960w, https:\/\/www.grieta.org.mx\/wp-content\/uploads\/2020\/05\/2-1-150x150.jpg 150w, https:\/\/www.grieta.org.mx\/wp-content\/uploads\/2020\/05\/2-1-300x300.jpg 300w, https:\/\/www.grieta.org.mx\/wp-content\/uploads\/2020\/05\/2-1-768x768.jpg 768w, https:\/\/www.grieta.org.mx\/wp-content\/uploads\/2020\/05\/2-1-130x130.jpg 130w, https:\/\/www.grieta.org.mx\/wp-content\/uploads\/2020\/05\/2-1-500x500.jpg 500w\" sizes=\"auto, (max-width: 600px) 100vw, 600px\" \/><\/div>\n<div><img loading=\"lazy\" decoding=\"async\" data-attachment-id=\"48683\" data-permalink=\"https:\/\/www.grieta.org.mx\/index.php\/2020\/05\/07\/obreras-y-obreros-realizan-pintas-contra-la-explotacion-y-condiciones-de-insalubridad-en-las-maquiladoras-en-ciudad-juarez\/3-copia\/\" data-orig-file=\"https:\/\/www.grieta.org.mx\/wp-content\/uploads\/2020\/05\/3-copia.jpg\" data-orig-size=\"960,960\" data-comments-opened=\"0\" data-image-meta=\"{&quot;aperture&quot;:&quot;0&quot;,&quot;credit&quot;:&quot;&quot;,&quot;camera&quot;:&quot;&quot;,&quot;caption&quot;:&quot;&quot;,&quot;created_timestamp&quot;:&quot;0&quot;,&quot;copyright&quot;:&quot;&quot;,&quot;focal_length&quot;:&quot;0&quot;,&quot;iso&quot;:&quot;0&quot;,&quot;shutter_speed&quot;:&quot;0&quot;,&quot;title&quot;:&quot;&quot;,&quot;orientation&quot;:&quot;0&quot;}\" data-image-title=\"3 &amp;#8211; copia\" data-image-description=\"\" data-image-caption=\"\" data-medium-file=\"https:\/\/www.grieta.org.mx\/wp-content\/uploads\/2020\/05\/3-copia-300x300.jpg\" data-large-file=\"https:\/\/www.grieta.org.mx\/wp-content\/uploads\/2020\/05\/3-copia.jpg\" class=\"alignleft wp-image-48683\" src=\"http:\/\/www.grieta.org.mx\/wp-content\/uploads\/2020\/05\/3-copia.jpg\" alt=\"\" width=\"600\" height=\"600\" srcset=\"https:\/\/www.grieta.org.mx\/wp-content\/uploads\/2020\/05\/3-copia.jpg 960w, https:\/\/www.grieta.org.mx\/wp-content\/uploads\/2020\/05\/3-copia-150x150.jpg 150w, https:\/\/www.grieta.org.mx\/wp-content\/uploads\/2020\/05\/3-copia-300x300.jpg 300w, https:\/\/www.grieta.org.mx\/wp-content\/uploads\/2020\/05\/3-copia-768x768.jpg 768w, https:\/\/www.grieta.org.mx\/wp-content\/uploads\/2020\/05\/3-copia-130x130.jpg 130w, https:\/\/www.grieta.org.mx\/wp-content\/uploads\/2020\/05\/3-copia-500x500.jpg 500w\" sizes=\"auto, (max-width: 600px) 100vw, 600px\" \/><\/div>\n<div>&nbsp;<\/div>\n<div>&nbsp;<\/div>\n<div>&nbsp;<\/div>\n<div>&nbsp;<\/div>\n<div>&nbsp;<\/div>\n<div>&nbsp;<\/div>\n<div>&nbsp;<\/div>\n<div>&nbsp;<\/div>\n<div>&nbsp;<\/div>\n<div>&nbsp;<\/div>\n<div>&nbsp;<\/div>\n<div><img loading=\"lazy\" decoding=\"async\" data-attachment-id=\"48687\" data-permalink=\"https:\/\/www.grieta.org.mx\/index.php\/2020\/05\/07\/obreras-y-obreros-realizan-pintas-contra-la-explotacion-y-condiciones-de-insalubridad-en-las-maquiladoras-en-ciudad-juarez\/5-24\/\" data-orig-file=\"https:\/\/www.grieta.org.mx\/wp-content\/uploads\/2020\/05\/5.jpg\" data-orig-size=\"960,960\" data-comments-opened=\"0\" data-image-meta=\"{&quot;aperture&quot;:&quot;0&quot;,&quot;credit&quot;:&quot;&quot;,&quot;camera&quot;:&quot;&quot;,&quot;caption&quot;:&quot;&quot;,&quot;created_timestamp&quot;:&quot;0&quot;,&quot;copyright&quot;:&quot;&quot;,&quot;focal_length&quot;:&quot;0&quot;,&quot;iso&quot;:&quot;0&quot;,&quot;shutter_speed&quot;:&quot;0&quot;,&quot;title&quot;:&quot;&quot;,&quot;orientation&quot;:&quot;0&quot;}\" data-image-title=\"5\" data-image-description=\"\" data-image-caption=\"\" data-medium-file=\"https:\/\/www.grieta.org.mx\/wp-content\/uploads\/2020\/05\/5-300x300.jpg\" data-large-file=\"https:\/\/www.grieta.org.mx\/wp-content\/uploads\/2020\/05\/5.jpg\" class=\"alignleft wp-image-48687\" src=\"http:\/\/www.grieta.org.mx\/wp-content\/uploads\/2020\/05\/5.jpg\" alt=\"\" width=\"600\" height=\"600\" srcset=\"https:\/\/www.grieta.org.mx\/wp-content\/uploads\/2020\/05\/5.jpg 960w, https:\/\/www.grieta.org.mx\/wp-content\/uploads\/2020\/05\/5-150x150.jpg 150w, https:\/\/www.grieta.org.mx\/wp-content\/uploads\/2020\/05\/5-300x300.jpg 300w, https:\/\/www.grieta.org.mx\/wp-content\/uploads\/2020\/05\/5-768x768.jpg 768w, https:\/\/www.grieta.org.mx\/wp-content\/uploads\/2020\/05\/5-130x130.jpg 130w, https:\/\/www.grieta.org.mx\/wp-content\/uploads\/2020\/05\/5-500x500.jpg 500w\" sizes=\"auto, (max-width: 600px) 100vw, 600px\" \/><\/div>\n<div><img loading=\"lazy\" decoding=\"async\" data-attachment-id=\"48694\" data-permalink=\"https:\/\/www.grieta.org.mx\/index.php\/2020\/05\/07\/obreras-y-obreros-realizan-pintas-contra-la-explotacion-y-condiciones-de-insalubridad-en-las-maquiladoras-en-ciudad-juarez\/9-12\/\" data-orig-file=\"https:\/\/www.grieta.org.mx\/wp-content\/uploads\/2020\/05\/9.jpg\" data-orig-size=\"960,960\" data-comments-opened=\"0\" data-image-meta=\"{&quot;aperture&quot;:&quot;0&quot;,&quot;credit&quot;:&quot;&quot;,&quot;camera&quot;:&quot;&quot;,&quot;caption&quot;:&quot;&quot;,&quot;created_timestamp&quot;:&quot;0&quot;,&quot;copyright&quot;:&quot;&quot;,&quot;focal_length&quot;:&quot;0&quot;,&quot;iso&quot;:&quot;0&quot;,&quot;shutter_speed&quot;:&quot;0&quot;,&quot;title&quot;:&quot;&quot;,&quot;orientation&quot;:&quot;0&quot;}\" data-image-title=\"9\" data-image-description=\"\" data-image-caption=\"\" data-medium-file=\"https:\/\/www.grieta.org.mx\/wp-content\/uploads\/2020\/05\/9-300x300.jpg\" data-large-file=\"https:\/\/www.grieta.org.mx\/wp-content\/uploads\/2020\/05\/9.jpg\" class=\"alignleft wp-image-48694\" src=\"http:\/\/www.grieta.org.mx\/wp-content\/uploads\/2020\/05\/9.jpg\" alt=\"\" width=\"600\" height=\"600\" srcset=\"https:\/\/www.grieta.org.mx\/wp-content\/uploads\/2020\/05\/9.jpg 960w, https:\/\/www.grieta.org.mx\/wp-content\/uploads\/2020\/05\/9-150x150.jpg 150w, https:\/\/www.grieta.org.mx\/wp-content\/uploads\/2020\/05\/9-300x300.jpg 300w, https:\/\/www.grieta.org.mx\/wp-content\/uploads\/2020\/05\/9-768x768.jpg 768w, https:\/\/www.grieta.org.mx\/wp-content\/uploads\/2020\/05\/9-130x130.jpg 130w, https:\/\/www.grieta.org.mx\/wp-content\/uploads\/2020\/05\/9-500x500.jpg 500w\" sizes=\"auto, (max-width: 600px) 100vw, 600px\" \/><\/div>\n<div><img loading=\"lazy\" decoding=\"async\" data-attachment-id=\"48697\" data-permalink=\"https:\/\/www.grieta.org.mx\/index.php\/2020\/05\/07\/obreras-y-obreros-realizan-pintas-contra-la-explotacion-y-condiciones-de-insalubridad-en-las-maquiladoras-en-ciudad-juarez\/11-copia\/\" data-orig-file=\"https:\/\/www.grieta.org.mx\/wp-content\/uploads\/2020\/05\/11-copia.jpg\" data-orig-size=\"960,960\" data-comments-opened=\"0\" data-image-meta=\"{&quot;aperture&quot;:&quot;0&quot;,&quot;credit&quot;:&quot;&quot;,&quot;camera&quot;:&quot;&quot;,&quot;caption&quot;:&quot;&quot;,&quot;created_timestamp&quot;:&quot;0&quot;,&quot;copyright&quot;:&quot;&quot;,&quot;focal_length&quot;:&quot;0&quot;,&quot;iso&quot;:&quot;0&quot;,&quot;shutter_speed&quot;:&quot;0&quot;,&quot;title&quot;:&quot;&quot;,&quot;orientation&quot;:&quot;0&quot;}\" data-image-title=\"11 &amp;#8211; copia\" data-image-description=\"\" data-image-caption=\"\" data-medium-file=\"https:\/\/www.grieta.org.mx\/wp-content\/uploads\/2020\/05\/11-copia-300x300.jpg\" data-large-file=\"https:\/\/www.grieta.org.mx\/wp-content\/uploads\/2020\/05\/11-copia.jpg\" class=\"alignleft wp-image-48697\" src=\"http:\/\/www.grieta.org.mx\/wp-content\/uploads\/2020\/05\/11-copia.jpg\" alt=\"\" width=\"600\" height=\"600\" srcset=\"https:\/\/www.grieta.org.mx\/wp-content\/uploads\/2020\/05\/11-copia.jpg 960w, https:\/\/www.grieta.org.mx\/wp-content\/uploads\/2020\/05\/11-copia-150x150.jpg 150w, https:\/\/www.grieta.org.mx\/wp-content\/uploads\/2020\/05\/11-copia-300x300.jpg 300w, https:\/\/www.grieta.org.mx\/wp-content\/uploads\/2020\/05\/11-copia-768x768.jpg 768w, https:\/\/www.grieta.org.mx\/wp-content\/uploads\/2020\/05\/11-copia-130x130.jpg 130w, https:\/\/www.grieta.org.mx\/wp-content\/uploads\/2020\/05\/11-copia-500x500.jpg 500w\" sizes=\"auto, (max-width: 600px) 100vw, 600px\" \/><\/div>\n<div>&nbsp;<\/div>\n<div>&nbsp;<\/div>\n<div>&nbsp;<\/div>\n<div>&nbsp;<\/div>\n<div>&nbsp;<\/div>\n<div>&nbsp;<\/div>\n<div>&nbsp;<\/div>\n<div>&nbsp;<\/div>\n<div>&nbsp;<\/div>\n<div>&nbsp;<\/div>\n<div>&nbsp;<\/div>\n<div><img loading=\"lazy\" decoding=\"async\" data-attachment-id=\"48699\" data-permalink=\"https:\/\/www.grieta.org.mx\/index.php\/2020\/05\/07\/obreras-y-obreros-realizan-pintas-contra-la-explotacion-y-condiciones-de-insalubridad-en-las-maquiladoras-en-ciudad-juarez\/12-copia\/\" data-orig-file=\"https:\/\/www.grieta.org.mx\/wp-content\/uploads\/2020\/05\/12-copia.jpg\" data-orig-size=\"960,960\" data-comments-opened=\"0\" data-image-meta=\"{&quot;aperture&quot;:&quot;0&quot;,&quot;credit&quot;:&quot;&quot;,&quot;camera&quot;:&quot;&quot;,&quot;caption&quot;:&quot;&quot;,&quot;created_timestamp&quot;:&quot;0&quot;,&quot;copyright&quot;:&quot;&quot;,&quot;focal_length&quot;:&quot;0&quot;,&quot;iso&quot;:&quot;0&quot;,&quot;shutter_speed&quot;:&quot;0&quot;,&quot;title&quot;:&quot;&quot;,&quot;orientation&quot;:&quot;0&quot;}\" data-image-title=\"12 &amp;#8211; copia\" data-image-description=\"\" data-image-caption=\"\" data-medium-file=\"https:\/\/www.grieta.org.mx\/wp-content\/uploads\/2020\/05\/12-copia-300x300.jpg\" data-large-file=\"https:\/\/www.grieta.org.mx\/wp-content\/uploads\/2020\/05\/12-copia.jpg\" class=\"alignleft wp-image-48699\" src=\"http:\/\/www.grieta.org.mx\/wp-content\/uploads\/2020\/05\/12-copia.jpg\" alt=\"\" width=\"600\" height=\"600\" srcset=\"https:\/\/www.grieta.org.mx\/wp-content\/uploads\/2020\/05\/12-copia.jpg 960w, https:\/\/www.grieta.org.mx\/wp-content\/uploads\/2020\/05\/12-copia-150x150.jpg 150w, https:\/\/www.grieta.org.mx\/wp-content\/uploads\/2020\/05\/12-copia-300x300.jpg 300w, https:\/\/www.grieta.org.mx\/wp-content\/uploads\/2020\/05\/12-copia-768x768.jpg 768w, https:\/\/www.grieta.org.mx\/wp-content\/uploads\/2020\/05\/12-copia-130x130.jpg 130w, https:\/\/www.grieta.org.mx\/wp-content\/uploads\/2020\/05\/12-copia-500x500.jpg 500w\" sizes=\"auto, (max-width: 600px) 100vw, 600px\" \/><\/div>\n<div><img loading=\"lazy\" decoding=\"async\" data-attachment-id=\"48701\" data-permalink=\"https:\/\/www.grieta.org.mx\/index.php\/2020\/05\/07\/obreras-y-obreros-realizan-pintas-contra-la-explotacion-y-condiciones-de-insalubridad-en-las-maquiladoras-en-ciudad-juarez\/13-copia\/\" data-orig-file=\"https:\/\/www.grieta.org.mx\/wp-content\/uploads\/2020\/05\/13-copia.jpg\" data-orig-size=\"960,960\" data-comments-opened=\"0\" data-image-meta=\"{&quot;aperture&quot;:&quot;0&quot;,&quot;credit&quot;:&quot;&quot;,&quot;camera&quot;:&quot;&quot;,&quot;caption&quot;:&quot;&quot;,&quot;created_timestamp&quot;:&quot;0&quot;,&quot;copyright&quot;:&quot;&quot;,&quot;focal_length&quot;:&quot;0&quot;,&quot;iso&quot;:&quot;0&quot;,&quot;shutter_speed&quot;:&quot;0&quot;,&quot;title&quot;:&quot;&quot;,&quot;orientation&quot;:&quot;0&quot;}\" data-image-title=\"13 &amp;#8211; copia\" data-image-description=\"\" data-image-caption=\"\" data-medium-file=\"https:\/\/www.grieta.org.mx\/wp-content\/uploads\/2020\/05\/13-copia-300x300.jpg\" data-large-file=\"https:\/\/www.grieta.org.mx\/wp-content\/uploads\/2020\/05\/13-copia.jpg\" class=\"alignleft wp-image-48701\" src=\"http:\/\/www.grieta.org.mx\/wp-content\/uploads\/2020\/05\/13-copia.jpg\" alt=\"\" width=\"600\" height=\"600\" srcset=\"https:\/\/www.grieta.org.mx\/wp-content\/uploads\/2020\/05\/13-copia.jpg 960w, https:\/\/www.grieta.org.mx\/wp-content\/uploads\/2020\/05\/13-copia-150x150.jpg 150w, https:\/\/www.grieta.org.mx\/wp-content\/uploads\/2020\/05\/13-copia-300x300.jpg 300w, https:\/\/www.grieta.org.mx\/wp-content\/uploads\/2020\/05\/13-copia-768x768.jpg 768w, https:\/\/www.grieta.org.mx\/wp-content\/uploads\/2020\/05\/13-copia-130x130.jpg 130w, https:\/\/www.grieta.org.mx\/wp-content\/uploads\/2020\/05\/13-copia-500x500.jpg 500w\" sizes=\"auto, (max-width: 600px) 100vw, 600px\" \/><\/div>\n<div><img loading=\"lazy\" decoding=\"async\" data-attachment-id=\"48696\" data-permalink=\"https:\/\/www.grieta.org.mx\/index.php\/2020\/05\/07\/obreras-y-obreros-realizan-pintas-contra-la-explotacion-y-condiciones-de-insalubridad-en-las-maquiladoras-en-ciudad-juarez\/10-16\/\" data-orig-file=\"https:\/\/www.grieta.org.mx\/wp-content\/uploads\/2020\/05\/10.jpg\" data-orig-size=\"960,960\" data-comments-opened=\"0\" data-image-meta=\"{&quot;aperture&quot;:&quot;0&quot;,&quot;credit&quot;:&quot;&quot;,&quot;camera&quot;:&quot;&quot;,&quot;caption&quot;:&quot;&quot;,&quot;created_timestamp&quot;:&quot;0&quot;,&quot;copyright&quot;:&quot;&quot;,&quot;focal_length&quot;:&quot;0&quot;,&quot;iso&quot;:&quot;0&quot;,&quot;shutter_speed&quot;:&quot;0&quot;,&quot;title&quot;:&quot;&quot;,&quot;orientation&quot;:&quot;0&quot;}\" data-image-title=\"10\" data-image-description=\"\" data-image-caption=\"\" data-medium-file=\"https:\/\/www.grieta.org.mx\/wp-content\/uploads\/2020\/05\/10-300x300.jpg\" data-large-file=\"https:\/\/www.grieta.org.mx\/wp-content\/uploads\/2020\/05\/10.jpg\" class=\"alignleft wp-image-48696\" src=\"http:\/\/www.grieta.org.mx\/wp-content\/uploads\/2020\/05\/10.jpg\" alt=\"\" width=\"600\" height=\"600\" srcset=\"https:\/\/www.grieta.org.mx\/wp-content\/uploads\/2020\/05\/10.jpg 960w, https:\/\/www.grieta.org.mx\/wp-content\/uploads\/2020\/05\/10-150x150.jpg 150w, https:\/\/www.grieta.org.mx\/wp-content\/uploads\/2020\/05\/10-300x300.jpg 300w, https:\/\/www.grieta.org.mx\/wp-content\/uploads\/2020\/05\/10-768x768.jpg 768w, https:\/\/www.grieta.org.mx\/wp-content\/uploads\/2020\/05\/10-130x130.jpg 130w, https:\/\/www.grieta.org.mx\/wp-content\/uploads\/2020\/05\/10-500x500.jpg 500w\" sizes=\"auto, (max-width: 600px) 100vw, 600px\" \/><\/div>\n<div>&nbsp;<\/div>\n<div>&nbsp;<\/div>\n<div>&nbsp;<\/div>\n<div>&nbsp;<\/div>\n<div>&nbsp;<\/div>\n<div>&nbsp;<\/div>\n<div>&nbsp;<\/div>\n<div>&nbsp;<\/div>\n<div>&nbsp;<\/div>\n<div>&nbsp;<\/div>\n<div>&nbsp;<\/div>\n<div>&nbsp;<\/div>\n<div>&nbsp;<\/div>\n<div>&nbsp;<\/div>\n<div><img loading=\"lazy\" decoding=\"async\" data-attachment-id=\"48689\" data-permalink=\"https:\/\/www.grieta.org.mx\/index.php\/2020\/05\/07\/obreras-y-obreros-realizan-pintas-contra-la-explotacion-y-condiciones-de-insalubridad-en-las-maquiladoras-en-ciudad-juarez\/6-20\/\" data-orig-file=\"https:\/\/www.grieta.org.mx\/wp-content\/uploads\/2020\/05\/6.jpg\" data-orig-size=\"960,960\" data-comments-opened=\"0\" data-image-meta=\"{&quot;aperture&quot;:&quot;0&quot;,&quot;credit&quot;:&quot;&quot;,&quot;camera&quot;:&quot;&quot;,&quot;caption&quot;:&quot;&quot;,&quot;created_timestamp&quot;:&quot;0&quot;,&quot;copyright&quot;:&quot;&quot;,&quot;focal_length&quot;:&quot;0&quot;,&quot;iso&quot;:&quot;0&quot;,&quot;shutter_speed&quot;:&quot;0&quot;,&quot;title&quot;:&quot;&quot;,&quot;orientation&quot;:&quot;0&quot;}\" data-image-title=\"6\" data-image-description=\"\" data-image-caption=\"\" data-medium-file=\"https:\/\/www.grieta.org.mx\/wp-content\/uploads\/2020\/05\/6-300x300.jpg\" data-large-file=\"https:\/\/www.grieta.org.mx\/wp-content\/uploads\/2020\/05\/6.jpg\" class=\"alignleft wp-image-48689\" src=\"http:\/\/www.grieta.org.mx\/wp-content\/uploads\/2020\/05\/6.jpg\" alt=\"\" width=\"600\" height=\"600\" srcset=\"https:\/\/www.grieta.org.mx\/wp-content\/uploads\/2020\/05\/6.jpg 960w, https:\/\/www.grieta.org.mx\/wp-content\/uploads\/2020\/05\/6-150x150.jpg 150w, https:\/\/www.grieta.org.mx\/wp-content\/uploads\/2020\/05\/6-300x300.jpg 300w, https:\/\/www.grieta.org.mx\/wp-content\/uploads\/2020\/05\/6-768x768.jpg 768w, https:\/\/www.grieta.org.mx\/wp-content\/uploads\/2020\/05\/6-130x130.jpg 130w, https:\/\/www.grieta.org.mx\/wp-content\/uploads\/2020\/05\/6-500x500.jpg 500w\" sizes=\"auto, (max-width: 600px) 100vw, 600px\" \/><\/div>\n<div>&nbsp;<\/div>\n<div>&nbsp;<\/div>\n<div>&nbsp;<\/div>\n<div>&nbsp;<\/div>\n<div>&nbsp;<\/div>\n<div>+<\/div>\n<div>&nbsp;<\/div>\n<div>&nbsp;<\/div>\n<div>&nbsp;<\/div>\n<div>&nbsp;<\/div>\n<div>&nbsp;<\/div>\n<div>&nbsp;<\/div>\n<div>&nbsp;<\/div>\n","protected":false},"excerpt":{"rendered":"<p>&nbsp; Colectivo Grieta, 07 de mayo de 2020 &nbsp; En una acci\u00f3n dislocada, desde las primeras horas del primero de&nbsp;mayo de 2020, colectivos de trabajadores y trabajadoras de la industria &hellip; <a href=\"https:\/\/www.grieta.org.mx\/index.php\/2020\/05\/07\/obreras-y-obreros-realizan-pintas-contra-la-explotacion-y-condiciones-de-insalubridad-en-las-maquiladoras-en-ciudad-juarez\/\" class=\"more-link\">Leer m\u00e1s<\/a><\/p>\n","protected":false},"author":2,"featured_media":48703,"comment_status":"closed","ping_status":"closed","sticky":false,"template":"","format":"standard","meta":{"ngg_post_thumbnail":0,"_jetpack_newsletter_access":"","_jetpack_dont_email_post_to_subs":false,"_jetpack_newsletter_tier_id":0,"_jetpack_memberships_contains_paywalled_content":false,"_jetpack_memberships_contains_paid_content":false,"footnotes":""},"categories":[12,80,1775,1398,3244,910,3338],"tags":[3050,3241,2841,2003,3275],"class_list":["post-48677","post","type-post","status-publish","format-standard","has-post-thumbnail","hentry","category-chihuahua","category-cintillo","category-colectivo-grieta","category-conflictos-laborales-en-chihuahua","category-covid-19-en-chihuahua","category-explotacion-y-precariedad-laboral","category-luchas-de-trabajadores-en-chihuahua","tag-afectaciones-a-la-salud-de-trabajadores-de-maquiladoras","tag-covid-19","tag-explotacion-y-precariedad-laboral","tag-maquiladoras","tag-protestas-de-trabajadores","entry"],"jetpack_featured_media_url":"https:\/\/www.grieta.org.mx\/wp-content\/uploads\/2020\/05\/A.jpg","jetpack_sharing_enabled":true,"jetpack_shortlink":"https:\/\/wp.me\/p7ZJR4-cF7","jetpack_likes_enabled":false,"jetpack-related-posts":[{"id":49705,"url":"https:\/\/www.grieta.org.mx\/index.php\/2020\/05\/19\/trabajadores-de-maquiladoras-en-la-frontera-norte-protestan-ante-reinicio-de-actividades-baja-california-chihuahua-tamaulipas\/","url_meta":{"origin":48677,"position":0},"title":"TRABAJADORES DE MAQUILADORAS EN LA FRONTERA NORTE PROTESTAN ANTE REINICIO DE ACTIVIDADES (Baja California, Chihuahua, Tamaulipas)","author":"grieta","date":"19 mayo, 2020","format":false,"excerpt":"Lucy Sanabria\/Sopitas.com 19 mayo 2020 Foto: Cuatoscuro El gobierno se alista para la \u201cnueva normalidad\u201d, el regreso a las actividades econ\u00f3micas. Sin embargo, \u00bfc\u00f3mo se har\u00e1 la reapertura si en algunas zonas hay un mont\u00f3n de problemas en cuanto a los protocolos de la Emergencia Sanitaria y se han registrado\u2026","rel":"","context":"En &quot;Baja California&quot;","block_context":{"text":"Baja California","link":"https:\/\/www.grieta.org.mx\/index.php\/category\/noticias-nacionales\/baja-california\/"},"img":{"alt_text":"","src":"https:\/\/i0.wp.com\/www.grieta.org.mx\/wp-content\/uploads\/2020\/05\/protestas-maquiladoras-tijuana-baja-california-coronavirus-1110x581.jpeg?resize=350%2C200&ssl=1","width":350,"height":200,"srcset":"https:\/\/i0.wp.com\/www.grieta.org.mx\/wp-content\/uploads\/2020\/05\/protestas-maquiladoras-tijuana-baja-california-coronavirus-1110x581.jpeg?resize=350%2C200&ssl=1 1x, https:\/\/i0.wp.com\/www.grieta.org.mx\/wp-content\/uploads\/2020\/05\/protestas-maquiladoras-tijuana-baja-california-coronavirus-1110x581.jpeg?resize=525%2C300&ssl=1 1.5x, https:\/\/i0.wp.com\/www.grieta.org.mx\/wp-content\/uploads\/2020\/05\/protestas-maquiladoras-tijuana-baja-california-coronavirus-1110x581.jpeg?resize=700%2C400&ssl=1 2x, https:\/\/i0.wp.com\/www.grieta.org.mx\/wp-content\/uploads\/2020\/05\/protestas-maquiladoras-tijuana-baja-california-coronavirus-1110x581.jpeg?resize=1050%2C600&ssl=1 3x"},"classes":[]},{"id":17965,"url":"https:\/\/www.grieta.org.mx\/index.php\/2016\/09\/11\/protestan-profesores-de-telebachilleratos-por-falta-de-pagos-en-chihuahua\/","url_meta":{"origin":48677,"position":1},"title":"Conflictos laborales en la industria maquiladora de Chihuahua","author":"grieta","date":"11 septiembre, 2016","format":false,"excerpt":"10\/09\/16. Convocan a obreros a grito \u201cMaquilero\u201d vs campa\u00f1a medi\u00e1tica de empresas, Ciudad Ju\u00e1rezEl Pueblo 06\/09\/16. Preparan obreros verbena contra compa\u00f1a de Index, Ciudad Ju\u00e1rezEl Mexicano 30\/08\/16. Cruza fronteras lucha maquilera contra explotaci\u00f3n laboral, ChihuahuaEl Pueblo 20\/08\/16. Salario maquilador en d\u00f3lares baja 13%, ChihuahuaEl Diario 05\/08\/16. Revela abogada Prieto los\u2026","rel":"","context":"En &quot;Chihuahua&quot;","block_context":{"text":"Chihuahua","link":"https:\/\/www.grieta.org.mx\/index.php\/category\/noticias-nacionales\/chihuahua\/"},"img":{"alt_text":"","src":"https:\/\/i0.wp.com\/www.grieta.org.mx\/wp-content\/uploads\/2018\/03\/14524434_1106112876131411_958039263622046936_o.jpg?resize=350%2C200&ssl=1","width":350,"height":200,"srcset":"https:\/\/i0.wp.com\/www.grieta.org.mx\/wp-content\/uploads\/2018\/03\/14524434_1106112876131411_958039263622046936_o.jpg?resize=350%2C200&ssl=1 1x, https:\/\/i0.wp.com\/www.grieta.org.mx\/wp-content\/uploads\/2018\/03\/14524434_1106112876131411_958039263622046936_o.jpg?resize=525%2C300&ssl=1 1.5x, https:\/\/i0.wp.com\/www.grieta.org.mx\/wp-content\/uploads\/2018\/03\/14524434_1106112876131411_958039263622046936_o.jpg?resize=700%2C400&ssl=1 2x"},"classes":[]},{"id":52279,"url":"https:\/\/www.grieta.org.mx\/index.php\/2020\/07\/22\/denuncian-a-maquiladoras-por-incumplir-medidas-sanitarias\/","url_meta":{"origin":48677,"position":2},"title":"Denuncian a maquiladoras por incumplir medidas sanitarias (Tamaulipas)","author":"grieta","date":"22 julio, 2020","format":false,"excerpt":"Carolina Garza\/Milenio 22 julio 2020 En Reynosa m\u00e1s de 400 empresas enfrentan procesos legales. Maquiladoras de Reynosa en tiempos de covid-19 | Cortes\u00eda Los despachos jur\u00eddicos de Reynosa se saturan de demandas por trabajadores del sector industrial en donde se\u00f1alan, incumplen con las medidas de sanidad. El abogado Javier Gerardo\u2026","rel":"","context":"En &quot;CINTILLO&quot;","block_context":{"text":"CINTILLO","link":"https:\/\/www.grieta.org.mx\/index.php\/category\/cintillo\/"},"img":{"alt_text":"","src":"https:\/\/i0.wp.com\/www.grieta.org.mx\/wp-content\/uploads\/2020\/08\/maquiladoras-de-reynosa-en-tiempos.jpg?resize=350%2C200&ssl=1","width":350,"height":200,"srcset":"https:\/\/i0.wp.com\/www.grieta.org.mx\/wp-content\/uploads\/2020\/08\/maquiladoras-de-reynosa-en-tiempos.jpg?resize=350%2C200&ssl=1 1x, https:\/\/i0.wp.com\/www.grieta.org.mx\/wp-content\/uploads\/2020\/08\/maquiladoras-de-reynosa-en-tiempos.jpg?resize=525%2C300&ssl=1 1.5x, https:\/\/i0.wp.com\/www.grieta.org.mx\/wp-content\/uploads\/2020\/08\/maquiladoras-de-reynosa-en-tiempos.jpg?resize=700%2C400&ssl=1 2x"},"classes":[]},{"id":4012,"url":"https:\/\/www.grieta.org.mx\/index.php\/2015\/11\/20\/sostienen-plantones-en-maquiladoras-de-chihuahua\/","url_meta":{"origin":48677,"position":3},"title":"Sostienen plantones en maquiladoras de Chihuahua","author":"grieta","date":"20 noviembre, 2015","format":false,"excerpt":"Carlos Ram\u00edrez\/EL MEXICANO Ciudad Ju\u00e1rez,Chihuahua.-En pie de lucha contin\u00faan empleados huelguistas de las empresas maquiladoras Eaton, Lexmark y ADC Commscope, luego que los directivos de esas compa\u00f1\u00edas no les han resuelto nada en torno a sus exigencias; mientras que los inconformes de Foxconn levantaron su plant\u00f3n que mantuvieron a lo\u2026","rel":"","context":"En &quot;Chihuahua&quot;","block_context":{"text":"Chihuahua","link":"https:\/\/www.grieta.org.mx\/index.php\/category\/noticias-nacionales\/chihuahua\/"},"img":{"alt_text":"","src":"https:\/\/i0.wp.com\/www.grieta.org.mx\/wp-content\/uploads\/2018\/03\/14524434_1106112876131411_958039263622046936_o.jpg?resize=350%2C200&ssl=1","width":350,"height":200,"srcset":"https:\/\/i0.wp.com\/www.grieta.org.mx\/wp-content\/uploads\/2018\/03\/14524434_1106112876131411_958039263622046936_o.jpg?resize=350%2C200&ssl=1 1x, https:\/\/i0.wp.com\/www.grieta.org.mx\/wp-content\/uploads\/2018\/03\/14524434_1106112876131411_958039263622046936_o.jpg?resize=525%2C300&ssl=1 1.5x, https:\/\/i0.wp.com\/www.grieta.org.mx\/wp-content\/uploads\/2018\/03\/14524434_1106112876131411_958039263622046936_o.jpg?resize=700%2C400&ssl=1 2x"},"classes":[]},{"id":49592,"url":"https:\/\/www.grieta.org.mx\/index.php\/2020\/05\/04\/maquiladoras-violan-acuerdo-de-cuarentena-y-abrieron-operaciones-tamaulipas\/","url_meta":{"origin":48677,"position":4},"title":"Maquiladoras violan acuerdo de cuarentena y abrieron operaciones (Tamaulipas)","author":"grieta","date":"4 mayo, 2020","format":false,"excerpt":"Armando Sandoval\/Notigape 4 mayo 2020 Pese a que se hizo un alargue de la cuarentena por parte de las autoridades federales hasta el 30 de este mes de mayo, muchas empresas maquiladoras de esta ciudad pr\u00e1cticamente obligaron a que sus trabajadores retomaran sus actividades en el inicio de esta semana,\u2026","rel":"","context":"En &quot;CINTILLO&quot;","block_context":{"text":"CINTILLO","link":"https:\/\/www.grieta.org.mx\/index.php\/category\/cintillo\/"},"img":{"alt_text":"","src":"https:\/\/i0.wp.com\/www.grieta.org.mx\/wp-content\/uploads\/2020\/05\/8yCm0apOqNx2VNAFWBse.png?resize=350%2C200&ssl=1","width":350,"height":200,"srcset":"https:\/\/i0.wp.com\/www.grieta.org.mx\/wp-content\/uploads\/2020\/05\/8yCm0apOqNx2VNAFWBse.png?resize=350%2C200&ssl=1 1x, https:\/\/i0.wp.com\/www.grieta.org.mx\/wp-content\/uploads\/2020\/05\/8yCm0apOqNx2VNAFWBse.png?resize=525%2C300&ssl=1 1.5x, https:\/\/i0.wp.com\/www.grieta.org.mx\/wp-content\/uploads\/2020\/05\/8yCm0apOqNx2VNAFWBse.png?resize=700%2C400&ssl=1 2x"},"classes":[]},{"id":49620,"url":"https:\/\/www.grieta.org.mx\/index.php\/2020\/05\/14\/denuncian-boletineo-de-personal-en-maquiladoras-de-nuevo-laredo\/","url_meta":{"origin":48677,"position":5},"title":"Denuncian boletineo de personal en maquiladoras de Nuevo Laredo","author":"grieta","date":"14 mayo, 2020","format":false,"excerpt":"Mario Portillo\/Hoy T.am 14 mayo 2020 Nuevo Laredo, Tamaulipas. \u2013 El subsecretario de Trabajo del Sindicato Nacional de Infraestructura, H\u00e9ctor de la Cruz N\u00fa\u00f1ez, denunci\u00f3 acoso a los trabajadores despedidos de Modine. Coment\u00f3 que las personas han batallado para encontrar trabajo, ya que asegur\u00f3, las empresas los tienen boletinados, un\u2026","rel":"","context":"En &quot;CINTILLO&quot;","block_context":{"text":"CINTILLO","link":"https:\/\/www.grieta.org.mx\/index.php\/category\/cintillo\/"},"img":{"alt_text":"","src":"https:\/\/i0.wp.com\/www.grieta.org.mx\/wp-content\/uploads\/2020\/05\/Denuncian-boletineo-de-personal-en-maquiladoras-de-Nuevo-Laredo.jpg?resize=350%2C200&ssl=1","width":350,"height":200,"srcset":"https:\/\/i0.wp.com\/www.grieta.org.mx\/wp-content\/uploads\/2020\/05\/Denuncian-boletineo-de-personal-en-maquiladoras-de-Nuevo-Laredo.jpg?resize=350%2C200&ssl=1 1x, https:\/\/i0.wp.com\/www.grieta.org.mx\/wp-content\/uploads\/2020\/05\/Denuncian-boletineo-de-personal-en-maquiladoras-de-Nuevo-Laredo.jpg?resize=525%2C300&ssl=1 1.5x, https:\/\/i0.wp.com\/www.grieta.org.mx\/wp-content\/uploads\/2020\/05\/Denuncian-boletineo-de-personal-en-maquiladoras-de-Nuevo-Laredo.jpg?resize=700%2C400&ssl=1 2x"},"classes":[]}],"_links":{"self":[{"href":"https:\/\/www.grieta.org.mx\/index.php\/wp-json\/wp\/v2\/posts\/48677","targetHints":{"allow":["GET"]}}],"collection":[{"href":"https:\/\/www.grieta.org.mx\/index.php\/wp-json\/wp\/v2\/posts"}],"about":[{"href":"https:\/\/www.grieta.org.mx\/index.php\/wp-json\/wp\/v2\/types\/post"}],"author":[{"embeddable":true,"href":"https:\/\/www.grieta.org.mx\/index.php\/wp-json\/wp\/v2\/users\/2"}],"replies":[{"embeddable":true,"href":"https:\/\/www.grieta.org.mx\/index.php\/wp-json\/wp\/v2\/comments?post=48677"}],"version-history":[{"count":1,"href":"https:\/\/www.grieta.org.mx\/index.php\/wp-json\/wp\/v2\/posts\/48677\/revisions"}],"predecessor-version":[{"id":48934,"href":"https:\/\/www.grieta.org.mx\/index.php\/wp-json\/wp\/v2\/posts\/48677\/revisions\/48934"}],"wp:featuredmedia":[{"embeddable":true,"href":"https:\/\/www.grieta.org.mx\/index.php\/wp-json\/wp\/v2\/media\/48703"}],"wp:attachment":[{"href":"https:\/\/www.grieta.org.mx\/index.php\/wp-json\/wp\/v2\/media?parent=48677"}],"wp:term":[{"taxonomy":"category","embeddable":true,"href":"https:\/\/www.grieta.org.mx\/index.php\/wp-json\/wp\/v2\/categories?post=48677"},{"taxonomy":"post_tag","embeddable":true,"href":"https:\/\/www.grieta.org.mx\/index.php\/wp-json\/wp\/v2\/tags?post=48677"}],"curies":[{"name":"wp","href":"https:\/\/api.w.org\/{rel}","templated":true}]}}