{"id":48673,"date":"2020-05-07T12:02:39","date_gmt":"2020-05-07T17:02:39","guid":{"rendered":"http:\/\/www.grieta.org.mx\/?p=48673"},"modified":"2020-05-07T01:08:39","modified_gmt":"2020-05-07T06:08:39","slug":"desmienten-a-murat-hospital-covid-19-en-juchitan-sigue-sin-funcionar-y-el-civil-ya-esta-saturado-oaxaca","status":"publish","type":"post","link":"https:\/\/www.grieta.org.mx\/index.php\/2020\/05\/07\/desmienten-a-murat-hospital-covid-19-en-juchitan-sigue-sin-funcionar-y-el-civil-ya-esta-saturado-oaxaca\/","title":{"rendered":"Desmienten a Murat, Hospital covid-19 en Juchit\u00e1n sigue sin funcionar y el civil ya est\u00e1 saturado  (Oaxaca)"},"content":{"rendered":"<p>P\u00e1gina 3 \/ Pedro Mat\u00edas.<\/p>\n<p><img loading=\"lazy\" decoding=\"async\" src=\"https:\/\/pagina3.mx\/wp-content\/uploads\/2020\/05\/hospital-juchit%C3%A1n.png\" width=\"790\" height=\"480\" class=\"alignnone size-full\" \/><\/p>\n<p>*Hospital Macedonio Ben\u00edtez solo tiene 3 camas y un ventilador para atender pacientes por coronavirus. | *Hace un mes Murat anunci\u00f3 que ya se termin\u00f3 el Hospital y en plena pandemia no funciona.<\/p>\n<p>OAXACA, Oax.- A un mes que el gobernador Alejandro Murat Hinojosa anunci\u00f3 la entrega del Hospital de Especialidades de Juchit\u00e1n para atender pacientes de covid-19, es la fecha que no funciona en plena fase 3 y esa responsabilidad ha reca\u00eddo en el Hospital General \u201cMacedonio Ben\u00edtez Fuentes\u201d que solo tiene 3 camas y un solo ventilador para atender la semana c\u00faspide de esta pandemia.<\/p>\n<p>Por segunda ocasi\u00f3n desmienten a Murat, ya que el pasado 24 de marzo se acord\u00f3 con la Federaci\u00f3n que los hospitales de la Mujer y el Ni\u00f1o Oaxaque\u00f1o, as\u00ed como el de Juchit\u00e1n de Zaragoza, estar\u00e1n administrados por las Fuerzas Armadas para la atenci\u00f3n de pacientes con Covid-19.<\/p>\n<p>Sin embargo, el comandante de la 46\/Zona Militar con sede en Ixtepec, Oaxaca, Higinio Gabriel Castillo Olvera, precis\u00f3 que el Hospital de Especialidades Materno-Infantil que construye el Grupo M\u00e9xico (GM) en la ciudad de Juchit\u00e1n, no pod\u00eda operar porque se encontraba al 93% de su construcci\u00f3n y su equipamiento demorar\u00e1 seis meses.<\/p>\n<p>Una vez que le enmendaron la plana, el 5 de abril presumi\u00f3 en su cuenta de Twitter: \u201cAgradecemos el compromiso del Gobierno de M\u00e9xico con Oaxaca. Me es grato informar que  esta semana entregar\u00e1n la obra completa del Hospital de Especialidades de Juchit\u00e1n, en la que concluimos con \u00e9xito la conexi\u00f3n de drenaje, agua y luz. \u00a1Trabajamos en equipo por la salud del Istmo!\u201d.<\/p>\n<p>Un mes despu\u00e9s, la representante sindical de los trabajadores del Hospital General \u201cMacedonio Ben\u00edtez Fuentes\u201d, Yolanda S\u00e1nchez Ulloa, que aunque no son un hospital covid-19, tuvieron que improvisar un \u00e1rea para atender esos pacientes.<\/p>\n<p>Dio a conocer que las tres camas habilitadas en el \u00e1rea denominada como covid-19 \u2013 de las cuales tres camas son para adultos y una cama pedi\u00e1trica, adem\u00e1s de que el \u00fanico ventilador  esta ocupado\u201d.<\/p>\n<p>Por el momento, dijo, atienden a tres pacientes positivos de coronavirus, dos de ellos est\u00e1n estables, y el tercer paciente lleva m\u00e1s de 12 d\u00edas recibiendo atenci\u00f3n en condici\u00f3n grave y est\u00e1 utilizando el \u00fanico respirador con que se cuenta en este centro hospitalario.<\/p>\n<p>Cabe mencionar que este Hospital Civil no fue considerado por el gobierno federal como \u201cHospital covid\u201d pero a pesar de eso, la direcci\u00f3n de esta unidad medica activ\u00f3 un \u00e1rea improvisada debido a que el Hospital de Especialidades de Juchit\u00e1n a\u00fan no esta disponible.<\/p>\n<p>La l\u00edder sindical destac\u00f3 que s\u00ed no fuera por esa \u00e1rea improvisada, los enfermos de covid -19 no tendr\u00edan como atenderse.<\/p>\n<p>\u201cEl equipo es insuficiente y desconocemos por que el Hospital de Especialidades ubicado en la parte norte de Juchit\u00e1n no se habilita como se prometi\u00f3, se dijo que para el 30 de abril, sin embargo a\u00fan no hay nada, continua cerrado y nos preocupa, por que ya no tenemos espacios en el Hospital Civil que adem\u00e1s de atender a los pacientes con covid-19 se brindan atenci\u00f3n de partos, urgencias y mucho m\u00e1s\u201d.<\/p>\n<p>Destac\u00f3 que la \u00fanica soluci\u00f3n en caso de que aumentaran los pacientes en esta semana c\u00faspide de coronavirus es la apertura al Hospital General de Especialidades, aunado a que<\/p>\n<p>los insumos y medicamentos contin\u00faan siendo insuficientes, y que por fortuna han recibido donaciones, el ultimo el del alcalde de Asunci\u00f3n Ixtaltepec que entreg\u00f3 equipo de protecci\u00f3n con un valor importante econ\u00f3micamente.<\/p>\n<p>Por lo pronto, consideran que a partir de este lunes (4 de mayo) ya no se recibir\u00e1n m\u00e1s pacientes adultos con s\u00edntomas del coronavirus\u201d.<\/p>\n<p>\u201cNos preocupa que no se abra a la brevedad este hospital de especialidades; sobre todo porque las propias autoridades de Salud han se\u00f1alado que en esta semana los contagio podr\u00edan repuntar y en nuestro hospital ya no tenemos espacio\u201d, finaliz\u00f3.<\/p>\n<p>Es importante resaltar que la unidad hospitalaria (Hospital de Especialidades) fue donada por Grupo M\u00e9xico que dirige Germ\u00e1n Larrea. El hospital cuenta con una superficie construida de 6 mil 800 metros cuadrados y capacidad prevista para m\u00e1s de 60 camas y atender pacientes de los municipios de Juchit\u00e1n de Zaragoza, Santo Domingo de Tehuantepec, Mat\u00edas Romero y Salina Cruz.<\/p>\n<p><a href=\"https:\/\/pagina3.mx\/2020\/05\/desmienten-a-murat-hospital-covid-19-en-juchitan-sigue-sin-funcionar-y-el-civil-ya-esta-saturado\/\" rel=\"noopener noreferrer\" target=\"_blank\">https:\/\/pagina3.mx\/2020\/05\/desmienten-a-murat-hospital-covid-19-en-juchitan-sigue-sin-funcionar-y-el-civil-ya-esta-saturado\/<\/a><\/p>\n","protected":false},"excerpt":{"rendered":"<p>P\u00e1gina 3 \/ Pedro Mat\u00edas. *Hospital Macedonio Ben\u00edtez solo tiene 3 camas y un ventilador para atender pacientes por coronavirus. | *Hace un mes Murat anunci\u00f3 que ya se termin\u00f3 &hellip; <a href=\"https:\/\/www.grieta.org.mx\/index.php\/2020\/05\/07\/desmienten-a-murat-hospital-covid-19-en-juchitan-sigue-sin-funcionar-y-el-civil-ya-esta-saturado-oaxaca\/\" class=\"more-link\">Leer m\u00e1s<\/a><\/p>\n","protected":false},"author":2,"featured_media":21928,"comment_status":"closed","ping_status":"closed","sticky":false,"template":"","format":"standard","meta":{"ngg_post_thumbnail":0,"_jetpack_newsletter_access":"","_jetpack_dont_email_post_to_subs":false,"_jetpack_newsletter_tier_id":0,"_jetpack_memberships_contains_paywalled_content":false,"_jetpack_memberships_contains_paid_content":false,"footnotes":""},"categories":[80,3262,1728,2,25],"tags":[],"class_list":["post-48673","post","type-post","status-publish","format-standard","has-post-thumbnail","hentry","category-cintillo","category-crisis-covid-19-en-oaxaca","category-crisis-del-sector-salud-en-oaxaca","category-noticias-nacionales","category-oaxaca","entry"],"jetpack_featured_media_url":"https:\/\/www.grieta.org.mx\/wp-content\/uploads\/2018\/03\/14524434_1106112876131411_958039263622046936_o.jpg","jetpack_sharing_enabled":true,"jetpack_shortlink":"https:\/\/wp.me\/p7ZJR4-cF3","jetpack_likes_enabled":false,"jetpack-related-posts":[{"id":49280,"url":"https:\/\/www.grieta.org.mx\/index.php\/2020\/05\/15\/ante-colapso-de-hospitales-habilitan-red-hospitalaria-para-atender-pacientes-de-coronavirus-en-oaxaca\/","url_meta":{"origin":48673,"position":0},"title":"Ante colapso de hospitales, habilitan red hospitalaria para atender pacientes de coronavirus en Oaxaca","author":"grieta","date":"15 mayo, 2020","format":false,"excerpt":"P\u00e1gina 3 \/ Pedro Mat\u00edas. Ampl\u00edan a 25 la red hospitalaria ante incremento de caso de covid-19. Pese a pugnas con personal sindicalizado Murat determin\u00f3 Hospital Covid al Aurelio Valdivieso OAXACA, Oax.- Ante el colapso de los dos principales hospitales covid-19 de la capital de Oaxaca, el gobernador Alejandro Murat\u2026","rel":"","context":"En &quot;CINTILLO&quot;","block_context":{"text":"CINTILLO","link":"https:\/\/www.grieta.org.mx\/index.php\/category\/cintillo\/"},"img":{"alt_text":"","src":"https:\/\/i0.wp.com\/www.grieta.org.mx\/wp-content\/uploads\/2020\/05\/Hospital-Aurelio-Valdivieso-Oax-1024x529.jpg?resize=350%2C200&ssl=1","width":350,"height":200,"srcset":"https:\/\/i0.wp.com\/www.grieta.org.mx\/wp-content\/uploads\/2020\/05\/Hospital-Aurelio-Valdivieso-Oax-1024x529.jpg?resize=350%2C200&ssl=1 1x, https:\/\/i0.wp.com\/www.grieta.org.mx\/wp-content\/uploads\/2020\/05\/Hospital-Aurelio-Valdivieso-Oax-1024x529.jpg?resize=525%2C300&ssl=1 1.5x, https:\/\/i0.wp.com\/www.grieta.org.mx\/wp-content\/uploads\/2020\/05\/Hospital-Aurelio-Valdivieso-Oax-1024x529.jpg?resize=700%2C400&ssl=1 2x"},"classes":[]},{"id":49235,"url":"https:\/\/www.grieta.org.mx\/index.php\/2020\/05\/14\/al-tope-hospital-de-especialidades-por-covid-19-oaxaca\/","url_meta":{"origin":48673,"position":1},"title":"Al tope Hospital de Especialidades por COVID-19 (Oaxaca)","author":"grieta","date":"14 mayo, 2020","format":false,"excerpt":"Noticias \/ Nadia Altamirano. Foto: Mario Jim\u00e9nez Cuando en Oaxaca se asegura que el 35 por ciento de sus 570 municipios est\u00e1n libres de COVID-19, el Hospital Regional de Alta Especialidad de Oaxaca evidencia una realidad que aparentaba estar lejana, su capacidad de atenci\u00f3n lleg\u00f3 al tope. En un comunicado\u2026","rel":"","context":"En &quot;CINTILLO&quot;","block_context":{"text":"CINTILLO","link":"https:\/\/www.grieta.org.mx\/index.php\/category\/cintillo\/"},"img":{"alt_text":"","src":"https:\/\/i0.wp.com\/www.grieta.org.mx\/wp-content\/uploads\/2018\/03\/14524434_1106112876131411_958039263622046936_o.jpg?resize=350%2C200&ssl=1","width":350,"height":200,"srcset":"https:\/\/i0.wp.com\/www.grieta.org.mx\/wp-content\/uploads\/2018\/03\/14524434_1106112876131411_958039263622046936_o.jpg?resize=350%2C200&ssl=1 1x, https:\/\/i0.wp.com\/www.grieta.org.mx\/wp-content\/uploads\/2018\/03\/14524434_1106112876131411_958039263622046936_o.jpg?resize=525%2C300&ssl=1 1.5x, https:\/\/i0.wp.com\/www.grieta.org.mx\/wp-content\/uploads\/2018\/03\/14524434_1106112876131411_958039263622046936_o.jpg?resize=700%2C400&ssl=1 2x"},"classes":[]},{"id":51718,"url":"https:\/\/www.grieta.org.mx\/index.php\/2020\/07\/12\/contagio-masivo-de-covid-19-entre-personal-medico-del-hospital-de-juchitan-dan-positivo-115-oaxaca\/","url_meta":{"origin":48673,"position":2},"title":"Contagio masivo de covid-19 entre personal m\u00e9dico del Hospital de Juchit\u00e1n; dan positivo 115 (Oaxaca)","author":"grieta","date":"12 julio, 2020","format":false,"excerpt":"P\u00e1gina 3 \/ Diana Manzo y Pedro Mat\u00edas. OAXACA, Oax.- A unas horas de la reapertura del Hospital General \u201cMacedonio Ben\u00edtez Fuentes\u201d de Juchit\u00e1n de Zaragoza, en el Istmo de Tehuantepec, surge un nuevo brote masivo de contagio de covid-19 al confirmarse que 115 trabajadores de Salud dieron positivo. Esto\u2026","rel":"","context":"En &quot;CINTILLO&quot;","block_context":{"text":"CINTILLO","link":"https:\/\/www.grieta.org.mx\/index.php\/category\/cintillo\/"},"img":{"alt_text":"","src":"https:\/\/i0.wp.com\/www.grieta.org.mx\/wp-content\/uploads\/2018\/03\/14524434_1106112876131411_958039263622046936_o.jpg?resize=350%2C200&ssl=1","width":350,"height":200,"srcset":"https:\/\/i0.wp.com\/www.grieta.org.mx\/wp-content\/uploads\/2018\/03\/14524434_1106112876131411_958039263622046936_o.jpg?resize=350%2C200&ssl=1 1x, https:\/\/i0.wp.com\/www.grieta.org.mx\/wp-content\/uploads\/2018\/03\/14524434_1106112876131411_958039263622046936_o.jpg?resize=525%2C300&ssl=1 1.5x, https:\/\/i0.wp.com\/www.grieta.org.mx\/wp-content\/uploads\/2018\/03\/14524434_1106112876131411_958039263622046936_o.jpg?resize=700%2C400&ssl=1 2x"},"classes":[]},{"id":50631,"url":"https:\/\/www.grieta.org.mx\/index.php\/2020\/06\/11\/hospital-del-issste-de-oaxaca-saturado-por-pacientes-en-area-covid\/","url_meta":{"origin":48673,"position":3},"title":"Hospital del ISSSTE de Oaxaca, saturado por pacientes en \u00e1rea COVID","author":"grieta","date":"11 junio, 2020","format":false,"excerpt":"Noticias \/ Nadia Altamirano. El mes pasado el hospital a\u00fan ten\u00eda espacio para pacientes. La saturaci\u00f3n de pacientes que se advirti\u00f3 ocasiona la COVID-19 en el sistema de salud, alcanz\u00f3 al Hospital Regional Presidente Ju\u00e1rez del ISSSTE. A menos que se logre un egreso por mejor\u00eda o defunci\u00f3n, desde ayer\u2026","rel":"","context":"En &quot;CINTILLO&quot;","block_context":{"text":"CINTILLO","link":"https:\/\/www.grieta.org.mx\/index.php\/category\/cintillo\/"},"img":{"alt_text":"","src":"https:\/\/i0.wp.com\/www.grieta.org.mx\/wp-content\/uploads\/2018\/03\/14524434_1106112876131411_958039263622046936_o.jpg?resize=350%2C200&ssl=1","width":350,"height":200,"srcset":"https:\/\/i0.wp.com\/www.grieta.org.mx\/wp-content\/uploads\/2018\/03\/14524434_1106112876131411_958039263622046936_o.jpg?resize=350%2C200&ssl=1 1x, https:\/\/i0.wp.com\/www.grieta.org.mx\/wp-content\/uploads\/2018\/03\/14524434_1106112876131411_958039263622046936_o.jpg?resize=525%2C300&ssl=1 1.5x, https:\/\/i0.wp.com\/www.grieta.org.mx\/wp-content\/uploads\/2018\/03\/14524434_1106112876131411_958039263622046936_o.jpg?resize=700%2C400&ssl=1 2x"},"classes":[]},{"id":51947,"url":"https:\/\/www.grieta.org.mx\/index.php\/2020\/07\/15\/juchitan-ahora-40-policias-se-encuentran-aislados-al-contagiarse-de-covid-19-oaxaca\/","url_meta":{"origin":48673,"position":4},"title":"Juchit\u00e1n: ahora 40 polic\u00edas se encuentran aislados al contagiarse de covid-19 (Oaxaca)","author":"grieta","date":"15 julio, 2020","format":false,"excerpt":"P\u00e1gina 3 \/ Diana Manzo y Pedro Mat\u00edas \u00a0 *Ya fueron cerrados los mercados p\u00fablicos y el Hospital *Juchit\u00e1n podr\u00eda convertirse en el epicentro de la pandemia Ante el incremento desbordado de casos por covid-19 y el aumento de muertes en los \u00faltimos 15 d\u00edas, fueron cerrados al p\u00fablico los\u2026","rel":"","context":"En &quot;CINTILLO&quot;","block_context":{"text":"CINTILLO","link":"https:\/\/www.grieta.org.mx\/index.php\/category\/cintillo\/"},"img":{"alt_text":"","src":"https:\/\/i0.wp.com\/www.grieta.org.mx\/wp-content\/uploads\/2020\/07\/1-1.jpeg?resize=350%2C200&ssl=1","width":350,"height":200,"srcset":"https:\/\/i0.wp.com\/www.grieta.org.mx\/wp-content\/uploads\/2020\/07\/1-1.jpeg?resize=350%2C200&ssl=1 1x, https:\/\/i0.wp.com\/www.grieta.org.mx\/wp-content\/uploads\/2020\/07\/1-1.jpeg?resize=525%2C300&ssl=1 1.5x"},"classes":[]},{"id":51715,"url":"https:\/\/www.grieta.org.mx\/index.php\/2020\/07\/04\/por-falta-de-equipo-medico-trabajadores-del-hospital-regional-de-tuxtepec-paran-labores-oaxaca\/","url_meta":{"origin":48673,"position":5},"title":"Por falta de equipo m\u00e9dico, trabajadores del Hospital Regional de Tuxtepec paran labores (Oaxaca)","author":"grieta","date":"4 julio, 2020","format":false,"excerpt":"Proceso \/ Pedro Mat\u00edas. El Hospital Regional de Tuxtepec. Foto: Twitter @amorenos60 OAXACA, Oax. (apro).- Trabajadores del Hospital Regional de Tuxtepec iniciaron hoy un paro de labores para protestar por la falta de equipo m\u00e9dico, cuando esa regi\u00f3n ocupa el segundo lugar en incidencia por casos de covid-19 y defunciones\u2026","rel":"","context":"En &quot;CINTILLO&quot;","block_context":{"text":"CINTILLO","link":"https:\/\/www.grieta.org.mx\/index.php\/category\/cintillo\/"},"img":{"alt_text":"","src":"https:\/\/i0.wp.com\/www.grieta.org.mx\/wp-content\/uploads\/2020\/07\/Hospital-Tuxtepec-850x522.jpg?resize=350%2C200&ssl=1","width":350,"height":200,"srcset":"https:\/\/i0.wp.com\/www.grieta.org.mx\/wp-content\/uploads\/2020\/07\/Hospital-Tuxtepec-850x522.jpg?resize=350%2C200&ssl=1 1x, https:\/\/i0.wp.com\/www.grieta.org.mx\/wp-content\/uploads\/2020\/07\/Hospital-Tuxtepec-850x522.jpg?resize=525%2C300&ssl=1 1.5x, https:\/\/i0.wp.com\/www.grieta.org.mx\/wp-content\/uploads\/2020\/07\/Hospital-Tuxtepec-850x522.jpg?resize=700%2C400&ssl=1 2x"},"classes":[]}],"_links":{"self":[{"href":"https:\/\/www.grieta.org.mx\/index.php\/wp-json\/wp\/v2\/posts\/48673","targetHints":{"allow":["GET"]}}],"collection":[{"href":"https:\/\/www.grieta.org.mx\/index.php\/wp-json\/wp\/v2\/posts"}],"about":[{"href":"https:\/\/www.grieta.org.mx\/index.php\/wp-json\/wp\/v2\/types\/post"}],"author":[{"embeddable":true,"href":"https:\/\/www.grieta.org.mx\/index.php\/wp-json\/wp\/v2\/users\/2"}],"replies":[{"embeddable":true,"href":"https:\/\/www.grieta.org.mx\/index.php\/wp-json\/wp\/v2\/comments?post=48673"}],"version-history":[{"count":1,"href":"https:\/\/www.grieta.org.mx\/index.php\/wp-json\/wp\/v2\/posts\/48673\/revisions"}],"predecessor-version":[{"id":48676,"href":"https:\/\/www.grieta.org.mx\/index.php\/wp-json\/wp\/v2\/posts\/48673\/revisions\/48676"}],"wp:featuredmedia":[{"embeddable":true,"href":"https:\/\/www.grieta.org.mx\/index.php\/wp-json\/wp\/v2\/media\/21928"}],"wp:attachment":[{"href":"https:\/\/www.grieta.org.mx\/index.php\/wp-json\/wp\/v2\/media?parent=48673"}],"wp:term":[{"taxonomy":"category","embeddable":true,"href":"https:\/\/www.grieta.org.mx\/index.php\/wp-json\/wp\/v2\/categories?post=48673"},{"taxonomy":"post_tag","embeddable":true,"href":"https:\/\/www.grieta.org.mx\/index.php\/wp-json\/wp\/v2\/tags?post=48673"}],"curies":[{"name":"wp","href":"https:\/\/api.w.org\/{rel}","templated":true}]}}