{"id":48631,"date":"2020-04-27T02:55:58","date_gmt":"2020-04-27T07:55:58","guid":{"rendered":"http:\/\/www.grieta.org.mx\/?p=48631"},"modified":"2020-05-06T03:03:04","modified_gmt":"2020-05-06T08:03:04","slug":"a-dos-anos-sin-mariela-vanessa-la-contingencia-dificulta-su-busqueda-ciudad-de-mexico","status":"publish","type":"post","link":"https:\/\/www.grieta.org.mx\/index.php\/2020\/04\/27\/a-dos-anos-sin-mariela-vanessa-la-contingencia-dificulta-su-busqueda-ciudad-de-mexico\/","title":{"rendered":"A dos a\u00f1os sin Mariela Vanessa, la contingencia dificulta su b\u00fasqueda (Ciudad de M\u00e9xico)"},"content":{"rendered":"<p><img loading=\"lazy\" decoding=\"async\" data-attachment-id=\"48632\" data-permalink=\"https:\/\/www.grieta.org.mx\/index.php\/2020\/04\/27\/a-dos-anos-sin-mariela-vanessa-la-contingencia-dificulta-su-busqueda-ciudad-de-mexico\/a-dos-anos-sin-mariela-vanessa-la-contingencia-dificulta-su-busqueda-cdmx-may\/\" data-orig-file=\"https:\/\/www.grieta.org.mx\/wp-content\/uploads\/2020\/05\/A-dos-a\u00f1os-sin-Mariela-Vanessa-la-contingencia-dificulta-su-b\u00fasqueda-cdmx-may.jpg\" data-orig-size=\"1280,800\" data-comments-opened=\"0\" data-image-meta=\"{&quot;aperture&quot;:&quot;4.5&quot;,&quot;credit&quot;:&quot;&quot;,&quot;camera&quot;:&quot;Canon EOS Rebel SL2&quot;,&quot;caption&quot;:&quot;&quot;,&quot;created_timestamp&quot;:&quot;1583591557&quot;,&quot;copyright&quot;:&quot;&quot;,&quot;focal_length&quot;:&quot;24&quot;,&quot;iso&quot;:&quot;1600&quot;,&quot;shutter_speed&quot;:&quot;0.008&quot;,&quot;title&quot;:&quot;&quot;,&quot;orientation&quot;:&quot;1&quot;}\" data-image-title=\"A dos a\u00f1os sin Mariela Vanessa, la contingencia dificulta su b\u00fasqueda cdmx may\" data-image-description=\"\" data-image-caption=\"\" data-medium-file=\"https:\/\/www.grieta.org.mx\/wp-content\/uploads\/2020\/05\/A-dos-a\u00f1os-sin-Mariela-Vanessa-la-contingencia-dificulta-su-b\u00fasqueda-cdmx-may-300x188.jpg\" data-large-file=\"https:\/\/www.grieta.org.mx\/wp-content\/uploads\/2020\/05\/A-dos-a\u00f1os-sin-Mariela-Vanessa-la-contingencia-dificulta-su-b\u00fasqueda-cdmx-may-1024x640.jpg\" class=\"aligncenter  wp-image-48632\" src=\"http:\/\/www.grieta.org.mx\/wp-content\/uploads\/2020\/05\/A-dos-a\u00f1os-sin-Mariela-Vanessa-la-contingencia-dificulta-su-b\u00fasqueda-cdmx-may.jpg\" alt=\"\" width=\"648\" height=\"405\" srcset=\"https:\/\/www.grieta.org.mx\/wp-content\/uploads\/2020\/05\/A-dos-a\u00f1os-sin-Mariela-Vanessa-la-contingencia-dificulta-su-b\u00fasqueda-cdmx-may.jpg 1280w, https:\/\/www.grieta.org.mx\/wp-content\/uploads\/2020\/05\/A-dos-a\u00f1os-sin-Mariela-Vanessa-la-contingencia-dificulta-su-b\u00fasqueda-cdmx-may-300x188.jpg 300w, https:\/\/www.grieta.org.mx\/wp-content\/uploads\/2020\/05\/A-dos-a\u00f1os-sin-Mariela-Vanessa-la-contingencia-dificulta-su-b\u00fasqueda-cdmx-may-768x480.jpg 768w, https:\/\/www.grieta.org.mx\/wp-content\/uploads\/2020\/05\/A-dos-a\u00f1os-sin-Mariela-Vanessa-la-contingencia-dificulta-su-b\u00fasqueda-cdmx-may-1024x640.jpg 1024w, https:\/\/www.grieta.org.mx\/wp-content\/uploads\/2020\/05\/A-dos-a\u00f1os-sin-Mariela-Vanessa-la-contingencia-dificulta-su-b\u00fasqueda-cdmx-may-800x500.jpg 800w\" sizes=\"auto, (max-width: 648px) 100vw, 648px\" \/><\/p>\n<p>Texto y foto: Mar\u00eda Ruiz \/ Pie de P\u00e1gina<\/p>\n<blockquote><p>Mariela Vanessa desapareci\u00f3 hace dos a\u00f1os. La fiscal\u00eda capitalina carece de una clara l\u00ednea de investigaci\u00f3n y la cuarentena caus\u00f3 que su familia pausara su b\u00fasqueda. Salir implicar\u00eda un riesgo y si su familia enferma, \u00bfqui\u00e9n la seguir\u00e1 buscando?<\/p><\/blockquote>\n<p>Hace dos a\u00f1os Mariela Vanessa D\u00edaz Valverde sali\u00f3 de su casa y no regres\u00f3. Su familia no ha tenido respuestas sobre su paradero , y la Fiscal\u00eda tampoco les ha proporcionado explicaciones ni cuenta con una l\u00ednea de investigaci\u00f3n clara.<\/p>\n<p>Los dos a\u00f1os de la ausencia de la estudiante de la Facultad de Filosof\u00eda y Letras (FFyL) se cumplieron durante la contingencia sanitaria por la covid-19. Este confinamiento puso en pausa su b\u00fasqueda. Su familia se ve en la necesidad de quedarse en casa y los funcionarios p\u00fablicos tampoco est\u00e1n laborando como usualmente lo hacen. Aunque esta pausa en la investigaci\u00f3n la sienten desde hace tiempo, se\u00f1ala Gabriela D\u00edaz, hermana de Mariela Vanessa.<\/p>\n<p>\u201cHemos visto que la Fiscal\u00eda en todos los casos en general ha habido una gran pausa. Nos explican que como polic\u00edas de investigaci\u00f3n no pueden hacer bien su trabajo porque no pueden citar a las personas y corren el riesgo igual de salir\u201d, comenta Gabriela D\u00edaz.<\/p>\n<p>La sensaci\u00f3n de no avanzar en la b\u00fasqueda no se va. Pero esta pausa por la contingencia la sienten desde hace tiempo:<\/p>\n<p>\u201cNosotras sentimos que esta pausa viene desde que cambi\u00f3 el gobierno. Desde el cambio de la fiscal\u00eda hemos sentido una gran pausa. Nos hablan de que tienen l\u00edneas de investigaci\u00f3n pero a los familiares siempre nos quedan dudas de cu\u00e1les. Porque cuando hay que entregar cuentas no vemos avances. No nos explican, no nos dan cuentas y no vemos el resultado. Tal vez podamos parecer muy duros al decir que no hacen nada pero al final de cuentas Mariela no est\u00e1 aqu\u00ed en su casa. No es ser duro sino que nosotros tenemos un solo objetivo, pedimos una sola cosa y hasta hoy d\u00eda nos sigue haciendo falta Mariela\u201d, explica la hermana de la estudiante de la FFyL.<\/p>\n<p>La familia se ha sentado con la fiscal Ernestina Godoy y le han manifestado las fallas, a\u00fan as\u00ed, no ven cambios.<\/p>\n<p>Una protesta virtual<\/p>\n<p>Este 27 de abril se convoc\u00f3 a una protesta virtual. La madre de Mariela Vanessa, Herminia Valverde, comparti\u00f3 un mensaje v\u00eda Facebook donde pidi\u00f3 que las autoridades hagan su trabajo para que Mariela regrese a su casa y dejen las simulaciones.<\/p>\n<p>La idea fue de V\u00edctor Caballero, quien es parte del grupo de personas y colectivos que ha acompa\u00f1ado a la familia de Mariela en su b\u00fasqueda.<\/p>\n<p>\u201cHemos visto que s\u00ed ha habido reacci\u00f3n. A lo mejor no tan viral como se esperaba pero s\u00ed ha habido una buena reacci\u00f3n. Pensamos en que no s\u00f3lo es por Mariela, son muchas personas que no est\u00e1n como nosotros, en casa. Hemos tratado de globalizarlo porque no es un caso aislado, es algo que a todos nos puede afectar y pues es generar un poco de conciencia. Las autoridades tienen culpa de no hacer su trabajo en tiempo y forma pero tambi\u00e9n somos todos porque siempre alguien ve algo y no hace nada. El no indignarse porque alguien nos hace falta, el no pedir ni exigir justicia, el dejar que las cosas pasen como si nada. No cuesta nada pensar en las dem\u00e1s personas\u201d explica Gabriela D\u00edaz.<\/p>\n<p>Su exigencia principal es que los funcionarios p\u00fablicos se enfoquen en realizar las promesas que hacen. En que se enfoquen en dar capacitaciones y de generar acciones que sirvan.<\/p>\n<p>Durante el d\u00eda se pidi\u00f3 que se comparta en Twitter un mensaje de exigencia usando el hashtag #D\u00f3ndeEst\u00e1MarielaVanessa y arrobando a la Fiscal\u00eda de Ciudad de M\u00e9xico.<\/p>\n<p>Familias que buscan, vulnerables ante el covid-19<\/p>\n<p>La contingencia por covid-19 ha afectado las b\u00fasquedas de desaparecidos en la Ciudad de M\u00e9xico. Durante la contingencia a la familia D\u00edaz solo le ha quedado confiar en en lo poco que pueden hacer la Fiscal\u00eda y la Comisi\u00f3n de B\u00fasqueda:<\/p>\n<p>\u201cHemos tenido contacto por medio de reuniones virtuales en donde b\u00e1sicamente nos dicen lo mismo que nos han dicho desde hace meses. Ahorita hay una limitante para nosotros que no podemos hacer tampoco muchas cosas. Sin contar que tambi\u00e9n todo esto nos afecta econ\u00f3micamente\u201d menciona D\u00edaz.<\/p>\n<p>La familia de Mariela Vanessa no cuenta con un salario fijo. Durante esta contingencia no tienen acceso a recursos econ\u00f3micos si no salen. Como ellos, Gabriela D\u00edaz menciona que varias personas del Colectivo Hasta Encontrarles, colectivo del que son parte, viven al d\u00eda y la contingencia les est\u00e1 afectando.<\/p>\n<p>La investigadora Rita Canto explica que la principal afecci\u00f3n en las b\u00fasquedas es en la movilidad de las familias y por ende en el avance de las investigaciones:<\/p>\n<p>\u201cRecordemos que son las familias las que investigan y buscan y llegan incluso a ofrecer informaci\u00f3n de alt\u00edsima calidad para que las autoridades puedan investigar. El paro es fuerte con lo que respecta a los avances de las propias familias porque no pueden salir a pegar carteles o a seguir alguna pista. Esta pandemia ha venido a poner de relieve todav\u00eda m\u00e1s lo endeble que es el sistema de b\u00fasqueda en la Ciudad de M\u00e9xico\u201d, visibiliza Canto.<\/p>\n<p>La investigadora denuncia que las b\u00fasquedas de la Fiscal\u00eda y de la Comisi\u00f3n de B\u00fasqueda se hacen desde el escritorio. No realizan b\u00fasquedas en terreno. Durante esta pandemia, al no poder salir, las familias no buscan y por lo tanto no hay avances en las investigaciones. Tambi\u00e9n menciona el riesgo que corren las las v\u00edctimas indirectas de las desapariciones ahora que viene el pico m\u00e1s amplio de la pandemia:<\/p>\n<p>\u201cOtra de las cosas que enfrentan las madres por la pandemia, es la vulnerabilidad que ya hist\u00f3ricamente tienen, son m\u00e1s susceptibles, de poder contagiarse. Tenemos el caso de una mam\u00e1 cercana que busca a su hija que est\u00e1 hospitalizada por covid-19. Queda muy a la vista, con toda esta pandemia, la vulnerabilidad, la fragilidad, la desatenci\u00f3n que han tenido las v\u00edctimas indirectas porque son familias que, teniendo pleno derecho al acceso a los recursos que les permitir\u00edan una m\u00ednima cobertura (cobertura m\u00e9dica), est\u00e1n sin ellas\u201d cuenta Rita Canto.<\/p>\n<p>Para Gabriela D\u00edaz y su familia sus cuidados y el confinamiento es parte de su b\u00fasqueda:<\/p>\n<p>\u201cS\u00ed hemos tenido que salir, unas dos, tres veces, pero dentro de lo que cabe hemos procurado que las reuniones sean virtuales; hemos tambi\u00e9n tratado de cuidarnos lo m\u00e1s que se pueda porque si no nos cuidamos nosotras el d\u00eda de ma\u00f1ana qui\u00e9n va a buscar a Mariela?, \u00bfqui\u00e9n va a buscar a todos los que nos hacen falta?\u201d comparte D\u00edaz.<\/p>\n<p><a href=\"https:\/\/piedepagina.mx\/a-dos-anos-sin-mariela-vanessa-la-contingencia-dificulta-su-busqueda\/\" target=\"_blank\" rel=\"noopener noreferrer\">https:\/\/piedepagina.mx\/a-dos-anos-sin-mariela-vanessa-la-contingencia-dificulta-su-busqueda\/<\/a><\/p>\n","protected":false},"excerpt":{"rendered":"<p>Texto y foto: Mar\u00eda Ruiz \/ Pie de P\u00e1gina Mariela Vanessa desapareci\u00f3 hace dos a\u00f1os. La fiscal\u00eda capitalina carece de una clara l\u00ednea de investigaci\u00f3n y la cuarentena caus\u00f3 que &hellip; <a href=\"https:\/\/www.grieta.org.mx\/index.php\/2020\/04\/27\/a-dos-anos-sin-mariela-vanessa-la-contingencia-dificulta-su-busqueda-ciudad-de-mexico\/\" class=\"more-link\">Leer m\u00e1s<\/a><\/p>\n","protected":false},"author":2,"featured_media":48632,"comment_status":"closed","ping_status":"closed","sticky":false,"template":"","format":"standard","meta":{"ngg_post_thumbnail":0,"_jetpack_newsletter_access":"","_jetpack_dont_email_post_to_subs":false,"_jetpack_newsletter_tier_id":0,"_jetpack_memberships_contains_paywalled_content":false,"_jetpack_memberships_contains_paid_content":false,"footnotes":""},"categories":[80,14,3295,87,2745,1810,2,83,1823,2388],"tags":[3018,3241,631,121,1668],"class_list":["post-48631","post","type-post","status-publish","format-standard","has-post-thumbnail","hentry","category-cintillo","category-ciudad-de-mexico","category-covid-19-en-ciudad-de-mexico","category-desaparecidos","category-desaparecidos-en-la-ciudad-de-mexico","category-movilizaciones-y-protestas-de-familiares-de-desaparecidos-en-la-ciudad-de-mexico","category-noticias-nacionales","category-temas-nacionales","category-violencia-contra-estudiantes","category-violencia-contra-las-mujeres-en-la-ciudad-de-mexico","tag-colectivos-de-busqueda-de-desaparecidos","tag-covid-19","tag-desaparecidas","tag-desaparecidos","tag-familiares-de-desaparecidos","entry"],"jetpack_featured_media_url":"https:\/\/www.grieta.org.mx\/wp-content\/uploads\/2020\/05\/A-dos-a\u00f1os-sin-Mariela-Vanessa-la-contingencia-dificulta-su-b\u00fasqueda-cdmx-may.jpg","jetpack_sharing_enabled":true,"jetpack_shortlink":"https:\/\/wp.me\/p7ZJR4-cEn","jetpack_likes_enabled":false,"jetpack-related-posts":[{"id":67881,"url":"https:\/\/www.grieta.org.mx\/index.php\/2023\/10\/10\/estudiantes-de-filosofia-y-letras-recuerdan-a-mariela-vanessa-diaz-valverde-desaparecida-en-2018-unam-ofrecera-disculpa-por-el-caso-cdmx\/","url_meta":{"origin":48631,"position":0},"title":"Estudiantes de Filosof\u00eda y Letras recuerdan a Mariela Vanessa D\u00edaz Valverde, desaparecida en 2018; UNAM ofrecer\u00e1 disculpa por el caso (CDMX)","author":"grieta","date":"10 octubre, 2023","format":false,"excerpt":"Mariela es recordada por estudiantes de la Facultad de Filosof\u00eda y Letras de la UNAM. Foto: Er\u00e9ndira Aquino. Er\u00e9ndira Aquino \/ Animal Pol\u00edtico \u201cTu historia nos duele y nos quema, Mariela, pero apostamos a que desde esa digna rabia sale nuestra rebeld\u00eda y resistencia situada en nuestra memoria.\u00a0Nos acompa\u00f1amos hoy\u2026","rel":"","context":"En &quot;Ciudad de M\u00e9xico&quot;","block_context":{"text":"Ciudad de M\u00e9xico","link":"https:\/\/www.grieta.org.mx\/index.php\/category\/noticias-nacionales\/ciudad-de-mexico\/"},"img":{"alt_text":"","src":"https:\/\/i0.wp.com\/www.grieta.org.mx\/wp-content\/uploads\/2023\/10\/mariela-vanessa-diaz-valverde-1.jpg?resize=350%2C200","width":350,"height":200,"srcset":"https:\/\/i0.wp.com\/www.grieta.org.mx\/wp-content\/uploads\/2023\/10\/mariela-vanessa-diaz-valverde-1.jpg?resize=350%2C200 1x, https:\/\/i0.wp.com\/www.grieta.org.mx\/wp-content\/uploads\/2023\/10\/mariela-vanessa-diaz-valverde-1.jpg?resize=525%2C300 1.5x, https:\/\/i0.wp.com\/www.grieta.org.mx\/wp-content\/uploads\/2023\/10\/mariela-vanessa-diaz-valverde-1.jpg?resize=700%2C400 2x, https:\/\/i0.wp.com\/www.grieta.org.mx\/wp-content\/uploads\/2023\/10\/mariela-vanessa-diaz-valverde-1.jpg?resize=1050%2C600 3x"},"classes":[]},{"id":43275,"url":"https:\/\/www.grieta.org.mx\/index.php\/2020\/01\/21\/activistas-colocan-memorial-con-fotografias-de-sus-desaparecidos-frente-a-a-fgr-ciudad-de-mexico\/","url_meta":{"origin":48631,"position":1},"title":"Activistas colocan memorial con fotograf\u00edas de sus desaparecidos frente a a FGR (Ciudad de M\u00e9xico)","author":"grieta","date":"21 enero, 2020","format":false,"excerpt":"Foto: Pablo P\u00e9rez Conexi\u00f3n Migrante Ana Enamorado encabez\u00f3 este lunes 20 de noviembre una manifestaci\u00f3n frente a la FGR, ubicada en la CDMX, exigi\u00f3 la b\u00fasqueda de su hijo, quien desapareci\u00f3 hace 10 a\u00f1os Fue el 19 de enero de 2010 cuando Ana Enamorado tuvo contacto por \u00faltima vez con\u2026","rel":"","context":"En &quot;CINTILLO&quot;","block_context":{"text":"CINTILLO","link":"https:\/\/www.grieta.org.mx\/index.php\/category\/cintillo\/"},"img":{"alt_text":"","src":"https:\/\/i0.wp.com\/www.grieta.org.mx\/wp-content\/uploads\/2020\/01\/Activistas-colocan-memorial-con-fotograf%C3%ADas-de-sus-desaparecidos-frente-a-a-FGR-cdmx-ene.jpg?resize=350%2C200&ssl=1","width":350,"height":200,"srcset":"https:\/\/i0.wp.com\/www.grieta.org.mx\/wp-content\/uploads\/2020\/01\/Activistas-colocan-memorial-con-fotograf%C3%ADas-de-sus-desaparecidos-frente-a-a-FGR-cdmx-ene.jpg?resize=350%2C200&ssl=1 1x, https:\/\/i0.wp.com\/www.grieta.org.mx\/wp-content\/uploads\/2020\/01\/Activistas-colocan-memorial-con-fotograf%C3%ADas-de-sus-desaparecidos-frente-a-a-FGR-cdmx-ene.jpg?resize=525%2C300&ssl=1 1.5x, https:\/\/i0.wp.com\/www.grieta.org.mx\/wp-content\/uploads\/2020\/01\/Activistas-colocan-memorial-con-fotograf%C3%ADas-de-sus-desaparecidos-frente-a-a-FGR-cdmx-ene.jpg?resize=700%2C400&ssl=1 2x, https:\/\/i0.wp.com\/www.grieta.org.mx\/wp-content\/uploads\/2020\/01\/Activistas-colocan-memorial-con-fotograf%C3%ADas-de-sus-desaparecidos-frente-a-a-FGR-cdmx-ene.jpg?resize=1050%2C600&ssl=1 3x"},"classes":[]},{"id":52448,"url":"https:\/\/www.grieta.org.mx\/index.php\/2020\/08\/05\/familiares-de-desaparecidos-realizan-caminata-en-el-zocalo-y-advierten-que-lo-haran-cada-mes-ciudad-de-mexico\/","url_meta":{"origin":48631,"position":2},"title":"Familiares de desaparecidos realizan caminata en el Z\u00f3calo\u2026 y advierten que lo har\u00e1n cada mes (Ciudad de M\u00e9xico)","author":"grieta","date":"5 agosto, 2020","format":false,"excerpt":"Familiares de desaparecidos en el z\u00f3calo de la Ciudad de M\u00e9xico. Foto: Brigada Humanitaria de Paz Marabunta Gloria Leticia D\u00edaz \/ Proceso Familiares de personas desaparecidas ocuparon este mi\u00e9rcoles la plancha del z\u00f3calo de la Ciudad de M\u00e9xico para mantener viva la exigencia de verdad y justicia para las m\u00e1s\u2026","rel":"","context":"En &quot;CINTILLO&quot;","block_context":{"text":"CINTILLO","link":"https:\/\/www.grieta.org.mx\/index.php\/category\/cintillo\/"},"img":{"alt_text":"","src":"https:\/\/i0.wp.com\/www.grieta.org.mx\/wp-content\/uploads\/2020\/08\/Familiares-de-desaparecidos-realizan-caminata-en-el-Z%C3%B3calo%E2%80%A6-y-advierten-que-lo-har%C3%A1n-cada-mes-cdmx-ago.jpg?resize=350%2C200&ssl=1","width":350,"height":200,"srcset":"https:\/\/i0.wp.com\/www.grieta.org.mx\/wp-content\/uploads\/2020\/08\/Familiares-de-desaparecidos-realizan-caminata-en-el-Z%C3%B3calo%E2%80%A6-y-advierten-que-lo-har%C3%A1n-cada-mes-cdmx-ago.jpg?resize=350%2C200&ssl=1 1x, https:\/\/i0.wp.com\/www.grieta.org.mx\/wp-content\/uploads\/2020\/08\/Familiares-de-desaparecidos-realizan-caminata-en-el-Z%C3%B3calo%E2%80%A6-y-advierten-que-lo-har%C3%A1n-cada-mes-cdmx-ago.jpg?resize=525%2C300&ssl=1 1.5x, https:\/\/i0.wp.com\/www.grieta.org.mx\/wp-content\/uploads\/2020\/08\/Familiares-de-desaparecidos-realizan-caminata-en-el-Z%C3%B3calo%E2%80%A6-y-advierten-que-lo-har%C3%A1n-cada-mes-cdmx-ago.jpg?resize=700%2C400&ssl=1 2x"},"classes":[]},{"id":49000,"url":"https:\/\/www.grieta.org.mx\/index.php\/2020\/05\/11\/con-marcha-virtual-y-en-cdmx-madres-protestaron-por-sus-desaparecidos-este-10-de-mayo\/","url_meta":{"origin":48631,"position":3},"title":"Con marcha virtual y en CDMX, madres protestaron por sus desaparecidos este 10 de mayo","author":"grieta","date":"11 mayo, 2020","format":false,"excerpt":"Imagen tomada de: lostubos.com Los Tubos Este 10 de mayo, un grupo de madres march\u00f3 del Monumento a la Madre al \u00c1ngel de la Independencia en la Ciudad de M\u00e9xico para exigir la b\u00fasqueda de sus hijas e hijos desaparecidos, a pesar de las recomendaciones para quedarse en casa en\u2026","rel":"","context":"En &quot;CINTILLO&quot;","block_context":{"text":"CINTILLO","link":"https:\/\/www.grieta.org.mx\/index.php\/category\/cintillo\/"},"img":{"alt_text":"","src":"https:\/\/i0.wp.com\/www.grieta.org.mx\/wp-content\/uploads\/2020\/05\/Con-marcha-virtual-y-en-CDMX-madres-protestaron-por-sus-desaparecidos-este-10-de-mayo-cdmx-may.jpg?resize=350%2C200&ssl=1","width":350,"height":200,"srcset":"https:\/\/i0.wp.com\/www.grieta.org.mx\/wp-content\/uploads\/2020\/05\/Con-marcha-virtual-y-en-CDMX-madres-protestaron-por-sus-desaparecidos-este-10-de-mayo-cdmx-may.jpg?resize=350%2C200&ssl=1 1x, https:\/\/i0.wp.com\/www.grieta.org.mx\/wp-content\/uploads\/2020\/05\/Con-marcha-virtual-y-en-CDMX-madres-protestaron-por-sus-desaparecidos-este-10-de-mayo-cdmx-may.jpg?resize=525%2C300&ssl=1 1.5x, https:\/\/i0.wp.com\/www.grieta.org.mx\/wp-content\/uploads\/2020\/05\/Con-marcha-virtual-y-en-CDMX-madres-protestaron-por-sus-desaparecidos-este-10-de-mayo-cdmx-may.jpg?resize=700%2C400&ssl=1 2x"},"classes":[]},{"id":38516,"url":"https:\/\/www.grieta.org.mx\/index.php\/2019\/08\/30\/protestan-por-sus-desparecidos-frente-al-palacio-nacional-fotogaleria\/","url_meta":{"origin":48631,"position":4},"title":"Protestan por sus desparecidos frente al Palacio Nacional (fotogaler\u00eda)","author":"grieta","date":"30 agosto, 2019","format":false,"excerpt":"EFE\/Vanguardia Los familiares de desaparecidos adem\u00e1s planean entregar 80.000 firmas para exigir al Estado mejoras en los protocolos de investigaci\u00f3n. https:\/\/vanguardia.com.mx\/articulo\/protestan-por-sus-desparecidos-frente-al-palacio-nacional-fotogaleria","rel":"","context":"En &quot;CINTILLO&quot;","block_context":{"text":"CINTILLO","link":"https:\/\/www.grieta.org.mx\/index.php\/category\/cintillo\/"},"img":{"alt_text":"","src":"https:\/\/i0.wp.com\/www.grieta.org.mx\/wp-content\/uploads\/2019\/08\/1-4.jpg?resize=350%2C200&ssl=1","width":350,"height":200,"srcset":"https:\/\/i0.wp.com\/www.grieta.org.mx\/wp-content\/uploads\/2019\/08\/1-4.jpg?resize=350%2C200&ssl=1 1x, https:\/\/i0.wp.com\/www.grieta.org.mx\/wp-content\/uploads\/2019\/08\/1-4.jpg?resize=525%2C300&ssl=1 1.5x, https:\/\/i0.wp.com\/www.grieta.org.mx\/wp-content\/uploads\/2019\/08\/1-4.jpg?resize=700%2C400&ssl=1 2x"},"classes":[]},{"id":42522,"url":"https:\/\/www.grieta.org.mx\/index.php\/2019\/12\/26\/marchan-padres-de-los-43-en-la-basilica-ciudad-de-mexico\/","url_meta":{"origin":48631,"position":5},"title":"Marchan padres de los 43 en la Bas\u00edlica (Ciudad de M\u00e9xico)","author":"grieta","date":"26 diciembre, 2019","format":false,"excerpt":"Foto: Isael Rosales \/ Tlachinollan Vania Pigeonutt \/ Pie de P\u00e1gina \u00a0 CIUDAD DE M\u00c9XICO.- Madres y padres de los 43 estudiantes desaparecidos de Ayotzinapa realizaron una marcha- peregrinaci\u00f3n hacia la Bas\u00edlica de Guadalupe como parte de las actividades de la 63 acci\u00f3n global por Ayotzinapa. Primero, realizaron varios encuentros\u2026","rel":"","context":"En &quot;CINTILLO&quot;","block_context":{"text":"CINTILLO","link":"https:\/\/www.grieta.org.mx\/index.php\/category\/cintillo\/"},"img":{"alt_text":"","src":"https:\/\/i0.wp.com\/www.grieta.org.mx\/wp-content\/uploads\/2019\/12\/Marchan-padres-de-los-43-en-la-Bas%C3%ADlica-cdmx-dic.jpg?resize=350%2C200&ssl=1","width":350,"height":200,"srcset":"https:\/\/i0.wp.com\/www.grieta.org.mx\/wp-content\/uploads\/2019\/12\/Marchan-padres-de-los-43-en-la-Bas%C3%ADlica-cdmx-dic.jpg?resize=350%2C200&ssl=1 1x, https:\/\/i0.wp.com\/www.grieta.org.mx\/wp-content\/uploads\/2019\/12\/Marchan-padres-de-los-43-en-la-Bas%C3%ADlica-cdmx-dic.jpg?resize=525%2C300&ssl=1 1.5x, https:\/\/i0.wp.com\/www.grieta.org.mx\/wp-content\/uploads\/2019\/12\/Marchan-padres-de-los-43-en-la-Bas%C3%ADlica-cdmx-dic.jpg?resize=700%2C400&ssl=1 2x, https:\/\/i0.wp.com\/www.grieta.org.mx\/wp-content\/uploads\/2019\/12\/Marchan-padres-de-los-43-en-la-Bas%C3%ADlica-cdmx-dic.jpg?resize=1050%2C600&ssl=1 3x"},"classes":[]}],"_links":{"self":[{"href":"https:\/\/www.grieta.org.mx\/index.php\/wp-json\/wp\/v2\/posts\/48631","targetHints":{"allow":["GET"]}}],"collection":[{"href":"https:\/\/www.grieta.org.mx\/index.php\/wp-json\/wp\/v2\/posts"}],"about":[{"href":"https:\/\/www.grieta.org.mx\/index.php\/wp-json\/wp\/v2\/types\/post"}],"author":[{"embeddable":true,"href":"https:\/\/www.grieta.org.mx\/index.php\/wp-json\/wp\/v2\/users\/2"}],"replies":[{"embeddable":true,"href":"https:\/\/www.grieta.org.mx\/index.php\/wp-json\/wp\/v2\/comments?post=48631"}],"version-history":[{"count":1,"href":"https:\/\/www.grieta.org.mx\/index.php\/wp-json\/wp\/v2\/posts\/48631\/revisions"}],"predecessor-version":[{"id":48633,"href":"https:\/\/www.grieta.org.mx\/index.php\/wp-json\/wp\/v2\/posts\/48631\/revisions\/48633"}],"wp:featuredmedia":[{"embeddable":true,"href":"https:\/\/www.grieta.org.mx\/index.php\/wp-json\/wp\/v2\/media\/48632"}],"wp:attachment":[{"href":"https:\/\/www.grieta.org.mx\/index.php\/wp-json\/wp\/v2\/media?parent=48631"}],"wp:term":[{"taxonomy":"category","embeddable":true,"href":"https:\/\/www.grieta.org.mx\/index.php\/wp-json\/wp\/v2\/categories?post=48631"},{"taxonomy":"post_tag","embeddable":true,"href":"https:\/\/www.grieta.org.mx\/index.php\/wp-json\/wp\/v2\/tags?post=48631"}],"curies":[{"name":"wp","href":"https:\/\/api.w.org\/{rel}","templated":true}]}}