{"id":48626,"date":"2020-04-28T02:06:13","date_gmt":"2020-04-28T07:06:13","guid":{"rendered":"http:\/\/www.grieta.org.mx\/?p=48626"},"modified":"2020-05-06T02:50:22","modified_gmt":"2020-05-06T07:50:22","slug":"en-la-calle-y-sin-trabajo-asi-enfrentan-la-contingencia-las-trabajadoras-sexuales-ciudad-de-mexico","status":"publish","type":"post","link":"https:\/\/www.grieta.org.mx\/index.php\/2020\/04\/28\/en-la-calle-y-sin-trabajo-asi-enfrentan-la-contingencia-las-trabajadoras-sexuales-ciudad-de-mexico\/","title":{"rendered":"En la calle y sin trabajo, as\u00ed enfrentan la contingencia las trabajadoras sexuales (Ciudad de M\u00e9xico)"},"content":{"rendered":"<p><img loading=\"lazy\" decoding=\"async\" data-attachment-id=\"48627\" data-permalink=\"https:\/\/www.grieta.org.mx\/index.php\/2020\/04\/28\/en-la-calle-y-sin-trabajo-asi-enfrentan-la-contingencia-las-trabajadoras-sexuales-ciudad-de-mexico\/en-la-calle-y-sin-trabajo-asi-enfrentan-la-contingencia-las-trabajadoras-sexuales-cdmx-may\/\" data-orig-file=\"https:\/\/www.grieta.org.mx\/wp-content\/uploads\/2020\/05\/En-la-calle-y-sin-trabajo-as\u00ed-enfrentan-la-contingencia-las-trabajadoras-sexuales-cdmx-may.jpg\" data-orig-size=\"1200,800\" data-comments-opened=\"0\" data-image-meta=\"{&quot;aperture&quot;:&quot;0&quot;,&quot;credit&quot;:&quot;&quot;,&quot;camera&quot;:&quot;&quot;,&quot;caption&quot;:&quot;&quot;,&quot;created_timestamp&quot;:&quot;0&quot;,&quot;copyright&quot;:&quot;&quot;,&quot;focal_length&quot;:&quot;0&quot;,&quot;iso&quot;:&quot;0&quot;,&quot;shutter_speed&quot;:&quot;0&quot;,&quot;title&quot;:&quot;&quot;,&quot;orientation&quot;:&quot;0&quot;}\" data-image-title=\"En la calle y sin trabajo, as\u00ed enfrentan la contingencia las trabajadoras sexuales cdmx may\" data-image-description=\"\" data-image-caption=\"\" data-medium-file=\"https:\/\/www.grieta.org.mx\/wp-content\/uploads\/2020\/05\/En-la-calle-y-sin-trabajo-as\u00ed-enfrentan-la-contingencia-las-trabajadoras-sexuales-cdmx-may-300x200.jpg\" data-large-file=\"https:\/\/www.grieta.org.mx\/wp-content\/uploads\/2020\/05\/En-la-calle-y-sin-trabajo-as\u00ed-enfrentan-la-contingencia-las-trabajadoras-sexuales-cdmx-may-1024x683.jpg\" class=\"aligncenter  wp-image-48627\" src=\"http:\/\/www.grieta.org.mx\/wp-content\/uploads\/2020\/05\/En-la-calle-y-sin-trabajo-as\u00ed-enfrentan-la-contingencia-las-trabajadoras-sexuales-cdmx-may.jpg\" alt=\"\" width=\"637\" height=\"425\" srcset=\"https:\/\/www.grieta.org.mx\/wp-content\/uploads\/2020\/05\/En-la-calle-y-sin-trabajo-as\u00ed-enfrentan-la-contingencia-las-trabajadoras-sexuales-cdmx-may.jpg 1200w, https:\/\/www.grieta.org.mx\/wp-content\/uploads\/2020\/05\/En-la-calle-y-sin-trabajo-as\u00ed-enfrentan-la-contingencia-las-trabajadoras-sexuales-cdmx-may-300x200.jpg 300w, https:\/\/www.grieta.org.mx\/wp-content\/uploads\/2020\/05\/En-la-calle-y-sin-trabajo-as\u00ed-enfrentan-la-contingencia-las-trabajadoras-sexuales-cdmx-may-768x512.jpg 768w, https:\/\/www.grieta.org.mx\/wp-content\/uploads\/2020\/05\/En-la-calle-y-sin-trabajo-as\u00ed-enfrentan-la-contingencia-las-trabajadoras-sexuales-cdmx-may-1024x683.jpg 1024w, https:\/\/www.grieta.org.mx\/wp-content\/uploads\/2020\/05\/En-la-calle-y-sin-trabajo-as\u00ed-enfrentan-la-contingencia-las-trabajadoras-sexuales-cdmx-may-750x500.jpg 750w\" sizes=\"auto, (max-width: 637px) 100vw, 637px\" \/><\/p>\n<p>Texto: Arturo Contreras Camero<br \/>\nFotos: Luc\u00eda Flores y Arturo Contreras Camero<br \/>\nPie de P\u00e1gina<\/p>\n<blockquote><p>El golpe econ\u00f3mico a las trabajadoras sexuales de La Merced, por la emergencia sanitaria, se les triplic\u00f3: les cerraron los hoteles, la clientela se les desplom\u00f3 y, adem\u00e1s, por carecer de la documentaci\u00f3n requerida, no todas pueden recibir los apoyos gubernamentales<\/p><\/blockquote>\n<p>\u201c\u00a1No va a ser posible entregar todas las despensas que ten\u00edamos pensadas porque el gobierno no cumpli\u00f3 y no mand\u00f3 las despensas que prometieron\u201d, grita en plena calle Arlene Palestina. Frente a ella, cientos de mujeres, todas trabajadoras sexuales, se forman para recibir una bolsa con aceite, frijoles, lentejas y sal. La fila da vuelta a la cuadra.<\/p>\n<p>En el \u00faltimo mes las medidas de sana distancia hicieron que se cerraran los hoteles, donde muchas de ellas no s\u00f3lo trabajaban, sino tambi\u00e9n dorm\u00edan. El trabajo escasea y el poco que hay no tienen d\u00f3nde realizarlo. \u201cMuchas se duermen en las calles, aqu\u00ed en la parte de atr\u00e1s de La Merced. Est\u00e1n en situaci\u00f3n de calle y al gobierno le vale madres\u201d, asegura Arlene, abogada de Brigada Callejera, una organizaci\u00f3n que cuida a trabajadoras sexuales en varios estados del pa\u00eds.<\/p>\n<p>Desde la aparici\u00f3n del coronavirus en M\u00e9xico, los problemas para las trabajadoras sexuales s\u00f3lo han ido empeorando. \u201cHa sido muy complicado\u00bb, asegura Melissa Flores Mart\u00ednez. Su voz es dulce, suave y gruesa. Esta mujer de 51 a\u00f1os, trans y trabajadora sexual, lo dice en corto: \u201cLa epidemia nos pega m\u00e1s en el bolsillo que en la salud\u201d.<\/p>\n<p>\u201cNo nos dejan trabajar libremente en la calle, por eso del #Qu\u00e9dateEnCasa. Los hoteles est\u00e1n cerrados y no tenemos ni d\u00f3nde dormir, se nos est\u00e1 haciendo muy dif\u00edcil y nosotras tenemos que generar\u201d. Melissa no deja de sonre\u00edr, pero mientras habla, se lleva el dorso de la mano a la frente, como con pesar. \u201cM\u00e1s que miedo, me da ansiedad. Yo, aparte de esto, vendo comida preparada, y de eso saco, pero si no\u2026\u201d, dice y echa la cabeza para atr\u00e1s.<\/p>\n<p><img loading=\"lazy\" decoding=\"async\" data-attachment-id=\"48628\" data-permalink=\"https:\/\/www.grieta.org.mx\/index.php\/2020\/04\/28\/en-la-calle-y-sin-trabajo-asi-enfrentan-la-contingencia-las-trabajadoras-sexuales-ciudad-de-mexico\/pdp_despensas_trabajadoras_sexuales_merced_luciaflores00\/\" data-orig-file=\"https:\/\/www.grieta.org.mx\/wp-content\/uploads\/2020\/05\/pdp_despensas_trabajadoras_sexuales_merced_luciaflores00.jpg\" data-orig-size=\"1201,801\" data-comments-opened=\"0\" data-image-meta=\"{&quot;aperture&quot;:&quot;0&quot;,&quot;credit&quot;:&quot;&quot;,&quot;camera&quot;:&quot;&quot;,&quot;caption&quot;:&quot;&quot;,&quot;created_timestamp&quot;:&quot;0&quot;,&quot;copyright&quot;:&quot;&quot;,&quot;focal_length&quot;:&quot;0&quot;,&quot;iso&quot;:&quot;0&quot;,&quot;shutter_speed&quot;:&quot;0&quot;,&quot;title&quot;:&quot;&quot;,&quot;orientation&quot;:&quot;0&quot;}\" data-image-title=\"pdp_despensas_trabajadoras_sexuales_merced_luciaflores00\" data-image-description=\"\" data-image-caption=\"\" data-medium-file=\"https:\/\/www.grieta.org.mx\/wp-content\/uploads\/2020\/05\/pdp_despensas_trabajadoras_sexuales_merced_luciaflores00-300x200.jpg\" data-large-file=\"https:\/\/www.grieta.org.mx\/wp-content\/uploads\/2020\/05\/pdp_despensas_trabajadoras_sexuales_merced_luciaflores00-1024x683.jpg\" class=\"aligncenter  wp-image-48628\" src=\"http:\/\/www.grieta.org.mx\/wp-content\/uploads\/2020\/05\/pdp_despensas_trabajadoras_sexuales_merced_luciaflores00.jpg\" alt=\"\" width=\"639\" height=\"426\" srcset=\"https:\/\/www.grieta.org.mx\/wp-content\/uploads\/2020\/05\/pdp_despensas_trabajadoras_sexuales_merced_luciaflores00.jpg 1201w, https:\/\/www.grieta.org.mx\/wp-content\/uploads\/2020\/05\/pdp_despensas_trabajadoras_sexuales_merced_luciaflores00-300x200.jpg 300w, https:\/\/www.grieta.org.mx\/wp-content\/uploads\/2020\/05\/pdp_despensas_trabajadoras_sexuales_merced_luciaflores00-768x512.jpg 768w, https:\/\/www.grieta.org.mx\/wp-content\/uploads\/2020\/05\/pdp_despensas_trabajadoras_sexuales_merced_luciaflores00-1024x683.jpg 1024w, https:\/\/www.grieta.org.mx\/wp-content\/uploads\/2020\/05\/pdp_despensas_trabajadoras_sexuales_merced_luciaflores00-750x500.jpg 750w\" sizes=\"auto, (max-width: 639px) 100vw, 639px\" \/><br \/>\n<em>Foto: Luc\u00eda Flores.<\/em><\/p>\n<p>La falta del gobierno<\/p>\n<p>El 26 de marzo pasado, ante la contingencia que se avecinaba, una comitiva de la Brigada Callejera se reuni\u00f3 con representantes del gobierno de la Ciudad de M\u00e9xico para desarrollar un plan de atenci\u00f3n para estas mujeres vulnerables. Un mes despu\u00e9s, cuando deb\u00eda llegar la segunda entrega, los apoyos no llegaron.<\/p>\n<p>En esa reuni\u00f3n, explica Arlene Palestina, el gobierno se hab\u00eda comprometido a cuatro puntos: entregar una tarjeta con 6 mil pesos de apoyo para tres meses (dep\u00f3sitos de 2 mil pesos); otorgar una despensa durante esos meses y ayudar a buscar un lugar para algunas de las trabajadoras que no tienen d\u00f3nde quedarse.<\/p>\n<p>\u201cLa intenci\u00f3n era que todo bien, sin bronca\u201d, dice la abogada sobre las negociaciones y el trabajo que han llevado desde la Brigada con el gobierno. \u201cHasta ahora hab\u00edamos ido trabajando bien, hab\u00edamos avanzado en lo de la credencializaci\u00f3n del trabajo sexual\u201d, comenta sobre trabajos previos junto con el gobierno.<\/p>\n<p>Brigada Callejera logr\u00f3 que la Secretaria de Gobierno local, respaldar\u00e1 con despensas, acceso a medicamento y peque\u00f1os apoyos de \u00fanica ocasi\u00f3n a 300 trabajadoras sexuales cis y trans que son de la 3a edad, tienen enfermedades cr\u00f3nicas o se encuentran en dificultades extremas.<\/p>\n<p>Las alertas de la Brigada Callejera se levantaron el d\u00eda el gobierno reparti\u00f3 las tarjetas. El pasado 4 de abril el gobierno cit\u00f3 a las trabajadoras en seis puntos de la ciudad para entregar las tarjetas junto con otras 750 despensas. Se apuntaron m\u00e1s de 3 mil 800 personas y las tarjetas no alcanzaron.<\/p>\n<p>\u201cTan solo aqu\u00ed hab\u00eda filas con 800 personas. Y los de gobierno que vinieron solo llegaban con 150 tarjetas. Despu\u00e9s ten\u00edan que regresar por otras m\u00e1s y tardaban horas para traerlas. Mientras la gente estaba ah\u00ed, en el sol, formadas, esper\u00e1ndolos\u201d, cuenta sobre ese d\u00eda Arlene.<\/p>\n<p>\u00abLa pobreza est\u00e1 cabrona con las trabajadoras sexuales. Muchas no tienen acta. No tienen Curp\u00bb, dice. Para esta entrega de tarjetas la Brigada hizo un respaldo con los nombres de las trabajadoras que conocen y necesitan un apoyo. Pero muchas no los recibieron porque no reun\u00edan los papeles y los requisitos. \u00abNo entendieron el problema de fondo, se fueron con la documentaci\u00f3n, sin filtrar\u00bb.<\/p>\n<p>Este lunes 27 de abril, la Brigada Callejera convoc\u00f3 a las trabajadoras sexuales de La Merced para repartir una segunda tanda de las despensas. No llegaron las que hab\u00eda prometido el gobierno. Al respecto, personal de la Secretar\u00eda de Gobierno de la ciudad asegur\u00f3 que el acuerdo s\u00f3lo abarcaba un mes y que se entregaron, tanto despensas como tarjeta, en marzo pasado.<\/p>\n<p>Afuera de la oficina de la Brigada Callejera, a dos cuadras del mercado de La Merced, dos voluntarias de la organizaci\u00f3n, tambi\u00e9n trabajadoras sexuales, pasan entre las mujeres formadas diciendo: \u201c\u00a1Es hasta la 200, las que no tienen n\u00famero no van a alcanzar! Es lo que tenemos. Chicas, las que ya no tienen n\u00famero, por favor, retir\u00e9monos porque ya no alcanzamos a darles.<\/p>\n<p>\u201cH\u00edjole, pus a ver si llegan ma\u00f1ana, ojal\u00e1\u201d, dice una de las mujeres formadas. Usa un pants viejo y sucio, as\u00ed como una holgada y haraposa camiseta de tirantes. \u201cEl mes pasado que dieron, yo vine pero no recog\u00ed. Llevo formada desde las 5, a ver si me toca. S\u00ed me dieron tarjeta la vez pasada, pero no nos llegaron los fondos, contadas son a las que les llegaron\u201d.<\/p>\n<p><img loading=\"lazy\" decoding=\"async\" data-attachment-id=\"48629\" data-permalink=\"https:\/\/www.grieta.org.mx\/index.php\/2020\/04\/28\/en-la-calle-y-sin-trabajo-asi-enfrentan-la-contingencia-las-trabajadoras-sexuales-ciudad-de-mexico\/pdp_despensas_trabajadoras_sexuales_merced_arturo00\/\" data-orig-file=\"https:\/\/www.grieta.org.mx\/wp-content\/uploads\/2020\/05\/pdp_despensas_trabajadoras_sexuales_merced_arturo00.jpg\" data-orig-size=\"1200,800\" data-comments-opened=\"0\" data-image-meta=\"{&quot;aperture&quot;:&quot;0&quot;,&quot;credit&quot;:&quot;&quot;,&quot;camera&quot;:&quot;&quot;,&quot;caption&quot;:&quot;&quot;,&quot;created_timestamp&quot;:&quot;0&quot;,&quot;copyright&quot;:&quot;&quot;,&quot;focal_length&quot;:&quot;0&quot;,&quot;iso&quot;:&quot;0&quot;,&quot;shutter_speed&quot;:&quot;0&quot;,&quot;title&quot;:&quot;&quot;,&quot;orientation&quot;:&quot;0&quot;}\" data-image-title=\"pdp_despensas_trabajadoras_sexuales_merced_arturo00\" data-image-description=\"\" data-image-caption=\"\" data-medium-file=\"https:\/\/www.grieta.org.mx\/wp-content\/uploads\/2020\/05\/pdp_despensas_trabajadoras_sexuales_merced_arturo00-300x200.jpg\" data-large-file=\"https:\/\/www.grieta.org.mx\/wp-content\/uploads\/2020\/05\/pdp_despensas_trabajadoras_sexuales_merced_arturo00-1024x683.jpg\" class=\"aligncenter  wp-image-48629\" src=\"http:\/\/www.grieta.org.mx\/wp-content\/uploads\/2020\/05\/pdp_despensas_trabajadoras_sexuales_merced_arturo00.jpg\" alt=\"\" width=\"633\" height=\"422\" srcset=\"https:\/\/www.grieta.org.mx\/wp-content\/uploads\/2020\/05\/pdp_despensas_trabajadoras_sexuales_merced_arturo00.jpg 1200w, https:\/\/www.grieta.org.mx\/wp-content\/uploads\/2020\/05\/pdp_despensas_trabajadoras_sexuales_merced_arturo00-300x200.jpg 300w, https:\/\/www.grieta.org.mx\/wp-content\/uploads\/2020\/05\/pdp_despensas_trabajadoras_sexuales_merced_arturo00-768x512.jpg 768w, https:\/\/www.grieta.org.mx\/wp-content\/uploads\/2020\/05\/pdp_despensas_trabajadoras_sexuales_merced_arturo00-1024x683.jpg 1024w, https:\/\/www.grieta.org.mx\/wp-content\/uploads\/2020\/05\/pdp_despensas_trabajadoras_sexuales_merced_arturo00-750x500.jpg 750w\" sizes=\"auto, (max-width: 633px) 100vw, 633px\" \/><br \/>\n<em>Foto: Arturo Contreras.<\/em><\/p>\n<p>En la calle y sin refugio; a organizarse<\/p>\n<p>La respuesta de las autoridades capitalinas sorprende a los miembros de la Brigada Callejera. \u201cNo era as\u00ed, pero ahora hay como una falta de compromiso y de respeto por parte de ellos\u201d, dice la abogada Arlene. Por ejemplo, para dar atenci\u00f3n a las mujeres que se quedaron sin un lugar para dormir el gobierno de la ciudad habilit\u00f3 un deportivo como albergue en la delegaci\u00f3n Cuauht\u00e9moc. La demanda fue tanta que s\u00f3lo dur\u00f3 cuatro d\u00edas abierto. \u201cDespu\u00e9s de eso, ya estaban en pl\u00e1ticas para lo del albergue y lo han pospuesto, como que ya no saben qu\u00e9 hacer\u201d<\/p>\n<p>Al inicio de la jornada nacional de sana distancia, que determin\u00f3 el cierre de los hoteles, el gobierno habilit\u00f3 cinco hoteles para que las trabajadoras siguieran con sus labores, pero afuera de los hoteles siempre hab\u00eda una patrulla de polic\u00eda que hostigaba a los clientes, acusan las mujeres.<\/p>\n<p>\u201cActualmente, hay unos pocos hoteles que van abriendo y ah\u00ed hay algunos espacios. Otras se organizaron para que las que tienen casas las presten, y ah\u00ed. Muchas lo est\u00e1n haciendo en la calle, porque la demanda s\u00ed baj\u00f3, pero contin\u00faa, es el esc\u00e1ndalo de que est\u00e1n cogiendo por todos lados\u201d, cuenta Arlene.<\/p>\n<p>En el 115 de la calle de Corregidora, donde est\u00e1 la oficina de la Brigada Callejera, las mujeres no dejan de hacer fila para ver si alcanzan una despensa. En un intento por organizarlas, Arlene grita mientras camina entre las filas, como si las pastoreara:<\/p>\n<p>\u201cNo queremos ambulantes, o familiares, por favor, s\u00f3lo trabajadoras sexuales. Yo las reconozco y s\u00e9 qui\u00e9nes son. Pidan que se retiren a las que son ambulantes, porque no van a alcanzar las despensas para todas. Mejor, a conciencia me retiro\u201d, dice con voz sonora.<\/p>\n<p>A su paso, las mujeres gritan e intentan mantener sus filas organizadas. Intentan guardar la distancia recomendada con bromas de por medio. Todas se r\u00eden.<\/p>\n<p>\u201cEsto es hist\u00f3rico\u201d, les dice Arlene. \u201cSe quejaban de ustedes, de que no se saben poner de acuerdo. \u00c9sa es la historia de la que el gobierno se agarra para decir que las putas no se saben organizar, que se lo toman todo personal \u00a1Hay que aprender a escucharnos y a organizarnos!\u201d, grita.<\/p>\n<p>\u201c\u00a1Con orden, que se vea! \u00a1Que les caiga el 20! No quiero escuchar de \u2018ay que me grit\u00f3\u2019 o \u2018me empuj\u00f3\u2019. No quiero a nadie d\u00e1ndose besitos ni abraz\u00e1ndose, estamos en fase 3. Los vendedores (ambulantes) llevan a\u00f1os organizados y con muchos apoyos del gobierno, hay que empezar nosotras\u201d.<\/p>\n<p>Esa ma\u00f1ana la brigada logr\u00f3 entregar 300 despensas, 150 de ellas a mujeres de la tercera edad o madres solteras.<\/p>\n<p><a href=\"https:\/\/piedepagina.mx\/en-la-calle-y-sin-trabajo-asi-enfrentan-la-contingencia-las-trabajadoras-sexuales\/\" target=\"_blank\" rel=\"noopener noreferrer\">https:\/\/piedepagina.mx\/en-la-calle-y-sin-trabajo-asi-enfrentan-la-contingencia-las-trabajadoras-sexuales\/<\/a><\/p>\n","protected":false},"excerpt":{"rendered":"<p>Texto: Arturo Contreras Camero Fotos: Luc\u00eda Flores y Arturo Contreras Camero Pie de P\u00e1gina El golpe econ\u00f3mico a las trabajadoras sexuales de La Merced, por la emergencia sanitaria, se les &hellip; <a href=\"https:\/\/www.grieta.org.mx\/index.php\/2020\/04\/28\/en-la-calle-y-sin-trabajo-asi-enfrentan-la-contingencia-las-trabajadoras-sexuales-ciudad-de-mexico\/\" class=\"more-link\">Leer m\u00e1s<\/a><\/p>\n","protected":false},"author":2,"featured_media":48627,"comment_status":"closed","ping_status":"closed","sticky":false,"template":"","format":"standard","meta":{"ngg_post_thumbnail":0,"_jetpack_newsletter_access":"","_jetpack_dont_email_post_to_subs":false,"_jetpack_newsletter_tier_id":0,"_jetpack_memberships_contains_paywalled_content":false,"_jetpack_memberships_contains_paid_content":false,"footnotes":""},"categories":[80,14,3295,1742,910,3161,2,2797,2119,2219,83,2388],"tags":[3241,2841],"class_list":["post-48626","post","type-post","status-publish","format-standard","has-post-thumbnail","hentry","category-cintillo","category-ciudad-de-mexico","category-covid-19-en-ciudad-de-mexico","category-damnificados-y-reconstruccion-en-la-ciudad-de-mexico","category-explotacion-y-precariedad-laboral","category-luchas-de-las-mujeres-en-la-ciudad-de-mexico","category-noticias-nacionales","category-pobreza-en-la-ciudad-de-mexico","category-precarizacion-de-las-condiciones-laborales-en-la-ciudad-de-mexico","category-resistencias-en-la-ciudad-de-mexico","category-temas-nacionales","category-violencia-contra-las-mujeres-en-la-ciudad-de-mexico","tag-covid-19","tag-explotacion-y-precariedad-laboral","entry"],"jetpack_featured_media_url":"https:\/\/www.grieta.org.mx\/wp-content\/uploads\/2020\/05\/En-la-calle-y-sin-trabajo-as\u00ed-enfrentan-la-contingencia-las-trabajadoras-sexuales-cdmx-may.jpg","jetpack_sharing_enabled":true,"jetpack_shortlink":"https:\/\/wp.me\/p7ZJR4-cEi","jetpack_likes_enabled":false,"jetpack-related-posts":[{"id":47548,"url":"https:\/\/www.grieta.org.mx\/index.php\/2020\/04\/08\/trabajadoras-sexuales-expulsadas-de-hoteles-por-cuarentena-instalan-campamento-temporal-ciudad-de-mexico\/","url_meta":{"origin":48626,"position":0},"title":"Trabajadoras sexuales, expulsadas de hoteles por cuarentena, instalan campamento temporal (Ciudad de M\u00e9xico)","author":"grieta","date":"8 abril, 2020","format":false,"excerpt":"Imagen tomada de:news.culturacolectiva.com Cultura Colectiva La mayor\u00eda de los y las trabajadores sexuales se quedaron sin empleo y duermen en la calle ante el cierre de hoteles y posadas por la pandemia. Ante la vulnerabilidad tras el cierre de hoteles y posadas por la emergencia sanitaria que representa el coronavirus\u2026","rel":"","context":"En &quot;CINTILLO&quot;","block_context":{"text":"CINTILLO","link":"https:\/\/www.grieta.org.mx\/index.php\/category\/cintillo\/"},"img":{"alt_text":"","src":"https:\/\/i0.wp.com\/www.grieta.org.mx\/wp-content\/uploads\/2020\/04\/Trabajadoras-sexuales-expulsadas-de-hoteles-por-cuarentena-instalan-campamento-temporal-cdmx-abr.jpeg?resize=350%2C200&ssl=1","width":350,"height":200,"srcset":"https:\/\/i0.wp.com\/www.grieta.org.mx\/wp-content\/uploads\/2020\/04\/Trabajadoras-sexuales-expulsadas-de-hoteles-por-cuarentena-instalan-campamento-temporal-cdmx-abr.jpeg?resize=350%2C200&ssl=1 1x, https:\/\/i0.wp.com\/www.grieta.org.mx\/wp-content\/uploads\/2020\/04\/Trabajadoras-sexuales-expulsadas-de-hoteles-por-cuarentena-instalan-campamento-temporal-cdmx-abr.jpeg?resize=525%2C300&ssl=1 1.5x, https:\/\/i0.wp.com\/www.grieta.org.mx\/wp-content\/uploads\/2020\/04\/Trabajadoras-sexuales-expulsadas-de-hoteles-por-cuarentena-instalan-campamento-temporal-cdmx-abr.jpeg?resize=700%2C400&ssl=1 2x"},"classes":[]},{"id":57597,"url":"https:\/\/www.grieta.org.mx\/index.php\/2021\/03\/08\/trabajadoras-sexuales-se-unen-a-contingentes-de-la-marcha-8m-en-el-centro-por-derechos-laborales-ciudad-de-mexico\/","url_meta":{"origin":48626,"position":1},"title":"Trabajadoras sexuales se unen a contingentes de la marcha 8M en el centro por derechos laborales (Ciudad de M\u00e9xico)","author":"grieta","date":"8 marzo, 2021","format":false,"excerpt":"El contingente de AMETS a su paso frente a la Alameda (Karen Flores) \u00daltimo Minuto Con mensajes como \"Ni v\u00edctimas ni criminales, somos trabajadoras sexuales\", \u00a0marcharon por Reforma exigiendo que las autoridades las reconozcan Integrantes de la Alianza Mexicana de Trabajadoras Sexuales (AMETS) se unieron a las marchas con motivo\u2026","rel":"","context":"En &quot;CINTILLO&quot;","block_context":{"text":"CINTILLO","link":"https:\/\/www.grieta.org.mx\/index.php\/category\/cintillo\/"},"img":{"alt_text":"El contingente de AMETS a su paso frente a la Alameda","src":"https:\/\/i0.wp.com\/assets.ultimominuto.news\/__export\/1615245124029\/sites\/debate\/img\/2021\/03\/08\/trabajadoras_sexuales_8m.jpeg_172596871.jpeg?resize=350%2C200&ssl=1","width":350,"height":200,"srcset":"https:\/\/i0.wp.com\/assets.ultimominuto.news\/__export\/1615245124029\/sites\/debate\/img\/2021\/03\/08\/trabajadoras_sexuales_8m.jpeg_172596871.jpeg?resize=350%2C200&ssl=1 1x, https:\/\/i0.wp.com\/assets.ultimominuto.news\/__export\/1615245124029\/sites\/debate\/img\/2021\/03\/08\/trabajadoras_sexuales_8m.jpeg_172596871.jpeg?resize=525%2C300&ssl=1 1.5x"},"classes":[]},{"id":42197,"url":"https:\/\/www.grieta.org.mx\/index.php\/2019\/12\/12\/gobierno-de-la-cdmx-discrimina-y-corre-a-trabajadoras-sexuales-brigada-callejera\/","url_meta":{"origin":48626,"position":2},"title":"Gobierno de la CDMX discrimina y corre a trabajadoras sexuales: Brigada Callejera","author":"grieta","date":"12 diciembre, 2019","format":false,"excerpt":"Foto: Mois\u00e9s Pablo \/ Cuartoscuro Jordana Gonz\u00e1lez y Karen Ballesteros \/ Contral\u00ednea Trabajadoras sexuales denunciaron que funcionarios de la Subsecretar\u00eda de Programas de Alcald\u00edas y Reordenamiento de la V\u00eda P\u00fablica, de la Ciudad de M\u00e9xico, las discriminan, luego de encontrar invadidos por vendedores ambulantes sus puntos de trabajo en la\u2026","rel":"","context":"En &quot;CINTILLO&quot;","block_context":{"text":"CINTILLO","link":"https:\/\/www.grieta.org.mx\/index.php\/category\/cintillo\/"},"img":{"alt_text":"","src":"https:\/\/i0.wp.com\/www.grieta.org.mx\/wp-content\/uploads\/2019\/12\/Gobierno-de-la-CDMX-discrimina-y-corre-a-trabajadoras-sexuales-Brigada-Callejera-cdmx-dic.jpg?resize=350%2C200&ssl=1","width":350,"height":200,"srcset":"https:\/\/i0.wp.com\/www.grieta.org.mx\/wp-content\/uploads\/2019\/12\/Gobierno-de-la-CDMX-discrimina-y-corre-a-trabajadoras-sexuales-Brigada-Callejera-cdmx-dic.jpg?resize=350%2C200&ssl=1 1x, https:\/\/i0.wp.com\/www.grieta.org.mx\/wp-content\/uploads\/2019\/12\/Gobierno-de-la-CDMX-discrimina-y-corre-a-trabajadoras-sexuales-Brigada-Callejera-cdmx-dic.jpg?resize=525%2C300&ssl=1 1.5x"},"classes":[]},{"id":68894,"url":"https:\/\/www.grieta.org.mx\/index.php\/2024\/05\/01\/dia-del-trabajo-trabajadoras-sexuales-marchan-por-sus-derechos-en-la-cdmx-exigen-reconocimiento-laboral-y-fin-a-la-trata\/","url_meta":{"origin":48626,"position":3},"title":"D\u00eda del Trabajo: Trabajadoras sexuales marchan por sus derechos en la CDMX, exigen reconocimiento laboral y fin a la trata","author":"grieta","date":"1 mayo, 2024","format":false,"excerpt":"Imagen: Mario Marlo Mario Marlo \/ Somos el Medio Ciudad de M\u00e9xico, 1 de mayo 2024.-\u00a0Trabajadoras sexuales marcharon en defensa de su empleo y exigieron modificaciones en el reglamento de trabajadores no asalariados de la Ciudad de M\u00e9xico.\u00a0La Brigada Callejera de Apoyo a la Mujer E.M.A.C, organizaci\u00f3n con m\u00e1s de\u2026","rel":"","context":"En &quot;CINTILLO&quot;","block_context":{"text":"CINTILLO","link":"https:\/\/www.grieta.org.mx\/index.php\/category\/cintillo\/"},"img":{"alt_text":"","src":"https:\/\/i0.wp.com\/www.grieta.org.mx\/wp-content\/uploads\/2024\/05\/WhatsApp-Image-2024-05-01-at-7.03.30-PM-3.jpeg?resize=350%2C200&ssl=1","width":350,"height":200,"srcset":"https:\/\/i0.wp.com\/www.grieta.org.mx\/wp-content\/uploads\/2024\/05\/WhatsApp-Image-2024-05-01-at-7.03.30-PM-3.jpeg?resize=350%2C200&ssl=1 1x, https:\/\/i0.wp.com\/www.grieta.org.mx\/wp-content\/uploads\/2024\/05\/WhatsApp-Image-2024-05-01-at-7.03.30-PM-3.jpeg?resize=525%2C300&ssl=1 1.5x, https:\/\/i0.wp.com\/www.grieta.org.mx\/wp-content\/uploads\/2024\/05\/WhatsApp-Image-2024-05-01-at-7.03.30-PM-3.jpeg?resize=700%2C400&ssl=1 2x, https:\/\/i0.wp.com\/www.grieta.org.mx\/wp-content\/uploads\/2024\/05\/WhatsApp-Image-2024-05-01-at-7.03.30-PM-3.jpeg?resize=1050%2C600&ssl=1 3x"},"classes":[]},{"id":47823,"url":"https:\/\/www.grieta.org.mx\/index.php\/2020\/04\/10\/quien-protege-a-trabajadoras-sexuales-el-covid-19-las-dejo-en-la-calle-y-enfermas-piden-ayuda-ciudad-de-mexico\/","url_meta":{"origin":48626,"position":4},"title":"\u00bfQui\u00e9n protege a trabajadoras sexuales? El COVID-19 las dej\u00f3 en la calle y enfermas. Piden ayuda (Ciudad de M\u00e9xico)","author":"grieta","date":"10 abril, 2020","format":false,"excerpt":"Decenas de mujeres trabajadoras sexuales duermen en las calles. Foto: Sugeyry Romina G\u00e1ndara Sugeyry Romina G\u00e1ndara \/ Sin Embargo Tan s\u00f3lo en la Ciudad de M\u00e9xico hay al menos 7 mil 500 trabajadoras sexuales, de las cuales, a menos el 20 por ciento tiene diabetes, y un 10 por ciento\u2026","rel":"","context":"En &quot;CINTILLO&quot;","block_context":{"text":"CINTILLO","link":"https:\/\/www.grieta.org.mx\/index.php\/category\/cintillo\/"},"img":{"alt_text":"","src":"https:\/\/i0.wp.com\/www.grieta.org.mx\/wp-content\/uploads\/2020\/04\/Qui%C3%A9n-protege-a-trabajadoras-sexuales-El-COVID-19-las-dej%C3%B3-en-la-calle-y-enfermas.-Piden-ayuda-cdmx-abr.-Piden-ayuda-cdmx-abr.jpg?resize=350%2C200&ssl=1","width":350,"height":200,"srcset":"https:\/\/i0.wp.com\/www.grieta.org.mx\/wp-content\/uploads\/2020\/04\/Qui%C3%A9n-protege-a-trabajadoras-sexuales-El-COVID-19-las-dej%C3%B3-en-la-calle-y-enfermas.-Piden-ayuda-cdmx-abr.-Piden-ayuda-cdmx-abr.jpg?resize=350%2C200&ssl=1 1x, https:\/\/i0.wp.com\/www.grieta.org.mx\/wp-content\/uploads\/2020\/04\/Qui%C3%A9n-protege-a-trabajadoras-sexuales-El-COVID-19-las-dej%C3%B3-en-la-calle-y-enfermas.-Piden-ayuda-cdmx-abr.-Piden-ayuda-cdmx-abr.jpg?resize=525%2C300&ssl=1 1.5x, https:\/\/i0.wp.com\/www.grieta.org.mx\/wp-content\/uploads\/2020\/04\/Qui%C3%A9n-protege-a-trabajadoras-sexuales-El-COVID-19-las-dej%C3%B3-en-la-calle-y-enfermas.-Piden-ayuda-cdmx-abr.-Piden-ayuda-cdmx-abr.jpg?resize=700%2C400&ssl=1 2x, https:\/\/i0.wp.com\/www.grieta.org.mx\/wp-content\/uploads\/2020\/04\/Qui%C3%A9n-protege-a-trabajadoras-sexuales-El-COVID-19-las-dej%C3%B3-en-la-calle-y-enfermas.-Piden-ayuda-cdmx-abr.-Piden-ayuda-cdmx-abr.jpg?resize=1050%2C600&ssl=1 3x"},"classes":[]},{"id":40143,"url":"https:\/\/www.grieta.org.mx\/index.php\/2019\/10\/08\/los-despidos-en-el-dif-cdmx-tienen-rostro-de-mujer-ciudad-de-mexico\/","url_meta":{"origin":48626,"position":5},"title":"Los despidos en el DIF CDMX tienen rostro de mujer (Ciudad de M\u00e9xico)","author":"grieta","date":"8 octubre, 2019","format":false,"excerpt":"La Izquierda Diario de M\u00e9xico Una ola de despidos en todo el pa\u00eds inici\u00f3 en diciembre de 2018 producto de la pol\u00edtica de \u201causteridad\u201d del gobierno de la \"cuarta transformaci\u00f3n\". El supuesto objetivo, barrer con los privilegios de los altos funcionarios. Pero los impulsores de la campa\u00f1a #QueremosTrabajoDigno denuncian que\u2026","rel":"","context":"En &quot;CINTILLO&quot;","block_context":{"text":"CINTILLO","link":"https:\/\/www.grieta.org.mx\/index.php\/category\/cintillo\/"},"img":{"alt_text":"","src":"https:\/\/i0.wp.com\/www.grieta.org.mx\/wp-content\/uploads\/2019\/10\/Los-despidos-en-el-DIF-CDMX-tienen-rostro-de-mujer-oct-cdmx.jpg?resize=350%2C200&ssl=1","width":350,"height":200,"srcset":"https:\/\/i0.wp.com\/www.grieta.org.mx\/wp-content\/uploads\/2019\/10\/Los-despidos-en-el-DIF-CDMX-tienen-rostro-de-mujer-oct-cdmx.jpg?resize=350%2C200&ssl=1 1x, https:\/\/i0.wp.com\/www.grieta.org.mx\/wp-content\/uploads\/2019\/10\/Los-despidos-en-el-DIF-CDMX-tienen-rostro-de-mujer-oct-cdmx.jpg?resize=525%2C300&ssl=1 1.5x, https:\/\/i0.wp.com\/www.grieta.org.mx\/wp-content\/uploads\/2019\/10\/Los-despidos-en-el-DIF-CDMX-tienen-rostro-de-mujer-oct-cdmx.jpg?resize=700%2C400&ssl=1 2x"},"classes":[]}],"_links":{"self":[{"href":"https:\/\/www.grieta.org.mx\/index.php\/wp-json\/wp\/v2\/posts\/48626","targetHints":{"allow":["GET"]}}],"collection":[{"href":"https:\/\/www.grieta.org.mx\/index.php\/wp-json\/wp\/v2\/posts"}],"about":[{"href":"https:\/\/www.grieta.org.mx\/index.php\/wp-json\/wp\/v2\/types\/post"}],"author":[{"embeddable":true,"href":"https:\/\/www.grieta.org.mx\/index.php\/wp-json\/wp\/v2\/users\/2"}],"replies":[{"embeddable":true,"href":"https:\/\/www.grieta.org.mx\/index.php\/wp-json\/wp\/v2\/comments?post=48626"}],"version-history":[{"count":1,"href":"https:\/\/www.grieta.org.mx\/index.php\/wp-json\/wp\/v2\/posts\/48626\/revisions"}],"predecessor-version":[{"id":48630,"href":"https:\/\/www.grieta.org.mx\/index.php\/wp-json\/wp\/v2\/posts\/48626\/revisions\/48630"}],"wp:featuredmedia":[{"embeddable":true,"href":"https:\/\/www.grieta.org.mx\/index.php\/wp-json\/wp\/v2\/media\/48627"}],"wp:attachment":[{"href":"https:\/\/www.grieta.org.mx\/index.php\/wp-json\/wp\/v2\/media?parent=48626"}],"wp:term":[{"taxonomy":"category","embeddable":true,"href":"https:\/\/www.grieta.org.mx\/index.php\/wp-json\/wp\/v2\/categories?post=48626"},{"taxonomy":"post_tag","embeddable":true,"href":"https:\/\/www.grieta.org.mx\/index.php\/wp-json\/wp\/v2\/tags?post=48626"}],"curies":[{"name":"wp","href":"https:\/\/api.w.org\/{rel}","templated":true}]}}