{"id":48593,"date":"2020-04-29T21:27:25","date_gmt":"2020-04-30T02:27:25","guid":{"rendered":"http:\/\/www.grieta.org.mx\/?p=48593"},"modified":"2020-05-04T21:32:21","modified_gmt":"2020-05-05T02:32:21","slug":"en-el-hospital-de-tecoman-solo-hay-un-respirador-colima","status":"publish","type":"post","link":"https:\/\/www.grieta.org.mx\/index.php\/2020\/04\/29\/en-el-hospital-de-tecoman-solo-hay-un-respirador-colima\/","title":{"rendered":"En el hospital de Tecom\u00e1n s\u00f3lo hay un respirador (Colima)"},"content":{"rendered":"<p><img loading=\"lazy\" decoding=\"async\" data-attachment-id=\"48594\" data-permalink=\"https:\/\/www.grieta.org.mx\/index.php\/2020\/04\/29\/en-el-hospital-de-tecoman-solo-hay-un-respirador-colima\/95486082_2909236652500835_1142122127168634880_n\/\" data-orig-file=\"https:\/\/www.grieta.org.mx\/wp-content\/uploads\/2020\/05\/95486082_2909236652500835_1142122127168634880_n.jpg\" data-orig-size=\"960,960\" data-comments-opened=\"0\" data-image-meta=\"{&quot;aperture&quot;:&quot;0&quot;,&quot;credit&quot;:&quot;&quot;,&quot;camera&quot;:&quot;&quot;,&quot;caption&quot;:&quot;&quot;,&quot;created_timestamp&quot;:&quot;0&quot;,&quot;copyright&quot;:&quot;&quot;,&quot;focal_length&quot;:&quot;0&quot;,&quot;iso&quot;:&quot;0&quot;,&quot;shutter_speed&quot;:&quot;0&quot;,&quot;title&quot;:&quot;&quot;,&quot;orientation&quot;:&quot;0&quot;}\" data-image-title=\"95486082_2909236652500835_1142122127168634880_n\" data-image-description=\"\" data-image-caption=\"\" data-medium-file=\"https:\/\/www.grieta.org.mx\/wp-content\/uploads\/2020\/05\/95486082_2909236652500835_1142122127168634880_n-300x300.jpg\" data-large-file=\"https:\/\/www.grieta.org.mx\/wp-content\/uploads\/2020\/05\/95486082_2909236652500835_1142122127168634880_n.jpg\" class=\"aligncenter wp-image-48594\" src=\"http:\/\/www.grieta.org.mx\/wp-content\/uploads\/2020\/05\/95486082_2909236652500835_1142122127168634880_n.jpg\" alt=\"\" width=\"800\" height=\"800\" srcset=\"https:\/\/www.grieta.org.mx\/wp-content\/uploads\/2020\/05\/95486082_2909236652500835_1142122127168634880_n.jpg 960w, https:\/\/www.grieta.org.mx\/wp-content\/uploads\/2020\/05\/95486082_2909236652500835_1142122127168634880_n-150x150.jpg 150w, https:\/\/www.grieta.org.mx\/wp-content\/uploads\/2020\/05\/95486082_2909236652500835_1142122127168634880_n-300x300.jpg 300w, https:\/\/www.grieta.org.mx\/wp-content\/uploads\/2020\/05\/95486082_2909236652500835_1142122127168634880_n-768x768.jpg 768w, https:\/\/www.grieta.org.mx\/wp-content\/uploads\/2020\/05\/95486082_2909236652500835_1142122127168634880_n-130x130.jpg 130w, https:\/\/www.grieta.org.mx\/wp-content\/uploads\/2020\/05\/95486082_2909236652500835_1142122127168634880_n-500x500.jpg 500w\" sizes=\"auto, (max-width: 800px) 100vw, 800px\" \/><\/p>\n<p>Imagen: Diario Avanzada<\/p>\n<p>Heidi de Le\u00f3n Guti\u00e9rrez \/ Diario Avanzada<\/p>\n<p>Colima, M\u00e9xico, Avanzada (29\/04\/2020).- Con una poblaci\u00f3n de 123 mil 191 habitantes, el Hospital General de Tecom\u00e1n s\u00f3lo cuenta con un respirador o ventilador para atender a aquellos pacientes graves que presenten insuficiencia respiratoria, por el Covid-19 o cualquier otra enfermedad.<\/p>\n<p>Lo anterior fue expuesto el 24 de marzo de este a\u00f1o, en una manifestaci\u00f3n que realiz\u00f3 personal de enfermer\u00eda de dicho nosocomio para protestar por la falta de insumos para protegerse de un posible contagio por Covid-19.<\/p>\n<p>Ante la pregunta de reporteros que cubrir\u00e1n la manifestaci\u00f3n, las enfermeras se\u00f1alaron que s\u00f3lo ten\u00edan un respirador y \u00e9ste se encontraba asignado a un enfermo que ten\u00eda problemas respiratorios que no estaban relacionados con el Covid-19.<\/p>\n<p>Los enfermeros se\u00f1alaron que en el Hospital General de Tecom\u00e1n era urgente atender la falta de equipo para atender a los pacientes.<\/p>\n<p>A m\u00e1s de un mes de su denuncia, algunos de estos enfermeros se\u00f1alaron que las condiciones no han mejorado, y explicaron que siguen contando con s\u00f3lo un respirador.<\/p>\n<p>Expusieron que recientemente el sindicato de Salud y el gobierno del Estado, de manera separada, \u00a0les entregaron guantes, botellas de gel antibacterial y mascarillas N95, pero \u00e9stas no ser\u00e1n suficientes para proteger a todo el personal.<\/p>\n<p><a href=\"https:\/\/www.diarioavanzada.com.mx\/?p=12230\">https:\/\/www.diarioavanzada.com.mx\/?p=12230<\/a><\/p>\n","protected":false},"excerpt":{"rendered":"<p>Imagen: Diario Avanzada Heidi de Le\u00f3n Guti\u00e9rrez \/ Diario Avanzada Colima, M\u00e9xico, Avanzada (29\/04\/2020).- Con una poblaci\u00f3n de 123 mil 191 habitantes, el Hospital General de Tecom\u00e1n s\u00f3lo cuenta con &hellip; <a href=\"https:\/\/www.grieta.org.mx\/index.php\/2020\/04\/29\/en-el-hospital-de-tecoman-solo-hay-un-respirador-colima\/\" class=\"more-link\">Leer m\u00e1s<\/a><\/p>\n","protected":false},"author":2,"featured_media":48594,"comment_status":"closed","ping_status":"closed","sticky":false,"template":"","format":"standard","meta":{"ngg_post_thumbnail":0,"_jetpack_newsletter_access":"","_jetpack_dont_email_post_to_subs":false,"_jetpack_newsletter_tier_id":0,"_jetpack_memberships_contains_paywalled_content":false,"_jetpack_memberships_contains_paid_content":false,"footnotes":""},"categories":[80,13,3286,2365,2],"tags":[3133,2367,3247,831],"class_list":["post-48593","post","type-post","status-publish","format-standard","has-post-thumbnail","hentry","category-cintillo","category-colima","category-covid-19-en-colima","category-crisis-en-el-sector-salud-en-colima","category-noticias-nacionales","tag-crisis-del-sector-salud","tag-crisis-en-el-sector-salud","tag-falta-de-insumos-medicos","tag-sector-salud","entry"],"jetpack_featured_media_url":"https:\/\/www.grieta.org.mx\/wp-content\/uploads\/2020\/05\/95486082_2909236652500835_1142122127168634880_n.jpg","jetpack_sharing_enabled":true,"jetpack_shortlink":"https:\/\/wp.me\/p7ZJR4-cDL","jetpack_likes_enabled":false,"jetpack-related-posts":[{"id":53757,"url":"https:\/\/www.grieta.org.mx\/index.php\/2020\/09\/23\/hospital-general-de-tecoman-no-tiene-medicamentos-ventiladores-ni-tomas-de-oxigeno-colima\/","url_meta":{"origin":48593,"position":0},"title":"Hospital General de Tecom\u00e1n no tiene medicamentos, ventiladores, ni tomas de ox\u00edgeno (Colima)","author":"grieta","date":"23 septiembre, 2020","format":false,"excerpt":"Foto: Diario Avanzada Heidi de Le\u00f3n Guti\u00e9rrez \/ Diario Avanzada Colima, M\u00e9xico, Avanzada (23\/09\/2020).- M\u00e9dicos y pacientes del Hospital General de Tecom\u00e1n sufren el desabasto de medicamentos, material quir\u00fargico, ventiladores y condiciones adecuadas para poder ofrecer u recibir una adecuada atenci\u00f3n. La desprotecci\u00f3n en la que se encuentra este centro\u2026","rel":"","context":"En &quot;CINTILLO&quot;","block_context":{"text":"CINTILLO","link":"https:\/\/www.grieta.org.mx\/index.php\/category\/cintillo\/"},"img":{"alt_text":"","src":"https:\/\/i0.wp.com\/www.grieta.org.mx\/wp-content\/uploads\/2020\/09\/Salud-Covid-2.jpeg?resize=350%2C200&ssl=1","width":350,"height":200,"srcset":"https:\/\/i0.wp.com\/www.grieta.org.mx\/wp-content\/uploads\/2020\/09\/Salud-Covid-2.jpeg?resize=350%2C200&ssl=1 1x, https:\/\/i0.wp.com\/www.grieta.org.mx\/wp-content\/uploads\/2020\/09\/Salud-Covid-2.jpeg?resize=525%2C300&ssl=1 1.5x, https:\/\/i0.wp.com\/www.grieta.org.mx\/wp-content\/uploads\/2020\/09\/Salud-Covid-2.jpeg?resize=700%2C400&ssl=1 2x"},"classes":[]},{"id":52733,"url":"https:\/\/www.grieta.org.mx\/index.php\/2020\/08\/21\/hospital-general-de-manzanillo-se-queda-sin-ventiladores-para-enfermos-de-covid-19-colima\/","url_meta":{"origin":48593,"position":1},"title":"Hospital General de Manzanillo se queda sin ventiladores para enfermos de Covid-19 (Colima)","author":"grieta","date":"21 agosto, 2020","format":false,"excerpt":"Imagen: Diario Avanzada Heidi de Le\u00f3n Gutierrez \/ Diario Avanzada Colima, M\u00e9xico, Avanzada (21\/08\/2020).- El Hospital General N\u00famero 10 de Manzanillo registr\u00f3 el 100 por ciento de la ocupaci\u00f3n de camas con ventilador, seg\u00fan los datos de la secretar\u00eda de Salud de Colima. Mientras que el Hospital n\u00famero 1 del\u2026","rel":"","context":"En &quot;CINTILLO&quot;","block_context":{"text":"CINTILLO","link":"https:\/\/www.grieta.org.mx\/index.php\/category\/cintillo\/"},"img":{"alt_text":"","src":"https:\/\/i0.wp.com\/www.grieta.org.mx\/wp-content\/uploads\/2020\/08\/118358904_3206040109487153_7690283986572340481_o.jpg?resize=350%2C200&ssl=1","width":350,"height":200,"srcset":"https:\/\/i0.wp.com\/www.grieta.org.mx\/wp-content\/uploads\/2020\/08\/118358904_3206040109487153_7690283986572340481_o.jpg?resize=350%2C200&ssl=1 1x, https:\/\/i0.wp.com\/www.grieta.org.mx\/wp-content\/uploads\/2020\/08\/118358904_3206040109487153_7690283986572340481_o.jpg?resize=525%2C300&ssl=1 1.5x, https:\/\/i0.wp.com\/www.grieta.org.mx\/wp-content\/uploads\/2020\/08\/118358904_3206040109487153_7690283986572340481_o.jpg?resize=700%2C400&ssl=1 2x"},"classes":[]},{"id":56823,"url":"https:\/\/www.grieta.org.mx\/index.php\/2021\/02\/04\/hru-y-hospital-de-tecoman-sin-disponibilidad-de-camas-para-atender-pacientes-covid-19-colima\/","url_meta":{"origin":48593,"position":2},"title":"HRU y Hospital de Tecom\u00e1n sin disponibilidad de camas para atender pacientes Covid-19 (Colima)","author":"grieta","date":"4 febrero, 2021","format":false,"excerpt":"Foto: Diario Avanzada Heidi de Le\u00f3n Guti\u00e9rrez \/ Diario Avanzada Colima, M\u00e9xico, Avanzada (04\/02\/2021).- El Hospital Regional Universitario (HRU) y el Hospital General de Tecom\u00e1n reportaron una ocupaci\u00f3n del 100 por ciento en las \u00e1reas destinadas para atender a pacientes con Covid-19. El lleno se registra, justo en los d\u00edas\u2026","rel":"","context":"En &quot;CINTILLO&quot;","block_context":{"text":"CINTILLO","link":"https:\/\/www.grieta.org.mx\/index.php\/category\/cintillo\/"},"img":{"alt_text":"","src":"https:\/\/i0.wp.com\/www.grieta.org.mx\/wp-content\/uploads\/2021\/02\/Covid.jpg?resize=350%2C200&ssl=1","width":350,"height":200,"srcset":"https:\/\/i0.wp.com\/www.grieta.org.mx\/wp-content\/uploads\/2021\/02\/Covid.jpg?resize=350%2C200&ssl=1 1x, https:\/\/i0.wp.com\/www.grieta.org.mx\/wp-content\/uploads\/2021\/02\/Covid.jpg?resize=525%2C300&ssl=1 1.5x"},"classes":[]},{"id":48590,"url":"https:\/\/www.grieta.org.mx\/index.php\/2020\/04\/24\/urge-hospital-para-enfermos-por-covid-19-hospitalizados-por-otras-enfermedades-estan-en-riesgo-colima\/","url_meta":{"origin":48593,"position":3},"title":"Urge hospital para enfermos por Covid-19, hospitalizados por otras enfermedades est\u00e1n en riesgo (Colima)","author":"grieta","date":"24 abril, 2020","format":false,"excerpt":"Imagen: Diario Avanzada Heidi de Le\u00f3n Guti\u00e9rrez \/ Diario Avanzada Colima, M\u00e9xico, Avanzada (24\/04\/2020).- Por segunda ocasi\u00f3n en menos de un mes, la secretar\u00eda general del sindicato de Salud, Dolores Gonz\u00e1lez Meza solicit\u00f3 al gobernador, Ignacio Peralta S\u00e1nchez que defina un solo hospital para atender a las personas contagiadas de\u2026","rel":"","context":"En &quot;CINTILLO&quot;","block_context":{"text":"CINTILLO","link":"https:\/\/www.grieta.org.mx\/index.php\/category\/cintillo\/"},"img":{"alt_text":"","src":"https:\/\/i0.wp.com\/www.grieta.org.mx\/wp-content\/uploads\/2020\/05\/94033066_1958425714349114_6165990019484876800_n.jpg?resize=350%2C200&ssl=1","width":350,"height":200,"srcset":"https:\/\/i0.wp.com\/www.grieta.org.mx\/wp-content\/uploads\/2020\/05\/94033066_1958425714349114_6165990019484876800_n.jpg?resize=350%2C200&ssl=1 1x, https:\/\/i0.wp.com\/www.grieta.org.mx\/wp-content\/uploads\/2020\/05\/94033066_1958425714349114_6165990019484876800_n.jpg?resize=525%2C300&ssl=1 1.5x, https:\/\/i0.wp.com\/www.grieta.org.mx\/wp-content\/uploads\/2020\/05\/94033066_1958425714349114_6165990019484876800_n.jpg?resize=700%2C400&ssl=1 2x, https:\/\/i0.wp.com\/www.grieta.org.mx\/wp-content\/uploads\/2020\/05\/94033066_1958425714349114_6165990019484876800_n.jpg?resize=1050%2C600&ssl=1 3x, https:\/\/i0.wp.com\/www.grieta.org.mx\/wp-content\/uploads\/2020\/05\/94033066_1958425714349114_6165990019484876800_n.jpg?resize=1400%2C800&ssl=1 4x"},"classes":[]},{"id":56337,"url":"https:\/\/www.grieta.org.mx\/index.php\/2021\/01\/12\/hospitales-de-colima-reportan-el-100-por-ciento-de-ocupacion-en-areas-covid\/","url_meta":{"origin":48593,"position":4},"title":"Hospitales de Colima reportan el 100 por ciento de ocupaci\u00f3n en \u00e1reas Covid","author":"grieta","date":"12 enero, 2021","format":false,"excerpt":"Foto: Diario Avanzada Heidi de Le\u00f3n Guti\u00e9rrez \/ Diario Avanzada Colima, M\u00e9xico, Avanzada (12\/01\/2020).- El Hospital General de Manzanillo y el Hospital Regional Universitario (HRU) reportaron un 100 por ciento de ocupaci\u00f3n hospitalaria en las \u00e1reas destinadas para atender a los enfermos de Covid-19. Mientras que las cl\u00ednicas del ISSSTE\u2026","rel":"","context":"En &quot;CINTILLO&quot;","block_context":{"text":"CINTILLO","link":"https:\/\/www.grieta.org.mx\/index.php\/category\/cintillo\/"},"img":{"alt_text":"","src":"https:\/\/i0.wp.com\/www.grieta.org.mx\/wp-content\/uploads\/2021\/01\/Hospital-1.jpg?resize=350%2C200&ssl=1","width":350,"height":200,"srcset":"https:\/\/i0.wp.com\/www.grieta.org.mx\/wp-content\/uploads\/2021\/01\/Hospital-1.jpg?resize=350%2C200&ssl=1 1x, https:\/\/i0.wp.com\/www.grieta.org.mx\/wp-content\/uploads\/2021\/01\/Hospital-1.jpg?resize=525%2C300&ssl=1 1.5x, https:\/\/i0.wp.com\/www.grieta.org.mx\/wp-content\/uploads\/2021\/01\/Hospital-1.jpg?resize=700%2C400&ssl=1 2x"},"classes":[]},{"id":50727,"url":"https:\/\/www.grieta.org.mx\/index.php\/2020\/06\/10\/colima-reporto-en-abril-un-gasto-de-49-mdp-para-adquirir-ventiladores-no-llegaron\/","url_meta":{"origin":48593,"position":5},"title":"Colima report\u00f3 en abril un gasto de 49 MDP para adquirir ventiladores\u2026 no llegaron","author":"grieta","date":"10 junio, 2020","format":false,"excerpt":"foto: Diario Avanzada Heidi de Le\u00f3n Guti\u00e9rrez \/ Diario Avanzada Colima, M\u00e9xico, Avanzada (10\/06\/2020).- Desde el pasado mes de abril, el Gobierno de Colima report\u00f3 que compr\u00f3 50 ventiladores adulto-pedi\u00e1tricos que servir\u00e1n para atender a los enfermos del Covid-19 y por los cuales pag\u00f3 49 millones de pesos, pero a\u2026","rel":"","context":"En &quot;CINTILLO&quot;","block_context":{"text":"CINTILLO","link":"https:\/\/www.grieta.org.mx\/index.php\/category\/cintillo\/"},"img":{"alt_text":"","src":"https:\/\/i0.wp.com\/www.grieta.org.mx\/wp-content\/uploads\/2020\/06\/Salud-Covid-2.jpeg?resize=350%2C200&ssl=1","width":350,"height":200,"srcset":"https:\/\/i0.wp.com\/www.grieta.org.mx\/wp-content\/uploads\/2020\/06\/Salud-Covid-2.jpeg?resize=350%2C200&ssl=1 1x, https:\/\/i0.wp.com\/www.grieta.org.mx\/wp-content\/uploads\/2020\/06\/Salud-Covid-2.jpeg?resize=525%2C300&ssl=1 1.5x, https:\/\/i0.wp.com\/www.grieta.org.mx\/wp-content\/uploads\/2020\/06\/Salud-Covid-2.jpeg?resize=700%2C400&ssl=1 2x"},"classes":[]}],"_links":{"self":[{"href":"https:\/\/www.grieta.org.mx\/index.php\/wp-json\/wp\/v2\/posts\/48593","targetHints":{"allow":["GET"]}}],"collection":[{"href":"https:\/\/www.grieta.org.mx\/index.php\/wp-json\/wp\/v2\/posts"}],"about":[{"href":"https:\/\/www.grieta.org.mx\/index.php\/wp-json\/wp\/v2\/types\/post"}],"author":[{"embeddable":true,"href":"https:\/\/www.grieta.org.mx\/index.php\/wp-json\/wp\/v2\/users\/2"}],"replies":[{"embeddable":true,"href":"https:\/\/www.grieta.org.mx\/index.php\/wp-json\/wp\/v2\/comments?post=48593"}],"version-history":[{"count":1,"href":"https:\/\/www.grieta.org.mx\/index.php\/wp-json\/wp\/v2\/posts\/48593\/revisions"}],"predecessor-version":[{"id":48595,"href":"https:\/\/www.grieta.org.mx\/index.php\/wp-json\/wp\/v2\/posts\/48593\/revisions\/48595"}],"wp:featuredmedia":[{"embeddable":true,"href":"https:\/\/www.grieta.org.mx\/index.php\/wp-json\/wp\/v2\/media\/48594"}],"wp:attachment":[{"href":"https:\/\/www.grieta.org.mx\/index.php\/wp-json\/wp\/v2\/media?parent=48593"}],"wp:term":[{"taxonomy":"category","embeddable":true,"href":"https:\/\/www.grieta.org.mx\/index.php\/wp-json\/wp\/v2\/categories?post=48593"},{"taxonomy":"post_tag","embeddable":true,"href":"https:\/\/www.grieta.org.mx\/index.php\/wp-json\/wp\/v2\/tags?post=48593"}],"curies":[{"name":"wp","href":"https:\/\/api.w.org\/{rel}","templated":true}]}}