{"id":48590,"date":"2020-04-24T21:16:20","date_gmt":"2020-04-25T02:16:20","guid":{"rendered":"http:\/\/www.grieta.org.mx\/?p=48590"},"modified":"2020-05-04T21:24:49","modified_gmt":"2020-05-05T02:24:49","slug":"urge-hospital-para-enfermos-por-covid-19-hospitalizados-por-otras-enfermedades-estan-en-riesgo-colima","status":"publish","type":"post","link":"https:\/\/www.grieta.org.mx\/index.php\/2020\/04\/24\/urge-hospital-para-enfermos-por-covid-19-hospitalizados-por-otras-enfermedades-estan-en-riesgo-colima\/","title":{"rendered":"Urge hospital para enfermos por Covid-19, hospitalizados por otras enfermedades est\u00e1n en riesgo (Colima)"},"content":{"rendered":"<p><img loading=\"lazy\" decoding=\"async\" data-attachment-id=\"48591\" data-permalink=\"https:\/\/www.grieta.org.mx\/index.php\/2020\/04\/24\/urge-hospital-para-enfermos-por-covid-19-hospitalizados-por-otras-enfermedades-estan-en-riesgo-colima\/94033066_1958425714349114_6165990019484876800_n\/\" data-orig-file=\"https:\/\/www.grieta.org.mx\/wp-content\/uploads\/2020\/05\/94033066_1958425714349114_6165990019484876800_n.jpg\" data-orig-size=\"1600,900\" data-comments-opened=\"0\" data-image-meta=\"{&quot;aperture&quot;:&quot;0&quot;,&quot;credit&quot;:&quot;&quot;,&quot;camera&quot;:&quot;&quot;,&quot;caption&quot;:&quot;&quot;,&quot;created_timestamp&quot;:&quot;0&quot;,&quot;copyright&quot;:&quot;&quot;,&quot;focal_length&quot;:&quot;0&quot;,&quot;iso&quot;:&quot;0&quot;,&quot;shutter_speed&quot;:&quot;0&quot;,&quot;title&quot;:&quot;&quot;,&quot;orientation&quot;:&quot;0&quot;}\" data-image-title=\"94033066_1958425714349114_6165990019484876800_n\" data-image-description=\"\" data-image-caption=\"\" data-medium-file=\"https:\/\/www.grieta.org.mx\/wp-content\/uploads\/2020\/05\/94033066_1958425714349114_6165990019484876800_n-300x169.jpg\" data-large-file=\"https:\/\/www.grieta.org.mx\/wp-content\/uploads\/2020\/05\/94033066_1958425714349114_6165990019484876800_n-1024x576.jpg\" class=\"aligncenter wp-image-48591\" src=\"http:\/\/www.grieta.org.mx\/wp-content\/uploads\/2020\/05\/94033066_1958425714349114_6165990019484876800_n.jpg\" alt=\"\" width=\"800\" height=\"450\" srcset=\"https:\/\/www.grieta.org.mx\/wp-content\/uploads\/2020\/05\/94033066_1958425714349114_6165990019484876800_n.jpg 1600w, https:\/\/www.grieta.org.mx\/wp-content\/uploads\/2020\/05\/94033066_1958425714349114_6165990019484876800_n-300x169.jpg 300w, https:\/\/www.grieta.org.mx\/wp-content\/uploads\/2020\/05\/94033066_1958425714349114_6165990019484876800_n-768x432.jpg 768w, https:\/\/www.grieta.org.mx\/wp-content\/uploads\/2020\/05\/94033066_1958425714349114_6165990019484876800_n-1024x576.jpg 1024w, https:\/\/www.grieta.org.mx\/wp-content\/uploads\/2020\/05\/94033066_1958425714349114_6165990019484876800_n-889x500.jpg 889w\" sizes=\"auto, (max-width: 800px) 100vw, 800px\" \/><\/p>\n<p>Imagen: Diario Avanzada<\/p>\n<p>Heidi de Le\u00f3n Guti\u00e9rrez \/ Diario Avanzada<\/p>\n<p>Colima, M\u00e9xico, Avanzada (24\/04\/2020).- Por segunda ocasi\u00f3n en menos de un mes, la secretar\u00eda general del sindicato de Salud, Dolores Gonz\u00e1lez Meza solicit\u00f3 al gobernador, Ignacio Peralta S\u00e1nchez que defina un solo hospital para atender a las personas contagiadas de Covid-19, de lo contrario, se pondr\u00e1 en riesgo a los pacientes hospitalizados por otras enfermedades.<\/p>\n<p>Gonz\u00e1lez Meza indic\u00f3 que hay deficiencias en el sistema de Salud y refiri\u00f3 que ni el Hospital Regional Universitario, el Civil de Manzanillo o el de Tecom\u00e1n tienen la capacidad para formar parte de la reconversi\u00f3n hospitalaria (realizar la lista de materiales con los que cuentan para atender a enfermos de coronavirus, como n\u00famero de camas, ox\u00edgeno, ventiladores) porque todos los d\u00edas siguen recibiendo a nuevos hospitalizados por otras enfermedades.<\/p>\n<p>\u201cMe preocupa que Colima es el \u00fanico estado en donde no tenemos un hospital por referencia de Covid, porque en ning\u00fan hospital, ni el de Manzanillo, ni el de Tecom\u00e1n ni el Regional, est\u00e1n para hacer una readaptaci\u00f3n (reconversi\u00f3n) \u00a0a hospital Covid porque seguimos recibiendo pacientes con otras enfermedades y se podr\u00e1n en riesgo\u201d.<\/p>\n<p>La lideresa sindical solicit\u00f3 a la autoridad estatal atender con urgencia la problem\u00e1tica que enfrenta el sector salud y empezar a definir, en qu\u00e9 nosocomio se estar\u00e1 concentrado a los pacientes, como ya lo hicieron en otras entidades del pa\u00eds desde hace d\u00edas.<\/p>\n<p>\u201cNo podemos estar recibiendo a los pacientes por Covid y estarlos paseando de un \u00e1rea a otra porque eso pondr\u00e1 en riesgo a todos. Necesitamos que se defina y por eso le hago un llamado al gobernador\u201d.<\/p>\n<p><a href=\"https:\/\/www.diarioavanzada.com.mx\/?p=12128\">https:\/\/www.diarioavanzada.com.mx\/?p=12128<\/a><\/p>\n","protected":false},"excerpt":{"rendered":"<p>Imagen: Diario Avanzada Heidi de Le\u00f3n Guti\u00e9rrez \/ Diario Avanzada Colima, M\u00e9xico, Avanzada (24\/04\/2020).- Por segunda ocasi\u00f3n en menos de un mes, la secretar\u00eda general del sindicato de Salud, Dolores &hellip; <a href=\"https:\/\/www.grieta.org.mx\/index.php\/2020\/04\/24\/urge-hospital-para-enfermos-por-covid-19-hospitalizados-por-otras-enfermedades-estan-en-riesgo-colima\/\" class=\"more-link\">Leer m\u00e1s<\/a><\/p>\n","protected":false},"author":2,"featured_media":48591,"comment_status":"closed","ping_status":"closed","sticky":false,"template":"","format":"standard","meta":{"ngg_post_thumbnail":0,"_jetpack_newsletter_access":"","_jetpack_dont_email_post_to_subs":false,"_jetpack_newsletter_tier_id":0,"_jetpack_memberships_contains_paywalled_content":false,"_jetpack_memberships_contains_paid_content":false,"footnotes":""},"categories":[80,13,3286,918,2365,2,83],"tags":[3133,2367,3322],"class_list":["post-48590","post","type-post","status-publish","format-standard","has-post-thumbnail","hentry","category-cintillo","category-colima","category-covid-19-en-colima","category-privatizacion-del-sector-salud","category-crisis-en-el-sector-salud-en-colima","category-noticias-nacionales","category-temas-nacionales","tag-crisis-del-sector-salud","tag-crisis-en-el-sector-salud","tag-hospitales","entry"],"jetpack_featured_media_url":"https:\/\/www.grieta.org.mx\/wp-content\/uploads\/2020\/05\/94033066_1958425714349114_6165990019484876800_n.jpg","jetpack_sharing_enabled":true,"jetpack_shortlink":"https:\/\/wp.me\/p7ZJR4-cDI","jetpack_likes_enabled":false,"jetpack-related-posts":[{"id":68885,"url":"https:\/\/www.grieta.org.mx\/index.php\/2024\/05\/10\/queremos-soluciones-protestan-por-segundo-dia-el-personal-de-salud-en-el-hospital-regional-colima\/","url_meta":{"origin":48590,"position":0},"title":"\u00a1Queremos soluciones!\u201d; protestan por segundo d\u00eda el personal de Salud en el Hospital Regional (Colima)","author":"grieta","date":"10 mayo, 2024","format":false,"excerpt":"Imagen: Diario Avanzada Redacci\u00f3n \/ Diario Avanzada Colima, M\u00e9xico, Avanzada (10\/05\/2024).- El personal del Hospital Regional Universitario volvi\u00f3 a manifestarse por segundo d\u00eda consecutivo debido a las carencias provocadas por el desabasto de instrumental y medicamentos. Durante media hora esta ma\u00f1ana, m\u00e9dicos, enfermeras y personal administrativo se congregaron a las\u2026","rel":"","context":"En &quot;CINTILLO&quot;","block_context":{"text":"CINTILLO","link":"https:\/\/www.grieta.org.mx\/index.php\/category\/cintillo\/"},"img":{"alt_text":"","src":"https:\/\/i0.wp.com\/www.grieta.org.mx\/wp-content\/uploads\/2024\/05\/img_8926-1.jpg?resize=350%2C200&ssl=1","width":350,"height":200,"srcset":"https:\/\/i0.wp.com\/www.grieta.org.mx\/wp-content\/uploads\/2024\/05\/img_8926-1.jpg?resize=350%2C200&ssl=1 1x, https:\/\/i0.wp.com\/www.grieta.org.mx\/wp-content\/uploads\/2024\/05\/img_8926-1.jpg?resize=525%2C300&ssl=1 1.5x, https:\/\/i0.wp.com\/www.grieta.org.mx\/wp-content\/uploads\/2024\/05\/img_8926-1.jpg?resize=700%2C400&ssl=1 2x, https:\/\/i0.wp.com\/www.grieta.org.mx\/wp-content\/uploads\/2024\/05\/img_8926-1.jpg?resize=1050%2C600&ssl=1 3x, https:\/\/i0.wp.com\/www.grieta.org.mx\/wp-content\/uploads\/2024\/05\/img_8926-1.jpg?resize=1400%2C800&ssl=1 4x"},"classes":[]},{"id":48246,"url":"https:\/\/www.grieta.org.mx\/index.php\/2020\/04\/22\/no-hay-material-para-proteger-a-los-trabajadores-de-salud-denuncia-sindicato-colima\/","url_meta":{"origin":48590,"position":1},"title":"No hay material para proteger a los trabajadores de Salud, denuncia sindicato (Colima)","author":"grieta","date":"22 abril, 2020","format":false,"excerpt":"Foto: Diario Avanzada Heidi de Le\u00f3n Guti\u00e9rrez \/ Diario Avanzada Colima, M\u00e9xico, Avanzada (22\/04\/2020).- La secretaria general del sindicato de Salud, Dolores Gonz\u00e1lez Meza acus\u00f3 a los gobiernos Federal y Estatal de no asumir su responsabilidad y equipar adecuadamente a los trabajadores de la salud ante el incremento de contagios\u2026","rel":"","context":"En &quot;CINTILLO&quot;","block_context":{"text":"CINTILLO","link":"https:\/\/www.grieta.org.mx\/index.php\/category\/cintillo\/"},"img":{"alt_text":"","src":"https:\/\/i0.wp.com\/www.grieta.org.mx\/wp-content\/uploads\/2020\/04\/93579722_2888440181247149_4536397969032740864_o-1.jpg?resize=350%2C200&ssl=1","width":350,"height":200,"srcset":"https:\/\/i0.wp.com\/www.grieta.org.mx\/wp-content\/uploads\/2020\/04\/93579722_2888440181247149_4536397969032740864_o-1.jpg?resize=350%2C200&ssl=1 1x, https:\/\/i0.wp.com\/www.grieta.org.mx\/wp-content\/uploads\/2020\/04\/93579722_2888440181247149_4536397969032740864_o-1.jpg?resize=525%2C300&ssl=1 1.5x, https:\/\/i0.wp.com\/www.grieta.org.mx\/wp-content\/uploads\/2020\/04\/93579722_2888440181247149_4536397969032740864_o-1.jpg?resize=700%2C400&ssl=1 2x, https:\/\/i0.wp.com\/www.grieta.org.mx\/wp-content\/uploads\/2020\/04\/93579722_2888440181247149_4536397969032740864_o-1.jpg?resize=1050%2C600&ssl=1 3x"},"classes":[]},{"id":53757,"url":"https:\/\/www.grieta.org.mx\/index.php\/2020\/09\/23\/hospital-general-de-tecoman-no-tiene-medicamentos-ventiladores-ni-tomas-de-oxigeno-colima\/","url_meta":{"origin":48590,"position":2},"title":"Hospital General de Tecom\u00e1n no tiene medicamentos, ventiladores, ni tomas de ox\u00edgeno (Colima)","author":"grieta","date":"23 septiembre, 2020","format":false,"excerpt":"Foto: Diario Avanzada Heidi de Le\u00f3n Guti\u00e9rrez \/ Diario Avanzada Colima, M\u00e9xico, Avanzada (23\/09\/2020).- M\u00e9dicos y pacientes del Hospital General de Tecom\u00e1n sufren el desabasto de medicamentos, material quir\u00fargico, ventiladores y condiciones adecuadas para poder ofrecer u recibir una adecuada atenci\u00f3n. La desprotecci\u00f3n en la que se encuentra este centro\u2026","rel":"","context":"En &quot;CINTILLO&quot;","block_context":{"text":"CINTILLO","link":"https:\/\/www.grieta.org.mx\/index.php\/category\/cintillo\/"},"img":{"alt_text":"","src":"https:\/\/i0.wp.com\/www.grieta.org.mx\/wp-content\/uploads\/2020\/09\/Salud-Covid-2.jpeg?resize=350%2C200&ssl=1","width":350,"height":200,"srcset":"https:\/\/i0.wp.com\/www.grieta.org.mx\/wp-content\/uploads\/2020\/09\/Salud-Covid-2.jpeg?resize=350%2C200&ssl=1 1x, https:\/\/i0.wp.com\/www.grieta.org.mx\/wp-content\/uploads\/2020\/09\/Salud-Covid-2.jpeg?resize=525%2C300&ssl=1 1.5x, https:\/\/i0.wp.com\/www.grieta.org.mx\/wp-content\/uploads\/2020\/09\/Salud-Covid-2.jpeg?resize=700%2C400&ssl=1 2x"},"classes":[]},{"id":56337,"url":"https:\/\/www.grieta.org.mx\/index.php\/2021\/01\/12\/hospitales-de-colima-reportan-el-100-por-ciento-de-ocupacion-en-areas-covid\/","url_meta":{"origin":48590,"position":3},"title":"Hospitales de Colima reportan el 100 por ciento de ocupaci\u00f3n en \u00e1reas Covid","author":"grieta","date":"12 enero, 2021","format":false,"excerpt":"Foto: Diario Avanzada Heidi de Le\u00f3n Guti\u00e9rrez \/ Diario Avanzada Colima, M\u00e9xico, Avanzada (12\/01\/2020).- El Hospital General de Manzanillo y el Hospital Regional Universitario (HRU) reportaron un 100 por ciento de ocupaci\u00f3n hospitalaria en las \u00e1reas destinadas para atender a los enfermos de Covid-19. Mientras que las cl\u00ednicas del ISSSTE\u2026","rel":"","context":"En &quot;CINTILLO&quot;","block_context":{"text":"CINTILLO","link":"https:\/\/www.grieta.org.mx\/index.php\/category\/cintillo\/"},"img":{"alt_text":"","src":"https:\/\/i0.wp.com\/www.grieta.org.mx\/wp-content\/uploads\/2021\/01\/Hospital-1.jpg?resize=350%2C200&ssl=1","width":350,"height":200,"srcset":"https:\/\/i0.wp.com\/www.grieta.org.mx\/wp-content\/uploads\/2021\/01\/Hospital-1.jpg?resize=350%2C200&ssl=1 1x, https:\/\/i0.wp.com\/www.grieta.org.mx\/wp-content\/uploads\/2021\/01\/Hospital-1.jpg?resize=525%2C300&ssl=1 1.5x, https:\/\/i0.wp.com\/www.grieta.org.mx\/wp-content\/uploads\/2021\/01\/Hospital-1.jpg?resize=700%2C400&ssl=1 2x"},"classes":[]},{"id":52733,"url":"https:\/\/www.grieta.org.mx\/index.php\/2020\/08\/21\/hospital-general-de-manzanillo-se-queda-sin-ventiladores-para-enfermos-de-covid-19-colima\/","url_meta":{"origin":48590,"position":4},"title":"Hospital General de Manzanillo se queda sin ventiladores para enfermos de Covid-19 (Colima)","author":"grieta","date":"21 agosto, 2020","format":false,"excerpt":"Imagen: Diario Avanzada Heidi de Le\u00f3n Gutierrez \/ Diario Avanzada Colima, M\u00e9xico, Avanzada (21\/08\/2020).- El Hospital General N\u00famero 10 de Manzanillo registr\u00f3 el 100 por ciento de la ocupaci\u00f3n de camas con ventilador, seg\u00fan los datos de la secretar\u00eda de Salud de Colima. Mientras que el Hospital n\u00famero 1 del\u2026","rel":"","context":"En &quot;CINTILLO&quot;","block_context":{"text":"CINTILLO","link":"https:\/\/www.grieta.org.mx\/index.php\/category\/cintillo\/"},"img":{"alt_text":"","src":"https:\/\/i0.wp.com\/www.grieta.org.mx\/wp-content\/uploads\/2020\/08\/118358904_3206040109487153_7690283986572340481_o.jpg?resize=350%2C200&ssl=1","width":350,"height":200,"srcset":"https:\/\/i0.wp.com\/www.grieta.org.mx\/wp-content\/uploads\/2020\/08\/118358904_3206040109487153_7690283986572340481_o.jpg?resize=350%2C200&ssl=1 1x, https:\/\/i0.wp.com\/www.grieta.org.mx\/wp-content\/uploads\/2020\/08\/118358904_3206040109487153_7690283986572340481_o.jpg?resize=525%2C300&ssl=1 1.5x, https:\/\/i0.wp.com\/www.grieta.org.mx\/wp-content\/uploads\/2020\/08\/118358904_3206040109487153_7690283986572340481_o.jpg?resize=700%2C400&ssl=1 2x"},"classes":[]},{"id":56823,"url":"https:\/\/www.grieta.org.mx\/index.php\/2021\/02\/04\/hru-y-hospital-de-tecoman-sin-disponibilidad-de-camas-para-atender-pacientes-covid-19-colima\/","url_meta":{"origin":48590,"position":5},"title":"HRU y Hospital de Tecom\u00e1n sin disponibilidad de camas para atender pacientes Covid-19 (Colima)","author":"grieta","date":"4 febrero, 2021","format":false,"excerpt":"Foto: Diario Avanzada Heidi de Le\u00f3n Guti\u00e9rrez \/ Diario Avanzada Colima, M\u00e9xico, Avanzada (04\/02\/2021).- El Hospital Regional Universitario (HRU) y el Hospital General de Tecom\u00e1n reportaron una ocupaci\u00f3n del 100 por ciento en las \u00e1reas destinadas para atender a pacientes con Covid-19. El lleno se registra, justo en los d\u00edas\u2026","rel":"","context":"En &quot;CINTILLO&quot;","block_context":{"text":"CINTILLO","link":"https:\/\/www.grieta.org.mx\/index.php\/category\/cintillo\/"},"img":{"alt_text":"","src":"https:\/\/i0.wp.com\/www.grieta.org.mx\/wp-content\/uploads\/2021\/02\/Covid.jpg?resize=350%2C200&ssl=1","width":350,"height":200,"srcset":"https:\/\/i0.wp.com\/www.grieta.org.mx\/wp-content\/uploads\/2021\/02\/Covid.jpg?resize=350%2C200&ssl=1 1x, https:\/\/i0.wp.com\/www.grieta.org.mx\/wp-content\/uploads\/2021\/02\/Covid.jpg?resize=525%2C300&ssl=1 1.5x"},"classes":[]}],"_links":{"self":[{"href":"https:\/\/www.grieta.org.mx\/index.php\/wp-json\/wp\/v2\/posts\/48590","targetHints":{"allow":["GET"]}}],"collection":[{"href":"https:\/\/www.grieta.org.mx\/index.php\/wp-json\/wp\/v2\/posts"}],"about":[{"href":"https:\/\/www.grieta.org.mx\/index.php\/wp-json\/wp\/v2\/types\/post"}],"author":[{"embeddable":true,"href":"https:\/\/www.grieta.org.mx\/index.php\/wp-json\/wp\/v2\/users\/2"}],"replies":[{"embeddable":true,"href":"https:\/\/www.grieta.org.mx\/index.php\/wp-json\/wp\/v2\/comments?post=48590"}],"version-history":[{"count":1,"href":"https:\/\/www.grieta.org.mx\/index.php\/wp-json\/wp\/v2\/posts\/48590\/revisions"}],"predecessor-version":[{"id":48592,"href":"https:\/\/www.grieta.org.mx\/index.php\/wp-json\/wp\/v2\/posts\/48590\/revisions\/48592"}],"wp:featuredmedia":[{"embeddable":true,"href":"https:\/\/www.grieta.org.mx\/index.php\/wp-json\/wp\/v2\/media\/48591"}],"wp:attachment":[{"href":"https:\/\/www.grieta.org.mx\/index.php\/wp-json\/wp\/v2\/media?parent=48590"}],"wp:term":[{"taxonomy":"category","embeddable":true,"href":"https:\/\/www.grieta.org.mx\/index.php\/wp-json\/wp\/v2\/categories?post=48590"},{"taxonomy":"post_tag","embeddable":true,"href":"https:\/\/www.grieta.org.mx\/index.php\/wp-json\/wp\/v2\/tags?post=48590"}],"curies":[{"name":"wp","href":"https:\/\/api.w.org\/{rel}","templated":true}]}}