{"id":48587,"date":"2020-04-29T21:02:32","date_gmt":"2020-04-30T02:02:32","guid":{"rendered":"http:\/\/www.grieta.org.mx\/?p=48587"},"modified":"2020-05-04T21:12:53","modified_gmt":"2020-05-05T02:12:53","slug":"desabasto-de-medicamentos-en-el-issste-colima-supera-el-60","status":"publish","type":"post","link":"https:\/\/www.grieta.org.mx\/index.php\/2020\/04\/29\/desabasto-de-medicamentos-en-el-issste-colima-supera-el-60\/","title":{"rendered":"Desabasto de medicamentos en el ISSSTE Colima supera el 60%"},"content":{"rendered":"<p><img loading=\"lazy\" decoding=\"async\" data-attachment-id=\"48588\" data-permalink=\"https:\/\/www.grieta.org.mx\/index.php\/2020\/04\/29\/desabasto-de-medicamentos-en-el-issste-colima-supera-el-60\/issste-4\/\" data-orig-file=\"https:\/\/www.grieta.org.mx\/wp-content\/uploads\/2020\/05\/ISSSTE.jpg\" data-orig-size=\"822,430\" data-comments-opened=\"0\" data-image-meta=\"{&quot;aperture&quot;:&quot;0&quot;,&quot;credit&quot;:&quot;&quot;,&quot;camera&quot;:&quot;&quot;,&quot;caption&quot;:&quot;&quot;,&quot;created_timestamp&quot;:&quot;0&quot;,&quot;copyright&quot;:&quot;&quot;,&quot;focal_length&quot;:&quot;0&quot;,&quot;iso&quot;:&quot;0&quot;,&quot;shutter_speed&quot;:&quot;0&quot;,&quot;title&quot;:&quot;&quot;,&quot;orientation&quot;:&quot;1&quot;}\" data-image-title=\"ISSSTE\" data-image-description=\"\" data-image-caption=\"\" data-medium-file=\"https:\/\/www.grieta.org.mx\/wp-content\/uploads\/2020\/05\/ISSSTE-300x157.jpg\" data-large-file=\"https:\/\/www.grieta.org.mx\/wp-content\/uploads\/2020\/05\/ISSSTE.jpg\" class=\"aligncenter wp-image-48588\" src=\"http:\/\/www.grieta.org.mx\/wp-content\/uploads\/2020\/05\/ISSSTE.jpg\" alt=\"\" width=\"800\" height=\"419\" srcset=\"https:\/\/www.grieta.org.mx\/wp-content\/uploads\/2020\/05\/ISSSTE.jpg 822w, https:\/\/www.grieta.org.mx\/wp-content\/uploads\/2020\/05\/ISSSTE-300x157.jpg 300w, https:\/\/www.grieta.org.mx\/wp-content\/uploads\/2020\/05\/ISSSTE-768x402.jpg 768w\" sizes=\"auto, (max-width: 800px) 100vw, 800px\" \/><\/p>\n<p>Imagen: Diario Avanzada<\/p>\n<p>Heidi de Le\u00f3n Guti\u00e9rrez \/ Diario Avanzada<\/p>\n<p>Colima, M\u00e9xico, Avanzada (29\/04\/2020).- En plena emergencia por el Covid-19, la cl\u00ednica del ISSSTE en Colima, \u00a0Miguel Trejo Ochoa \u00a0registra un desabasto de medicamentos superior al 60 por ciento, lo que est\u00e1 afectando gravemente la econom\u00eda de los derechohabientes.<\/p>\n<p>Este martes, un grupo de derechohabientes que acudi\u00f3 a farmacia fueron notificado de los escases de una serie de medicamentos para tratar diversos padecimientos cr\u00f3nicos degenerativos e incluso, se les notific\u00f3 que no hay fecha para surtirlos.<\/p>\n<p>Entre los medicamentos en desabasto se encuentra el\u00a0 Rivaroxab\u00e1n, un anticoagulante que tiene un precio en las principales farmacias en Colima cercano a los 2 mil pesos.<\/p>\n<p>Tampoco existen todos los medicamentos para atender enfermedades como la diabetes, hipertensi\u00f3n arterial, c\u00e1ncer,\u00a0 y alergias.<\/p>\n<p>\u201cYo\u00a0 vine a surtir a la farmacia con temor por todo lo que se dice. De 8 medicamentos que me deben dar, s\u00f3lo hubo cuatro. La loratadina como sea la compras porque vale menos de 100 pesos, pero el rivaroxab\u00e1n tiene un costo de m\u00e1s de mil 900 pesos y s\u00f3lo ajusta para un mes. Es un anticoagulante que me recet\u00f3 el cardi\u00f3logo y no hay, aparte, tampoco me dieron el medicamento para la presi\u00f3n, y ah\u00ed van otros 200 pesos\u201d, explic\u00f3, Mar\u00eda L\u00f3pez Hern\u00e1ndez, pensionada de Sagarpa.<\/p>\n<p>Indic\u00f3 que lo m\u00e1s grave es que nadie ofrece respuestas a los derechohabientes, y los m\u00e9dicos especialistas no est\u00e1n asistiendo a consulta por la emergencia sanitaria, \u201cno hay manera de cambiar de medicamento por alguno de los existentes, as\u00ed que aqu\u00ed hay tres opciones, o nos morimos por el Covid, o por la falta de medicamentos, o de hambre si decides comprar la medicina que necesitas para controlar las enfermedades. Parece algo sencillo, pero es una desgracia la que nos est\u00e1n haciendo\u201d, sentenci\u00f3.<\/p>\n<p>La denunciante, adem\u00e1s refiri\u00f3 que las recetas para surtir los medicamentos s\u00f3lo tienen una vigencia de cinco d\u00edas a partir de la fecha en la que la expidi\u00f3 el m\u00e9dico, \u201ces decir que si el rivaroxab\u00e1n no llega en los pr\u00f3ximos cinco d\u00edas, ya no tiene validez la receta, y debo solicitar una cita con mi m\u00e9dico familiar para que me la vuelva a expedir y lo m\u00e1s grave es que ahorita est\u00e1n suspendidas todas las citas m\u00e9dicas. Este es el ISSSTE que tenemos, una instituci\u00f3n que est\u00e1 en ruinas\u201d, sentenci\u00f3.<\/p>\n<p>AVANZADA constat\u00f3 la informaci\u00f3n, y acudi\u00f3 a la Farmacia del ISSSTE en donde corrobor\u00f3 que antes de ingresar al \u00e1rea, un guardia de seguridad\u00a0 le solicita a los pacientes los nombres de los medicamentos que surtir\u00e1n para saber si \u00e9stos se encuentran en existencia.<\/p>\n<p><a href=\"https:\/\/www.diarioavanzada.com.mx\/?p=12234\">https:\/\/www.diarioavanzada.com.mx\/?p=12234<\/a><\/p>\n","protected":false},"excerpt":{"rendered":"<p>Imagen: Diario Avanzada Heidi de Le\u00f3n Guti\u00e9rrez \/ Diario Avanzada Colima, M\u00e9xico, Avanzada (29\/04\/2020).- En plena emergencia por el Covid-19, la cl\u00ednica del ISSSTE en Colima, \u00a0Miguel Trejo Ochoa \u00a0registra &hellip; <a href=\"https:\/\/www.grieta.org.mx\/index.php\/2020\/04\/29\/desabasto-de-medicamentos-en-el-issste-colima-supera-el-60\/\" class=\"more-link\">Leer m\u00e1s<\/a><\/p>\n","protected":false},"author":2,"featured_media":48588,"comment_status":"closed","ping_status":"closed","sticky":false,"template":"","format":"standard","meta":{"ngg_post_thumbnail":0,"_jetpack_newsletter_access":"","_jetpack_dont_email_post_to_subs":false,"_jetpack_newsletter_tier_id":0,"_jetpack_memberships_contains_paywalled_content":false,"_jetpack_memberships_contains_paid_content":false,"footnotes":""},"categories":[80,13,3286,918,2365,2,83],"tags":[3133,2367,2366,2551,492],"class_list":["post-48587","post","type-post","status-publish","format-standard","has-post-thumbnail","hentry","category-cintillo","category-colima","category-covid-19-en-colima","category-privatizacion-del-sector-salud","category-crisis-en-el-sector-salud-en-colima","category-noticias-nacionales","category-temas-nacionales","tag-crisis-del-sector-salud","tag-crisis-en-el-sector-salud","tag-desabasto-de-medicinas","tag-falta-de-medicinas","tag-issste","entry"],"jetpack_featured_media_url":"https:\/\/www.grieta.org.mx\/wp-content\/uploads\/2020\/05\/ISSSTE.jpg","jetpack_sharing_enabled":true,"jetpack_shortlink":"https:\/\/wp.me\/p7ZJR4-cDF","jetpack_likes_enabled":false,"jetpack-related-posts":[{"id":51539,"url":"https:\/\/www.grieta.org.mx\/index.php\/2020\/07\/02\/derechohabientes-denuncian-falta-de-medicamentos-en-issste-colima\/","url_meta":{"origin":48587,"position":0},"title":"Derechohabientes denuncian falta de medicamentos en ISSSTE Colima","author":"grieta","date":"2 julio, 2020","format":false,"excerpt":"Imagen: El Noticiero Anil\u00fa Salazar Mej\u00eda \/ El Noticiero erechohabientes del Issste Colima denuncian p\u00fablicamente de que hay varios medicamentos que faltan como son la insulina y el losartan, utilizados en enfermedades como la diabetes y la presi\u00f3n arterial, por lo que piden soluci\u00f3n a este desabasto. Los afectados, quienes\u2026","rel":"","context":"En &quot;CINTILLO&quot;","block_context":{"text":"CINTILLO","link":"https:\/\/www.grieta.org.mx\/index.php\/category\/cintillo\/"},"img":{"alt_text":"","src":"https:\/\/i0.wp.com\/www.grieta.org.mx\/wp-content\/uploads\/2020\/07\/insulina-1024x644-1-e1593710814946.jpg?resize=350%2C200&ssl=1","width":350,"height":200,"srcset":"https:\/\/i0.wp.com\/www.grieta.org.mx\/wp-content\/uploads\/2020\/07\/insulina-1024x644-1-e1593710814946.jpg?resize=350%2C200&ssl=1 1x, https:\/\/i0.wp.com\/www.grieta.org.mx\/wp-content\/uploads\/2020\/07\/insulina-1024x644-1-e1593710814946.jpg?resize=525%2C300&ssl=1 1.5x, https:\/\/i0.wp.com\/www.grieta.org.mx\/wp-content\/uploads\/2020\/07\/insulina-1024x644-1-e1593710814946.jpg?resize=700%2C400&ssl=1 2x"},"classes":[]},{"id":51685,"url":"https:\/\/www.grieta.org.mx\/index.php\/2020\/07\/06\/issste-colima-con-desabasto-del-55-en-medicamentos-colima\/","url_meta":{"origin":48587,"position":1},"title":"ISSSTE Colima con desabasto del 55 % en medicamentos (Colima)","author":"grieta","date":"6 julio, 2020","format":false,"excerpt":"Foto: Ecos de la Costa Infoecos \/ Ecos de la Costa Derechohabientes del ISSSTE en Colima se quejan del desabasto de medicamentos que persiste en el sistema de salud hasta en un 55% en el cuadro b\u00e1sico, lo cual consideran como una afrenta grave por parte de las autoridades delegacionales\u2026","rel":"","context":"En &quot;CINTILLO&quot;","block_context":{"text":"CINTILLO","link":"https:\/\/www.grieta.org.mx\/index.php\/category\/cintillo\/"},"img":{"alt_text":"","src":"https:\/\/i0.wp.com\/www.grieta.org.mx\/wp-content\/uploads\/2020\/07\/p1f1.jpeg?resize=350%2C200&ssl=1","width":350,"height":200,"srcset":"https:\/\/i0.wp.com\/www.grieta.org.mx\/wp-content\/uploads\/2020\/07\/p1f1.jpeg?resize=350%2C200&ssl=1 1x, https:\/\/i0.wp.com\/www.grieta.org.mx\/wp-content\/uploads\/2020\/07\/p1f1.jpeg?resize=525%2C300&ssl=1 1.5x, https:\/\/i0.wp.com\/www.grieta.org.mx\/wp-content\/uploads\/2020\/07\/p1f1.jpeg?resize=700%2C400&ssl=1 2x"},"classes":[]},{"id":72158,"url":"https:\/\/www.grieta.org.mx\/index.php\/2025\/08\/15\/denuncian-desabasto-de-medicamentos-contra-vih-en-el-issste-en-colima\/","url_meta":{"origin":48587,"position":2},"title":"Denuncian desabasto de medicamentos contra VIH en el ISSSTE, en Colima","author":"grieta","date":"15 agosto, 2025","format":false,"excerpt":"Imagen: Ilustrativa Heidi de Le\u00f3n Guti\u00e9rrez \/ Diario Avanzada Colima, M\u00e9xico, Avanzada (15\/08\/2025).- La organizaci\u00f3n Colima Vihve denunci\u00f3 que el ISSSTE en la entidad mantiene un desabasto de medicamentos para tratar el VIH\/sida, lo que ha obligado a pacientes a comprarlos por su cuenta para no poner en riesgo su\u2026","rel":"","context":"En &quot;CINTILLO&quot;","block_context":{"text":"CINTILLO","link":"https:\/\/www.grieta.org.mx\/index.php\/category\/cintillo\/"},"img":{"alt_text":"","src":"https:\/\/i0.wp.com\/www.grieta.org.mx\/wp-content\/uploads\/2025\/08\/img_8809-1.jpg?resize=350%2C200&ssl=1","width":350,"height":200,"srcset":"https:\/\/i0.wp.com\/www.grieta.org.mx\/wp-content\/uploads\/2025\/08\/img_8809-1.jpg?resize=350%2C200&ssl=1 1x, https:\/\/i0.wp.com\/www.grieta.org.mx\/wp-content\/uploads\/2025\/08\/img_8809-1.jpg?resize=525%2C300&ssl=1 1.5x"},"classes":[]},{"id":42862,"url":"https:\/\/www.grieta.org.mx\/index.php\/2020\/01\/08\/denuncian-desabasto-de-medicamentos-contra-el-cancer-en-el-imss-colima\/","url_meta":{"origin":48587,"position":3},"title":"Denuncian desabasto de medicamentos contra el c\u00e1ncer en el IMSS Colima","author":"grieta","date":"8 enero, 2020","format":false,"excerpt":"Foto: El Comentario Francis Bravo \/ El Comentario Seg\u00fan\u00a0manifestaron\u00a0a esta reportera varios\u00a0derechohabientes,\u00a0nuevamente se est\u00e1 presentando en el\u00a0Instituto Mexicano del Seguro Social\u00a0(IMSS) en Colima, un\u00a0desabasto de medicamentos\u00a0para el tratamiento de pacientes con\u00a0c\u00e1ncer. Seg\u00fan manifestaron algunos pacientes con esa enfermedad, derechohabientes del IMSS, los cuales pidieron omitir sus nombres, desde el pasado\u2026","rel":"","context":"En &quot;CINTILLO&quot;","block_context":{"text":"CINTILLO","link":"https:\/\/www.grieta.org.mx\/index.php\/category\/cintillo\/"},"img":{"alt_text":"","src":"https:\/\/i0.wp.com\/www.grieta.org.mx\/wp-content\/uploads\/2020\/01\/fd07eb2d9ecb3911e1f13320a78bccd9-2.jpg?resize=350%2C200&ssl=1","width":350,"height":200,"srcset":"https:\/\/i0.wp.com\/www.grieta.org.mx\/wp-content\/uploads\/2020\/01\/fd07eb2d9ecb3911e1f13320a78bccd9-2.jpg?resize=350%2C200&ssl=1 1x, https:\/\/i0.wp.com\/www.grieta.org.mx\/wp-content\/uploads\/2020\/01\/fd07eb2d9ecb3911e1f13320a78bccd9-2.jpg?resize=525%2C300&ssl=1 1.5x, https:\/\/i0.wp.com\/www.grieta.org.mx\/wp-content\/uploads\/2020\/01\/fd07eb2d9ecb3911e1f13320a78bccd9-2.jpg?resize=700%2C400&ssl=1 2x"},"classes":[]},{"id":63408,"url":"https:\/\/www.grieta.org.mx\/index.php\/2022\/02\/17\/issste-colima-sin-abasto-suficiente-de-medicamentos-y-con-falta-de-medicos-especialistas\/","url_meta":{"origin":48587,"position":4},"title":"ISSSTE Colima sin abasto suficiente de medicamentos y con falta de m\u00e9dicos especialistas","author":"grieta","date":"17 febrero, 2022","format":false,"excerpt":"Foto: Cortes\u00eda Redacci\u00f3n \/ El Occidental Una situaci\u00f3n grave se presenta en el Instituto de Seguridad y Servicios Sociales de los Trabajadores del Estado (ISSSTE) Colima, ya que de acuerdo al presidente de la Asociaci\u00f3n de Jubilados, Pensionados y Adultos Mayores, Manuel Godina Velasco, existe un desabasto de medicamentos y\u2026","rel":"","context":"En &quot;CINTILLO&quot;","block_context":{"text":"CINTILLO","link":"https:\/\/www.grieta.org.mx\/index.php\/category\/cintillo\/"},"img":{"alt_text":"","src":"https:\/\/i0.wp.com\/www.grieta.org.mx\/wp-content\/uploads\/2022\/02\/ISSSTE-Colima.jpg?resize=350%2C200&ssl=1","width":350,"height":200,"srcset":"https:\/\/i0.wp.com\/www.grieta.org.mx\/wp-content\/uploads\/2022\/02\/ISSSTE-Colima.jpg?resize=350%2C200&ssl=1 1x, https:\/\/i0.wp.com\/www.grieta.org.mx\/wp-content\/uploads\/2022\/02\/ISSSTE-Colima.jpg?resize=525%2C300&ssl=1 1.5x, https:\/\/i0.wp.com\/www.grieta.org.mx\/wp-content\/uploads\/2022\/02\/ISSSTE-Colima.jpg?resize=700%2C400&ssl=1 2x"},"classes":[]},{"id":54775,"url":"https:\/\/www.grieta.org.mx\/index.php\/2020\/11\/06\/fallece-enfermero-del-issste-por-contagio-de-covid-19-trabajadores-acusan-escasez-de-medicamento-colima\/","url_meta":{"origin":48587,"position":5},"title":"Fallece enfermero del ISSSTE por contagio de Covid-19; trabajadores acusan escasez de medicamento (Colima)","author":"grieta","date":"6 noviembre, 2020","format":false,"excerpt":"Foto: Diario Avanzada Heidi de Le\u00f3n Guti\u00e9rrez \/ Diario Avanzada Colima, M\u00e9xico, Avanzada (06\/11\/2020).- El enfermero General del \u00e1rea de Terapia Intensiva del ISSSTE, Jos\u00e9 Gabriel Torres Medina falleci\u00f3 por Covid-19 en la cl\u00ednica Miguel Trejo Ochoa en la capital de Colima. Este jueves por la tarde, la secretar\u00eda de\u2026","rel":"","context":"En &quot;CINTILLO&quot;","block_context":{"text":"CINTILLO","link":"https:\/\/www.grieta.org.mx\/index.php\/category\/cintillo\/"},"img":{"alt_text":"","src":"https:\/\/i0.wp.com\/www.grieta.org.mx\/wp-content\/uploads\/2020\/11\/image-91.png?resize=350%2C200&ssl=1","width":350,"height":200,"srcset":"https:\/\/i0.wp.com\/www.grieta.org.mx\/wp-content\/uploads\/2020\/11\/image-91.png?resize=350%2C200&ssl=1 1x, https:\/\/i0.wp.com\/www.grieta.org.mx\/wp-content\/uploads\/2020\/11\/image-91.png?resize=525%2C300&ssl=1 1.5x"},"classes":[]}],"_links":{"self":[{"href":"https:\/\/www.grieta.org.mx\/index.php\/wp-json\/wp\/v2\/posts\/48587","targetHints":{"allow":["GET"]}}],"collection":[{"href":"https:\/\/www.grieta.org.mx\/index.php\/wp-json\/wp\/v2\/posts"}],"about":[{"href":"https:\/\/www.grieta.org.mx\/index.php\/wp-json\/wp\/v2\/types\/post"}],"author":[{"embeddable":true,"href":"https:\/\/www.grieta.org.mx\/index.php\/wp-json\/wp\/v2\/users\/2"}],"replies":[{"embeddable":true,"href":"https:\/\/www.grieta.org.mx\/index.php\/wp-json\/wp\/v2\/comments?post=48587"}],"version-history":[{"count":1,"href":"https:\/\/www.grieta.org.mx\/index.php\/wp-json\/wp\/v2\/posts\/48587\/revisions"}],"predecessor-version":[{"id":48589,"href":"https:\/\/www.grieta.org.mx\/index.php\/wp-json\/wp\/v2\/posts\/48587\/revisions\/48589"}],"wp:featuredmedia":[{"embeddable":true,"href":"https:\/\/www.grieta.org.mx\/index.php\/wp-json\/wp\/v2\/media\/48588"}],"wp:attachment":[{"href":"https:\/\/www.grieta.org.mx\/index.php\/wp-json\/wp\/v2\/media?parent=48587"}],"wp:term":[{"taxonomy":"category","embeddable":true,"href":"https:\/\/www.grieta.org.mx\/index.php\/wp-json\/wp\/v2\/categories?post=48587"},{"taxonomy":"post_tag","embeddable":true,"href":"https:\/\/www.grieta.org.mx\/index.php\/wp-json\/wp\/v2\/tags?post=48587"}],"curies":[{"name":"wp","href":"https:\/\/api.w.org\/{rel}","templated":true}]}}