{"id":48558,"date":"2020-03-23T00:26:32","date_gmt":"2020-03-23T06:26:32","guid":{"rendered":"http:\/\/www.grieta.org.mx\/?p=48558"},"modified":"2020-05-04T00:30:52","modified_gmt":"2020-05-04T05:30:52","slug":"asesinan-a-activista-y-defensor-de-reserva-natural-los-venados-en-morelos","status":"publish","type":"post","link":"https:\/\/www.grieta.org.mx\/index.php\/2020\/03\/23\/asesinan-a-activista-y-defensor-de-reserva-natural-los-venados-en-morelos\/","title":{"rendered":"Asesinan a activista y defensor de reserva natural &#8216;Los Venados&#8217;, en Morelos"},"content":{"rendered":"<p><a href=\"http:\/\/www.grieta.org.mx\/wp-content\/uploads\/2020\/05\/arton152670-5c1d6.jpg\"><img loading=\"lazy\" decoding=\"async\" data-attachment-id=\"48537\" data-permalink=\"https:\/\/www.grieta.org.mx\/index.php\/2020\/03\/24\/asesinan-a-defensor-del-medio-ambiente-isaac-medardo-herrera-aviles-morelos\/arton152670-5c1d6\/\" data-orig-file=\"https:\/\/www.grieta.org.mx\/wp-content\/uploads\/2020\/05\/arton152670-5c1d6.jpg\" data-orig-size=\"676,476\" data-comments-opened=\"0\" data-image-meta=\"{&quot;aperture&quot;:&quot;0&quot;,&quot;credit&quot;:&quot;&quot;,&quot;camera&quot;:&quot;&quot;,&quot;caption&quot;:&quot;&quot;,&quot;created_timestamp&quot;:&quot;0&quot;,&quot;copyright&quot;:&quot;&quot;,&quot;focal_length&quot;:&quot;0&quot;,&quot;iso&quot;:&quot;0&quot;,&quot;shutter_speed&quot;:&quot;0&quot;,&quot;title&quot;:&quot;&quot;,&quot;orientation&quot;:&quot;0&quot;}\" data-image-title=\"arton152670-5c1d6\" data-image-description=\"\" data-image-caption=\"\" data-medium-file=\"https:\/\/www.grieta.org.mx\/wp-content\/uploads\/2020\/05\/arton152670-5c1d6-300x211.jpg\" data-large-file=\"https:\/\/www.grieta.org.mx\/wp-content\/uploads\/2020\/05\/arton152670-5c1d6.jpg\" class=\"aligncenter wp-image-48537\" src=\"http:\/\/www.grieta.org.mx\/wp-content\/uploads\/2020\/05\/arton152670-5c1d6.jpg\" alt=\"\" width=\"720\" height=\"507\" srcset=\"https:\/\/www.grieta.org.mx\/wp-content\/uploads\/2020\/05\/arton152670-5c1d6.jpg 676w, https:\/\/www.grieta.org.mx\/wp-content\/uploads\/2020\/05\/arton152670-5c1d6-300x211.jpg 300w\" sizes=\"auto, (max-width: 720px) 100vw, 720px\" \/><\/a><\/p>\n<p>Ver\u00f3nica Bacaz \/ El Financiero<\/p>\n<p>La noche de este lunes fue asesinado a balazos el activista y defensor de la reserva natural de \u201cLos Venados\u201d en Jiutepec, Isaac Medardo Herrera Avil\u00e9s, quien fue acribillado en su domicilio en el Z\u00f3calo de dicho municipio, testigos se\u00f1alan que los agresores arribaron a su hogar y ah\u00ed lo atacaron.<\/p>\n<p>El homicidio del tambi\u00e9n luchador social caus\u00f3 conmoci\u00f3n esta noche, entre pol\u00edticos, barras de abogados y activistas sociales, quienes piden un alto a la violencia que se vive en la entidad y se d\u00e9 con los responsables del crimen.<\/p>\n<p>Herrera Avil\u00e9s, de m\u00e1s de 60 a\u00f1os, era litigante y fungi\u00f3 como representante legal de los defensores de los 13 pueblos en Morelos, por la defensa del manantial \u2018Chihuahuita\u2019 en 2007 en Emiliano Zapata en donde se buscaba construir viviendas y extraer el agua para estas, ello durante la administraci\u00f3n del panista, Marco Adame Castillo.<\/p>\n<p>En el gobierno del perredista Graco Ram\u00edrez tambi\u00e9n acompa\u00f1\u00f3 legalmente a los vecinos de Jiutepec en la defensa del predio de \u201cLos Venados\u201d, ah\u00ed la empresa Casas Ara, pretendi\u00f3 construir un desarrollo inmobiliario, lo que provocar\u00eda la tala indiscriminada de \u00e1rboles y la extinci\u00f3n de la \u00fanica reserva natural con la que cuenta este municipio.<\/p>\n<p>Sin embargo, vecinos solicitaron al exgobernador Graco Ram\u00edrez, que expropiara el predio para devolverlos al Ayuntamiento y convertirlo en una reserva ecol\u00f3gica, en beneficio de los vecinos de Jiuetepec.<\/p>\n<p>El exmandatario se hab\u00eda comprometido a expropiar el lugar para evitar da\u00f1os al medio ambiente, termin\u00f3 su gobierno y nunca realiz\u00f3 dicho proceso jur\u00eddico, por lo que hace unas semanas, los activistas hab\u00edan denunciado, que ante la omisi\u00f3n de las autoridades municipales y estatales, a\u00fan se encontraba latente la construcci\u00f3n de las casas en esta dicha \u00e1rea natural.<\/p>\n<p>Hasta el momento, las autoridades estatales no han emitido comunicado respecto a este homicidio.<\/p>\n<p><a href=\"https:\/\/www.elfinanciero.com.mx\/nacional\/asesinan-a-activista-y-defensor-de-reserva-natural-los-venado-en-morelos\">https:\/\/www.elfinanciero.com.mx\/nacional\/asesinan-a-activista-y-defensor-de-reserva-natural-los-venado-en-morelos<\/a><\/p>\n","protected":false},"excerpt":{"rendered":"<p>Ver\u00f3nica Bacaz \/ El Financiero La noche de este lunes fue asesinado a balazos el activista y defensor de la reserva natural de \u201cLos Venados\u201d en Jiutepec, Isaac Medardo Herrera &hellip; <a href=\"https:\/\/www.grieta.org.mx\/index.php\/2020\/03\/23\/asesinan-a-activista-y-defensor-de-reserva-natural-los-venados-en-morelos\/\" class=\"more-link\">Leer m\u00e1s<\/a><\/p>\n","protected":false},"author":1,"featured_media":48537,"comment_status":"closed","ping_status":"closed","sticky":false,"template":"","format":"standard","meta":{"ngg_post_thumbnail":0,"_jetpack_newsletter_access":"","_jetpack_dont_email_post_to_subs":false,"_jetpack_newsletter_tier_id":0,"_jetpack_memberships_contains_paywalled_content":false,"_jetpack_memberships_contains_paid_content":false,"footnotes":""},"categories":[3333,80,22,2],"tags":[2140,459],"class_list":["post-48558","post","type-post","status-publish","format-standard","has-post-thumbnail","hentry","category-asesinato-de-activistas-en-morelos","category-cintillo","category-morelos","category-noticias-nacionales","tag-asesinato-de-activistas","tag-ataques-a-defensores-ambientales","entry"],"jetpack_featured_media_url":"https:\/\/www.grieta.org.mx\/wp-content\/uploads\/2020\/05\/arton152670-5c1d6.jpg","jetpack_sharing_enabled":true,"jetpack_shortlink":"https:\/\/wp.me\/p7ZJR4-cDc","jetpack_likes_enabled":false,"jetpack-related-posts":[{"id":48529,"url":"https:\/\/www.grieta.org.mx\/index.php\/2020\/03\/26\/asesinan-en-morelos-al-ambientalista-isaac-herrera-aviles\/","url_meta":{"origin":48558,"position":0},"title":"Asesinan en Morelos al ambientalista Isaac Herrera Avil\u00e9s","author":"Admin","date":"26 marzo, 2020","format":false,"excerpt":"Redacci\u00f3n \/ Eje Central El activista y asesor en temas legales ambientales, Isaac Medardo Herrera Avil\u00e9s, fue asesinado por hombres armados en la puerta de su casa, ubicada en Jiutepec, Morelos, el pasado lunes. La Universidad Aut\u00f3noma Metropolitana lament\u00f3 la muerte del activista, pues es el padre de una de\u2026","rel":"","context":"En &quot;Asesinato de activistas en Morelos&quot;","block_context":{"text":"Asesinato de activistas en Morelos","link":"https:\/\/www.grieta.org.mx\/index.php\/category\/noticias-nacionales\/morelos\/asesinato-de-activistas-en-morelos\/"},"img":{"alt_text":"","src":"https:\/\/i0.wp.com\/www.grieta.org.mx\/wp-content\/uploads\/2020\/05\/Screenshot_2020-05-03-Asesinan-en-Morelos-al-ambientalista-Isaac-Herrera-Avil%C3%A9s-%C2%BB-Eje-Central.png?resize=350%2C200&ssl=1","width":350,"height":200,"srcset":"https:\/\/i0.wp.com\/www.grieta.org.mx\/wp-content\/uploads\/2020\/05\/Screenshot_2020-05-03-Asesinan-en-Morelos-al-ambientalista-Isaac-Herrera-Avil%C3%A9s-%C2%BB-Eje-Central.png?resize=350%2C200&ssl=1 1x, https:\/\/i0.wp.com\/www.grieta.org.mx\/wp-content\/uploads\/2020\/05\/Screenshot_2020-05-03-Asesinan-en-Morelos-al-ambientalista-Isaac-Herrera-Avil%C3%A9s-%C2%BB-Eje-Central.png?resize=525%2C300&ssl=1 1.5x, https:\/\/i0.wp.com\/www.grieta.org.mx\/wp-content\/uploads\/2020\/05\/Screenshot_2020-05-03-Asesinan-en-Morelos-al-ambientalista-Isaac-Herrera-Avil%C3%A9s-%C2%BB-Eje-Central.png?resize=700%2C400&ssl=1 2x"},"classes":[]},{"id":48526,"url":"https:\/\/www.grieta.org.mx\/index.php\/2020\/03\/25\/matan-a-ambientalista-en-jiutepec-morelos-es-el-segundo-defensor-asesinado-en-2020\/","url_meta":{"origin":48558,"position":1},"title":"Matan a ambientalista en Jiutepec, Morelos; es el segundo defensor asesinado en 2020","author":"Admin","date":"25 marzo, 2020","format":false,"excerpt":"Redacci\u00f3n \/ Animal Pol\u00edtico La Oficina en M\u00e9xico del Alto Comisionado de las Naciones Unidas para los Derechos Humanos (ONU-DH) y la Comisi\u00f3n Nacional de los Derechos Humanos (CNDH) condenaron el homicidio del ambientalista Isaac Medardo Herrera y exigieron que no haya impunidad en el caso. La noche del pasado\u2026","rel":"","context":"En &quot;Asesinato de activistas en Morelos&quot;","block_context":{"text":"Asesinato de activistas en Morelos","link":"https:\/\/www.grieta.org.mx\/index.php\/category\/noticias-nacionales\/morelos\/asesinato-de-activistas-en-morelos\/"},"img":{"alt_text":"","src":"https:\/\/i0.wp.com\/www.grieta.org.mx\/wp-content\/uploads\/2020\/05\/asesinan_ambientalista_jiutepec_morelos-e1585188696795.png?resize=350%2C200&ssl=1","width":350,"height":200,"srcset":"https:\/\/i0.wp.com\/www.grieta.org.mx\/wp-content\/uploads\/2020\/05\/asesinan_ambientalista_jiutepec_morelos-e1585188696795.png?resize=350%2C200&ssl=1 1x, https:\/\/i0.wp.com\/www.grieta.org.mx\/wp-content\/uploads\/2020\/05\/asesinan_ambientalista_jiutepec_morelos-e1585188696795.png?resize=525%2C300&ssl=1 1.5x, https:\/\/i0.wp.com\/www.grieta.org.mx\/wp-content\/uploads\/2020\/05\/asesinan_ambientalista_jiutepec_morelos-e1585188696795.png?resize=700%2C400&ssl=1 2x, https:\/\/i0.wp.com\/www.grieta.org.mx\/wp-content\/uploads\/2020\/05\/asesinan_ambientalista_jiutepec_morelos-e1585188696795.png?resize=1050%2C600&ssl=1 3x, https:\/\/i0.wp.com\/www.grieta.org.mx\/wp-content\/uploads\/2020\/05\/asesinan_ambientalista_jiutepec_morelos-e1585188696795.png?resize=1400%2C800&ssl=1 4x"},"classes":[]},{"id":48536,"url":"https:\/\/www.grieta.org.mx\/index.php\/2020\/03\/24\/asesinan-a-defensor-del-medio-ambiente-isaac-medardo-herrera-aviles-morelos\/","url_meta":{"origin":48558,"position":2},"title":"Asesinan a defensor del medio ambiente Isaac Medardo Herrera Avil\u00e9s (Morelos)","author":"Admin","date":"24 marzo, 2020","format":false,"excerpt":"Elizabeth Sauno \/ La izquierda diario El 23 de marzo por la noche en el municipio de Juitepec, Morelos, asesinaron al defensor del medio ambiente Isaac Medardo Herrera Avil\u00e9s de 60 a\u00f1os, quien fuera protector del predio \u201cLos Venados\u201d, el cual despu\u00e9s de una lucha que se emprendi\u00f3 en contra\u2026","rel":"","context":"En &quot;Asesinato de activistas en Morelos&quot;","block_context":{"text":"Asesinato de activistas en Morelos","link":"https:\/\/www.grieta.org.mx\/index.php\/category\/noticias-nacionales\/morelos\/asesinato-de-activistas-en-morelos\/"},"img":{"alt_text":"","src":"https:\/\/i0.wp.com\/www.grieta.org.mx\/wp-content\/uploads\/2020\/05\/arton152670-5c1d6.jpg?resize=350%2C200&ssl=1","width":350,"height":200,"srcset":"https:\/\/i0.wp.com\/www.grieta.org.mx\/wp-content\/uploads\/2020\/05\/arton152670-5c1d6.jpg?resize=350%2C200&ssl=1 1x, https:\/\/i0.wp.com\/www.grieta.org.mx\/wp-content\/uploads\/2020\/05\/arton152670-5c1d6.jpg?resize=525%2C300&ssl=1 1.5x"},"classes":[]},{"id":48482,"url":"https:\/\/www.grieta.org.mx\/index.php\/2020\/03\/24\/asesinan-a-ambientalista-y-defensor-legal-en-jiutepec-morelos\/","url_meta":{"origin":48558,"position":3},"title":"Asesinan a ambientalista y defensor legal en Jiutepec, Morelos","author":"Admin","date":"24 marzo, 2020","format":false,"excerpt":"Estrella Pedroza \/ Aristegui Noticias La noche del lunes fue asesinado en la puerta de su casa Isaac Medardo Herrera Avil\u00e9s, ambientalista y asesor legal en temas ambientales. Los hechos ocurrieron en el municipio de Jiutepec, Morelos, donde hombres armados llegaron a la puerta de su casa, ubicada en la\u2026","rel":"","context":"En &quot;Asesinato de activistas en Morelos&quot;","block_context":{"text":"Asesinato de activistas en Morelos","link":"https:\/\/www.grieta.org.mx\/index.php\/category\/noticias-nacionales\/morelos\/asesinato-de-activistas-en-morelos\/"},"img":{"alt_text":"","src":"https:\/\/i0.wp.com\/www.grieta.org.mx\/wp-content\/uploads\/2020\/05\/ambientalista-482x220.jpg?resize=350%2C200&ssl=1","width":350,"height":200},"classes":[]},{"id":47141,"url":"https:\/\/www.grieta.org.mx\/index.php\/2020\/04\/02\/en-una-semana-asesinan-a-activistas-en-zacatecas-guanajuato-y-morelos\/","url_meta":{"origin":48558,"position":4},"title":"En una semana asesinan a activistas en Zacatecas, Guanajuato y Morelos","author":"grieta","date":"2 abril, 2020","format":false,"excerpt":"En los \u00faltimos d\u00edas fueron asesinados Paulina G\u00f3mez, Isaac Herrera y Karla Camarena, tres personas que dedicaron su vida a la defensa de la tierra y los derechos humanos. Por Alberto Pradilla \/ Animal Pol\u00edtico, 2 de abril de 2020 \u201cLas personas no aparecen muertas. A las personas se las\u2026","rel":"","context":"En &quot;CINTILLO&quot;","block_context":{"text":"CINTILLO","link":"https:\/\/www.grieta.org.mx\/index.php\/category\/cintillo\/"},"img":{"alt_text":"","src":"https:\/\/i0.wp.com\/www.grieta.org.mx\/wp-content\/uploads\/2020\/04\/Isaac-Arbol-copia-e1585834000487.jpg?resize=350%2C200&ssl=1","width":350,"height":200,"srcset":"https:\/\/i0.wp.com\/www.grieta.org.mx\/wp-content\/uploads\/2020\/04\/Isaac-Arbol-copia-e1585834000487.jpg?resize=350%2C200&ssl=1 1x, https:\/\/i0.wp.com\/www.grieta.org.mx\/wp-content\/uploads\/2020\/04\/Isaac-Arbol-copia-e1585834000487.jpg?resize=525%2C300&ssl=1 1.5x, https:\/\/i0.wp.com\/www.grieta.org.mx\/wp-content\/uploads\/2020\/04\/Isaac-Arbol-copia-e1585834000487.jpg?resize=700%2C400&ssl=1 2x, https:\/\/i0.wp.com\/www.grieta.org.mx\/wp-content\/uploads\/2020\/04\/Isaac-Arbol-copia-e1585834000487.jpg?resize=1050%2C600&ssl=1 3x, https:\/\/i0.wp.com\/www.grieta.org.mx\/wp-content\/uploads\/2020\/04\/Isaac-Arbol-copia-e1585834000487.jpg?resize=1400%2C800&ssl=1 4x"},"classes":[]},{"id":67663,"url":"https:\/\/www.grieta.org.mx\/index.php\/2023\/08\/09\/organizaciones-y-activistas-exigen-que-fiscalia-federal-atraiga-el-caso-del-defensor-samir-flores-morelos\/","url_meta":{"origin":48558,"position":5},"title":"Organizaciones y activistas exigen que Fiscal\u00eda Federal atraiga el caso del defensor Samir Flores, Morelos","author":"grieta","date":"9 agosto, 2023","format":false,"excerpt":"Redacci\u00f3n \/ Educa Oaxaca Pese a que diversas organizaciones y activistas por los Derechos Humanos llevan meses exigiendo al gobierno federal que atraiga el caso del asesinato del defensor del territorio Samir Flores, no hay avances. Por ello han lanzado una petici\u00f3n, ya que \u201cse corre el riesgo de que\u2026","rel":"","context":"En &quot;CINTILLO&quot;","block_context":{"text":"CINTILLO","link":"https:\/\/www.grieta.org.mx\/index.php\/category\/cintillo\/"},"img":{"alt_text":"","src":"https:\/\/i0.wp.com\/www.grieta.org.mx\/wp-content\/uploads\/2023\/09\/365881111_703438631826550_4103064159411763781_n-500x500-1.jpg?resize=350%2C200&ssl=1","width":350,"height":200},"classes":[]}],"_links":{"self":[{"href":"https:\/\/www.grieta.org.mx\/index.php\/wp-json\/wp\/v2\/posts\/48558","targetHints":{"allow":["GET"]}}],"collection":[{"href":"https:\/\/www.grieta.org.mx\/index.php\/wp-json\/wp\/v2\/posts"}],"about":[{"href":"https:\/\/www.grieta.org.mx\/index.php\/wp-json\/wp\/v2\/types\/post"}],"author":[{"embeddable":true,"href":"https:\/\/www.grieta.org.mx\/index.php\/wp-json\/wp\/v2\/users\/1"}],"replies":[{"embeddable":true,"href":"https:\/\/www.grieta.org.mx\/index.php\/wp-json\/wp\/v2\/comments?post=48558"}],"version-history":[{"count":1,"href":"https:\/\/www.grieta.org.mx\/index.php\/wp-json\/wp\/v2\/posts\/48558\/revisions"}],"predecessor-version":[{"id":48559,"href":"https:\/\/www.grieta.org.mx\/index.php\/wp-json\/wp\/v2\/posts\/48558\/revisions\/48559"}],"wp:featuredmedia":[{"embeddable":true,"href":"https:\/\/www.grieta.org.mx\/index.php\/wp-json\/wp\/v2\/media\/48537"}],"wp:attachment":[{"href":"https:\/\/www.grieta.org.mx\/index.php\/wp-json\/wp\/v2\/media?parent=48558"}],"wp:term":[{"taxonomy":"category","embeddable":true,"href":"https:\/\/www.grieta.org.mx\/index.php\/wp-json\/wp\/v2\/categories?post=48558"},{"taxonomy":"post_tag","embeddable":true,"href":"https:\/\/www.grieta.org.mx\/index.php\/wp-json\/wp\/v2\/tags?post=48558"}],"curies":[{"name":"wp","href":"https:\/\/api.w.org\/{rel}","templated":true}]}}