{"id":48539,"date":"2020-04-24T20:08:47","date_gmt":"2020-04-25T01:08:47","guid":{"rendered":"http:\/\/www.grieta.org.mx\/?p=48539"},"modified":"2020-05-04T00:21:27","modified_gmt":"2020-05-04T05:21:27","slug":"movimiento-de-los-13-pueblos-contra-la-unidad-habitacional-la-cienega-mexico-morelos","status":"publish","type":"post","link":"https:\/\/www.grieta.org.mx\/index.php\/2020\/04\/24\/movimiento-de-los-13-pueblos-contra-la-unidad-habitacional-la-cienega-mexico-morelos\/","title":{"rendered":"Movimiento de los \u201c13 pueblos\u201d contra la Unidad Habitacional \u201cLa Ci\u00e9nega\u201d, Mexico. (Morelos)"},"content":{"rendered":"<p><a href=\"http:\/\/www.grieta.org.mx\/wp-content\/uploads\/2020\/05\/thumb_Marcha_a_Cuernavaca.jpg\"><img loading=\"lazy\" decoding=\"async\" data-attachment-id=\"48540\" data-permalink=\"https:\/\/www.grieta.org.mx\/index.php\/2020\/04\/24\/movimiento-de-los-13-pueblos-contra-la-unidad-habitacional-la-cienega-mexico-morelos\/thumb_marcha_a_cuernavaca\/\" data-orig-file=\"https:\/\/www.grieta.org.mx\/wp-content\/uploads\/2020\/05\/thumb_Marcha_a_Cuernavaca.jpg\" data-orig-size=\"355,240\" data-comments-opened=\"0\" data-image-meta=\"{&quot;aperture&quot;:&quot;10&quot;,&quot;credit&quot;:&quot;&quot;,&quot;camera&quot;:&quot;Canon EOS 30D&quot;,&quot;caption&quot;:&quot;&quot;,&quot;created_timestamp&quot;:&quot;1212684057&quot;,&quot;copyright&quot;:&quot;&quot;,&quot;focal_length&quot;:&quot;24&quot;,&quot;iso&quot;:&quot;400&quot;,&quot;shutter_speed&quot;:&quot;0.0025&quot;,&quot;title&quot;:&quot;&quot;,&quot;orientation&quot;:&quot;1&quot;}\" data-image-title=\"thumb_Marcha_a_Cuernavaca\" data-image-description=\"\" data-image-caption=\"\" data-medium-file=\"https:\/\/www.grieta.org.mx\/wp-content\/uploads\/2020\/05\/thumb_Marcha_a_Cuernavaca-300x203.jpg\" data-large-file=\"https:\/\/www.grieta.org.mx\/wp-content\/uploads\/2020\/05\/thumb_Marcha_a_Cuernavaca.jpg\" class=\"aligncenter wp-image-48540\" src=\"http:\/\/www.grieta.org.mx\/wp-content\/uploads\/2020\/05\/thumb_Marcha_a_Cuernavaca.jpg\" alt=\"\" width=\"720\" height=\"487\" srcset=\"https:\/\/www.grieta.org.mx\/wp-content\/uploads\/2020\/05\/thumb_Marcha_a_Cuernavaca.jpg 355w, https:\/\/www.grieta.org.mx\/wp-content\/uploads\/2020\/05\/thumb_Marcha_a_Cuernavaca-300x203.jpg 300w\" sizes=\"auto, (max-width: 720px) 100vw, 720px\" \/><\/a><\/p>\n<p>Environmental Justice Atlas<\/p>\n<p>Durante la administraci\u00f3n local 2003-2006, se autoriz\u00f3 a la empresa Urbasol un proyecto para la lotificaci\u00f3n y urbanizaci\u00f3n de un conjunto habitacional conformado por 2,014 lotes para vivienda de inter\u00e9s social en el predio denominado \u201cLa Ci\u00e9nega\u201d ubicado en el poblado de Tepetzingo, Emiliano Zapata, Morelos. El movimiento de los \u201c13 Pueblos en Defensa del Agua, la Tierra y el Aire\u201d nace en 2006 de la preocupaci\u00f3n de un conjunto de pueblos de la regi\u00f3n centro-sur de Morelos, por la falta de agua en los manantiales Chihuahuita, El Salto y El Zapote, cuya capacidad de captaci\u00f3n de agua ser\u00eda considerablemente disminuida debido a la construcci\u00f3n de dichas casas en zona de reabastecimiento de los mantos fre\u00e1ticos.<\/p>\n<p>El movimiento objet\u00f3 el otorgamiento de permisos de construcci\u00f3n, sin el debido estudio de impacto ambiental de por medio. Se argumenta que la Comisi\u00f3n Nacional del Agua (Conagua), manipula los aforos que establecen la capacidad de los acu\u00edferos y construye un discurso oficial de supuesta sobreabundancia del agua. En cambio, un estudio realizado por la Universidad Aut\u00f3noma del Estado de Morelos concluye que la construcci\u00f3n del proyecto de la empresa Urbasol, mermar\u00eda el abastecimiento de agua de 100 mil habitantes y dejar\u00eda sin agua para cultivos a 12 comunidades en los municipios de Zacatepec, Puente de Ixtla y Tlaltizap\u00e1n. Por otra parte, se discuti\u00f3 que el proyecto habitacional implica el aumento de un 400% la poblaci\u00f3n actual de Tepetzingo, y, por ende, la demanda de servicios b\u00e1sicos, educativos, culturales, de salud, etc.<\/p>\n<p>Las acciones de protesta involucraron la realizaci\u00f3n de manifestaciones en julio de 2006 y en abril de 2007 para rechazar el proyecto. Paralelamente, se llevaron a cabo acciones jur\u00eddicas que lograron resolutivos favorables: el Tribunal de lo Contencioso Administrativo del estado de Morelos, declar\u00f3 la nulidad de la licencia de construcci\u00f3n y del dictamen de uso de suelo, resolviendo la detenci\u00f3n provisional de los trabajos de las dos mil viviendas. En mayo de ese mismo a\u00f1o, los pueblos acordaron establecer mesas de trabajo con el gobierno estatal con el objeto de tomar acuerdos de manera consensuada. Sin embargo, las pl\u00e1ticas no tuvieron continuidad, mostrando el desinter\u00e9s del gobernador panista Marco Antonio Adame Castillo. Las obras de construcci\u00f3n fueron detenidas, pero el retiro del gobierno de las negociaciones, signific\u00f3 para el movimiento, una amenaza de uso de la fuerza para favorecer la construcci\u00f3n del conjunto urbano.<\/p>\n<p>El 2 de junio de 2007, m\u00e1s de 500 habitantes bloquearon la carretera Alpuyeca-Jojutla para exigir una audiencia con autoridades gubernamentales y demandar la cancelaci\u00f3n definitiva del proyecto. Estas acciones tuvieron entre sus consecuencias, un fuerte enfrentamiento el d\u00eda 4 de junio en la caseta de cobro Jojutla-Cuernavaca entre los pobladores y la polic\u00eda. El enfrentamiento llam\u00f3 la atenci\u00f3n y solidaridad de organizaciones nacionales e internacionales, as\u00ed como de partidos pol\u00edticos de oposici\u00f3n al PAN.<\/p>\n<p>En septiembre de 2008, se present\u00f3 el caso en el Tribunal Latinoamericano del Agua. La resoluci\u00f3n responsabiliz\u00f3 a la CEAMA y a la Conagua por haber autorizado permisos para la perforaci\u00f3n de pozos sin un estudio completo del balance h\u00eddrico de la cuenca y sin tomar en cuenta las necesidades prioritarias de los pueblos asentados en la regi\u00f3n.<\/p>\n<p>El movimiento de los \u201c13 pueblos\u201d sigui\u00f3 transform\u00e1ndose e incorpor\u00f3 en su lucha otros conflictos latentes en el estado. Esto condujo a que, a finales de julio de 2007, se llevara a cabo el Primer Congreso de los Pueblos de Morelos en Defensa del Agua, la Tierra y el Aire, en el cual participaron m\u00e1s de 700 personas provenientes de 48 comunidades, municipios, pueblos y barrios urbanos de Morelos, acompa\u00f1ados de organizaciones sociales y no gubernamentales. En este encuentro se trabajaron temas como la Defensa del Agua, Urbanizaci\u00f3n, Autonom\u00eda de los Pueblos, Basura, Bosques y \u00c1reas Naturales Protegidas, y Tierra, y se propuso y aprob\u00f3 la creaci\u00f3n de un Consejo de Pueblos de Morelos.<\/p>\n<p>En lo que respecta al tema de urbanizaci\u00f3n, se argument\u00f3 que las unidades habitacionales fomentan la inmigraci\u00f3n artificial. De acuerdo a datos del INEGI, existen 4.3 millones de casas deshabitadas en el pa\u00eds, que dejan como \u00fanico beneficiario a las inmobiliarias. Se\u00f1alaron a su vez, que la urbanizaci\u00f3n impuesta por las empresas y el gobierno, busca vender ideales de desarrollo y modernizaci\u00f3n respondiendo a los intereses de los poderosos, a costa de incrementar la miseria de los pueblos y comunidades.<\/p>\n<p>Finalmente, el Congreso present\u00f3 el \u201cManifiesto de los pueblos de Morelos\u201d. \u00c9ste denuncia que, a trav\u00e9s del crecimiento urbano, el turismo depredador, las modernas industrias y la agricultura industrial, \u201clos sucesivos gobiernos de la entidad aplican lo que sabemos es la pol\u00edtica general del gobierno federal mexicano: destruir sistem\u00e1ticamente el campo y los campesinos; absorber en las ciudades o expulsar por la migraci\u00f3n a los pueblos originarios, para abrir paso a la apropiaci\u00f3n privada de sus recursos naturales y la expansi\u00f3n irracional de las ciudades\u201d. Se acus\u00f3 al gobierno por calificar sus tierras como \u201cimproductivas\u201d, y verlas como fuente de enriquecimiento sin importarles que todav\u00eda campesinos e ind\u00edgenas las cultiven y habiten, despoj\u00e1ndolos de lo que se han dedicado toda su vida a cuidar y compartir comunitariamente: el agua, la tierra y el aire.<\/p>\n<p>El movimiento continu\u00f3 con diversas actividades de resistencia y visualizaci\u00f3n. Tiempo despu\u00e9s, las negociaciones dieron como resultado el planteamiento de un Programa Parcial de Desarrollo Urbano de Tepetzingo-Tetecalita que propuso establecer como \u00e1rea protegida la zona que alberga los manantiales el Salto, el Zapote y el Chihuahuita. En la actualidad, ya se ha determinado como zona protegida el \u00e1rea delimitada por un radio de 100 metros alrededor del manantial Chihuahuita. Los \u201c13 pueblos\u201d puntualizaron que lo que quieren evitar es la llegada de m\u00e1s unidades habitacionales, por lo que piden que la zona de reserva se extienda, adem\u00e1s de comprender programas y obras de desarrollo integral.<\/p>\n<p>ACTUALIZACI\u00d3N: El 23 de marzo por la noche en el municipio de Juitepec, Morelos, asesinaron al defensor del medio ambiente Isaac Medardo Herrera Avil\u00e9s [5]. Entre las acciones legales y sociales en las que Herrera Avil\u00e9s particip\u00f3 est\u00e1 \u201cLucha de los 13 Pueblos en Defensa del Agua, la Tierra y el Aire\u201d.<\/p>\n<p><a href=\"http:\/\/www.grieta.org.mx\/wp-content\/uploads\/2020\/05\/thumb_Miembros_del_Consejo_de_Pueblos_de_Morelos.jpg\"><img loading=\"lazy\" decoding=\"async\" data-attachment-id=\"48541\" data-permalink=\"https:\/\/www.grieta.org.mx\/index.php\/2020\/04\/24\/movimiento-de-los-13-pueblos-contra-la-unidad-habitacional-la-cienega-mexico-morelos\/thumb_miembros_del_consejo_de_pueblos_de_morelos\/\" data-orig-file=\"https:\/\/www.grieta.org.mx\/wp-content\/uploads\/2020\/05\/thumb_Miembros_del_Consejo_de_Pueblos_de_Morelos.jpg\" data-orig-size=\"355,240\" data-comments-opened=\"0\" data-image-meta=\"{&quot;aperture&quot;:&quot;5.6&quot;,&quot;credit&quot;:&quot;&quot;,&quot;camera&quot;:&quot;Canon EOS 30D&quot;,&quot;caption&quot;:&quot;&quot;,&quot;created_timestamp&quot;:&quot;1199014954&quot;,&quot;copyright&quot;:&quot;&quot;,&quot;focal_length&quot;:&quot;30&quot;,&quot;iso&quot;:&quot;320&quot;,&quot;shutter_speed&quot;:&quot;0.001&quot;,&quot;title&quot;:&quot;&quot;,&quot;orientation&quot;:&quot;1&quot;}\" data-image-title=\"thumb_Miembros_del_Consejo_de_Pueblos_de_Morelos\" data-image-description=\"\" data-image-caption=\"\" data-medium-file=\"https:\/\/www.grieta.org.mx\/wp-content\/uploads\/2020\/05\/thumb_Miembros_del_Consejo_de_Pueblos_de_Morelos-300x203.jpg\" data-large-file=\"https:\/\/www.grieta.org.mx\/wp-content\/uploads\/2020\/05\/thumb_Miembros_del_Consejo_de_Pueblos_de_Morelos.jpg\" class=\"aligncenter wp-image-48541\" src=\"http:\/\/www.grieta.org.mx\/wp-content\/uploads\/2020\/05\/thumb_Miembros_del_Consejo_de_Pueblos_de_Morelos.jpg\" alt=\"\" width=\"720\" height=\"487\" srcset=\"https:\/\/www.grieta.org.mx\/wp-content\/uploads\/2020\/05\/thumb_Miembros_del_Consejo_de_Pueblos_de_Morelos.jpg 355w, https:\/\/www.grieta.org.mx\/wp-content\/uploads\/2020\/05\/thumb_Miembros_del_Consejo_de_Pueblos_de_Morelos-300x203.jpg 300w\" sizes=\"auto, (max-width: 720px) 100vw, 720px\" \/><\/a><\/p>\n<p><a href=\"http:\/\/www.grieta.org.mx\/wp-content\/uploads\/2020\/05\/thumb_Saul_Roque_se_dirige_a_la_multitud.jpg\"><img loading=\"lazy\" decoding=\"async\" data-attachment-id=\"48542\" data-permalink=\"https:\/\/www.grieta.org.mx\/index.php\/2020\/04\/24\/movimiento-de-los-13-pueblos-contra-la-unidad-habitacional-la-cienega-mexico-morelos\/thumb_saul_roque_se_dirige_a_la_multitud\/\" data-orig-file=\"https:\/\/www.grieta.org.mx\/wp-content\/uploads\/2020\/05\/thumb_Saul_Roque_se_dirige_a_la_multitud.jpg\" data-orig-size=\"355,240\" data-comments-opened=\"0\" data-image-meta=\"{&quot;aperture&quot;:&quot;18&quot;,&quot;credit&quot;:&quot;&quot;,&quot;camera&quot;:&quot;Canon EOS 30D&quot;,&quot;caption&quot;:&quot;&quot;,&quot;created_timestamp&quot;:&quot;1212689514&quot;,&quot;copyright&quot;:&quot;&quot;,&quot;focal_length&quot;:&quot;24&quot;,&quot;iso&quot;:&quot;400&quot;,&quot;shutter_speed&quot;:&quot;0.025&quot;,&quot;title&quot;:&quot;&quot;,&quot;orientation&quot;:&quot;1&quot;}\" data-image-title=\"thumb_Saul_Roque_se_dirige_a_la_multitud\" data-image-description=\"\" data-image-caption=\"\" data-medium-file=\"https:\/\/www.grieta.org.mx\/wp-content\/uploads\/2020\/05\/thumb_Saul_Roque_se_dirige_a_la_multitud-300x203.jpg\" data-large-file=\"https:\/\/www.grieta.org.mx\/wp-content\/uploads\/2020\/05\/thumb_Saul_Roque_se_dirige_a_la_multitud.jpg\" class=\"aligncenter wp-image-48542\" src=\"http:\/\/www.grieta.org.mx\/wp-content\/uploads\/2020\/05\/thumb_Saul_Roque_se_dirige_a_la_multitud.jpg\" alt=\"\" width=\"720\" height=\"487\" srcset=\"https:\/\/www.grieta.org.mx\/wp-content\/uploads\/2020\/05\/thumb_Saul_Roque_se_dirige_a_la_multitud.jpg 355w, https:\/\/www.grieta.org.mx\/wp-content\/uploads\/2020\/05\/thumb_Saul_Roque_se_dirige_a_la_multitud-300x203.jpg 300w\" sizes=\"auto, (max-width: 720px) 100vw, 720px\" \/><\/a><\/p>\n<p><a href=\"http:\/\/www.grieta.org.mx\/wp-content\/uploads\/2020\/05\/thumb_Protesta_La_Cienega__Morelos.jpg\"><img loading=\"lazy\" decoding=\"async\" data-attachment-id=\"48543\" data-permalink=\"https:\/\/www.grieta.org.mx\/index.php\/2020\/04\/24\/movimiento-de-los-13-pueblos-contra-la-unidad-habitacional-la-cienega-mexico-morelos\/thumb_protesta_la_cienega__morelos\/\" data-orig-file=\"https:\/\/www.grieta.org.mx\/wp-content\/uploads\/2020\/05\/thumb_Protesta_La_Cienega__Morelos.jpg\" data-orig-size=\"320,240\" data-comments-opened=\"0\" data-image-meta=\"{&quot;aperture&quot;:&quot;0&quot;,&quot;credit&quot;:&quot;&quot;,&quot;camera&quot;:&quot;&quot;,&quot;caption&quot;:&quot;&quot;,&quot;created_timestamp&quot;:&quot;0&quot;,&quot;copyright&quot;:&quot;&quot;,&quot;focal_length&quot;:&quot;0&quot;,&quot;iso&quot;:&quot;0&quot;,&quot;shutter_speed&quot;:&quot;0&quot;,&quot;title&quot;:&quot;&quot;,&quot;orientation&quot;:&quot;0&quot;}\" data-image-title=\"thumb_Protesta_La_Cienega__Morelos\" data-image-description=\"\" data-image-caption=\"\" data-medium-file=\"https:\/\/www.grieta.org.mx\/wp-content\/uploads\/2020\/05\/thumb_Protesta_La_Cienega__Morelos-300x225.jpg\" data-large-file=\"https:\/\/www.grieta.org.mx\/wp-content\/uploads\/2020\/05\/thumb_Protesta_La_Cienega__Morelos.jpg\" class=\"aligncenter wp-image-48543\" src=\"http:\/\/www.grieta.org.mx\/wp-content\/uploads\/2020\/05\/thumb_Protesta_La_Cienega__Morelos.jpg\" alt=\"\" width=\"720\" height=\"540\" srcset=\"https:\/\/www.grieta.org.mx\/wp-content\/uploads\/2020\/05\/thumb_Protesta_La_Cienega__Morelos.jpg 320w, https:\/\/www.grieta.org.mx\/wp-content\/uploads\/2020\/05\/thumb_Protesta_La_Cienega__Morelos-300x225.jpg 300w\" sizes=\"auto, (max-width: 720px) 100vw, 720px\" \/><\/a><br \/>\n<a href=\"https:\/\/ejatlas.org\/conflict\/unidad-habitacional-la-cienega\">https:\/\/ejatlas.org\/conflict\/unidad-habitacional-la-cienega<\/a><\/p>\n","protected":false},"excerpt":{"rendered":"<p>Environmental Justice Atlas Durante la administraci\u00f3n local 2003-2006, se autoriz\u00f3 a la empresa Urbasol un proyecto para la lotificaci\u00f3n y urbanizaci\u00f3n de un conjunto habitacional conformado por 2,014 lotes para &hellip; <a href=\"https:\/\/www.grieta.org.mx\/index.php\/2020\/04\/24\/movimiento-de-los-13-pueblos-contra-la-unidad-habitacional-la-cienega-mexico-morelos\/\" class=\"more-link\">Leer m\u00e1s<\/a><\/p>\n","protected":false},"author":1,"featured_media":48540,"comment_status":"closed","ping_status":"closed","sticky":false,"template":"","format":"standard","meta":{"ngg_post_thumbnail":0,"_jetpack_newsletter_access":"","_jetpack_dont_email_post_to_subs":false,"_jetpack_newsletter_tier_id":0,"_jetpack_memberships_contains_paywalled_content":false,"_jetpack_memberships_contains_paid_content":false,"footnotes":""},"categories":[3333,80,3335,22,2,1762],"tags":[2140,459],"class_list":["post-48539","post","type-post","status-publish","format-standard","has-post-thumbnail","hentry","category-asesinato-de-activistas-en-morelos","category-cintillo","category-conflictos-por-desarrollos-inmobiliarios-en-morelos","category-morelos","category-noticias-nacionales","category-rechazo-a-los-megaproyectos-en-morelos","tag-asesinato-de-activistas","tag-ataques-a-defensores-ambientales","entry"],"jetpack_featured_media_url":"https:\/\/www.grieta.org.mx\/wp-content\/uploads\/2020\/05\/thumb_Marcha_a_Cuernavaca.jpg","jetpack_sharing_enabled":true,"jetpack_shortlink":"https:\/\/wp.me\/p7ZJR4-cCT","jetpack_likes_enabled":false,"jetpack-related-posts":[{"id":48536,"url":"https:\/\/www.grieta.org.mx\/index.php\/2020\/03\/24\/asesinan-a-defensor-del-medio-ambiente-isaac-medardo-herrera-aviles-morelos\/","url_meta":{"origin":48539,"position":0},"title":"Asesinan a defensor del medio ambiente Isaac Medardo Herrera Avil\u00e9s (Morelos)","author":"Admin","date":"24 marzo, 2020","format":false,"excerpt":"Elizabeth Sauno \/ La izquierda diario El 23 de marzo por la noche en el municipio de Juitepec, Morelos, asesinaron al defensor del medio ambiente Isaac Medardo Herrera Avil\u00e9s de 60 a\u00f1os, quien fuera protector del predio \u201cLos Venados\u201d, el cual despu\u00e9s de una lucha que se emprendi\u00f3 en contra\u2026","rel":"","context":"En &quot;Asesinato de activistas en Morelos&quot;","block_context":{"text":"Asesinato de activistas en Morelos","link":"https:\/\/www.grieta.org.mx\/index.php\/category\/noticias-nacionales\/morelos\/asesinato-de-activistas-en-morelos\/"},"img":{"alt_text":"","src":"https:\/\/i0.wp.com\/www.grieta.org.mx\/wp-content\/uploads\/2020\/05\/arton152670-5c1d6.jpg?resize=350%2C200&ssl=1","width":350,"height":200,"srcset":"https:\/\/i0.wp.com\/www.grieta.org.mx\/wp-content\/uploads\/2020\/05\/arton152670-5c1d6.jpg?resize=350%2C200&ssl=1 1x, https:\/\/i0.wp.com\/www.grieta.org.mx\/wp-content\/uploads\/2020\/05\/arton152670-5c1d6.jpg?resize=525%2C300&ssl=1 1.5x"},"classes":[]},{"id":31074,"url":"https:\/\/www.grieta.org.mx\/index.php\/2019\/03\/20\/sin-avances-la-investigacion-por-el-asesinato-de-samir-flores-en-morelos\/","url_meta":{"origin":48539,"position":1},"title":"Sin avances, la investigaci\u00f3n por el asesinato de Samir Flores en Morelos","author":"grieta","date":"20 marzo, 2019","format":false,"excerpt":"Jaime Luis Brito \/ Proceso AMILCINGO, Mor. (apro).\u2013 A un mes del asesinato de Samir Flores Soberanes, uno de los m\u00e1s importantes opositores al gasoducto y la termoel\u00e9ctrica del Proyecto Integral Morelos, las autoridades estatales no han anunciado avances en la investigaci\u00f3n y la Fiscal\u00eda General de la Rep\u00fablica (FGR)\u2026","rel":"","context":"En &quot;10. Huexca&quot;","block_context":{"text":"10. Huexca","link":"https:\/\/www.grieta.org.mx\/index.php\/category\/espejos-de-la-resistencia\/10-huexca\/"},"img":{"alt_text":"","src":"https:\/\/i0.wp.com\/www.grieta.org.mx\/wp-content\/uploads\/2019\/03\/7b1db3497876caac98-220219-samir-as6-1-1078x800.jpg?resize=350%2C200&ssl=1","width":350,"height":200,"srcset":"https:\/\/i0.wp.com\/www.grieta.org.mx\/wp-content\/uploads\/2019\/03\/7b1db3497876caac98-220219-samir-as6-1-1078x800.jpg?resize=350%2C200&ssl=1 1x, https:\/\/i0.wp.com\/www.grieta.org.mx\/wp-content\/uploads\/2019\/03\/7b1db3497876caac98-220219-samir-as6-1-1078x800.jpg?resize=525%2C300&ssl=1 1.5x, https:\/\/i0.wp.com\/www.grieta.org.mx\/wp-content\/uploads\/2019\/03\/7b1db3497876caac98-220219-samir-as6-1-1078x800.jpg?resize=700%2C400&ssl=1 2x, https:\/\/i0.wp.com\/www.grieta.org.mx\/wp-content\/uploads\/2019\/03\/7b1db3497876caac98-220219-samir-as6-1-1078x800.jpg?resize=1050%2C600&ssl=1 3x"},"classes":[]},{"id":32083,"url":"https:\/\/www.grieta.org.mx\/index.php\/2019\/04\/10\/grupos-campesinos-protestan-en-la-tierra-de-emiliano-zapata-por-proyectos-de-despojo-de-amlo-morelos\/","url_meta":{"origin":48539,"position":2},"title":"Grupos campesinos protestan en la tierra de Emiliano Zapata por proyectos de \u201cdespojo\u201d de AMLO (Morelos)","author":"grieta","date":"10 abril, 2019","format":false,"excerpt":"Redacci\u00f3n \/ Sinembargo El 10 de abril de 1919, Emiliano Zapata fue emboscado y asesinado en una hacienda de Chinameca, Morelos. Hoy, a cien a\u00f1os de su homicidio, campesinos y activistas se manifiestan por los asesinatos de activistas y tambi\u00e9n en contra de los \u201cproyectos de despojo\u201d del Presidente L\u00f3pez\u2026","rel":"","context":"En &quot;10. Huexca&quot;","block_context":{"text":"10. Huexca","link":"https:\/\/www.grieta.org.mx\/index.php\/category\/espejos-de-la-resistencia\/10-huexca\/"},"img":{"alt_text":"","src":"https:\/\/i0.wp.com\/www.grieta.org.mx\/wp-content\/uploads\/2019\/04\/marcha-zapata.jpg?resize=350%2C200&ssl=1","width":350,"height":200,"srcset":"https:\/\/i0.wp.com\/www.grieta.org.mx\/wp-content\/uploads\/2019\/04\/marcha-zapata.jpg?resize=350%2C200&ssl=1 1x, https:\/\/i0.wp.com\/www.grieta.org.mx\/wp-content\/uploads\/2019\/04\/marcha-zapata.jpg?resize=525%2C300&ssl=1 1.5x, https:\/\/i0.wp.com\/www.grieta.org.mx\/wp-content\/uploads\/2019\/04\/marcha-zapata.jpg?resize=700%2C400&ssl=1 2x, https:\/\/i0.wp.com\/www.grieta.org.mx\/wp-content\/uploads\/2019\/04\/marcha-zapata.jpg?resize=1050%2C600&ssl=1 3x"},"classes":[]},{"id":66441,"url":"https:\/\/www.grieta.org.mx\/index.php\/2023\/02\/21\/cuatro-anos-sin-esclarecer-asesinato-de-samir-flores-morelos\/","url_meta":{"origin":48539,"position":3},"title":"Cuatro a\u00f1os sin esclarecer asesinato de Samir Flores, Morelos","author":"grieta","date":"21 febrero, 2023","format":false,"excerpt":"Marciel Calvo \/ La Uni\u00f3n Frente de Pueblos en Defensa de la Tierra y el Agua Morelos critica pasividad de la FGE. El Frente de Pueblos en Defensa de la Tierra y el Agua Morelos, Puebla y Tlaxcala conmemor\u00f3 el cuarto aniversario luctuoso del activista social Samir Flores Soberanes y\u2026","rel":"","context":"En &quot;Asesinato de activistas en Morelos&quot;","block_context":{"text":"Asesinato de activistas en Morelos","link":"https:\/\/www.grieta.org.mx\/index.php\/category\/noticias-nacionales\/morelos\/asesinato-de-activistas-en-morelos\/"},"img":{"alt_text":"","src":"https:\/\/i0.wp.com\/www.grieta.org.mx\/wp-content\/uploads\/2023\/03\/A-3-anios-del-asesinato-de-Samir-2.webp?resize=350%2C200&ssl=1","width":350,"height":200,"srcset":"https:\/\/i0.wp.com\/www.grieta.org.mx\/wp-content\/uploads\/2023\/03\/A-3-anios-del-asesinato-de-Samir-2.webp?resize=350%2C200&ssl=1 1x, https:\/\/i0.wp.com\/www.grieta.org.mx\/wp-content\/uploads\/2023\/03\/A-3-anios-del-asesinato-de-Samir-2.webp?resize=525%2C300&ssl=1 1.5x"},"classes":[]},{"id":67663,"url":"https:\/\/www.grieta.org.mx\/index.php\/2023\/08\/09\/organizaciones-y-activistas-exigen-que-fiscalia-federal-atraiga-el-caso-del-defensor-samir-flores-morelos\/","url_meta":{"origin":48539,"position":4},"title":"Organizaciones y activistas exigen que Fiscal\u00eda Federal atraiga el caso del defensor Samir Flores, Morelos","author":"grieta","date":"9 agosto, 2023","format":false,"excerpt":"Redacci\u00f3n \/ Educa Oaxaca Pese a que diversas organizaciones y activistas por los Derechos Humanos llevan meses exigiendo al gobierno federal que atraiga el caso del asesinato del defensor del territorio Samir Flores, no hay avances. Por ello han lanzado una petici\u00f3n, ya que \u201cse corre el riesgo de que\u2026","rel":"","context":"En &quot;CINTILLO&quot;","block_context":{"text":"CINTILLO","link":"https:\/\/www.grieta.org.mx\/index.php\/category\/cintillo\/"},"img":{"alt_text":"","src":"https:\/\/i0.wp.com\/www.grieta.org.mx\/wp-content\/uploads\/2023\/09\/365881111_703438631826550_4103064159411763781_n-500x500-1.jpg?resize=350%2C200&ssl=1","width":350,"height":200},"classes":[]},{"id":29315,"url":"https:\/\/www.grieta.org.mx\/index.php\/2019\/02\/20\/frente-de-pueblos-responsabiliza-a-amlo-del-asesinato-del-activista-samir-flores\/","url_meta":{"origin":48539,"position":5},"title":"Frente de Pueblos responsabiliza a AMLO del asesinato del activista Samir Flores","author":"grieta","date":"20 febrero, 2019","format":false,"excerpt":"Gabriela Hern\u00e1ndez \/ Proceso PUEBLA, Pue. (apro).\u2013 El Frente de Pueblos en Defensa de la Tierra y el Agua (FPDT) responsabiliz\u00f3 al gobierno de Andr\u00e9s Manuel L\u00f3pez Obrador del asesinato del activista Samir Flores Soberanes, opositor al Proyecto Integral Morelos, ocurrido la madrugada de este mi\u00e9rcoles en la localidad de\u2026","rel":"","context":"En &quot;10. Huexca&quot;","block_context":{"text":"10. Huexca","link":"https:\/\/www.grieta.org.mx\/index.php\/category\/espejos-de-la-resistencia\/10-huexca\/"},"img":{"alt_text":"","src":"https:\/\/i0.wp.com\/www.grieta.org.mx\/wp-content\/uploads\/2019\/02\/Samir-Flores-1-1078x701.jpg?resize=350%2C200&ssl=1","width":350,"height":200,"srcset":"https:\/\/i0.wp.com\/www.grieta.org.mx\/wp-content\/uploads\/2019\/02\/Samir-Flores-1-1078x701.jpg?resize=350%2C200&ssl=1 1x, https:\/\/i0.wp.com\/www.grieta.org.mx\/wp-content\/uploads\/2019\/02\/Samir-Flores-1-1078x701.jpg?resize=525%2C300&ssl=1 1.5x, https:\/\/i0.wp.com\/www.grieta.org.mx\/wp-content\/uploads\/2019\/02\/Samir-Flores-1-1078x701.jpg?resize=700%2C400&ssl=1 2x, https:\/\/i0.wp.com\/www.grieta.org.mx\/wp-content\/uploads\/2019\/02\/Samir-Flores-1-1078x701.jpg?resize=1050%2C600&ssl=1 3x"},"classes":[]}],"_links":{"self":[{"href":"https:\/\/www.grieta.org.mx\/index.php\/wp-json\/wp\/v2\/posts\/48539","targetHints":{"allow":["GET"]}}],"collection":[{"href":"https:\/\/www.grieta.org.mx\/index.php\/wp-json\/wp\/v2\/posts"}],"about":[{"href":"https:\/\/www.grieta.org.mx\/index.php\/wp-json\/wp\/v2\/types\/post"}],"author":[{"embeddable":true,"href":"https:\/\/www.grieta.org.mx\/index.php\/wp-json\/wp\/v2\/users\/1"}],"replies":[{"embeddable":true,"href":"https:\/\/www.grieta.org.mx\/index.php\/wp-json\/wp\/v2\/comments?post=48539"}],"version-history":[{"count":1,"href":"https:\/\/www.grieta.org.mx\/index.php\/wp-json\/wp\/v2\/posts\/48539\/revisions"}],"predecessor-version":[{"id":48557,"href":"https:\/\/www.grieta.org.mx\/index.php\/wp-json\/wp\/v2\/posts\/48539\/revisions\/48557"}],"wp:featuredmedia":[{"embeddable":true,"href":"https:\/\/www.grieta.org.mx\/index.php\/wp-json\/wp\/v2\/media\/48540"}],"wp:attachment":[{"href":"https:\/\/www.grieta.org.mx\/index.php\/wp-json\/wp\/v2\/media?parent=48539"}],"wp:term":[{"taxonomy":"category","embeddable":true,"href":"https:\/\/www.grieta.org.mx\/index.php\/wp-json\/wp\/v2\/categories?post=48539"},{"taxonomy":"post_tag","embeddable":true,"href":"https:\/\/www.grieta.org.mx\/index.php\/wp-json\/wp\/v2\/tags?post=48539"}],"curies":[{"name":"wp","href":"https:\/\/api.w.org\/{rel}","templated":true}]}}