{"id":48536,"date":"2020-03-24T19:59:10","date_gmt":"2020-03-25T01:59:10","guid":{"rendered":"http:\/\/www.grieta.org.mx\/?p=48536"},"modified":"2020-05-03T20:04:32","modified_gmt":"2020-05-04T01:04:32","slug":"asesinan-a-defensor-del-medio-ambiente-isaac-medardo-herrera-aviles-morelos","status":"publish","type":"post","link":"https:\/\/www.grieta.org.mx\/index.php\/2020\/03\/24\/asesinan-a-defensor-del-medio-ambiente-isaac-medardo-herrera-aviles-morelos\/","title":{"rendered":"Asesinan a defensor del medio ambiente Isaac Medardo Herrera Avil\u00e9s (Morelos)"},"content":{"rendered":"<p><a href=\"http:\/\/www.grieta.org.mx\/wp-content\/uploads\/2020\/05\/arton152670-5c1d6.jpg\"><img loading=\"lazy\" decoding=\"async\" data-attachment-id=\"48537\" data-permalink=\"https:\/\/www.grieta.org.mx\/index.php\/2020\/03\/24\/asesinan-a-defensor-del-medio-ambiente-isaac-medardo-herrera-aviles-morelos\/arton152670-5c1d6\/\" data-orig-file=\"https:\/\/www.grieta.org.mx\/wp-content\/uploads\/2020\/05\/arton152670-5c1d6.jpg\" data-orig-size=\"676,476\" data-comments-opened=\"0\" data-image-meta=\"{&quot;aperture&quot;:&quot;0&quot;,&quot;credit&quot;:&quot;&quot;,&quot;camera&quot;:&quot;&quot;,&quot;caption&quot;:&quot;&quot;,&quot;created_timestamp&quot;:&quot;0&quot;,&quot;copyright&quot;:&quot;&quot;,&quot;focal_length&quot;:&quot;0&quot;,&quot;iso&quot;:&quot;0&quot;,&quot;shutter_speed&quot;:&quot;0&quot;,&quot;title&quot;:&quot;&quot;,&quot;orientation&quot;:&quot;0&quot;}\" data-image-title=\"arton152670-5c1d6\" data-image-description=\"\" data-image-caption=\"\" data-medium-file=\"https:\/\/www.grieta.org.mx\/wp-content\/uploads\/2020\/05\/arton152670-5c1d6-300x211.jpg\" data-large-file=\"https:\/\/www.grieta.org.mx\/wp-content\/uploads\/2020\/05\/arton152670-5c1d6.jpg\" class=\"aligncenter wp-image-48537\" src=\"http:\/\/www.grieta.org.mx\/wp-content\/uploads\/2020\/05\/arton152670-5c1d6.jpg\" alt=\"\" width=\"720\" height=\"507\" srcset=\"https:\/\/www.grieta.org.mx\/wp-content\/uploads\/2020\/05\/arton152670-5c1d6.jpg 676w, https:\/\/www.grieta.org.mx\/wp-content\/uploads\/2020\/05\/arton152670-5c1d6-300x211.jpg 300w\" sizes=\"auto, (max-width: 720px) 100vw, 720px\" \/><\/a><\/p>\n<p>Elizabeth Sauno \/ La izquierda diario<\/p>\n<p>El 23 de marzo por la noche en el municipio de Juitepec, Morelos, asesinaron al defensor del medio ambiente Isaac Medardo Herrera Avil\u00e9s de 60 a\u00f1os, quien fuera protector del predio \u201cLos Venados\u201d, el cual despu\u00e9s de una lucha que se emprendi\u00f3 en contra del gobierno de Graco Ram\u00edrez para evitar la construcci\u00f3n de un fraccionamiento de Casas ARA, ahora se buscaba que este predio se convirtiera en un parque municipal.<\/p>\n<p>Entre las acciones legales y sociales en las que Herrera Avil\u00e9s particip\u00f3 est\u00e1 \u201cLucha de los 13 Pueblos en Defensa del Agua, la Tierra y el Aire\u201d, en contra del panista Fernando Aguilar Palma, que, durante su administraci\u00f3n, autoriz\u00f3 a la empresa Urbasol para la construcci\u00f3n de un conjunto habitacional conformado por 2,014 lotes en del poblado Tepetzingo, Emiliano Zapata, Morelos; este proyecto fue conocido como \u201cLa Ci\u00e9nega\u201d. Cabe mencionar que de haberse implementado este proyecto hubiera generado la escasez de agua en la regi\u00f3n centro-sur de Morelos, impactando sobre los manantiales de Chihuahuita, El Salto y el Zapote.<\/p>\n<p>Impunidad y corrupci\u00f3n: la principal amenaza para los activistas del medio ambiente<\/p>\n<p>En M\u00e9xico los activistas ambientales se enfrentan a los grandes capitales que ponen por enfrente sus necesidades particulares. La impunidad y corrupci\u00f3n que existe en todos los niveles de gobierno, coludidos adem\u00e1s con el crimen organizado. Todo esto, mientras en el gobierno de la 4T contin\u00faan aumentado de manera alarmante el asesinato hacia periodistas, luchadores sociales y los feminicidios.<\/p>\n<p>No solo fue Isaac Medardo Herrera Avil\u00e9s: en lo que va de la actual administraci\u00f3n, al menos otros 15 defensores de la naturaleza han sido asesinados, la mayor parte de los casos han quedado impunes.<\/p>\n<p>Tal es el caso de los defensores de la mariposa monarca Homero G\u00f3mez y Ra\u00fal Hern\u00e1ndez, quienes fueron asesinados en enero de este a\u00f1o por grupos de tala clandestina en los bosques del oriente de Michoac\u00e1n, o como el caso de Samir Flores Soberanes, defensor del medio ambiente y del territorio, quien se opuso a la construcci\u00f3n de la termoel\u00e9ctrica en Huexca, Morelos.<\/p>\n<p><a href=\"http:\/\/www.laizquierdadiario.mx\/Asesinan-a-defensor-del-medio-ambiente-Isaac-Medardo-Herrera-Aviles\">http:\/\/www.laizquierdadiario.mx\/Asesinan-a-defensor-del-medio-ambiente-Isaac-Medardo-Herrera-Aviles<\/a><\/p>\n","protected":false},"excerpt":{"rendered":"<p>Elizabeth Sauno \/ La izquierda diario El 23 de marzo por la noche en el municipio de Juitepec, Morelos, asesinaron al defensor del medio ambiente Isaac Medardo Herrera Avil\u00e9s de &hellip; <a href=\"https:\/\/www.grieta.org.mx\/index.php\/2020\/03\/24\/asesinan-a-defensor-del-medio-ambiente-isaac-medardo-herrera-aviles-morelos\/\" class=\"more-link\">Leer m\u00e1s<\/a><\/p>\n","protected":false},"author":1,"featured_media":48537,"comment_status":"closed","ping_status":"closed","sticky":false,"template":"","format":"standard","meta":{"ngg_post_thumbnail":0,"_jetpack_newsletter_access":"","_jetpack_dont_email_post_to_subs":false,"_jetpack_newsletter_tier_id":0,"_jetpack_memberships_contains_paywalled_content":false,"_jetpack_memberships_contains_paid_content":false,"footnotes":""},"categories":[3333,80,22,2],"tags":[2140,459],"class_list":["post-48536","post","type-post","status-publish","format-standard","has-post-thumbnail","hentry","category-asesinato-de-activistas-en-morelos","category-cintillo","category-morelos","category-noticias-nacionales","tag-asesinato-de-activistas","tag-ataques-a-defensores-ambientales","entry"],"jetpack_featured_media_url":"https:\/\/www.grieta.org.mx\/wp-content\/uploads\/2020\/05\/arton152670-5c1d6.jpg","jetpack_sharing_enabled":true,"jetpack_shortlink":"https:\/\/wp.me\/p7ZJR4-cCQ","jetpack_likes_enabled":false,"jetpack-related-posts":[{"id":48482,"url":"https:\/\/www.grieta.org.mx\/index.php\/2020\/03\/24\/asesinan-a-ambientalista-y-defensor-legal-en-jiutepec-morelos\/","url_meta":{"origin":48536,"position":0},"title":"Asesinan a ambientalista y defensor legal en Jiutepec, Morelos","author":"Admin","date":"24 marzo, 2020","format":false,"excerpt":"Estrella Pedroza \/ Aristegui Noticias La noche del lunes fue asesinado en la puerta de su casa Isaac Medardo Herrera Avil\u00e9s, ambientalista y asesor legal en temas ambientales. Los hechos ocurrieron en el municipio de Jiutepec, Morelos, donde hombres armados llegaron a la puerta de su casa, ubicada en la\u2026","rel":"","context":"En &quot;Asesinato de activistas en Morelos&quot;","block_context":{"text":"Asesinato de activistas en Morelos","link":"https:\/\/www.grieta.org.mx\/index.php\/category\/noticias-nacionales\/morelos\/asesinato-de-activistas-en-morelos\/"},"img":{"alt_text":"","src":"https:\/\/i0.wp.com\/www.grieta.org.mx\/wp-content\/uploads\/2020\/05\/ambientalista-482x220.jpg?resize=350%2C200&ssl=1","width":350,"height":200},"classes":[]},{"id":48526,"url":"https:\/\/www.grieta.org.mx\/index.php\/2020\/03\/25\/matan-a-ambientalista-en-jiutepec-morelos-es-el-segundo-defensor-asesinado-en-2020\/","url_meta":{"origin":48536,"position":1},"title":"Matan a ambientalista en Jiutepec, Morelos; es el segundo defensor asesinado en 2020","author":"Admin","date":"25 marzo, 2020","format":false,"excerpt":"Redacci\u00f3n \/ Animal Pol\u00edtico La Oficina en M\u00e9xico del Alto Comisionado de las Naciones Unidas para los Derechos Humanos (ONU-DH) y la Comisi\u00f3n Nacional de los Derechos Humanos (CNDH) condenaron el homicidio del ambientalista Isaac Medardo Herrera y exigieron que no haya impunidad en el caso. La noche del pasado\u2026","rel":"","context":"En &quot;Asesinato de activistas en Morelos&quot;","block_context":{"text":"Asesinato de activistas en Morelos","link":"https:\/\/www.grieta.org.mx\/index.php\/category\/noticias-nacionales\/morelos\/asesinato-de-activistas-en-morelos\/"},"img":{"alt_text":"","src":"https:\/\/i0.wp.com\/www.grieta.org.mx\/wp-content\/uploads\/2020\/05\/asesinan_ambientalista_jiutepec_morelos-e1585188696795.png?resize=350%2C200&ssl=1","width":350,"height":200,"srcset":"https:\/\/i0.wp.com\/www.grieta.org.mx\/wp-content\/uploads\/2020\/05\/asesinan_ambientalista_jiutepec_morelos-e1585188696795.png?resize=350%2C200&ssl=1 1x, https:\/\/i0.wp.com\/www.grieta.org.mx\/wp-content\/uploads\/2020\/05\/asesinan_ambientalista_jiutepec_morelos-e1585188696795.png?resize=525%2C300&ssl=1 1.5x, https:\/\/i0.wp.com\/www.grieta.org.mx\/wp-content\/uploads\/2020\/05\/asesinan_ambientalista_jiutepec_morelos-e1585188696795.png?resize=700%2C400&ssl=1 2x, https:\/\/i0.wp.com\/www.grieta.org.mx\/wp-content\/uploads\/2020\/05\/asesinan_ambientalista_jiutepec_morelos-e1585188696795.png?resize=1050%2C600&ssl=1 3x, https:\/\/i0.wp.com\/www.grieta.org.mx\/wp-content\/uploads\/2020\/05\/asesinan_ambientalista_jiutepec_morelos-e1585188696795.png?resize=1400%2C800&ssl=1 4x"},"classes":[]},{"id":48529,"url":"https:\/\/www.grieta.org.mx\/index.php\/2020\/03\/26\/asesinan-en-morelos-al-ambientalista-isaac-herrera-aviles\/","url_meta":{"origin":48536,"position":2},"title":"Asesinan en Morelos al ambientalista Isaac Herrera Avil\u00e9s","author":"Admin","date":"26 marzo, 2020","format":false,"excerpt":"Redacci\u00f3n \/ Eje Central El activista y asesor en temas legales ambientales, Isaac Medardo Herrera Avil\u00e9s, fue asesinado por hombres armados en la puerta de su casa, ubicada en Jiutepec, Morelos, el pasado lunes. La Universidad Aut\u00f3noma Metropolitana lament\u00f3 la muerte del activista, pues es el padre de una de\u2026","rel":"","context":"En &quot;Asesinato de activistas en Morelos&quot;","block_context":{"text":"Asesinato de activistas en Morelos","link":"https:\/\/www.grieta.org.mx\/index.php\/category\/noticias-nacionales\/morelos\/asesinato-de-activistas-en-morelos\/"},"img":{"alt_text":"","src":"https:\/\/i0.wp.com\/www.grieta.org.mx\/wp-content\/uploads\/2020\/05\/Screenshot_2020-05-03-Asesinan-en-Morelos-al-ambientalista-Isaac-Herrera-Avil%C3%A9s-%C2%BB-Eje-Central.png?resize=350%2C200&ssl=1","width":350,"height":200,"srcset":"https:\/\/i0.wp.com\/www.grieta.org.mx\/wp-content\/uploads\/2020\/05\/Screenshot_2020-05-03-Asesinan-en-Morelos-al-ambientalista-Isaac-Herrera-Avil%C3%A9s-%C2%BB-Eje-Central.png?resize=350%2C200&ssl=1 1x, https:\/\/i0.wp.com\/www.grieta.org.mx\/wp-content\/uploads\/2020\/05\/Screenshot_2020-05-03-Asesinan-en-Morelos-al-ambientalista-Isaac-Herrera-Avil%C3%A9s-%C2%BB-Eje-Central.png?resize=525%2C300&ssl=1 1.5x, https:\/\/i0.wp.com\/www.grieta.org.mx\/wp-content\/uploads\/2020\/05\/Screenshot_2020-05-03-Asesinan-en-Morelos-al-ambientalista-Isaac-Herrera-Avil%C3%A9s-%C2%BB-Eje-Central.png?resize=700%2C400&ssl=1 2x"},"classes":[]},{"id":48558,"url":"https:\/\/www.grieta.org.mx\/index.php\/2020\/03\/23\/asesinan-a-activista-y-defensor-de-reserva-natural-los-venados-en-morelos\/","url_meta":{"origin":48536,"position":3},"title":"Asesinan a activista y defensor de reserva natural &#8216;Los Venados&#8217;, en Morelos","author":"Admin","date":"23 marzo, 2020","format":false,"excerpt":"Ver\u00f3nica Bacaz \/ El Financiero La noche de este lunes fue asesinado a balazos el activista y defensor de la reserva natural de \u201cLos Venados\u201d en Jiutepec, Isaac Medardo Herrera Avil\u00e9s, quien fue acribillado en su domicilio en el Z\u00f3calo de dicho municipio, testigos se\u00f1alan que los agresores arribaron a\u2026","rel":"","context":"En &quot;Asesinato de activistas en Morelos&quot;","block_context":{"text":"Asesinato de activistas en Morelos","link":"https:\/\/www.grieta.org.mx\/index.php\/category\/noticias-nacionales\/morelos\/asesinato-de-activistas-en-morelos\/"},"img":{"alt_text":"","src":"https:\/\/i0.wp.com\/www.grieta.org.mx\/wp-content\/uploads\/2020\/05\/arton152670-5c1d6.jpg?resize=350%2C200&ssl=1","width":350,"height":200,"srcset":"https:\/\/i0.wp.com\/www.grieta.org.mx\/wp-content\/uploads\/2020\/05\/arton152670-5c1d6.jpg?resize=350%2C200&ssl=1 1x, https:\/\/i0.wp.com\/www.grieta.org.mx\/wp-content\/uploads\/2020\/05\/arton152670-5c1d6.jpg?resize=525%2C300&ssl=1 1.5x"},"classes":[]},{"id":47141,"url":"https:\/\/www.grieta.org.mx\/index.php\/2020\/04\/02\/en-una-semana-asesinan-a-activistas-en-zacatecas-guanajuato-y-morelos\/","url_meta":{"origin":48536,"position":4},"title":"En una semana asesinan a activistas en Zacatecas, Guanajuato y Morelos","author":"grieta","date":"2 abril, 2020","format":false,"excerpt":"En los \u00faltimos d\u00edas fueron asesinados Paulina G\u00f3mez, Isaac Herrera y Karla Camarena, tres personas que dedicaron su vida a la defensa de la tierra y los derechos humanos. Por Alberto Pradilla \/ Animal Pol\u00edtico, 2 de abril de 2020 \u201cLas personas no aparecen muertas. A las personas se las\u2026","rel":"","context":"En &quot;CINTILLO&quot;","block_context":{"text":"CINTILLO","link":"https:\/\/www.grieta.org.mx\/index.php\/category\/cintillo\/"},"img":{"alt_text":"","src":"https:\/\/i0.wp.com\/www.grieta.org.mx\/wp-content\/uploads\/2020\/04\/Isaac-Arbol-copia-e1585834000487.jpg?resize=350%2C200&ssl=1","width":350,"height":200,"srcset":"https:\/\/i0.wp.com\/www.grieta.org.mx\/wp-content\/uploads\/2020\/04\/Isaac-Arbol-copia-e1585834000487.jpg?resize=350%2C200&ssl=1 1x, https:\/\/i0.wp.com\/www.grieta.org.mx\/wp-content\/uploads\/2020\/04\/Isaac-Arbol-copia-e1585834000487.jpg?resize=525%2C300&ssl=1 1.5x, https:\/\/i0.wp.com\/www.grieta.org.mx\/wp-content\/uploads\/2020\/04\/Isaac-Arbol-copia-e1585834000487.jpg?resize=700%2C400&ssl=1 2x, https:\/\/i0.wp.com\/www.grieta.org.mx\/wp-content\/uploads\/2020\/04\/Isaac-Arbol-copia-e1585834000487.jpg?resize=1050%2C600&ssl=1 3x, https:\/\/i0.wp.com\/www.grieta.org.mx\/wp-content\/uploads\/2020\/04\/Isaac-Arbol-copia-e1585834000487.jpg?resize=1400%2C800&ssl=1 4x"},"classes":[]},{"id":48539,"url":"https:\/\/www.grieta.org.mx\/index.php\/2020\/04\/24\/movimiento-de-los-13-pueblos-contra-la-unidad-habitacional-la-cienega-mexico-morelos\/","url_meta":{"origin":48536,"position":5},"title":"Movimiento de los \u201c13 pueblos\u201d contra la Unidad Habitacional \u201cLa Ci\u00e9nega\u201d, Mexico. (Morelos)","author":"Admin","date":"24 abril, 2020","format":false,"excerpt":"Environmental Justice Atlas Durante la administraci\u00f3n local 2003-2006, se autoriz\u00f3 a la empresa Urbasol un proyecto para la lotificaci\u00f3n y urbanizaci\u00f3n de un conjunto habitacional conformado por 2,014 lotes para vivienda de inter\u00e9s social en el predio denominado \u201cLa Ci\u00e9nega\u201d ubicado en el poblado de Tepetzingo, Emiliano Zapata, Morelos. El\u2026","rel":"","context":"En &quot;Asesinato de activistas en Morelos&quot;","block_context":{"text":"Asesinato de activistas en Morelos","link":"https:\/\/www.grieta.org.mx\/index.php\/category\/noticias-nacionales\/morelos\/asesinato-de-activistas-en-morelos\/"},"img":{"alt_text":"","src":"https:\/\/i0.wp.com\/www.grieta.org.mx\/wp-content\/uploads\/2020\/05\/thumb_Marcha_a_Cuernavaca.jpg?resize=350%2C200&ssl=1","width":350,"height":200},"classes":[]}],"_links":{"self":[{"href":"https:\/\/www.grieta.org.mx\/index.php\/wp-json\/wp\/v2\/posts\/48536","targetHints":{"allow":["GET"]}}],"collection":[{"href":"https:\/\/www.grieta.org.mx\/index.php\/wp-json\/wp\/v2\/posts"}],"about":[{"href":"https:\/\/www.grieta.org.mx\/index.php\/wp-json\/wp\/v2\/types\/post"}],"author":[{"embeddable":true,"href":"https:\/\/www.grieta.org.mx\/index.php\/wp-json\/wp\/v2\/users\/1"}],"replies":[{"embeddable":true,"href":"https:\/\/www.grieta.org.mx\/index.php\/wp-json\/wp\/v2\/comments?post=48536"}],"version-history":[{"count":1,"href":"https:\/\/www.grieta.org.mx\/index.php\/wp-json\/wp\/v2\/posts\/48536\/revisions"}],"predecessor-version":[{"id":48538,"href":"https:\/\/www.grieta.org.mx\/index.php\/wp-json\/wp\/v2\/posts\/48536\/revisions\/48538"}],"wp:featuredmedia":[{"embeddable":true,"href":"https:\/\/www.grieta.org.mx\/index.php\/wp-json\/wp\/v2\/media\/48537"}],"wp:attachment":[{"href":"https:\/\/www.grieta.org.mx\/index.php\/wp-json\/wp\/v2\/media?parent=48536"}],"wp:term":[{"taxonomy":"category","embeddable":true,"href":"https:\/\/www.grieta.org.mx\/index.php\/wp-json\/wp\/v2\/categories?post=48536"},{"taxonomy":"post_tag","embeddable":true,"href":"https:\/\/www.grieta.org.mx\/index.php\/wp-json\/wp\/v2\/tags?post=48536"}],"curies":[{"name":"wp","href":"https:\/\/api.w.org\/{rel}","templated":true}]}}