{"id":48529,"date":"2020-03-26T16:55:31","date_gmt":"2020-03-26T22:55:31","guid":{"rendered":"http:\/\/www.grieta.org.mx\/?p=48529"},"modified":"2020-05-03T19:56:14","modified_gmt":"2020-05-04T00:56:14","slug":"asesinan-en-morelos-al-ambientalista-isaac-herrera-aviles","status":"publish","type":"post","link":"https:\/\/www.grieta.org.mx\/index.php\/2020\/03\/26\/asesinan-en-morelos-al-ambientalista-isaac-herrera-aviles\/","title":{"rendered":"Asesinan en Morelos al ambientalista Isaac Herrera Avil\u00e9s"},"content":{"rendered":"<p><a href=\"http:\/\/www.grieta.org.mx\/wp-content\/uploads\/2020\/05\/Screenshot_2020-05-03-Asesinan-en-Morelos-al-ambientalista-Isaac-Herrera-Avil\u00e9s-\u00bb-Eje-Central.png\"><img loading=\"lazy\" decoding=\"async\" data-attachment-id=\"48533\" data-permalink=\"https:\/\/www.grieta.org.mx\/index.php\/2020\/03\/26\/asesinan-en-morelos-al-ambientalista-isaac-herrera-aviles\/screenshot_2020-05-03-asesinan-en-morelos-al-ambientalista-isaac-herrera-aviles-eje-central\/\" data-orig-file=\"https:\/\/www.grieta.org.mx\/wp-content\/uploads\/2020\/05\/Screenshot_2020-05-03-Asesinan-en-Morelos-al-ambientalista-Isaac-Herrera-Avil\u00e9s-\u00bb-Eje-Central.png\" data-orig-size=\"921,586\" data-comments-opened=\"0\" data-image-meta=\"{&quot;aperture&quot;:&quot;0&quot;,&quot;credit&quot;:&quot;&quot;,&quot;camera&quot;:&quot;&quot;,&quot;caption&quot;:&quot;&quot;,&quot;created_timestamp&quot;:&quot;0&quot;,&quot;copyright&quot;:&quot;&quot;,&quot;focal_length&quot;:&quot;0&quot;,&quot;iso&quot;:&quot;0&quot;,&quot;shutter_speed&quot;:&quot;0&quot;,&quot;title&quot;:&quot;&quot;,&quot;orientation&quot;:&quot;0&quot;}\" data-image-title=\"Screenshot_2020-05-03 Asesinan en Morelos al ambientalista Isaac Herrera Avil\u00e9s \u00bb Eje Central\" data-image-description=\"\" data-image-caption=\"\" data-medium-file=\"https:\/\/www.grieta.org.mx\/wp-content\/uploads\/2020\/05\/Screenshot_2020-05-03-Asesinan-en-Morelos-al-ambientalista-Isaac-Herrera-Avil\u00e9s-\u00bb-Eje-Central-300x191.png\" data-large-file=\"https:\/\/www.grieta.org.mx\/wp-content\/uploads\/2020\/05\/Screenshot_2020-05-03-Asesinan-en-Morelos-al-ambientalista-Isaac-Herrera-Avil\u00e9s-\u00bb-Eje-Central.png\" class=\"aligncenter wp-image-48533\" src=\"http:\/\/www.grieta.org.mx\/wp-content\/uploads\/2020\/05\/Screenshot_2020-05-03-Asesinan-en-Morelos-al-ambientalista-Isaac-Herrera-Avil\u00e9s-\u00bb-Eje-Central.png\" alt=\"\" width=\"800\" height=\"509\" srcset=\"https:\/\/www.grieta.org.mx\/wp-content\/uploads\/2020\/05\/Screenshot_2020-05-03-Asesinan-en-Morelos-al-ambientalista-Isaac-Herrera-Avil\u00e9s-\u00bb-Eje-Central.png 921w, https:\/\/www.grieta.org.mx\/wp-content\/uploads\/2020\/05\/Screenshot_2020-05-03-Asesinan-en-Morelos-al-ambientalista-Isaac-Herrera-Avil\u00e9s-\u00bb-Eje-Central-300x191.png 300w, https:\/\/www.grieta.org.mx\/wp-content\/uploads\/2020\/05\/Screenshot_2020-05-03-Asesinan-en-Morelos-al-ambientalista-Isaac-Herrera-Avil\u00e9s-\u00bb-Eje-Central-768x489.png 768w, https:\/\/www.grieta.org.mx\/wp-content\/uploads\/2020\/05\/Screenshot_2020-05-03-Asesinan-en-Morelos-al-ambientalista-Isaac-Herrera-Avil\u00e9s-\u00bb-Eje-Central-786x500.png 786w\" sizes=\"auto, (max-width: 800px) 100vw, 800px\" \/><\/a><\/p>\n<p>Redacci\u00f3n \/ Eje Central<\/p>\n<p>El activista y asesor en temas legales ambientales, Isaac Medardo Herrera Avil\u00e9s, fue asesinado por hombres armados en la puerta de su casa, ubicada en Jiutepec, Morelos, el pasado lunes.<\/p>\n<p>La Universidad Aut\u00f3noma Metropolitana lament\u00f3 la muerte del activista, pues es el padre de una de sus estudiantes de Antropolog\u00eda Social.<\/p>\n<p>\u201cEn los \u00faltimos a\u00f1os realizaba una ardua labor en defensa del parque \u201cLos Venados\u201d y en la representaci\u00f3n legal de los 13 pueblos por la defensa del manantial Chihuahuita\u201d, destac\u00f3 la UAM Iztapalapa.<\/p>\n<p><a href=\"http:\/\/www.grieta.org.mx\/wp-content\/uploads\/2020\/05\/asesinato-activista.jpg\"><img loading=\"lazy\" decoding=\"async\" data-attachment-id=\"48534\" data-permalink=\"https:\/\/www.grieta.org.mx\/index.php\/2020\/03\/26\/asesinan-en-morelos-al-ambientalista-isaac-herrera-aviles\/asesinato-activista\/\" data-orig-file=\"https:\/\/www.grieta.org.mx\/wp-content\/uploads\/2020\/05\/asesinato-activista.jpg\" data-orig-size=\"742,960\" data-comments-opened=\"0\" data-image-meta=\"{&quot;aperture&quot;:&quot;0&quot;,&quot;credit&quot;:&quot;&quot;,&quot;camera&quot;:&quot;&quot;,&quot;caption&quot;:&quot;&quot;,&quot;created_timestamp&quot;:&quot;0&quot;,&quot;copyright&quot;:&quot;&quot;,&quot;focal_length&quot;:&quot;0&quot;,&quot;iso&quot;:&quot;0&quot;,&quot;shutter_speed&quot;:&quot;0&quot;,&quot;title&quot;:&quot;&quot;,&quot;orientation&quot;:&quot;0&quot;}\" data-image-title=\"asesinato-activista\" data-image-description=\"\" data-image-caption=\"\" data-medium-file=\"https:\/\/www.grieta.org.mx\/wp-content\/uploads\/2020\/05\/asesinato-activista-232x300.jpg\" data-large-file=\"https:\/\/www.grieta.org.mx\/wp-content\/uploads\/2020\/05\/asesinato-activista.jpg\" class=\"aligncenter size-full wp-image-48534\" src=\"http:\/\/www.grieta.org.mx\/wp-content\/uploads\/2020\/05\/asesinato-activista.jpg\" alt=\"\" width=\"742\" height=\"960\" srcset=\"https:\/\/www.grieta.org.mx\/wp-content\/uploads\/2020\/05\/asesinato-activista.jpg 742w, https:\/\/www.grieta.org.mx\/wp-content\/uploads\/2020\/05\/asesinato-activista-232x300.jpg 232w, https:\/\/www.grieta.org.mx\/wp-content\/uploads\/2020\/05\/asesinato-activista-386x500.jpg 386w\" sizes=\"auto, (max-width: 742px) 100vw, 742px\" \/><\/a><\/p>\n<p>De acuerdo con primeros reportes de la prensa local, sujetos armados acudieron al domicilio de Herrera Avil\u00e9s, que est\u00e1 en la colonia Centro de Jiutepec, el activista de 58 a\u00f1os abri\u00f3 la puerta y le dispararon.<\/p>\n<p>Tras el asesinato, la Oficina en M\u00e9xico del Alto Comisionado de las Naciones Unidas para los Derechos Humanos (ONU-DH) y la Comisi\u00f3n Nacional de los Derechos Humanos (CNDH) condenaron el homicidio del ambientalista Isaac Medardo Herrera y exigieron que no haya impunidad en el caso.<\/p>\n<blockquote class=\"twitter-tweet\" data-width=\"550\" data-dnt=\"true\">\n<p lang=\"es\" dir=\"ltr\"><a href=\"https:\/\/twitter.com\/hashtag\/Comunicado?src=hash&amp;ref_src=twsrc%5Etfw\">#Comunicado<\/a> ONU-DH condena el homicidio del defensor ambiental Isaac Medardo Herrera Avil\u00e9s.<\/p>\n<p>M\u00e1s info \ud83d\udc49 <a href=\"https:\/\/t.co\/GZFte1UjH2\">https:\/\/t.co\/GZFte1UjH2<\/a> <a href=\"https:\/\/t.co\/ai15CBRYgM\">pic.twitter.com\/ai15CBRYgM<\/a><\/p>\n<p>&mdash; ONU-DH M\u00e9xico (@ONUDHmexico) <a href=\"https:\/\/twitter.com\/ONUDHmexico\/status\/1242920066334617600?ref_src=twsrc%5Etfw\">March 25, 2020<\/a><\/p><\/blockquote>\n<p><script async src=\"https:\/\/platform.twitter.com\/widgets.js\" charset=\"utf-8\"><\/script><\/p>\n<p>El predio \u201cLos Venados\u201d ha estado en disputa desde tiempo atr\u00e1s, es uno de los principales pulmones de Jiutepec y era defendido por Herrera Avil\u00e9s. Durante el mandato de Graco Ram\u00edrez se intent\u00f3 convertir ese espacio en unidades de casas ARA, pero la acci\u00f3n legal del activista ech\u00f3 atr\u00e1s el proyecto.<\/p>\n<p><a href=\"https:\/\/www.ejecentral.com.mx\/asesinan-en-morelos-al-ambientalista-isaac-herrera-aviles\/\">https:\/\/www.ejecentral.com.mx\/asesinan-en-morelos-al-ambientalista-isaac-herrera-aviles\/<\/a><\/p>\n","protected":false},"excerpt":{"rendered":"<p>Redacci\u00f3n \/ Eje Central El activista y asesor en temas legales ambientales, Isaac Medardo Herrera Avil\u00e9s, fue asesinado por hombres armados en la puerta de su casa, ubicada en Jiutepec, &hellip; <a href=\"https:\/\/www.grieta.org.mx\/index.php\/2020\/03\/26\/asesinan-en-morelos-al-ambientalista-isaac-herrera-aviles\/\" class=\"more-link\">Leer m\u00e1s<\/a><\/p>\n","protected":false},"author":1,"featured_media":48533,"comment_status":"closed","ping_status":"closed","sticky":false,"template":"","format":"standard","meta":{"ngg_post_thumbnail":0,"_jetpack_newsletter_access":"","_jetpack_dont_email_post_to_subs":false,"_jetpack_newsletter_tier_id":0,"_jetpack_memberships_contains_paywalled_content":false,"_jetpack_memberships_contains_paid_content":false,"footnotes":""},"categories":[3333,80,22,2],"tags":[2140,459],"class_list":["post-48529","post","type-post","status-publish","format-standard","has-post-thumbnail","hentry","category-asesinato-de-activistas-en-morelos","category-cintillo","category-morelos","category-noticias-nacionales","tag-asesinato-de-activistas","tag-ataques-a-defensores-ambientales","entry"],"jetpack_featured_media_url":"https:\/\/www.grieta.org.mx\/wp-content\/uploads\/2020\/05\/Screenshot_2020-05-03-Asesinan-en-Morelos-al-ambientalista-Isaac-Herrera-Avil\u00e9s-\u00bb-Eje-Central.png","jetpack_sharing_enabled":true,"jetpack_shortlink":"https:\/\/wp.me\/p7ZJR4-cCJ","jetpack_likes_enabled":false,"jetpack-related-posts":[{"id":48536,"url":"https:\/\/www.grieta.org.mx\/index.php\/2020\/03\/24\/asesinan-a-defensor-del-medio-ambiente-isaac-medardo-herrera-aviles-morelos\/","url_meta":{"origin":48529,"position":0},"title":"Asesinan a defensor del medio ambiente Isaac Medardo Herrera Avil\u00e9s (Morelos)","author":"Admin","date":"24 marzo, 2020","format":false,"excerpt":"Elizabeth Sauno \/ La izquierda diario El 23 de marzo por la noche en el municipio de Juitepec, Morelos, asesinaron al defensor del medio ambiente Isaac Medardo Herrera Avil\u00e9s de 60 a\u00f1os, quien fuera protector del predio \u201cLos Venados\u201d, el cual despu\u00e9s de una lucha que se emprendi\u00f3 en contra\u2026","rel":"","context":"En &quot;Asesinato de activistas en Morelos&quot;","block_context":{"text":"Asesinato de activistas en Morelos","link":"https:\/\/www.grieta.org.mx\/index.php\/category\/noticias-nacionales\/morelos\/asesinato-de-activistas-en-morelos\/"},"img":{"alt_text":"","src":"https:\/\/i0.wp.com\/www.grieta.org.mx\/wp-content\/uploads\/2020\/05\/arton152670-5c1d6.jpg?resize=350%2C200&ssl=1","width":350,"height":200,"srcset":"https:\/\/i0.wp.com\/www.grieta.org.mx\/wp-content\/uploads\/2020\/05\/arton152670-5c1d6.jpg?resize=350%2C200&ssl=1 1x, https:\/\/i0.wp.com\/www.grieta.org.mx\/wp-content\/uploads\/2020\/05\/arton152670-5c1d6.jpg?resize=525%2C300&ssl=1 1.5x"},"classes":[]},{"id":48482,"url":"https:\/\/www.grieta.org.mx\/index.php\/2020\/03\/24\/asesinan-a-ambientalista-y-defensor-legal-en-jiutepec-morelos\/","url_meta":{"origin":48529,"position":1},"title":"Asesinan a ambientalista y defensor legal en Jiutepec, Morelos","author":"Admin","date":"24 marzo, 2020","format":false,"excerpt":"Estrella Pedroza \/ Aristegui Noticias La noche del lunes fue asesinado en la puerta de su casa Isaac Medardo Herrera Avil\u00e9s, ambientalista y asesor legal en temas ambientales. Los hechos ocurrieron en el municipio de Jiutepec, Morelos, donde hombres armados llegaron a la puerta de su casa, ubicada en la\u2026","rel":"","context":"En &quot;Asesinato de activistas en Morelos&quot;","block_context":{"text":"Asesinato de activistas en Morelos","link":"https:\/\/www.grieta.org.mx\/index.php\/category\/noticias-nacionales\/morelos\/asesinato-de-activistas-en-morelos\/"},"img":{"alt_text":"","src":"https:\/\/i0.wp.com\/www.grieta.org.mx\/wp-content\/uploads\/2020\/05\/ambientalista-482x220.jpg?resize=350%2C200&ssl=1","width":350,"height":200},"classes":[]},{"id":48558,"url":"https:\/\/www.grieta.org.mx\/index.php\/2020\/03\/23\/asesinan-a-activista-y-defensor-de-reserva-natural-los-venados-en-morelos\/","url_meta":{"origin":48529,"position":2},"title":"Asesinan a activista y defensor de reserva natural &#8216;Los Venados&#8217;, en Morelos","author":"Admin","date":"23 marzo, 2020","format":false,"excerpt":"Ver\u00f3nica Bacaz \/ El Financiero La noche de este lunes fue asesinado a balazos el activista y defensor de la reserva natural de \u201cLos Venados\u201d en Jiutepec, Isaac Medardo Herrera Avil\u00e9s, quien fue acribillado en su domicilio en el Z\u00f3calo de dicho municipio, testigos se\u00f1alan que los agresores arribaron a\u2026","rel":"","context":"En &quot;Asesinato de activistas en Morelos&quot;","block_context":{"text":"Asesinato de activistas en Morelos","link":"https:\/\/www.grieta.org.mx\/index.php\/category\/noticias-nacionales\/morelos\/asesinato-de-activistas-en-morelos\/"},"img":{"alt_text":"","src":"https:\/\/i0.wp.com\/www.grieta.org.mx\/wp-content\/uploads\/2020\/05\/arton152670-5c1d6.jpg?resize=350%2C200&ssl=1","width":350,"height":200,"srcset":"https:\/\/i0.wp.com\/www.grieta.org.mx\/wp-content\/uploads\/2020\/05\/arton152670-5c1d6.jpg?resize=350%2C200&ssl=1 1x, https:\/\/i0.wp.com\/www.grieta.org.mx\/wp-content\/uploads\/2020\/05\/arton152670-5c1d6.jpg?resize=525%2C300&ssl=1 1.5x"},"classes":[]},{"id":48526,"url":"https:\/\/www.grieta.org.mx\/index.php\/2020\/03\/25\/matan-a-ambientalista-en-jiutepec-morelos-es-el-segundo-defensor-asesinado-en-2020\/","url_meta":{"origin":48529,"position":3},"title":"Matan a ambientalista en Jiutepec, Morelos; es el segundo defensor asesinado en 2020","author":"Admin","date":"25 marzo, 2020","format":false,"excerpt":"Redacci\u00f3n \/ Animal Pol\u00edtico La Oficina en M\u00e9xico del Alto Comisionado de las Naciones Unidas para los Derechos Humanos (ONU-DH) y la Comisi\u00f3n Nacional de los Derechos Humanos (CNDH) condenaron el homicidio del ambientalista Isaac Medardo Herrera y exigieron que no haya impunidad en el caso. La noche del pasado\u2026","rel":"","context":"En &quot;Asesinato de activistas en Morelos&quot;","block_context":{"text":"Asesinato de activistas en Morelos","link":"https:\/\/www.grieta.org.mx\/index.php\/category\/noticias-nacionales\/morelos\/asesinato-de-activistas-en-morelos\/"},"img":{"alt_text":"","src":"https:\/\/i0.wp.com\/www.grieta.org.mx\/wp-content\/uploads\/2020\/05\/asesinan_ambientalista_jiutepec_morelos-e1585188696795.png?resize=350%2C200&ssl=1","width":350,"height":200,"srcset":"https:\/\/i0.wp.com\/www.grieta.org.mx\/wp-content\/uploads\/2020\/05\/asesinan_ambientalista_jiutepec_morelos-e1585188696795.png?resize=350%2C200&ssl=1 1x, https:\/\/i0.wp.com\/www.grieta.org.mx\/wp-content\/uploads\/2020\/05\/asesinan_ambientalista_jiutepec_morelos-e1585188696795.png?resize=525%2C300&ssl=1 1.5x, https:\/\/i0.wp.com\/www.grieta.org.mx\/wp-content\/uploads\/2020\/05\/asesinan_ambientalista_jiutepec_morelos-e1585188696795.png?resize=700%2C400&ssl=1 2x, https:\/\/i0.wp.com\/www.grieta.org.mx\/wp-content\/uploads\/2020\/05\/asesinan_ambientalista_jiutepec_morelos-e1585188696795.png?resize=1050%2C600&ssl=1 3x, https:\/\/i0.wp.com\/www.grieta.org.mx\/wp-content\/uploads\/2020\/05\/asesinan_ambientalista_jiutepec_morelos-e1585188696795.png?resize=1400%2C800&ssl=1 4x"},"classes":[]},{"id":47141,"url":"https:\/\/www.grieta.org.mx\/index.php\/2020\/04\/02\/en-una-semana-asesinan-a-activistas-en-zacatecas-guanajuato-y-morelos\/","url_meta":{"origin":48529,"position":4},"title":"En una semana asesinan a activistas en Zacatecas, Guanajuato y Morelos","author":"grieta","date":"2 abril, 2020","format":false,"excerpt":"En los \u00faltimos d\u00edas fueron asesinados Paulina G\u00f3mez, Isaac Herrera y Karla Camarena, tres personas que dedicaron su vida a la defensa de la tierra y los derechos humanos. Por Alberto Pradilla \/ Animal Pol\u00edtico, 2 de abril de 2020 \u201cLas personas no aparecen muertas. A las personas se las\u2026","rel":"","context":"En &quot;CINTILLO&quot;","block_context":{"text":"CINTILLO","link":"https:\/\/www.grieta.org.mx\/index.php\/category\/cintillo\/"},"img":{"alt_text":"","src":"https:\/\/i0.wp.com\/www.grieta.org.mx\/wp-content\/uploads\/2020\/04\/Isaac-Arbol-copia-e1585834000487.jpg?resize=350%2C200&ssl=1","width":350,"height":200,"srcset":"https:\/\/i0.wp.com\/www.grieta.org.mx\/wp-content\/uploads\/2020\/04\/Isaac-Arbol-copia-e1585834000487.jpg?resize=350%2C200&ssl=1 1x, https:\/\/i0.wp.com\/www.grieta.org.mx\/wp-content\/uploads\/2020\/04\/Isaac-Arbol-copia-e1585834000487.jpg?resize=525%2C300&ssl=1 1.5x, https:\/\/i0.wp.com\/www.grieta.org.mx\/wp-content\/uploads\/2020\/04\/Isaac-Arbol-copia-e1585834000487.jpg?resize=700%2C400&ssl=1 2x, https:\/\/i0.wp.com\/www.grieta.org.mx\/wp-content\/uploads\/2020\/04\/Isaac-Arbol-copia-e1585834000487.jpg?resize=1050%2C600&ssl=1 3x, https:\/\/i0.wp.com\/www.grieta.org.mx\/wp-content\/uploads\/2020\/04\/Isaac-Arbol-copia-e1585834000487.jpg?resize=1400%2C800&ssl=1 4x"},"classes":[]},{"id":34298,"url":"https:\/\/www.grieta.org.mx\/index.php\/2019\/05\/20\/a-3-meses-del-asesinato-de-samir-flores-activistas-piden-justicia-frente-a-la-fiscalia-de-morelos\/","url_meta":{"origin":48529,"position":5},"title":"A 3 meses del asesinato de Samir Flores, activistas piden justicia frente a la Fiscal\u00eda de Morelos","author":"grieta","date":"20 mayo, 2019","format":false,"excerpt":"Redacci\u00f3n \/ Sin embargo Samir Flores era el principal opositor de la termoel\u00e9ctrica de Huexca, en el estado de Morelos y fue asesinado de varios balazos el pasado 20 de febrero afuera de su casa, en el municipio de Temoac. Ciudad de M\u00e9xico, 20 de mayo (SinEmbargo).- Compa\u00f1eros de lucha\u2026","rel":"","context":"En &quot;11. Amilcingo&quot;","block_context":{"text":"11. Amilcingo","link":"https:\/\/www.grieta.org.mx\/index.php\/category\/espejos-de-la-resistencia\/11-amilcingo\/"},"img":{"alt_text":"","src":"https:\/\/i0.wp.com\/www.grieta.org.mx\/wp-content\/uploads\/2019\/06\/samir.jpg?resize=350%2C200&ssl=1","width":350,"height":200,"srcset":"https:\/\/i0.wp.com\/www.grieta.org.mx\/wp-content\/uploads\/2019\/06\/samir.jpg?resize=350%2C200&ssl=1 1x, https:\/\/i0.wp.com\/www.grieta.org.mx\/wp-content\/uploads\/2019\/06\/samir.jpg?resize=525%2C300&ssl=1 1.5x, https:\/\/i0.wp.com\/www.grieta.org.mx\/wp-content\/uploads\/2019\/06\/samir.jpg?resize=700%2C400&ssl=1 2x, https:\/\/i0.wp.com\/www.grieta.org.mx\/wp-content\/uploads\/2019\/06\/samir.jpg?resize=1050%2C600&ssl=1 3x"},"classes":[]}],"_links":{"self":[{"href":"https:\/\/www.grieta.org.mx\/index.php\/wp-json\/wp\/v2\/posts\/48529","targetHints":{"allow":["GET"]}}],"collection":[{"href":"https:\/\/www.grieta.org.mx\/index.php\/wp-json\/wp\/v2\/posts"}],"about":[{"href":"https:\/\/www.grieta.org.mx\/index.php\/wp-json\/wp\/v2\/types\/post"}],"author":[{"embeddable":true,"href":"https:\/\/www.grieta.org.mx\/index.php\/wp-json\/wp\/v2\/users\/1"}],"replies":[{"embeddable":true,"href":"https:\/\/www.grieta.org.mx\/index.php\/wp-json\/wp\/v2\/comments?post=48529"}],"version-history":[{"count":1,"href":"https:\/\/www.grieta.org.mx\/index.php\/wp-json\/wp\/v2\/posts\/48529\/revisions"}],"predecessor-version":[{"id":48535,"href":"https:\/\/www.grieta.org.mx\/index.php\/wp-json\/wp\/v2\/posts\/48529\/revisions\/48535"}],"wp:featuredmedia":[{"embeddable":true,"href":"https:\/\/www.grieta.org.mx\/index.php\/wp-json\/wp\/v2\/media\/48533"}],"wp:attachment":[{"href":"https:\/\/www.grieta.org.mx\/index.php\/wp-json\/wp\/v2\/media?parent=48529"}],"wp:term":[{"taxonomy":"category","embeddable":true,"href":"https:\/\/www.grieta.org.mx\/index.php\/wp-json\/wp\/v2\/categories?post=48529"},{"taxonomy":"post_tag","embeddable":true,"href":"https:\/\/www.grieta.org.mx\/index.php\/wp-json\/wp\/v2\/tags?post=48529"}],"curies":[{"name":"wp","href":"https:\/\/api.w.org\/{rel}","templated":true}]}}