{"id":48495,"date":"2020-03-21T12:45:52","date_gmt":"2020-03-21T18:45:52","guid":{"rendered":"http:\/\/www.grieta.org.mx\/?p=48495"},"modified":"2020-05-03T12:49:46","modified_gmt":"2020-05-03T17:49:46","slug":"hospital-de-pemex-en-tabasco-se-inunda-con-aguas-negras","status":"publish","type":"post","link":"https:\/\/www.grieta.org.mx\/index.php\/2020\/03\/21\/hospital-de-pemex-en-tabasco-se-inunda-con-aguas-negras\/","title":{"rendered":"Hospital de Pemex en Tabasco se inunda con aguas negras"},"content":{"rendered":"<figure id=\"attachment_48496\" aria-describedby=\"caption-attachment-48496\" style=\"width: 800px\" class=\"wp-caption aligncenter\"><a href=\"http:\/\/www.grieta.org.mx\/wp-content\/uploads\/2020\/05\/pemex.jpg\"><img loading=\"lazy\" decoding=\"async\" data-attachment-id=\"48496\" data-permalink=\"https:\/\/www.grieta.org.mx\/index.php\/2020\/03\/21\/hospital-de-pemex-en-tabasco-se-inunda-con-aguas-negras\/pemex\/\" data-orig-file=\"https:\/\/www.grieta.org.mx\/wp-content\/uploads\/2020\/05\/pemex.jpg\" data-orig-size=\"768,479\" data-comments-opened=\"0\" data-image-meta=\"{&quot;aperture&quot;:&quot;0&quot;,&quot;credit&quot;:&quot;&quot;,&quot;camera&quot;:&quot;&quot;,&quot;caption&quot;:&quot;&quot;,&quot;created_timestamp&quot;:&quot;0&quot;,&quot;copyright&quot;:&quot;&quot;,&quot;focal_length&quot;:&quot;0&quot;,&quot;iso&quot;:&quot;0&quot;,&quot;shutter_speed&quot;:&quot;0&quot;,&quot;title&quot;:&quot;&quot;,&quot;orientation&quot;:&quot;0&quot;}\" data-image-title=\"pemex\" data-image-description=\"\" data-image-caption=\"\" data-medium-file=\"https:\/\/www.grieta.org.mx\/wp-content\/uploads\/2020\/05\/pemex-300x187.jpg\" data-large-file=\"https:\/\/www.grieta.org.mx\/wp-content\/uploads\/2020\/05\/pemex.jpg\" class=\"wp-image-48496\" src=\"http:\/\/www.grieta.org.mx\/wp-content\/uploads\/2020\/05\/pemex.jpg\" alt=\"\" width=\"800\" height=\"499\" srcset=\"https:\/\/www.grieta.org.mx\/wp-content\/uploads\/2020\/05\/pemex.jpg 768w, https:\/\/www.grieta.org.mx\/wp-content\/uploads\/2020\/05\/pemex-300x187.jpg 300w\" sizes=\"auto, (max-width: 800px) 100vw, 800px\" \/><\/a><figcaption id=\"caption-attachment-48496\" class=\"wp-caption-text\">Con la ca\u00edda del plaf\u00f3n el personal de mantenimiento trat\u00f3 de controlar la fuga de aguas negras \/ El Heraldo de Tabasco<\/figcaption><\/figure>\n<p>\u00c1ngel Vega \/ El Heraldo de Tabasco<\/p>\n<p>VILLAHERMOSA. El Hospital Regional de Pemex, en donde han ocurrido 13 muertes de pacientes por presunta contaminaci\u00f3n de heparina s\u00f3dica en el \u00e1rea de hemodi\u00e1lisis, tuvo ayer el colapso del techo de plaf\u00f3n debido a filtraciones en los conductos de agua, reportaron ayer trabajadores del nosocomio.<\/p>\n<p>Fotograf\u00edas exclusivas de El Heraldo de Tabasco documentan la ca\u00edda del plaf\u00f3n y al personal de mantenimiento tratando de controlar la fuga de aguas negras que inund\u00f3 el segundo piso, mientras que los alimentos destinados a los enfermos atraviesan el \u00e1rea sin ninguna protecci\u00f3n visible.<\/p>\n<p>De acuerdo a fuentes internas, desde antes de la crisis en el \u00e1rea de hemodi\u00e1lisis, que adem\u00e1s mantiene en terapia intensiva a cuatro pacientes m\u00e1s y en revisi\u00f3n ambulatoria a una veintena, los trabajadores reportaron a directivos sobre goteras y filtraciones en los ductos y tras ello la ma\u00f1ana de ayer la tuber\u00eda revent\u00f3 inundando de aguas negras el \u00e1rea.<\/p>\n<p>El hermetismo que ha caracterizado al hospital se mantiene hasta la fecha, ya que la reciente y sigilosa visita del titular de Petr\u00f3leos Mexicanos Octavio Romero Oropeza a las instalaciones no arroj\u00f3 un pronunciamiento claro sobre el problema, investigaci\u00f3n en la que confluyen el mismo Pemex, la Comisi\u00f3n Federal para la Protecci\u00f3n contra Riesgos Sanitarios (Cofepris), la Secretar\u00eda de Salud Federal (SS) y la Fiscal\u00eda General de la Rep\u00fablica (FGR).<\/p>\n<p>Sin embargo, a trav\u00e9s de testimonios de trabajadores y m\u00e9dicos, la crisis por contaminaci\u00f3n pudo darse por falta de higiene en los procesos de hemodi\u00e1lisis derivados de las fugas de agua y otros problemas estructurales del hospital, y no solamente por la presunci\u00f3n de caducidad y\/o adulteraci\u00f3n del lote de heparina s\u00f3dica.<\/p>\n<p><a href=\"https:\/\/www.elsoldemexico.com.mx\/republica\/sociedad\/hospital-de-pemex-en-tabasco-se-inunda-con-aguas-negras-4997904.html\">https:\/\/www.elsoldemexico.com.mx\/republica\/sociedad\/hospital-de-pemex-en-tabasco-se-inunda-con-aguas-negras-4997904.html<\/a><\/p>\n","protected":false},"excerpt":{"rendered":"<p>\u00c1ngel Vega \/ El Heraldo de Tabasco VILLAHERMOSA. El Hospital Regional de Pemex, en donde han ocurrido 13 muertes de pacientes por presunta contaminaci\u00f3n de heparina s\u00f3dica en el \u00e1rea &hellip; <a href=\"https:\/\/www.grieta.org.mx\/index.php\/2020\/03\/21\/hospital-de-pemex-en-tabasco-se-inunda-con-aguas-negras\/\" class=\"more-link\">Leer m\u00e1s<\/a><\/p>\n","protected":false},"author":1,"featured_media":48496,"comment_status":"closed","ping_status":"closed","sticky":false,"template":"","format":"standard","meta":{"ngg_post_thumbnail":0,"_jetpack_newsletter_access":"","_jetpack_dont_email_post_to_subs":false,"_jetpack_newsletter_tier_id":0,"_jetpack_memberships_contains_paywalled_content":false,"_jetpack_memberships_contains_paid_content":false,"footnotes":""},"categories":[80,2429,2,32],"tags":[3133,125],"class_list":["post-48495","post","type-post","status-publish","format-standard","has-post-thumbnail","hentry","category-cintillo","category-crisis-del-sector-salud-en-tabasco","category-noticias-nacionales","category-tabasco","tag-crisis-del-sector-salud","tag-pemex","entry"],"jetpack_featured_media_url":"https:\/\/www.grieta.org.mx\/wp-content\/uploads\/2020\/05\/pemex.jpg","jetpack_sharing_enabled":true,"jetpack_shortlink":"https:\/\/wp.me\/p7ZJR4-cCb","jetpack_likes_enabled":false,"jetpack-related-posts":[{"id":6247,"url":"https:\/\/www.grieta.org.mx\/index.php\/2016\/07\/24\/danos-ambientales-y-a-la-salud-por-derrame-de-hidrocarburos-en-tabasco\/","url_meta":{"origin":48495,"position":0},"title":"Da\u00f1os ambientales y a la salud por derrames de aceites e  hidrocarburos en Tabasco","author":"grieta","date":"24 julio, 2016","format":false,"excerpt":"24\/07\/16. Minados 44 r\u00edos por 213 ductos de Pemex en TabascoDiario Presente 11\/04\/16. En los \u00faltimos 11 a\u00f1os, Pemex ocasion\u00f3 385 derrames de hidrocarburos en TabascoDiario Presente 27\/02\/16. \u201cAsfixia\u201d turbosina a Medell\u00ednTabasco Hoy 23\/01\/15. Cangrejera y Aquiles Serd\u00e1n vertederos de crudoTabasco Hoy 05\/01\/16. Reportan nuevo derrame de crudo en Mecoac\u00e1nTabasco\u2026","rel":"","context":"En &quot;Hidrocarburos&quot;","block_context":{"text":"Hidrocarburos","link":"https:\/\/www.grieta.org.mx\/index.php\/category\/megaproyectos\/hidrocarburos\/"},"img":{"alt_text":"","src":"https:\/\/i0.wp.com\/www.grieta.org.mx\/wp-content\/uploads\/2018\/03\/14524434_1106112876131411_958039263622046936_o.jpg?resize=350%2C200&ssl=1","width":350,"height":200,"srcset":"https:\/\/i0.wp.com\/www.grieta.org.mx\/wp-content\/uploads\/2018\/03\/14524434_1106112876131411_958039263622046936_o.jpg?resize=350%2C200&ssl=1 1x, https:\/\/i0.wp.com\/www.grieta.org.mx\/wp-content\/uploads\/2018\/03\/14524434_1106112876131411_958039263622046936_o.jpg?resize=525%2C300&ssl=1 1.5x, https:\/\/i0.wp.com\/www.grieta.org.mx\/wp-content\/uploads\/2018\/03\/14524434_1106112876131411_958039263622046936_o.jpg?resize=700%2C400&ssl=1 2x"},"classes":[]},{"id":7159,"url":"https:\/\/www.grieta.org.mx\/index.php\/2016\/09\/05\/ccontaminacion-y-danos-a-la-salud-por-desechos-industriales-y-urbanos-en-tabasco\/","url_meta":{"origin":48495,"position":1},"title":"Contaminaci\u00f3n y da\u00f1os a la salud por desechos industriales y urbanos en Tabasco","author":"grieta","date":"5 septiembre, 2016","format":false,"excerpt":"Pobladores de la comunidad Benito Ju\u00e1rez de Jalpa de M\u00e9ndez y rancher\u00eda Saloya, Nacajuca contra la empresa Inasa por contaminaci\u00f3n y da\u00f1os a la salud 05\/09\/16. Ordena ASEA cambios en Inasa por zonas contaminadasDiario Presente 27\/06\/16. Crece la contaminaci\u00f3n de INASA en NacajucaDiario Presente 07\/05\/16. Deja Pemex enfermedades y miseria\u2026","rel":"","context":"En &quot;Hidrocarburos&quot;","block_context":{"text":"Hidrocarburos","link":"https:\/\/www.grieta.org.mx\/index.php\/category\/megaproyectos\/hidrocarburos\/"},"img":{"alt_text":"","src":"https:\/\/i0.wp.com\/www.grieta.org.mx\/wp-content\/uploads\/2018\/03\/14524434_1106112876131411_958039263622046936_o.jpg?resize=350%2C200&ssl=1","width":350,"height":200,"srcset":"https:\/\/i0.wp.com\/www.grieta.org.mx\/wp-content\/uploads\/2018\/03\/14524434_1106112876131411_958039263622046936_o.jpg?resize=350%2C200&ssl=1 1x, https:\/\/i0.wp.com\/www.grieta.org.mx\/wp-content\/uploads\/2018\/03\/14524434_1106112876131411_958039263622046936_o.jpg?resize=525%2C300&ssl=1 1.5x, https:\/\/i0.wp.com\/www.grieta.org.mx\/wp-content\/uploads\/2018\/03\/14524434_1106112876131411_958039263622046936_o.jpg?resize=700%2C400&ssl=1 2x"},"classes":[]},{"id":20622,"url":"https:\/\/www.grieta.org.mx\/index.php\/2016\/06\/29\/conflictos-laborales-de-trabajadores-del-estado-en-tabasco\/","url_meta":{"origin":48495,"position":2},"title":"Conflictos laborales de trabajadores del estado en Tabasco","author":"grieta","date":"29 junio, 2016","format":false,"excerpt":"29\/06\/16. Exigen jubilados del ISSET de los 17 municipios pago de pensionesHeraldo de Tabasco 27\/06\/16. Protestan m\u00e9dicos legistas y peritos de la Fiscal\u00eda General; exigen aumento salarialHeraldo de Tabasco 28\/05\/16. Bloquean maestros Usumacinta; exigen baseHeraldo de Tabasco 03\/05\/16. Plant\u00f3n en Para\u00edso; exigen pago de laudos por 150 mdpTabasco Hoy 29\/03\/16.\u2026","rel":"","context":"En &quot;NOTICIAS NACIONALES&quot;","block_context":{"text":"NOTICIAS NACIONALES","link":"https:\/\/www.grieta.org.mx\/index.php\/category\/noticias-nacionales\/"},"img":{"alt_text":"","src":"https:\/\/i0.wp.com\/www.grieta.org.mx\/wp-content\/uploads\/2018\/03\/14524434_1106112876131411_958039263622046936_o.jpg?resize=350%2C200&ssl=1","width":350,"height":200,"srcset":"https:\/\/i0.wp.com\/www.grieta.org.mx\/wp-content\/uploads\/2018\/03\/14524434_1106112876131411_958039263622046936_o.jpg?resize=350%2C200&ssl=1 1x, https:\/\/i0.wp.com\/www.grieta.org.mx\/wp-content\/uploads\/2018\/03\/14524434_1106112876131411_958039263622046936_o.jpg?resize=525%2C300&ssl=1 1.5x, https:\/\/i0.wp.com\/www.grieta.org.mx\/wp-content\/uploads\/2018\/03\/14524434_1106112876131411_958039263622046936_o.jpg?resize=700%2C400&ssl=1 2x"},"classes":[]},{"id":6250,"url":"https:\/\/www.grieta.org.mx\/index.php\/2016\/09\/12\/movilizaciones-contra-la-reforma-educativa-y-la-evaluacion-magisterial-en-tabasco\/","url_meta":{"origin":48495,"position":3},"title":"Movilizaciones contra la Reforma educativa y evaluaci\u00f3n magisterial en Tabasco","author":"grieta","date":"12 septiembre, 2016","format":false,"excerpt":"12\/09\/16. Demandar\u00e1 CNTE-CETET ante CEDH por agresi\u00f3n a paterfamiliaDiario de Tabasco 14\/07\/16. Desconocen maestros tabasque\u00f1os de la CNTE acuerdo SNTE-Nu\u00f1oEl Correo de Tabasco 08\/07\/16. Bloquean padres de familia carretera a Ciudad Pemex, MacuspanaAhora Tabasco 08\/07\/16. Maestros bloquean tres carreteras en TabascoHeraldo de Tabasco 01\/07\/16. Maestros de Tabasco repiten bloqueos en\u2026","rel":"","context":"En &quot;NOTICIAS NACIONALES&quot;","block_context":{"text":"NOTICIAS NACIONALES","link":"https:\/\/www.grieta.org.mx\/index.php\/category\/noticias-nacionales\/"},"img":{"alt_text":"","src":"https:\/\/i0.wp.com\/www.grieta.org.mx\/wp-content\/uploads\/2018\/03\/14524434_1106112876131411_958039263622046936_o.jpg?resize=350%2C200&ssl=1","width":350,"height":200,"srcset":"https:\/\/i0.wp.com\/www.grieta.org.mx\/wp-content\/uploads\/2018\/03\/14524434_1106112876131411_958039263622046936_o.jpg?resize=350%2C200&ssl=1 1x, https:\/\/i0.wp.com\/www.grieta.org.mx\/wp-content\/uploads\/2018\/03\/14524434_1106112876131411_958039263622046936_o.jpg?resize=525%2C300&ssl=1 1.5x, https:\/\/i0.wp.com\/www.grieta.org.mx\/wp-content\/uploads\/2018\/03\/14524434_1106112876131411_958039263622046936_o.jpg?resize=700%2C400&ssl=1 2x"},"classes":[]},{"id":6380,"url":"https:\/\/www.grieta.org.mx\/index.php\/2015\/12\/24\/acusan-que-pemex-no-alerto-sobre-megafuga-en-tabasco\/","url_meta":{"origin":48495,"position":4},"title":"Acusan que Pemex no alert\u00f3 sobre megafuga en Tabasco","author":"grieta","date":"24 diciembre, 2015","format":false,"excerpt":"Por Reforma Villahermosa, Tab.- Petr\u00f3leos Mexicanos (Pemex) no dio aviso del derrame de combustible que deriv\u00f3 en un incendio en el poblado C-33 del municipio de C\u00e1rdenas, ni acordon\u00f3 la zona para evitar incidentes, acus\u00f3 la Direcci\u00f3n Operativa y Apoyo a la Poblaci\u00f3n de Protecci\u00f3n Civil Estatal. \u201cSe pudo haber\u2026","rel":"","context":"En &quot;CINTILLO&quot;","block_context":{"text":"CINTILLO","link":"https:\/\/www.grieta.org.mx\/index.php\/category\/cintillo\/"},"img":{"alt_text":"","src":"https:\/\/i0.wp.com\/www.grieta.org.mx\/wp-content\/uploads\/2018\/03\/14524434_1106112876131411_958039263622046936_o.jpg?resize=350%2C200&ssl=1","width":350,"height":200,"srcset":"https:\/\/i0.wp.com\/www.grieta.org.mx\/wp-content\/uploads\/2018\/03\/14524434_1106112876131411_958039263622046936_o.jpg?resize=350%2C200&ssl=1 1x, https:\/\/i0.wp.com\/www.grieta.org.mx\/wp-content\/uploads\/2018\/03\/14524434_1106112876131411_958039263622046936_o.jpg?resize=525%2C300&ssl=1 1.5x, https:\/\/i0.wp.com\/www.grieta.org.mx\/wp-content\/uploads\/2018\/03\/14524434_1106112876131411_958039263622046936_o.jpg?resize=700%2C400&ssl=1 2x"},"classes":[]},{"id":45784,"url":"https:\/\/www.grieta.org.mx\/index.php\/2020\/02\/13\/empresas-amigas-del-gobernador-las-unicas-beneficiadas-con-el-petroleo-de-tabasco-indigenas\/","url_meta":{"origin":48495,"position":5},"title":"Empresas \u201camigas\u201d del gobernador, las \u00fanicas beneficiadas con el petr\u00f3leo de Tabasco: ind\u00edgenas","author":"Admin","date":"13 febrero, 2020","format":false,"excerpt":"Redacci\u00f3n \/ Proceso CIUDAD DE M\u00c9XICO (apro).- Vivir en un estado petrolero como Tabasco s\u00f3lo trae beneficios a empleadores de Petr\u00f3leos Mexicanos (Pemex) y a las empresas \u201camigas\u201d del gobernador Ad\u00e1n Augusto L\u00f3pez, denunciaron ind\u00edgenas chontales agrupados en el Movimiento M\u00e9xico Despierta AC. En conferencia de prensa realizada en las\u2026","rel":"","context":"En &quot;CINTILLO&quot;","block_context":{"text":"CINTILLO","link":"https:\/\/www.grieta.org.mx\/index.php\/category\/cintillo\/"},"img":{"alt_text":"","src":"https:\/\/i0.wp.com\/www.grieta.org.mx\/wp-content\/uploads\/2020\/03\/tabasco-3.jpg?resize=350%2C200&ssl=1","width":350,"height":200,"srcset":"https:\/\/i0.wp.com\/www.grieta.org.mx\/wp-content\/uploads\/2020\/03\/tabasco-3.jpg?resize=350%2C200&ssl=1 1x, https:\/\/i0.wp.com\/www.grieta.org.mx\/wp-content\/uploads\/2020\/03\/tabasco-3.jpg?resize=525%2C300&ssl=1 1.5x, https:\/\/i0.wp.com\/www.grieta.org.mx\/wp-content\/uploads\/2020\/03\/tabasco-3.jpg?resize=700%2C400&ssl=1 2x"},"classes":[]}],"_links":{"self":[{"href":"https:\/\/www.grieta.org.mx\/index.php\/wp-json\/wp\/v2\/posts\/48495","targetHints":{"allow":["GET"]}}],"collection":[{"href":"https:\/\/www.grieta.org.mx\/index.php\/wp-json\/wp\/v2\/posts"}],"about":[{"href":"https:\/\/www.grieta.org.mx\/index.php\/wp-json\/wp\/v2\/types\/post"}],"author":[{"embeddable":true,"href":"https:\/\/www.grieta.org.mx\/index.php\/wp-json\/wp\/v2\/users\/1"}],"replies":[{"embeddable":true,"href":"https:\/\/www.grieta.org.mx\/index.php\/wp-json\/wp\/v2\/comments?post=48495"}],"version-history":[{"count":1,"href":"https:\/\/www.grieta.org.mx\/index.php\/wp-json\/wp\/v2\/posts\/48495\/revisions"}],"predecessor-version":[{"id":48497,"href":"https:\/\/www.grieta.org.mx\/index.php\/wp-json\/wp\/v2\/posts\/48495\/revisions\/48497"}],"wp:featuredmedia":[{"embeddable":true,"href":"https:\/\/www.grieta.org.mx\/index.php\/wp-json\/wp\/v2\/media\/48496"}],"wp:attachment":[{"href":"https:\/\/www.grieta.org.mx\/index.php\/wp-json\/wp\/v2\/media?parent=48495"}],"wp:term":[{"taxonomy":"category","embeddable":true,"href":"https:\/\/www.grieta.org.mx\/index.php\/wp-json\/wp\/v2\/categories?post=48495"},{"taxonomy":"post_tag","embeddable":true,"href":"https:\/\/www.grieta.org.mx\/index.php\/wp-json\/wp\/v2\/tags?post=48495"}],"curies":[{"name":"wp","href":"https:\/\/api.w.org\/{rel}","templated":true}]}}