{"id":48482,"date":"2020-03-24T12:18:16","date_gmt":"2020-03-24T18:18:16","guid":{"rendered":"http:\/\/www.grieta.org.mx\/?p=48482"},"modified":"2020-05-03T12:22:18","modified_gmt":"2020-05-03T17:22:18","slug":"asesinan-a-ambientalista-y-defensor-legal-en-jiutepec-morelos","status":"publish","type":"post","link":"https:\/\/www.grieta.org.mx\/index.php\/2020\/03\/24\/asesinan-a-ambientalista-y-defensor-legal-en-jiutepec-morelos\/","title":{"rendered":"Asesinan a ambientalista y defensor legal en Jiutepec, Morelos"},"content":{"rendered":"<p><a href=\"http:\/\/www.grieta.org.mx\/wp-content\/uploads\/2020\/05\/ambientalista-482x220.jpg\"><img loading=\"lazy\" decoding=\"async\" data-attachment-id=\"48483\" data-permalink=\"https:\/\/www.grieta.org.mx\/index.php\/2020\/03\/24\/asesinan-a-ambientalista-y-defensor-legal-en-jiutepec-morelos\/ambientalista-482x220\/\" data-orig-file=\"https:\/\/www.grieta.org.mx\/wp-content\/uploads\/2020\/05\/ambientalista-482x220.jpg\" data-orig-size=\"482,220\" data-comments-opened=\"0\" data-image-meta=\"{&quot;aperture&quot;:&quot;0&quot;,&quot;credit&quot;:&quot;&quot;,&quot;camera&quot;:&quot;&quot;,&quot;caption&quot;:&quot;&quot;,&quot;created_timestamp&quot;:&quot;0&quot;,&quot;copyright&quot;:&quot;&quot;,&quot;focal_length&quot;:&quot;0&quot;,&quot;iso&quot;:&quot;0&quot;,&quot;shutter_speed&quot;:&quot;0&quot;,&quot;title&quot;:&quot;&quot;,&quot;orientation&quot;:&quot;0&quot;}\" data-image-title=\"ambientalista-482&amp;#215;220\" data-image-description=\"\" data-image-caption=\"\" data-medium-file=\"https:\/\/www.grieta.org.mx\/wp-content\/uploads\/2020\/05\/ambientalista-482x220-300x137.jpg\" data-large-file=\"https:\/\/www.grieta.org.mx\/wp-content\/uploads\/2020\/05\/ambientalista-482x220.jpg\" class=\"aligncenter wp-image-48483\" src=\"http:\/\/www.grieta.org.mx\/wp-content\/uploads\/2020\/05\/ambientalista-482x220.jpg\" alt=\"\" width=\"720\" height=\"329\" srcset=\"https:\/\/www.grieta.org.mx\/wp-content\/uploads\/2020\/05\/ambientalista-482x220.jpg 482w, https:\/\/www.grieta.org.mx\/wp-content\/uploads\/2020\/05\/ambientalista-482x220-300x137.jpg 300w\" sizes=\"auto, (max-width: 720px) 100vw, 720px\" \/><\/a><\/p>\n<p>Estrella  Pedroza \/ Aristegui Noticias<\/p>\n<p>La noche del lunes fue asesinado en la puerta de su casa Isaac Medardo Herrera Avil\u00e9s, ambientalista y asesor legal en temas ambientales.<\/p>\n<p>Los hechos ocurrieron en el municipio de  Jiutepec, Morelos, donde hombres armados llegaron a la puerta de su casa, ubicada en la colonia Centro, tocaron y una vez que \u00e9ste abri\u00f3 la puerta, le dispararon a quemarropa.<\/p>\n<p>Los responsables huyeron a pie con direcci\u00f3n al oriente, de acuerdo con un testimonio. <\/p>\n<p>Hasta el lugar llegaron polic\u00edas para acordonar la zona y personal de Semefo para realizar el levantamiento del cuerpo.<\/p>\n<p>Actualmente, y desde hace por lo menos cuatro a\u00f1os, Herrera Avil\u00e9s acompa\u00f1\u00f3 la lucha de defensa en el predio de Los Venados como ambientalista y abogado.<\/p>\n<p>Ese terreno representa uno de los poco pulmones del municipio de Jiutepec  y durante el sexenio de Graco Ram\u00edrez se pretend\u00eda construir un fraccionamiento de Casas ARA, pero por la lucha social y jur\u00eddica se fren\u00f3 y actualmente buscaban que se  convirtiera en un parque municipal.<\/p>\n<p>Isaac Medardo Herrera Avil\u00e9s, a sus 58 a\u00f1os de edad, tiene un largo expediente de acciones sociales y legales en las que particip\u00f3.<\/p>\n<p><a href=\"https:\/\/m.aristeguinoticias.com\/2403\/mexico\/asesinan-a-ambientalista-y-defensor-legal-en-jiutepec-morelos\/#.XnqZ8sSzO9w.whatsapp\">https:\/\/m.aristeguinoticias.com\/2403\/mexico\/asesinan-a-ambientalista-y-defensor-legal-en-jiutepec-morelos\/#.XnqZ8sSzO9w.whatsapp<\/a><\/p>\n","protected":false},"excerpt":{"rendered":"<p>Estrella Pedroza \/ Aristegui Noticias La noche del lunes fue asesinado en la puerta de su casa Isaac Medardo Herrera Avil\u00e9s, ambientalista y asesor legal en temas ambientales. Los hechos &hellip; <a href=\"https:\/\/www.grieta.org.mx\/index.php\/2020\/03\/24\/asesinan-a-ambientalista-y-defensor-legal-en-jiutepec-morelos\/\" class=\"more-link\">Leer m\u00e1s<\/a><\/p>\n","protected":false},"author":1,"featured_media":48483,"comment_status":"closed","ping_status":"closed","sticky":false,"template":"","format":"standard","meta":{"ngg_post_thumbnail":0,"_jetpack_newsletter_access":"","_jetpack_dont_email_post_to_subs":false,"_jetpack_newsletter_tier_id":0,"_jetpack_memberships_contains_paywalled_content":false,"_jetpack_memberships_contains_paid_content":false,"footnotes":""},"categories":[3333,80,22,2],"tags":[2140,459],"class_list":["post-48482","post","type-post","status-publish","format-standard","has-post-thumbnail","hentry","category-asesinato-de-activistas-en-morelos","category-cintillo","category-morelos","category-noticias-nacionales","tag-asesinato-de-activistas","tag-ataques-a-defensores-ambientales","entry"],"jetpack_featured_media_url":"https:\/\/www.grieta.org.mx\/wp-content\/uploads\/2020\/05\/ambientalista-482x220.jpg","jetpack_sharing_enabled":true,"jetpack_shortlink":"https:\/\/wp.me\/p7ZJR4-cBY","jetpack_likes_enabled":false,"jetpack-related-posts":[{"id":48529,"url":"https:\/\/www.grieta.org.mx\/index.php\/2020\/03\/26\/asesinan-en-morelos-al-ambientalista-isaac-herrera-aviles\/","url_meta":{"origin":48482,"position":0},"title":"Asesinan en Morelos al ambientalista Isaac Herrera Avil\u00e9s","author":"Admin","date":"26 marzo, 2020","format":false,"excerpt":"Redacci\u00f3n \/ Eje Central El activista y asesor en temas legales ambientales, Isaac Medardo Herrera Avil\u00e9s, fue asesinado por hombres armados en la puerta de su casa, ubicada en Jiutepec, Morelos, el pasado lunes. La Universidad Aut\u00f3noma Metropolitana lament\u00f3 la muerte del activista, pues es el padre de una de\u2026","rel":"","context":"En &quot;Asesinato de activistas en Morelos&quot;","block_context":{"text":"Asesinato de activistas en Morelos","link":"https:\/\/www.grieta.org.mx\/index.php\/category\/noticias-nacionales\/morelos\/asesinato-de-activistas-en-morelos\/"},"img":{"alt_text":"","src":"https:\/\/i0.wp.com\/www.grieta.org.mx\/wp-content\/uploads\/2020\/05\/Screenshot_2020-05-03-Asesinan-en-Morelos-al-ambientalista-Isaac-Herrera-Avil%C3%A9s-%C2%BB-Eje-Central.png?resize=350%2C200&ssl=1","width":350,"height":200,"srcset":"https:\/\/i0.wp.com\/www.grieta.org.mx\/wp-content\/uploads\/2020\/05\/Screenshot_2020-05-03-Asesinan-en-Morelos-al-ambientalista-Isaac-Herrera-Avil%C3%A9s-%C2%BB-Eje-Central.png?resize=350%2C200&ssl=1 1x, https:\/\/i0.wp.com\/www.grieta.org.mx\/wp-content\/uploads\/2020\/05\/Screenshot_2020-05-03-Asesinan-en-Morelos-al-ambientalista-Isaac-Herrera-Avil%C3%A9s-%C2%BB-Eje-Central.png?resize=525%2C300&ssl=1 1.5x, https:\/\/i0.wp.com\/www.grieta.org.mx\/wp-content\/uploads\/2020\/05\/Screenshot_2020-05-03-Asesinan-en-Morelos-al-ambientalista-Isaac-Herrera-Avil%C3%A9s-%C2%BB-Eje-Central.png?resize=700%2C400&ssl=1 2x"},"classes":[]},{"id":48526,"url":"https:\/\/www.grieta.org.mx\/index.php\/2020\/03\/25\/matan-a-ambientalista-en-jiutepec-morelos-es-el-segundo-defensor-asesinado-en-2020\/","url_meta":{"origin":48482,"position":1},"title":"Matan a ambientalista en Jiutepec, Morelos; es el segundo defensor asesinado en 2020","author":"Admin","date":"25 marzo, 2020","format":false,"excerpt":"Redacci\u00f3n \/ Animal Pol\u00edtico La Oficina en M\u00e9xico del Alto Comisionado de las Naciones Unidas para los Derechos Humanos (ONU-DH) y la Comisi\u00f3n Nacional de los Derechos Humanos (CNDH) condenaron el homicidio del ambientalista Isaac Medardo Herrera y exigieron que no haya impunidad en el caso. La noche del pasado\u2026","rel":"","context":"En &quot;Asesinato de activistas en Morelos&quot;","block_context":{"text":"Asesinato de activistas en Morelos","link":"https:\/\/www.grieta.org.mx\/index.php\/category\/noticias-nacionales\/morelos\/asesinato-de-activistas-en-morelos\/"},"img":{"alt_text":"","src":"https:\/\/i0.wp.com\/www.grieta.org.mx\/wp-content\/uploads\/2020\/05\/asesinan_ambientalista_jiutepec_morelos-e1585188696795.png?resize=350%2C200&ssl=1","width":350,"height":200,"srcset":"https:\/\/i0.wp.com\/www.grieta.org.mx\/wp-content\/uploads\/2020\/05\/asesinan_ambientalista_jiutepec_morelos-e1585188696795.png?resize=350%2C200&ssl=1 1x, https:\/\/i0.wp.com\/www.grieta.org.mx\/wp-content\/uploads\/2020\/05\/asesinan_ambientalista_jiutepec_morelos-e1585188696795.png?resize=525%2C300&ssl=1 1.5x, https:\/\/i0.wp.com\/www.grieta.org.mx\/wp-content\/uploads\/2020\/05\/asesinan_ambientalista_jiutepec_morelos-e1585188696795.png?resize=700%2C400&ssl=1 2x, https:\/\/i0.wp.com\/www.grieta.org.mx\/wp-content\/uploads\/2020\/05\/asesinan_ambientalista_jiutepec_morelos-e1585188696795.png?resize=1050%2C600&ssl=1 3x, https:\/\/i0.wp.com\/www.grieta.org.mx\/wp-content\/uploads\/2020\/05\/asesinan_ambientalista_jiutepec_morelos-e1585188696795.png?resize=1400%2C800&ssl=1 4x"},"classes":[]},{"id":48558,"url":"https:\/\/www.grieta.org.mx\/index.php\/2020\/03\/23\/asesinan-a-activista-y-defensor-de-reserva-natural-los-venados-en-morelos\/","url_meta":{"origin":48482,"position":2},"title":"Asesinan a activista y defensor de reserva natural &#8216;Los Venados&#8217;, en Morelos","author":"Admin","date":"23 marzo, 2020","format":false,"excerpt":"Ver\u00f3nica Bacaz \/ El Financiero La noche de este lunes fue asesinado a balazos el activista y defensor de la reserva natural de \u201cLos Venados\u201d en Jiutepec, Isaac Medardo Herrera Avil\u00e9s, quien fue acribillado en su domicilio en el Z\u00f3calo de dicho municipio, testigos se\u00f1alan que los agresores arribaron a\u2026","rel":"","context":"En &quot;Asesinato de activistas en Morelos&quot;","block_context":{"text":"Asesinato de activistas en Morelos","link":"https:\/\/www.grieta.org.mx\/index.php\/category\/noticias-nacionales\/morelos\/asesinato-de-activistas-en-morelos\/"},"img":{"alt_text":"","src":"https:\/\/i0.wp.com\/www.grieta.org.mx\/wp-content\/uploads\/2020\/05\/arton152670-5c1d6.jpg?resize=350%2C200&ssl=1","width":350,"height":200,"srcset":"https:\/\/i0.wp.com\/www.grieta.org.mx\/wp-content\/uploads\/2020\/05\/arton152670-5c1d6.jpg?resize=350%2C200&ssl=1 1x, https:\/\/i0.wp.com\/www.grieta.org.mx\/wp-content\/uploads\/2020\/05\/arton152670-5c1d6.jpg?resize=525%2C300&ssl=1 1.5x"},"classes":[]},{"id":48536,"url":"https:\/\/www.grieta.org.mx\/index.php\/2020\/03\/24\/asesinan-a-defensor-del-medio-ambiente-isaac-medardo-herrera-aviles-morelos\/","url_meta":{"origin":48482,"position":3},"title":"Asesinan a defensor del medio ambiente Isaac Medardo Herrera Avil\u00e9s (Morelos)","author":"Admin","date":"24 marzo, 2020","format":false,"excerpt":"Elizabeth Sauno \/ La izquierda diario El 23 de marzo por la noche en el municipio de Juitepec, Morelos, asesinaron al defensor del medio ambiente Isaac Medardo Herrera Avil\u00e9s de 60 a\u00f1os, quien fuera protector del predio \u201cLos Venados\u201d, el cual despu\u00e9s de una lucha que se emprendi\u00f3 en contra\u2026","rel":"","context":"En &quot;Asesinato de activistas en Morelos&quot;","block_context":{"text":"Asesinato de activistas en Morelos","link":"https:\/\/www.grieta.org.mx\/index.php\/category\/noticias-nacionales\/morelos\/asesinato-de-activistas-en-morelos\/"},"img":{"alt_text":"","src":"https:\/\/i0.wp.com\/www.grieta.org.mx\/wp-content\/uploads\/2020\/05\/arton152670-5c1d6.jpg?resize=350%2C200&ssl=1","width":350,"height":200,"srcset":"https:\/\/i0.wp.com\/www.grieta.org.mx\/wp-content\/uploads\/2020\/05\/arton152670-5c1d6.jpg?resize=350%2C200&ssl=1 1x, https:\/\/i0.wp.com\/www.grieta.org.mx\/wp-content\/uploads\/2020\/05\/arton152670-5c1d6.jpg?resize=525%2C300&ssl=1 1.5x"},"classes":[]},{"id":47141,"url":"https:\/\/www.grieta.org.mx\/index.php\/2020\/04\/02\/en-una-semana-asesinan-a-activistas-en-zacatecas-guanajuato-y-morelos\/","url_meta":{"origin":48482,"position":4},"title":"En una semana asesinan a activistas en Zacatecas, Guanajuato y Morelos","author":"grieta","date":"2 abril, 2020","format":false,"excerpt":"En los \u00faltimos d\u00edas fueron asesinados Paulina G\u00f3mez, Isaac Herrera y Karla Camarena, tres personas que dedicaron su vida a la defensa de la tierra y los derechos humanos. Por Alberto Pradilla \/ Animal Pol\u00edtico, 2 de abril de 2020 \u201cLas personas no aparecen muertas. A las personas se las\u2026","rel":"","context":"En &quot;CINTILLO&quot;","block_context":{"text":"CINTILLO","link":"https:\/\/www.grieta.org.mx\/index.php\/category\/cintillo\/"},"img":{"alt_text":"","src":"https:\/\/i0.wp.com\/www.grieta.org.mx\/wp-content\/uploads\/2020\/04\/Isaac-Arbol-copia-e1585834000487.jpg?resize=350%2C200&ssl=1","width":350,"height":200,"srcset":"https:\/\/i0.wp.com\/www.grieta.org.mx\/wp-content\/uploads\/2020\/04\/Isaac-Arbol-copia-e1585834000487.jpg?resize=350%2C200&ssl=1 1x, https:\/\/i0.wp.com\/www.grieta.org.mx\/wp-content\/uploads\/2020\/04\/Isaac-Arbol-copia-e1585834000487.jpg?resize=525%2C300&ssl=1 1.5x, https:\/\/i0.wp.com\/www.grieta.org.mx\/wp-content\/uploads\/2020\/04\/Isaac-Arbol-copia-e1585834000487.jpg?resize=700%2C400&ssl=1 2x, https:\/\/i0.wp.com\/www.grieta.org.mx\/wp-content\/uploads\/2020\/04\/Isaac-Arbol-copia-e1585834000487.jpg?resize=1050%2C600&ssl=1 3x, https:\/\/i0.wp.com\/www.grieta.org.mx\/wp-content\/uploads\/2020\/04\/Isaac-Arbol-copia-e1585834000487.jpg?resize=1400%2C800&ssl=1 4x"},"classes":[]},{"id":67663,"url":"https:\/\/www.grieta.org.mx\/index.php\/2023\/08\/09\/organizaciones-y-activistas-exigen-que-fiscalia-federal-atraiga-el-caso-del-defensor-samir-flores-morelos\/","url_meta":{"origin":48482,"position":5},"title":"Organizaciones y activistas exigen que Fiscal\u00eda Federal atraiga el caso del defensor Samir Flores, Morelos","author":"grieta","date":"9 agosto, 2023","format":false,"excerpt":"Redacci\u00f3n \/ Educa Oaxaca Pese a que diversas organizaciones y activistas por los Derechos Humanos llevan meses exigiendo al gobierno federal que atraiga el caso del asesinato del defensor del territorio Samir Flores, no hay avances. Por ello han lanzado una petici\u00f3n, ya que \u201cse corre el riesgo de que\u2026","rel":"","context":"En &quot;CINTILLO&quot;","block_context":{"text":"CINTILLO","link":"https:\/\/www.grieta.org.mx\/index.php\/category\/cintillo\/"},"img":{"alt_text":"","src":"https:\/\/i0.wp.com\/www.grieta.org.mx\/wp-content\/uploads\/2023\/09\/365881111_703438631826550_4103064159411763781_n-500x500-1.jpg?resize=350%2C200&ssl=1","width":350,"height":200},"classes":[]}],"_links":{"self":[{"href":"https:\/\/www.grieta.org.mx\/index.php\/wp-json\/wp\/v2\/posts\/48482","targetHints":{"allow":["GET"]}}],"collection":[{"href":"https:\/\/www.grieta.org.mx\/index.php\/wp-json\/wp\/v2\/posts"}],"about":[{"href":"https:\/\/www.grieta.org.mx\/index.php\/wp-json\/wp\/v2\/types\/post"}],"author":[{"embeddable":true,"href":"https:\/\/www.grieta.org.mx\/index.php\/wp-json\/wp\/v2\/users\/1"}],"replies":[{"embeddable":true,"href":"https:\/\/www.grieta.org.mx\/index.php\/wp-json\/wp\/v2\/comments?post=48482"}],"version-history":[{"count":1,"href":"https:\/\/www.grieta.org.mx\/index.php\/wp-json\/wp\/v2\/posts\/48482\/revisions"}],"predecessor-version":[{"id":48484,"href":"https:\/\/www.grieta.org.mx\/index.php\/wp-json\/wp\/v2\/posts\/48482\/revisions\/48484"}],"wp:featuredmedia":[{"embeddable":true,"href":"https:\/\/www.grieta.org.mx\/index.php\/wp-json\/wp\/v2\/media\/48483"}],"wp:attachment":[{"href":"https:\/\/www.grieta.org.mx\/index.php\/wp-json\/wp\/v2\/media?parent=48482"}],"wp:term":[{"taxonomy":"category","embeddable":true,"href":"https:\/\/www.grieta.org.mx\/index.php\/wp-json\/wp\/v2\/categories?post=48482"},{"taxonomy":"post_tag","embeddable":true,"href":"https:\/\/www.grieta.org.mx\/index.php\/wp-json\/wp\/v2\/tags?post=48482"}],"curies":[{"name":"wp","href":"https:\/\/api.w.org\/{rel}","templated":true}]}}