{"id":4847,"date":"2015-10-02T20:27:40","date_gmt":"2015-10-02T20:27:40","guid":{"rendered":"http:\/\/50.22.11.12\/~grietaor\/?p=4847"},"modified":"2016-03-25T20:30:11","modified_gmt":"2016-03-25T20:30:11","slug":"pese-a-amenazas-maestros-marchan-en-oaxaca-para-conmemorar-el-2-de-octubre","status":"publish","type":"post","link":"https:\/\/www.grieta.org.mx\/index.php\/2015\/10\/02\/pese-a-amenazas-maestros-marchan-en-oaxaca-para-conmemorar-el-2-de-octubre\/","title":{"rendered":"Pese a amenazas, maestros marchan en Oaxaca para conmemorar el 2 de Octubre"},"content":{"rendered":"<p>Pedro Mat\u00edas, Oaxaca.<\/p>\n<p>OAXACA, Oax. (apro).- Pese a las amenazas, la Secci\u00f3n 22 del Sindicato Nacional de Trabajadores de la Educaci\u00f3n (SNTE-CNTE) sigui\u00f3 adelante en su paro laboral, marchas, bloqueos y m\u00edtines para conmemorar la masacre de estudiantes del 2 de octubre de 1968.<\/p>\n<p>En un intento por frenar la movilizaci\u00f3n del magisterio, la Procuradur\u00eda General de la Rep\u00fablica (PGR) acus\u00f3 al sindicato de hacer \u201capolog\u00eda del delito\u201d. Los profesores tambi\u00e9n fueron amedrentados con la amenaza de que sufrir\u00edan descuentos en su salario si marchaban.<\/p>\n<p>El dirigente de la Secci\u00f3n 22, Rub\u00e9n N\u00fa\u00f1ez Ginez, y la Comisi\u00f3n Pol\u00edtica instalaron una \u201cmesa p\u00fablica\u201d frente al Palacio de Gobierno en espera de que Gabino Cu\u00e9, titular del Poder Ejecutivo estatal, cumpla con sus compromisos con el magisterio.<\/p>\n<p>\u201cVamos a permanecer aqu\u00ed esperando la llegada de Gabino Cu\u00e9 y despu\u00e9s har\u00e1n el balance. No nos vamos a mover de aqu\u00ed hasta que Gabino Cu\u00e9 venga aqu\u00ed. Aqu\u00ed lo esperamos, le avisan por favor\u201d, ironiz\u00f3.<br \/>\nAparte, en el interior del estado, los 37 sectores realizan bloqueos carreteros, tomas de centros comerciales y oficinas de gobierno, as\u00ed como cercos al aeropuerto y a la planta de distribuci\u00f3n de Petr\u00f3leos Mexicanos.<\/p>\n<p>El gobierno estatal dispuso de dos mil polic\u00edas que vigilar\u00e1n y resguardar\u00e1n el desarrollo de las movilizaciones programadas por la Secci\u00f3n 22, normalistas, organizaciones sociales y grupos de anarquistas, con el prop\u00f3sito que no se generen actos vand\u00e1licos.<\/p>\n<p>Advirti\u00f3 que las fuerzas estatales, en coordinaci\u00f3n con elementos de la Gendarmer\u00eda Nacional y la Polic\u00eda Federal, privilegiar\u00e1n el derecho a la libre manifestaci\u00f3n; sin embargo, actuar\u00e1n de manera contundente y sin tolerancia ante cualquier acto vand\u00e1lico que se genere.<\/p>\n<p>\u201cLos cuerpos de seguridad estar\u00e1n apegados en todo momento a los protocolos de actuaci\u00f3n policial, por lo que legitimar\u00e1n el uso racional de la fuerza p\u00fablica, la presunci\u00f3n de inocencia, el derecho a la libertad y seguridad personal, as\u00ed como el derecho a la manifestaci\u00f3n p\u00fablica y a la protesta social\u201d, advirti\u00f3.<\/p>\n<p><a href=\"http:\/\/www.proceso.com.mx\/417038\/pese-a-amenazas-maestros-marchan-en-oaxaca-para-conmemorar-el-2-de-octubre\" target=\"_blank\">http:\/\/www.proceso.com.mx\/417038\/pese-a-amenazas-maestros-marchan-en-oaxaca-para-conmemorar-el-2-de-octubre<\/a><\/p>\n","protected":false},"excerpt":{"rendered":"<p>Pedro Mat\u00edas, Oaxaca. OAXACA, Oax. (apro).- Pese a las amenazas, la Secci\u00f3n 22 del Sindicato Nacional de Trabajadores de la Educaci\u00f3n (SNTE-CNTE) sigui\u00f3 adelante en su paro laboral, marchas, bloqueos &hellip; <a href=\"https:\/\/www.grieta.org.mx\/index.php\/2015\/10\/02\/pese-a-amenazas-maestros-marchan-en-oaxaca-para-conmemorar-el-2-de-octubre\/\" class=\"more-link\">Leer m\u00e1s<\/a><\/p>\n","protected":false},"author":2,"featured_media":21928,"comment_status":"closed","ping_status":"open","sticky":false,"template":"","format":"standard","meta":{"ngg_post_thumbnail":0,"_jetpack_newsletter_access":"","_jetpack_dont_email_post_to_subs":false,"_jetpack_newsletter_tier_id":0,"_jetpack_memberships_contains_paywalled_content":false,"_jetpack_memberships_contains_paid_content":false,"footnotes":""},"categories":[80],"tags":[133,93,135],"class_list":["post-4847","post","type-post","status-publish","format-standard","has-post-thumbnail","hentry","category-cintillo","tag-maestros","tag-oaxaca","tag-reforma-educativa","entry"],"jetpack_featured_media_url":"https:\/\/www.grieta.org.mx\/wp-content\/uploads\/2018\/03\/14524434_1106112876131411_958039263622046936_o.jpg","jetpack_sharing_enabled":true,"jetpack_shortlink":"https:\/\/wp.me\/p7ZJR4-1gb","jetpack_likes_enabled":false,"jetpack-related-posts":[{"id":19715,"url":"https:\/\/www.grieta.org.mx\/index.php\/2016\/08\/16\/pese-a-amenazas-de-pena-nieto-s-22-continua-con-bloqueos-tomas-de-oficinas-y-plazas-comerciales-oaxaca\/","url_meta":{"origin":4847,"position":0},"title":"Pese a amenazas de Pe\u00f1a Nieto, S-22 contin\u00faa con bloqueos, tomas de oficinas y plazas comerciales (Oaxaca)","author":"grieta","date":"16 agosto, 2016","format":false,"excerpt":"Pagina 3. Pedro Mat\u00edas, Oaxaca.- Pese a la amenaza del Presidente Enrique Pe\u00f1a Nieto de que \u201cel gobierno de la Rep\u00fablica no tendr\u00e1 reparo alguno en aplicar el uso de la fuerza\u201d cuando la v\u00eda del di\u00e1logo se haya agotado con la Coordinadora Nacional de Trabajadores de la Educaci\u00f3n (CNTE),\u2026","rel":"","context":"En &quot;CINTILLO&quot;","block_context":{"text":"CINTILLO","link":"https:\/\/www.grieta.org.mx\/index.php\/category\/cintillo\/"},"img":{"alt_text":"","src":"https:\/\/i0.wp.com\/www.grieta.org.mx\/wp-content\/uploads\/2018\/03\/14524434_1106112876131411_958039263622046936_o.jpg?resize=350%2C200&ssl=1","width":350,"height":200,"srcset":"https:\/\/i0.wp.com\/www.grieta.org.mx\/wp-content\/uploads\/2018\/03\/14524434_1106112876131411_958039263622046936_o.jpg?resize=350%2C200&ssl=1 1x, https:\/\/i0.wp.com\/www.grieta.org.mx\/wp-content\/uploads\/2018\/03\/14524434_1106112876131411_958039263622046936_o.jpg?resize=525%2C300&ssl=1 1.5x, https:\/\/i0.wp.com\/www.grieta.org.mx\/wp-content\/uploads\/2018\/03\/14524434_1106112876131411_958039263622046936_o.jpg?resize=700%2C400&ssl=1 2x"},"classes":[]},{"id":21076,"url":"https:\/\/www.grieta.org.mx\/index.php\/2016\/09\/02\/cierra-seccion-22-plazas-comerciales-de-oaxaca\/","url_meta":{"origin":4847,"position":1},"title":"Cierra secci\u00f3n 22 plazas comerciales de Oaxaca","author":"grieta","date":"2 septiembre, 2016","format":false,"excerpt":"Quadrat\u00edn. Luis Jer\u00f3nimo, Oaxaca.- Maestros de la Secci\u00f3n 22 del Sindicato Nacional de Trabajadores de la Educaci\u00f3n (SNTE) bloquearon los accesos a plazas comerciales de Oaxaca, en protesta contra la reforma educativa. Los docentes tomaron las entradas de la Plaza Oaxaca, Plaza del Valle y Macroplaza, en la que impidieron\u2026","rel":"","context":"En &quot;CINTILLO&quot;","block_context":{"text":"CINTILLO","link":"https:\/\/www.grieta.org.mx\/index.php\/category\/cintillo\/"},"img":{"alt_text":"","src":"https:\/\/i0.wp.com\/www.grieta.org.mx\/wp-content\/uploads\/2018\/03\/14524434_1106112876131411_958039263622046936_o.jpg?resize=350%2C200&ssl=1","width":350,"height":200,"srcset":"https:\/\/i0.wp.com\/www.grieta.org.mx\/wp-content\/uploads\/2018\/03\/14524434_1106112876131411_958039263622046936_o.jpg?resize=350%2C200&ssl=1 1x, https:\/\/i0.wp.com\/www.grieta.org.mx\/wp-content\/uploads\/2018\/03\/14524434_1106112876131411_958039263622046936_o.jpg?resize=525%2C300&ssl=1 1.5x, https:\/\/i0.wp.com\/www.grieta.org.mx\/wp-content\/uploads\/2018\/03\/14524434_1106112876131411_958039263622046936_o.jpg?resize=700%2C400&ssl=1 2x"},"classes":[]},{"id":9307,"url":"https:\/\/www.grieta.org.mx\/index.php\/2016\/03\/31\/realiza-seccion-22-manifestacion-frente-a-congreso-de-oaxaca\/","url_meta":{"origin":4847,"position":2},"title":"Realiza Secci\u00f3n 22 manifestaci\u00f3n frente a Congreso de Oaxaca","author":"grieta","date":"31 marzo, 2016","format":false,"excerpt":"Luis Jer\u00f3nimo, Oaxaca. OAXACA, Oax., 31 de marzo de 2016.- Un grupo de maestros de la Secci\u00f3n 22 del Sindicato Nacional de Trabajadores de la Educaci\u00f3n se manifest\u00f3 este jueves frente al Congreso de Oaxaca para manifestar su postura contra la armonizaci\u00f3n de la Ley estatal de educaci\u00f3n. El dirigente\u2026","rel":"","context":"En &quot;CINTILLO&quot;","block_context":{"text":"CINTILLO","link":"https:\/\/www.grieta.org.mx\/index.php\/category\/cintillo\/"},"img":{"alt_text":"","src":"https:\/\/i0.wp.com\/www.grieta.org.mx\/wp-content\/uploads\/2018\/03\/14524434_1106112876131411_958039263622046936_o.jpg?resize=350%2C200&ssl=1","width":350,"height":200,"srcset":"https:\/\/i0.wp.com\/www.grieta.org.mx\/wp-content\/uploads\/2018\/03\/14524434_1106112876131411_958039263622046936_o.jpg?resize=350%2C200&ssl=1 1x, https:\/\/i0.wp.com\/www.grieta.org.mx\/wp-content\/uploads\/2018\/03\/14524434_1106112876131411_958039263622046936_o.jpg?resize=525%2C300&ssl=1 1.5x, https:\/\/i0.wp.com\/www.grieta.org.mx\/wp-content\/uploads\/2018\/03\/14524434_1106112876131411_958039263622046936_o.jpg?resize=700%2C400&ssl=1 2x"},"classes":[]},{"id":21082,"url":"https:\/\/www.grieta.org.mx\/index.php\/2016\/09\/01\/marcha-la-seccion-22-en-la-ciudad-de-oaxaca\/","url_meta":{"origin":4847,"position":3},"title":"Marcha la Secci\u00f3n 22 en la ciudad de Oaxaca","author":"grieta","date":"1 septiembre, 2016","format":false,"excerpt":"Ernesto Rojas, Oaxaca. OAXACA, Oax., 1 de septiembre de 2016.- Integrantes de la Secci\u00f3n 22 del Sindicato Nacional de Trabajadores de la Educaci\u00f3n (SNTE) iniciaron este jueves una marcha en la ciudad de Oaxaca para protestar contra la reforma educativa. La Secci\u00f3n 22 indic\u00f3 que con esta marcha piden que\u2026","rel":"","context":"En &quot;CINTILLO&quot;","block_context":{"text":"CINTILLO","link":"https:\/\/www.grieta.org.mx\/index.php\/category\/cintillo\/"},"img":{"alt_text":"","src":"https:\/\/i0.wp.com\/www.grieta.org.mx\/wp-content\/uploads\/2018\/03\/14524434_1106112876131411_958039263622046936_o.jpg?resize=350%2C200&ssl=1","width":350,"height":200,"srcset":"https:\/\/i0.wp.com\/www.grieta.org.mx\/wp-content\/uploads\/2018\/03\/14524434_1106112876131411_958039263622046936_o.jpg?resize=350%2C200&ssl=1 1x, https:\/\/i0.wp.com\/www.grieta.org.mx\/wp-content\/uploads\/2018\/03\/14524434_1106112876131411_958039263622046936_o.jpg?resize=525%2C300&ssl=1 1.5x, https:\/\/i0.wp.com\/www.grieta.org.mx\/wp-content\/uploads\/2018\/03\/14524434_1106112876131411_958039263622046936_o.jpg?resize=700%2C400&ssl=1 2x"},"classes":[]},{"id":19763,"url":"https:\/\/www.grieta.org.mx\/index.php\/2016\/08\/17\/ante-cerrazon-del-gobierno-federal-maestros-toman-plazas-comerciales-y-ciudad-administrativa-oaxaca\/","url_meta":{"origin":4847,"position":4},"title":"Ante \u201ccerraz\u00f3n\u201d del gobierno federal, maestros toman plazas comerciales y ciudad administrativa (OAXACA)","author":"grieta","date":"17 agosto, 2016","format":false,"excerpt":"Pedro Mat\u00edas, Oaxaca. OAXACA, Oax. (#pagina3.mx).- Por tercer d\u00eda consecutivo, maestros de la Secci\u00f3n 22 del Sindicato Nacional de Trabajadores de la Educaci\u00f3n (SNTE-CNTE) bloquean centros comerciales y suspenden actividades en 72 dependencias gubernamentales al tomar el complejo de Ciudad Administrativa. Ante los \u201cnulos\u201d avances en la mesa de negociaci\u00f3n\u2026","rel":"","context":"En &quot;CINTILLO&quot;","block_context":{"text":"CINTILLO","link":"https:\/\/www.grieta.org.mx\/index.php\/category\/cintillo\/"},"img":{"alt_text":"","src":"https:\/\/i0.wp.com\/www.grieta.org.mx\/wp-content\/uploads\/2018\/03\/14524434_1106112876131411_958039263622046936_o.jpg?resize=350%2C200&ssl=1","width":350,"height":200,"srcset":"https:\/\/i0.wp.com\/www.grieta.org.mx\/wp-content\/uploads\/2018\/03\/14524434_1106112876131411_958039263622046936_o.jpg?resize=350%2C200&ssl=1 1x, https:\/\/i0.wp.com\/www.grieta.org.mx\/wp-content\/uploads\/2018\/03\/14524434_1106112876131411_958039263622046936_o.jpg?resize=525%2C300&ssl=1 1.5x, https:\/\/i0.wp.com\/www.grieta.org.mx\/wp-content\/uploads\/2018\/03\/14524434_1106112876131411_958039263622046936_o.jpg?resize=700%2C400&ssl=1 2x"},"classes":[]},{"id":1691,"url":"https:\/\/www.grieta.org.mx\/index.php\/2015\/12\/22\/vuelven-a-protestar-maestros-de-la-seccion-22-frente-al-ieepo\/","url_meta":{"origin":4847,"position":5},"title":"Vuelven a protestar maestros de la Secci\u00f3n 22 frente al IEEPO","author":"grieta","date":"22 diciembre, 2015","format":false,"excerpt":"Ernesto Rojas, Oaxaca OAXACA, Oax., 22 de diciembre de 2015.- Maestros de la Secci\u00f3n 22 del Sindicato Nacional de Trabajadores de la Educaci\u00f3n (SNTE) realizaron este martes otra manifestaci\u00f3n frente al Instituto Estatal de Educaci\u00f3n P\u00fablica de Oaxaca (IEEPO) para exigir los pagos atrasados de un a\u00f1o y el reconocimiento\u2026","rel":"","context":"En &quot;CINTILLO&quot;","block_context":{"text":"CINTILLO","link":"https:\/\/www.grieta.org.mx\/index.php\/category\/cintillo\/"},"img":{"alt_text":"","src":"https:\/\/i0.wp.com\/www.grieta.org.mx\/wp-content\/uploads\/2018\/03\/14524434_1106112876131411_958039263622046936_o.jpg?resize=350%2C200&ssl=1","width":350,"height":200,"srcset":"https:\/\/i0.wp.com\/www.grieta.org.mx\/wp-content\/uploads\/2018\/03\/14524434_1106112876131411_958039263622046936_o.jpg?resize=350%2C200&ssl=1 1x, https:\/\/i0.wp.com\/www.grieta.org.mx\/wp-content\/uploads\/2018\/03\/14524434_1106112876131411_958039263622046936_o.jpg?resize=525%2C300&ssl=1 1.5x, https:\/\/i0.wp.com\/www.grieta.org.mx\/wp-content\/uploads\/2018\/03\/14524434_1106112876131411_958039263622046936_o.jpg?resize=700%2C400&ssl=1 2x"},"classes":[]}],"_links":{"self":[{"href":"https:\/\/www.grieta.org.mx\/index.php\/wp-json\/wp\/v2\/posts\/4847","targetHints":{"allow":["GET"]}}],"collection":[{"href":"https:\/\/www.grieta.org.mx\/index.php\/wp-json\/wp\/v2\/posts"}],"about":[{"href":"https:\/\/www.grieta.org.mx\/index.php\/wp-json\/wp\/v2\/types\/post"}],"author":[{"embeddable":true,"href":"https:\/\/www.grieta.org.mx\/index.php\/wp-json\/wp\/v2\/users\/2"}],"replies":[{"embeddable":true,"href":"https:\/\/www.grieta.org.mx\/index.php\/wp-json\/wp\/v2\/comments?post=4847"}],"version-history":[{"count":1,"href":"https:\/\/www.grieta.org.mx\/index.php\/wp-json\/wp\/v2\/posts\/4847\/revisions"}],"predecessor-version":[{"id":4848,"href":"https:\/\/www.grieta.org.mx\/index.php\/wp-json\/wp\/v2\/posts\/4847\/revisions\/4848"}],"wp:featuredmedia":[{"embeddable":true,"href":"https:\/\/www.grieta.org.mx\/index.php\/wp-json\/wp\/v2\/media\/21928"}],"wp:attachment":[{"href":"https:\/\/www.grieta.org.mx\/index.php\/wp-json\/wp\/v2\/media?parent=4847"}],"wp:term":[{"taxonomy":"category","embeddable":true,"href":"https:\/\/www.grieta.org.mx\/index.php\/wp-json\/wp\/v2\/categories?post=4847"},{"taxonomy":"post_tag","embeddable":true,"href":"https:\/\/www.grieta.org.mx\/index.php\/wp-json\/wp\/v2\/tags?post=4847"}],"curies":[{"name":"wp","href":"https:\/\/api.w.org\/{rel}","templated":true}]}}