{"id":48463,"date":"2020-05-01T20:45:39","date_gmt":"2020-05-02T01:45:39","guid":{"rendered":"http:\/\/www.grieta.org.mx\/?p=48463"},"modified":"2020-05-02T23:52:18","modified_gmt":"2020-05-03T04:52:18","slug":"crisis-de-salud-en-penitenciarias-de-baja-california-mueren-2-internos-y-2-custodios-en-mexicali-por-covid-19","status":"publish","type":"post","link":"https:\/\/www.grieta.org.mx\/index.php\/2020\/05\/01\/crisis-de-salud-en-penitenciarias-de-baja-california-mueren-2-internos-y-2-custodios-en-mexicali-por-covid-19\/","title":{"rendered":"Crisis de salud en penitenciarias de Baja California: mueren 2 internos y 2 custodios en Mexicali por Covid-19"},"content":{"rendered":"<p>Lindero Norte \/ Antonio Heras.<\/p>\n<p><img loading=\"lazy\" decoding=\"async\" class=\"alignnone size-full\" src=\"https:\/\/i2.wp.com\/linderonorte.com\/wp-content\/uploads\/2020\/05\/IMG-20200501-WA0014.jpg?w=1152&amp;ssl=1\" width=\"1152\" height=\"864\" \/><br \/>\n*Sin atenci\u00f3n m\u00e9dica, muere una mujer en penitenciaria de Tijusna<\/p>\n<p>Jorge Heras y Antonio Heras\/Lindero Norte<\/p>\n<p>Mexicali.- Con insuficiencia respiratoria aguda y bajo sospecha de Covid-19, Miguel Alberto es una de las v\u00edctimas fatales que se registran en el Centro de Reinserci\u00f3n Social de Mexicali.<\/p>\n<p>La muerte de otro interno se registr\u00f3 durante la ma\u00f1ana de este viernes 1 de mayo. Se trata de Luis Enrique Alvarado L\u00f3pez.<\/p>\n<p>Otros decesos por coronavirus son dos custodios de este centro penitenciario que se ubica en la zona centro de la capital de Baja California.<\/p>\n<p>En tanto, en el Centro de Reinserci\u00f3n de La Mesa en Tijuana se report\u00f3 la muerte de una mujer sin que haya recibido atenci\u00f3n m\u00e9dica por la Subsecretar\u00eda del Sistema Penitenciario de Baja California.<\/p>\n<p>De emergencia, Miguel Alberto Corrales Canales, de 42 a\u00f1os de edad fue trasladado de la c\u00e1rcel para ingresar el 30 de abril al Hospital General de Mexicali donde muri\u00f3 horas m\u00e1s tarde. Las causas de su fallecimiento fue insuficiencia respiratoria aguda, neumon\u00eda y sospechoso de Covid-19.<\/p>\n<p>En el nosocomio de la Secretar\u00eda de Salud nunca le hicieron la prueba, solo unas radiograf\u00edas de t\u00f3rax. A su esposa solo le pidieron que pagara los estudios, me dijeron que Miguel Alberto estaba bien pero no dejaron verlo en el hospital<\/p>\n<p>Despu\u00e9s le hablaron para decirle que ya habia fallecido. Sin praticarle la autopsia, como en todos los casos Covid-19, entregaron el cuerpo a su familia.<\/p>\n<p>\u00abMe hablaron para decirme que ya hab\u00eda fallecido. No se vale, que Duos los perdone por todas las injusticias que est\u00e1n haciendo\u00bb, expres\u00f3 su viuda.<\/p>\n<p>El otro interno, Luis Enrique ten\u00eda 44 a\u00f1os se edad e ingres\u00f3 esta misma ma\u00f1ana al hospital donde muri\u00f3 a las 9 de la ma\u00f1ana.<\/p>\n<p>De acuerdo al expediente 63 931 y la nota de alta por defunci\u00f3n la causa de muerte fue neumon\u00eda viral covid-19 y ten\u00eda adem\u00e1s otras enfermedades clasificadas como es el caso de hipertensi\u00f3n esencial diabetes mellitus secuelas de evento vascular cerebral y obesidad. A su ingreso al hospital present\u00f3 taquicardia.<\/p>\n<p>Desde que empez\u00f3 la epidemia se cancelaron las visitas a los centros penitenciarios de Baja California. En diferentes momentos, familiares de reos se quejaron de la inexistencia de personal m\u00e9dico y enfermer\u00eda para atenderlos.<\/p>\n<p>El subsecretario del Sistema Penitenciario del Estado, Salvador Morales Riub\u00ed, dijo a un medio local que se reportaron tres muertes por Covid-19: un interno y dos custodios.<\/p>\n<p>El exdirigente estaral del PAN y ahora morenista, tambi\u00e9n declar\u00f3 que hay cuatro integrantes del personal de salud penitenciaria que resultaron positivos de coronavirus. Se trata de dos m\u00e9dicos y dos enfermeras.<\/p>\n<p>A pesar de los cuatro decesos y los cuatro contagios, hasta este viernes 1 de mayo no han sido sanitizadas el \u00e1rea m\u00e9dica ni la celda 105 donde estaba Miguel Alberto.<\/p>\n<p>A mediados de abril, Rub\u00e9n Hern\u00e1ndez, m\u00e9dico que certifica en Mexicali a polic\u00edas, a agentes del Ministerio P\u00fablico y detenidos de la Fiscal\u00eda General del Estado result\u00f3 positivo a COVID19, lo que gener\u00f3 preocupaci\u00f3n entre funcionarios del sistema penitenciario y de las diferentes corporaciones policiacas.<\/p>\n<p>Las personas privadas de su libertad que compart\u00edan la celda con el interno M5 B 105 fueron considerados como casos sospechosos de contagio, pero no existe un \u00e1rea ni protocolos para el aislamiento al interior del penal.<\/p>\n<p>OLVIDO Y MUERTE<\/p>\n<p>Seg\u00fan el expediente 1867\/2020 de la Comisi\u00f3n Estatal de Derechos Humanos en Baja California (CEDH) una mujer privada de su libertad muri\u00f3 sin recibir atenci\u00f3n m\u00e9dica.<\/p>\n<p>El deceso de Lorena Mart\u00ednez Espinoza, de 36 a\u00f1os de edad, se produjo el mi\u00e9rcoles 29 de abril en el Centro de Reinserci\u00f3n Social de Tijuana.<\/p>\n<p>Hasta el momento se desconocen las causas de la muerte de esta mujer.<\/p>\n<p>De manera infructuosa se trat\u00f3 de localizar al subsecretario Morales Riubi para conocer su versi\u00f3n de los hechos reportados en Tijuana y Mexicali. Nunca contest\u00f3 las llamadas ni los mensajea el servidor p\u00fablico del gobierno del morenista Jaime Bonilla.<\/p>\n<p><a href=\"https:\/\/linderonorte.com\/2020\/05\/01\/crisis-de-salud-en-penitenciarias-de-bc-mueren-2-internos-y-2-custodios-en-mexicali-por-covid-19\/\" target=\"_blank\" rel=\"noopener noreferrer\">https:\/\/linderonorte.com\/2020\/05\/01\/crisis-de-salud-en-penitenciarias-de-bc-mueren-2-internos-y-2-custodios-en-mexicali-por-covid-19\/<\/a><\/p>\n","protected":false},"excerpt":{"rendered":"<p>Lindero Norte \/ Antonio Heras. *Sin atenci\u00f3n m\u00e9dica, muere una mujer en penitenciaria de Tijusna Jorge Heras y Antonio Heras\/Lindero Norte Mexicali.- Con insuficiencia respiratoria aguda y bajo sospecha de &hellip; <a href=\"https:\/\/www.grieta.org.mx\/index.php\/2020\/05\/01\/crisis-de-salud-en-penitenciarias-de-baja-california-mueren-2-internos-y-2-custodios-en-mexicali-por-covid-19\/\" class=\"more-link\">Leer m\u00e1s<\/a><\/p>\n","protected":false},"author":2,"featured_media":21928,"comment_status":"closed","ping_status":"closed","sticky":false,"template":"","format":"standard","meta":{"ngg_post_thumbnail":0,"_jetpack_newsletter_access":"","_jetpack_dont_email_post_to_subs":false,"_jetpack_newsletter_tier_id":0,"_jetpack_memberships_contains_paywalled_content":false,"_jetpack_memberships_contains_paid_content":false,"footnotes":""},"categories":[5,3263,2],"tags":[],"class_list":["post-48463","post","type-post","status-publish","format-standard","has-post-thumbnail","hentry","category-baja-california","category-crisis-covid-19-en-baja-california","category-noticias-nacionales","entry"],"jetpack_featured_media_url":"https:\/\/www.grieta.org.mx\/wp-content\/uploads\/2018\/03\/14524434_1106112876131411_958039263622046936_o.jpg","jetpack_sharing_enabled":true,"jetpack_shortlink":"https:\/\/wp.me\/p7ZJR4-cBF","jetpack_likes_enabled":false,"jetpack-related-posts":[{"id":56241,"url":"https:\/\/www.grieta.org.mx\/index.php\/2021\/01\/02\/denuncian-muerte-de-haitiana-por-covid-19-sin-atencion-medica-en-mexicali-baja-california\/","url_meta":{"origin":48463,"position":0},"title":"Denuncian muerte de haitiana por Covid 19 sin atenci\u00f3n m\u00e9dica en Mexicali (Baja California)","author":"grieta","date":"2 enero, 2021","format":false,"excerpt":"Lindero Norte \/ Antonio Heras. Mexicali.-Una mujer haitiana falleci\u00f3 en el estacionamiento de una cl\u00ednica de la Cruz Roja de Mexicali en espera de ser atendida por s\u00edntomas de covid 19. El deceso se produjo durante la tarde de este viernes en las instalaciones de la Cruz Roja en la\u2026","rel":"","context":"En &quot;Baja California&quot;","block_context":{"text":"Baja California","link":"https:\/\/www.grieta.org.mx\/index.php\/category\/noticias-nacionales\/baja-california\/"},"img":{"alt_text":"","src":"https:\/\/i0.wp.com\/www.grieta.org.mx\/wp-content\/uploads\/2018\/03\/14524434_1106112876131411_958039263622046936_o.jpg?resize=350%2C200&ssl=1","width":350,"height":200,"srcset":"https:\/\/i0.wp.com\/www.grieta.org.mx\/wp-content\/uploads\/2018\/03\/14524434_1106112876131411_958039263622046936_o.jpg?resize=350%2C200&ssl=1 1x, https:\/\/i0.wp.com\/www.grieta.org.mx\/wp-content\/uploads\/2018\/03\/14524434_1106112876131411_958039263622046936_o.jpg?resize=525%2C300&ssl=1 1.5x, https:\/\/i0.wp.com\/www.grieta.org.mx\/wp-content\/uploads\/2018\/03\/14524434_1106112876131411_958039263622046936_o.jpg?resize=700%2C400&ssl=1 2x"},"classes":[]},{"id":49311,"url":"https:\/\/www.grieta.org.mx\/index.php\/2020\/05\/12\/fallece-por-covid-19-tercer-interno-de-la-carcel-de-mexicali-hay-mas-de-280-sospechosos-baja-california\/","url_meta":{"origin":48463,"position":1},"title":"Fallece por Covid-19 tercer interno de la c\u00e1rcel de Mexicali; Hay m\u00e1s de 280 sospechosos (Baja California)","author":"grieta","date":"12 mayo, 2020","format":false,"excerpt":"Lindero Norte \/ Jorge Heras y Antonio Heras. *Familiares denuncian trato inhumano y violaci\u00f3n al derecho a la salud pues estuvo 11 d\u00edas sin atenci\u00f3n m\u00e9dica Mexicali.- Un interno del Centro de Reinserci\u00f3n Social de Mexicali muri\u00f3 a causa de coronavirus, de acuerdo al alta por defunci\u00f3n. Seg\u00fan el expediente\u2026","rel":"","context":"En &quot;Baja California&quot;","block_context":{"text":"Baja California","link":"https:\/\/www.grieta.org.mx\/index.php\/category\/noticias-nacionales\/baja-california\/"},"img":{"alt_text":"","src":"https:\/\/i0.wp.com\/www.grieta.org.mx\/wp-content\/uploads\/2018\/03\/14524434_1106112876131411_958039263622046936_o.jpg?resize=350%2C200&ssl=1","width":350,"height":200,"srcset":"https:\/\/i0.wp.com\/www.grieta.org.mx\/wp-content\/uploads\/2018\/03\/14524434_1106112876131411_958039263622046936_o.jpg?resize=350%2C200&ssl=1 1x, https:\/\/i0.wp.com\/www.grieta.org.mx\/wp-content\/uploads\/2018\/03\/14524434_1106112876131411_958039263622046936_o.jpg?resize=525%2C300&ssl=1 1.5x, https:\/\/i0.wp.com\/www.grieta.org.mx\/wp-content\/uploads\/2018\/03\/14524434_1106112876131411_958039263622046936_o.jpg?resize=700%2C400&ssl=1 2x"},"classes":[]},{"id":50110,"url":"https:\/\/www.grieta.org.mx\/index.php\/2020\/05\/28\/atienden-a-100-pacientes-covid-19-a-38-grados-en-hospital-general-de-mexicali-baja-california\/","url_meta":{"origin":48463,"position":2},"title":"Atienden a 100 pacientes Covid-19 a 38 grados en Hospital General de Mexicali (Baja California)","author":"grieta","date":"28 mayo, 2020","format":false,"excerpt":"Lindero Norte \/ Antonio Heras *Protesta personal de salud por falla en sistema de aire acondicionado Mexicali.- Con una temperatura de 38 grados cent\u00edgrados, personal cl\u00ednico del Hospital General de Mexicali trabaj\u00f3 bajo protesta por desperfectos del equipo de aire acondicionado. En este nosocomio de la capital de Baja California\u2026","rel":"","context":"En &quot;Baja California&quot;","block_context":{"text":"Baja California","link":"https:\/\/www.grieta.org.mx\/index.php\/category\/noticias-nacionales\/baja-california\/"},"img":{"alt_text":"","src":"https:\/\/i0.wp.com\/www.grieta.org.mx\/wp-content\/uploads\/2018\/03\/14524434_1106112876131411_958039263622046936_o.jpg?resize=350%2C200&ssl=1","width":350,"height":200,"srcset":"https:\/\/i0.wp.com\/www.grieta.org.mx\/wp-content\/uploads\/2018\/03\/14524434_1106112876131411_958039263622046936_o.jpg?resize=350%2C200&ssl=1 1x, https:\/\/i0.wp.com\/www.grieta.org.mx\/wp-content\/uploads\/2018\/03\/14524434_1106112876131411_958039263622046936_o.jpg?resize=525%2C300&ssl=1 1.5x, https:\/\/i0.wp.com\/www.grieta.org.mx\/wp-content\/uploads\/2018\/03\/14524434_1106112876131411_958039263622046936_o.jpg?resize=700%2C400&ssl=1 2x"},"classes":[]},{"id":31144,"url":"https:\/\/www.grieta.org.mx\/index.php\/2019\/03\/21\/continua-exodo-de-migrantes-centroamericanos-a-mexicali-baja-california\/","url_meta":{"origin":48463,"position":3},"title":"Contin\u00faa \u00e9xodo de migrantes centroamericanos a Mexicali (Baja California)","author":"grieta","date":"21 marzo, 2019","format":false,"excerpt":"Lindero Norte. Antonio Heras Mexicali.- Varios grupos de centroamericanos de la Caravana del Migrante han llegado a los albergues de Mexicali durante los \u00faltimos tres d\u00edas, de acuerdo a la Direcci\u00f3n de Atenci\u00f3n del Migrante del gobierno de Baja California. En estos dias arribaron a esta ciudad fronteriza 200 hombres,\u2026","rel":"","context":"En &quot;Baja California&quot;","block_context":{"text":"Baja California","link":"https:\/\/www.grieta.org.mx\/index.php\/category\/noticias-nacionales\/baja-california\/"},"img":{"alt_text":"","src":"https:\/\/i0.wp.com\/www.grieta.org.mx\/wp-content\/uploads\/2018\/03\/14524434_1106112876131411_958039263622046936_o.jpg?resize=350%2C200&ssl=1","width":350,"height":200,"srcset":"https:\/\/i0.wp.com\/www.grieta.org.mx\/wp-content\/uploads\/2018\/03\/14524434_1106112876131411_958039263622046936_o.jpg?resize=350%2C200&ssl=1 1x, https:\/\/i0.wp.com\/www.grieta.org.mx\/wp-content\/uploads\/2018\/03\/14524434_1106112876131411_958039263622046936_o.jpg?resize=525%2C300&ssl=1 1.5x, https:\/\/i0.wp.com\/www.grieta.org.mx\/wp-content\/uploads\/2018\/03\/14524434_1106112876131411_958039263622046936_o.jpg?resize=700%2C400&ssl=1 2x"},"classes":[]},{"id":46796,"url":"https:\/\/www.grieta.org.mx\/index.php\/2020\/03\/21\/denuncian-enfermeras-de-mexicali-que-trabajan-sin-material-de-proteccion-sanitaria-baja-california\/","url_meta":{"origin":48463,"position":4},"title":"Denuncian enfermeras de Mexicali que trabajan sin material de protecci\u00f3n sanitaria (Baja California)","author":"grieta","date":"21 marzo, 2020","format":false,"excerpt":"Lindero Norte \/ Antonio Heras. Mexicali.- Personal de enfermer\u00eda de Baja California denunciaron que carecen de insumos y material para atender a pacientes de hospitales del sector Salud. Enfermeras del Hospital Materno Infantil de Isesalud y de la cl\u00ednica 30 del Instituto Mexicano del Seguro Social coincidieron en se\u00f1alar que\u2026","rel":"","context":"En &quot;Baja California&quot;","block_context":{"text":"Baja California","link":"https:\/\/www.grieta.org.mx\/index.php\/category\/noticias-nacionales\/baja-california\/"},"img":{"alt_text":"","src":"https:\/\/i0.wp.com\/www.grieta.org.mx\/wp-content\/uploads\/2020\/03\/images-2020-03-20T081423.884.jpeg?resize=350%2C200&ssl=1","width":350,"height":200,"srcset":"https:\/\/i0.wp.com\/www.grieta.org.mx\/wp-content\/uploads\/2020\/03\/images-2020-03-20T081423.884.jpeg?resize=350%2C200&ssl=1 1x, https:\/\/i0.wp.com\/www.grieta.org.mx\/wp-content\/uploads\/2020\/03\/images-2020-03-20T081423.884.jpeg?resize=525%2C300&ssl=1 1.5x, https:\/\/i0.wp.com\/www.grieta.org.mx\/wp-content\/uploads\/2020\/03\/images-2020-03-20T081423.884.jpeg?resize=700%2C400&ssl=1 2x"},"classes":[]},{"id":50344,"url":"https:\/\/www.grieta.org.mx\/index.php\/2020\/06\/05\/registra-centro-de-migrantes-de-mexicali-segundo-brote-de-covid-19-no-cuentan-con-apoyo-de-gobierno-baja-california\/","url_meta":{"origin":48463,"position":5},"title":"Registra Centro de Migrantes de Mexicali segundo brote de Covid-19; No cuentan con apoyo de gobierno (Baja California)","author":"grieta","date":"5 junio, 2020","format":false,"excerpt":"Lindero Norte \/ Antonio Heras *El gobierno de M\u00e9xico desatiende a migrantes retornados de EU que solicitaron asilo pol\u00edtico, acusan. Mexicali.- Durante mayo se registraron dos brotes de Covid 19 en el Centro de Ayuda Alfa y Omega Albergue para inmigrantes de Mexicali y en la actualidad reportan con contagio\u2026","rel":"","context":"En &quot;Baja California&quot;","block_context":{"text":"Baja California","link":"https:\/\/www.grieta.org.mx\/index.php\/category\/noticias-nacionales\/baja-california\/"},"img":{"alt_text":"","src":"https:\/\/i0.wp.com\/www.grieta.org.mx\/wp-content\/uploads\/2018\/03\/14524434_1106112876131411_958039263622046936_o.jpg?resize=350%2C200&ssl=1","width":350,"height":200,"srcset":"https:\/\/i0.wp.com\/www.grieta.org.mx\/wp-content\/uploads\/2018\/03\/14524434_1106112876131411_958039263622046936_o.jpg?resize=350%2C200&ssl=1 1x, https:\/\/i0.wp.com\/www.grieta.org.mx\/wp-content\/uploads\/2018\/03\/14524434_1106112876131411_958039263622046936_o.jpg?resize=525%2C300&ssl=1 1.5x, https:\/\/i0.wp.com\/www.grieta.org.mx\/wp-content\/uploads\/2018\/03\/14524434_1106112876131411_958039263622046936_o.jpg?resize=700%2C400&ssl=1 2x"},"classes":[]}],"_links":{"self":[{"href":"https:\/\/www.grieta.org.mx\/index.php\/wp-json\/wp\/v2\/posts\/48463","targetHints":{"allow":["GET"]}}],"collection":[{"href":"https:\/\/www.grieta.org.mx\/index.php\/wp-json\/wp\/v2\/posts"}],"about":[{"href":"https:\/\/www.grieta.org.mx\/index.php\/wp-json\/wp\/v2\/types\/post"}],"author":[{"embeddable":true,"href":"https:\/\/www.grieta.org.mx\/index.php\/wp-json\/wp\/v2\/users\/2"}],"replies":[{"embeddable":true,"href":"https:\/\/www.grieta.org.mx\/index.php\/wp-json\/wp\/v2\/comments?post=48463"}],"version-history":[{"count":1,"href":"https:\/\/www.grieta.org.mx\/index.php\/wp-json\/wp\/v2\/posts\/48463\/revisions"}],"predecessor-version":[{"id":48466,"href":"https:\/\/www.grieta.org.mx\/index.php\/wp-json\/wp\/v2\/posts\/48463\/revisions\/48466"}],"wp:featuredmedia":[{"embeddable":true,"href":"https:\/\/www.grieta.org.mx\/index.php\/wp-json\/wp\/v2\/media\/21928"}],"wp:attachment":[{"href":"https:\/\/www.grieta.org.mx\/index.php\/wp-json\/wp\/v2\/media?parent=48463"}],"wp:term":[{"taxonomy":"category","embeddable":true,"href":"https:\/\/www.grieta.org.mx\/index.php\/wp-json\/wp\/v2\/categories?post=48463"},{"taxonomy":"post_tag","embeddable":true,"href":"https:\/\/www.grieta.org.mx\/index.php\/wp-json\/wp\/v2\/tags?post=48463"}],"curies":[{"name":"wp","href":"https:\/\/api.w.org\/{rel}","templated":true}]}}